{"id":8871,"date":"2020-10-13T10:22:20","date_gmt":"2020-10-13T16:22:20","guid":{"rendered":"http:\/\/volcanes.net\/?p=8871"},"modified":"2020-10-13T12:26:54","modified_gmt":"2020-10-13T18:26:54","slug":"con-recursos-de-fefom-2020-se-construira-drenaje-en-el-edificio-de-proteccion-civil-en-amecameca","status":"publish","type":"post","link":"https:\/\/volcanes.net\/?p=8871","title":{"rendered":"Edil de Amecameca da banderazo de inicio a la rehabilitaci\u00f3n de las instalaciones de Seguridad P\u00fablica"},"content":{"rendered":"<div style=\"margin-top: 0px; margin-bottom: 0px;\" class=\"sharethis-inline-share-buttons\" ><\/div><p>Amecameca, Estado de M\u00e9xico.- La ma\u00f1ana de este martes 13 de octubre, el alcalde Miguel \u00c1ngel Salom\u00f3n Cort\u00e9s dio banderazo de inicio de obra para la rehabilitaci\u00f3n y adecuaci\u00f3n funcional de las instalaciones de Seguridad P\u00fablica de Amecameca, antes casa del adulto mayor y la cual cuenta con una inversi\u00f3n de m\u00e1s de un mill\u00f3n trecientos mil pesos del Fondo Estatal de Fortalecimiento Municipal 2020 (FEFOM) que beneficiar\u00e1 a 48 mil Amecamequenses.<\/p>\n<p>Durante el evento, el edil estuvo acompa\u00f1ado de regidores as\u00ed como del personal que se dedica a salvaguardar vidas, donde anunci\u00f3 que estas nuevas instalaciones contar\u00e1n con dormitorios, regaderas tanto para mujeres como hombres, comedor, oficinas para conciliadores y derechos humanos.<\/p>\n<p>\u201cDurante mucho tiempo este edificio estuvo abandonado, sin embargo, con la reconstrucci\u00f3n de este edificio se convertir\u00e1n en un emblema de toda la regi\u00f3n oriente de los Volcanes\u201d, dijo el edil, adem\u00e1s de que reconoci\u00f3 que es prioritario brindarles al personal de Seguridad P\u00fablica un lugar digno en donde puedan desempe\u00f1ar sus labores.<\/p>\n<p>Salom\u00f3n Cortes coment\u00f3 que la pr\u00f3xima semana se har\u00e1 la entrega de uniformes para cada elemento, los cuales contar\u00e1n con un manual de identidad as\u00ed como de un manual de las reglas de operaci\u00f3n bajo lineamientos con los que actualmente contaran los uniformes y de la entrega de cinco patrullas m\u00e1s, por lo que el edil, exhorta al personal a que mantengan en excelentes condiciones las unidades.<\/p>\n","protected":false},"excerpt":{"rendered":"<p>Amecameca, Estado de M\u00e9xico.- La ma\u00f1ana de este martes 13 de octubre, el alcalde Miguel<\/p>\n","protected":false},"author":1,"featured_media":8876,"comment_status":"open","ping_status":"open","sticky":false,"template":"","format":"standard","meta":{"footnotes":""},"categories":[1],"tags":[7],"class_list":["post-8871","post","type-post","status-publish","format-standard","has-post-thumbnail","hentry","category-municipales","tag-amecameca"],"yoast_head":"<!-- This site is optimized with the Yoast SEO plugin v25.3 - https:\/\/yoast.com\/wordpress\/plugins\/seo\/ -->\n<title>Edil de Amecameca da banderazo de inicio a la rehabilitaci\u00f3n de las instalaciones de Seguridad P\u00fablica - Volcanes<\/title>\n<meta name=\"robots\" content=\"index, follow, max-snippet:-1, max-image-preview:large, max-video-preview:-1\" \/>\n<link rel=\"canonical\" href=\"https:\/\/volcanes.net\/?p=8871\" \/>\n<meta property=\"og:locale\" content=\"es_MX\" \/>\n<meta property=\"og:type\" content=\"article\" \/>\n<meta property=\"og:title\" content=\"Edil de Amecameca da banderazo de inicio a la rehabilitaci\u00f3n de las instalaciones de Seguridad P\u00fablica - Volcanes\" \/>\n<meta property=\"og:description\" content=\"Amecameca, Estado de M\u00e9xico.- La ma\u00f1ana de este martes 13 de octubre, el alcalde Miguel\" \/>\n<meta property=\"og:url\" content=\"https:\/\/volcanes.net\/?p=8871\" \/>\n<meta property=\"og:site_name\" content=\"Volcanes\" \/>\n<meta property=\"article:publisher\" content=\"https:\/\/www.facebook.com\/volcanes.net\/\" \/>\n<meta property=\"article:published_time\" content=\"2020-10-13T16:22:20+00:00\" \/>\n<meta property=\"article:modified_time\" content=\"2020-10-13T18:26:54+00:00\" \/>\n<meta property=\"og:image\" content=\"https:\/\/volcanes.net\/wp-content\/uploads\/2020\/10\/4645253e-a484-40dd-a497-d22331b4c95c.jpg\" \/>\n\t<meta property=\"og:image:width\" content=\"1280\" \/>\n\t<meta property=\"og:image:height\" content=\"720\" \/>\n\t<meta property=\"og:image:type\" content=\"image\/jpeg\" \/>\n<meta name=\"author\" content=\"admin\" \/>\n<meta name=\"twitter:card\" content=\"summary_large_image\" \/>\n<meta name=\"twitter:label1\" content=\"Escrito por\" \/>\n\t<meta name=\"twitter:data1\" content=\"admin\" \/>\n\t<meta name=\"twitter:label2\" content=\"Tiempo de lectura\" \/>\n\t<meta name=\"twitter:data2\" content=\"1 minuto\" \/>\n<script type=\"application\/ld+json\" class=\"yoast-schema-graph\">{\"@context\":\"https:\/\/schema.org\",\"@graph\":[{\"@type\":\"Article\",\"@id\":\"https:\/\/volcanes.net\/?p=8871#article\",\"isPartOf\":{\"@id\":\"https:\/\/volcanes.net\/?p=8871\"},\"author\":{\"name\":\"admin\",\"@id\":\"https:\/\/volcanes.net\/#\/schema\/person\/4bf0f383940966a4abd53f5048c0e6b9\"},\"headline\":\"Edil de Amecameca da banderazo de inicio a la rehabilitaci\u00f3n de las instalaciones de Seguridad P\u00fablica\",\"datePublished\":\"2020-10-13T16:22:20+00:00\",\"dateModified\":\"2020-10-13T18:26:54+00:00\",\"mainEntityOfPage\":{\"@id\":\"https:\/\/volcanes.net\/?p=8871\"},\"wordCount\":272,\"commentCount\":0,\"publisher\":{\"@id\":\"https:\/\/volcanes.net\/#organization\"},\"image\":{\"@id\":\"https:\/\/volcanes.net\/?p=8871#primaryimage\"},\"thumbnailUrl\":\"https:\/\/volcanes.net\/wp-content\/uploads\/2020\/10\/4645253e-a484-40dd-a497-d22331b4c95c.jpg\",\"keywords\":[\"Amecameca\"],\"articleSection\":[\"Municipales\"],\"inLanguage\":\"es\",\"potentialAction\":[{\"@type\":\"CommentAction\",\"name\":\"Comment\",\"target\":[\"https:\/\/volcanes.net\/?p=8871#respond\"]}]},{\"@type\":\"WebPage\",\"@id\":\"https:\/\/volcanes.net\/?p=8871\",\"url\":\"https:\/\/volcanes.net\/?p=8871\",\"name\":\"Edil de Amecameca da banderazo de inicio a la rehabilitaci\u00f3n de las instalaciones de Seguridad P\u00fablica - Volcanes\",\"isPartOf\":{\"@id\":\"https:\/\/volcanes.net\/#website\"},\"primaryImageOfPage\":{\"@id\":\"https:\/\/volcanes.net\/?p=8871#primaryimage\"},\"image\":{\"@id\":\"https:\/\/volcanes.net\/?p=8871#primaryimage\"},\"thumbnailUrl\":\"https:\/\/volcanes.net\/wp-content\/uploads\/2020\/10\/4645253e-a484-40dd-a497-d22331b4c95c.jpg\",\"datePublished\":\"2020-10-13T16:22:20+00:00\",\"dateModified\":\"2020-10-13T18:26:54+00:00\",\"breadcrumb\":{\"@id\":\"https:\/\/volcanes.net\/?p=8871#breadcrumb\"},\"inLanguage\":\"es\",\"potentialAction\":[{\"@type\":\"ReadAction\",\"target\":[\"https:\/\/volcanes.net\/?p=8871\"]}]},{\"@type\":\"ImageObject\",\"inLanguage\":\"es\",\"@id\":\"https:\/\/volcanes.net\/?p=8871#primaryimage\",\"url\":\"https:\/\/volcanes.net\/wp-content\/uploads\/2020\/10\/4645253e-a484-40dd-a497-d22331b4c95c.jpg\",\"contentUrl\":\"https:\/\/volcanes.net\/wp-content\/uploads\/2020\/10\/4645253e-a484-40dd-a497-d22331b4c95c.jpg\",\"width\":1280,\"height\":720},{\"@type\":\"BreadcrumbList\",\"@id\":\"https:\/\/volcanes.net\/?p=8871#breadcrumb\",\"itemListElement\":[{\"@type\":\"ListItem\",\"position\":1,\"name\":\"Portada\",\"item\":\"https:\/\/volcanes.net\/\"},{\"@type\":\"ListItem\",\"position\":2,\"name\":\"Edil de Amecameca da banderazo de inicio a la rehabilitaci\u00f3n de las instalaciones de Seguridad P\u00fablica\"}]},{\"@type\":\"WebSite\",\"@id\":\"https:\/\/volcanes.net\/#website\",\"url\":\"https:\/\/volcanes.net\/\",\"name\":\"Volcanes.Net\",\"description\":\"Periodismo Profesional\",\"publisher\":{\"@id\":\"https:\/\/volcanes.net\/#organization\"},\"potentialAction\":[{\"@type\":\"SearchAction\",\"target\":{\"@type\":\"EntryPoint\",\"urlTemplate\":\"https:\/\/volcanes.net\/?s={search_term_string}\"},\"query-input\":{\"@type\":\"PropertyValueSpecification\",\"valueRequired\":true,\"valueName\":\"search_term_string\"}}],\"inLanguage\":\"es\"},{\"@type\":\"Organization\",\"@id\":\"https:\/\/volcanes.net\/#organization\",\"name\":\"Grupo Volcanes\",\"url\":\"https:\/\/volcanes.net\/\",\"logo\":{\"@type\":\"ImageObject\",\"inLanguage\":\"es\",\"@id\":\"https:\/\/volcanes.net\/#\/schema\/logo\/image\/\",\"url\":\"http:\/\/volcanes.net\/wp-content\/uploads\/2017\/12\/Avatar2.jpg\",\"contentUrl\":\"http:\/\/volcanes.net\/wp-content\/uploads\/2017\/12\/Avatar2.jpg\",\"width\":378,\"height\":378,\"caption\":\"Grupo Volcanes\"},\"image\":{\"@id\":\"https:\/\/volcanes.net\/#\/schema\/logo\/image\/\"},\"sameAs\":[\"https:\/\/www.facebook.com\/volcanes.net\/\"]},{\"@type\":\"Person\",\"@id\":\"https:\/\/volcanes.net\/#\/schema\/person\/4bf0f383940966a4abd53f5048c0e6b9\",\"name\":\"admin\",\"image\":{\"@type\":\"ImageObject\",\"inLanguage\":\"es\",\"@id\":\"https:\/\/volcanes.net\/#\/schema\/person\/image\/\",\"url\":\"https:\/\/secure.gravatar.com\/avatar\/ca004e6cba8462b8cb7abc86e382930c?s=96&d=mm&r=g\",\"contentUrl\":\"https:\/\/secure.gravatar.com\/avatar\/ca004e6cba8462b8cb7abc86e382930c?s=96&d=mm&r=g\",\"caption\":\"admin\"}}]}<\/script>\n<!-- \/ Yoast SEO plugin. -->","yoast_head_json":{"title":"Edil de Amecameca da banderazo de inicio a la rehabilitaci\u00f3n de las instalaciones de Seguridad P\u00fablica - Volcanes","robots":{"index":"index","follow":"follow","max-snippet":"max-snippet:-1","max-image-preview":"max-image-preview:large","max-video-preview":"max-video-preview:-1"},"canonical":"https:\/\/volcanes.net\/?p=8871","og_locale":"es_MX","og_type":"article","og_title":"Edil de Amecameca da banderazo de inicio a la rehabilitaci\u00f3n de las instalaciones de Seguridad P\u00fablica - Volcanes","og_description":"Amecameca, Estado de M\u00e9xico.- La ma\u00f1ana de este martes 13 de octubre, el alcalde Miguel","og_url":"https:\/\/volcanes.net\/?p=8871","og_site_name":"Volcanes","article_publisher":"https:\/\/www.facebook.com\/volcanes.net\/","article_published_time":"2020-10-13T16:22:20+00:00","article_modified_time":"2020-10-13T18:26:54+00:00","og_image":[{"width":1280,"height":720,"url":"https:\/\/volcanes.net\/wp-content\/uploads\/2020\/10\/4645253e-a484-40dd-a497-d22331b4c95c.jpg","type":"image\/jpeg"}],"author":"admin","twitter_card":"summary_large_image","twitter_misc":{"Escrito por":"admin","Tiempo de lectura":"1 minuto"},"schema":{"@context":"https:\/\/schema.org","@graph":[{"@type":"Article","@id":"https:\/\/volcanes.net\/?p=8871#article","isPartOf":{"@id":"https:\/\/volcanes.net\/?p=8871"},"author":{"name":"admin","@id":"https:\/\/volcanes.net\/#\/schema\/person\/4bf0f383940966a4abd53f5048c0e6b9"},"headline":"Edil de Amecameca da banderazo de inicio a la rehabilitaci\u00f3n de las instalaciones de Seguridad P\u00fablica","datePublished":"2020-10-13T16:22:20+00:00","dateModified":"2020-10-13T18:26:54+00:00","mainEntityOfPage":{"@id":"https:\/\/volcanes.net\/?p=8871"},"wordCount":272,"commentCount":0,"publisher":{"@id":"https:\/\/volcanes.net\/#organization"},"image":{"@id":"https:\/\/volcanes.net\/?p=8871#primaryimage"},"thumbnailUrl":"https:\/\/volcanes.net\/wp-content\/uploads\/2020\/10\/4645253e-a484-40dd-a497-d22331b4c95c.jpg","keywords":["Amecameca"],"articleSection":["Municipales"],"inLanguage":"es","potentialAction":[{"@type":"CommentAction","name":"Comment","target":["https:\/\/volcanes.net\/?p=8871#respond"]}]},{"@type":"WebPage","@id":"https:\/\/volcanes.net\/?p=8871","url":"https:\/\/volcanes.net\/?p=8871","name":"Edil de Amecameca da banderazo de inicio a la rehabilitaci\u00f3n de las instalaciones de Seguridad P\u00fablica - Volcanes","isPartOf":{"@id":"https:\/\/volcanes.net\/#website"},"primaryImageOfPage":{"@id":"https:\/\/volcanes.net\/?p=8871#primaryimage"},"image":{"@id":"https:\/\/volcanes.net\/?p=8871#primaryimage"},"thumbnailUrl":"https:\/\/volcanes.net\/wp-content\/uploads\/2020\/10\/4645253e-a484-40dd-a497-d22331b4c95c.jpg","datePublished":"2020-10-13T16:22:20+00:00","dateModified":"2020-10-13T18:26:54+00:00","breadcrumb":{"@id":"https:\/\/volcanes.net\/?p=8871#breadcrumb"},"inLanguage":"es","potentialAction":[{"@type":"ReadAction","target":["https:\/\/volcanes.net\/?p=8871"]}]},{"@type":"ImageObject","inLanguage":"es","@id":"https:\/\/volcanes.net\/?p=8871#primaryimage","url":"https:\/\/volcanes.net\/wp-content\/uploads\/2020\/10\/4645253e-a484-40dd-a497-d22331b4c95c.jpg","contentUrl":"https:\/\/volcanes.net\/wp-content\/uploads\/2020\/10\/4645253e-a484-40dd-a497-d22331b4c95c.jpg","width":1280,"height":720},{"@type":"BreadcrumbList","@id":"https:\/\/volcanes.net\/?p=8871#breadcrumb","itemListElement":[{"@type":"ListItem","position":1,"name":"Portada","item":"https:\/\/volcanes.net\/"},{"@type":"ListItem","position":2,"name":"Edil de Amecameca da banderazo de inicio a la rehabilitaci\u00f3n de las instalaciones de Seguridad P\u00fablica"}]},{"@type":"WebSite","@id":"https:\/\/volcanes.net\/#website","url":"https:\/\/volcanes.net\/","name":"Volcanes.Net","description":"Periodismo Profesional","publisher":{"@id":"https:\/\/volcanes.net\/#organization"},"potentialAction":[{"@type":"SearchAction","target":{"@type":"EntryPoint","urlTemplate":"https:\/\/volcanes.net\/?s={search_term_string}"},"query-input":{"@type":"PropertyValueSpecification","valueRequired":true,"valueName":"search_term_string"}}],"inLanguage":"es"},{"@type":"Organization","@id":"https:\/\/volcanes.net\/#organization","name":"Grupo Volcanes","url":"https:\/\/volcanes.net\/","logo":{"@type":"ImageObject","inLanguage":"es","@id":"https:\/\/volcanes.net\/#\/schema\/logo\/image\/","url":"http:\/\/volcanes.net\/wp-content\/uploads\/2017\/12\/Avatar2.jpg","contentUrl":"http:\/\/volcanes.net\/wp-content\/uploads\/2017\/12\/Avatar2.jpg","width":378,"height":378,"caption":"Grupo Volcanes"},"image":{"@id":"https:\/\/volcanes.net\/#\/schema\/logo\/image\/"},"sameAs":["https:\/\/www.facebook.com\/volcanes.net\/"]},{"@type":"Person","@id":"https:\/\/volcanes.net\/#\/schema\/person\/4bf0f383940966a4abd53f5048c0e6b9","name":"admin","image":{"@type":"ImageObject","inLanguage":"es","@id":"https:\/\/volcanes.net\/#\/schema\/person\/image\/","url":"https:\/\/secure.gravatar.com\/avatar\/ca004e6cba8462b8cb7abc86e382930c?s=96&d=mm&r=g","contentUrl":"https:\/\/secure.gravatar.com\/avatar\/ca004e6cba8462b8cb7abc86e382930c?s=96&d=mm&r=g","caption":"admin"}}]}},"_links":{"self":[{"href":"https:\/\/volcanes.net\/index.php?rest_route=\/wp\/v2\/posts\/8871"}],"collection":[{"href":"https:\/\/volcanes.net\/index.php?rest_route=\/wp\/v2\/posts"}],"about":[{"href":"https:\/\/volcanes.net\/index.php?rest_route=\/wp\/v2\/types\/post"}],"author":[{"embeddable":true,"href":"https:\/\/volcanes.net\/index.php?rest_route=\/wp\/v2\/users\/1"}],"replies":[{"embeddable":true,"href":"https:\/\/volcanes.net\/index.php?rest_route=%2Fwp%2Fv2%2Fcomments&post=8871"}],"version-history":[{"count":7,"href":"https:\/\/volcanes.net\/index.php?rest_route=\/wp\/v2\/posts\/8871\/revisions"}],"predecessor-version":[{"id":8883,"href":"https:\/\/volcanes.net\/index.php?rest_route=\/wp\/v2\/posts\/8871\/revisions\/8883"}],"wp:featuredmedia":[{"embeddable":true,"href":"https:\/\/volcanes.net\/index.php?rest_route=\/wp\/v2\/media\/8876"}],"wp:attachment":[{"href":"https:\/\/volcanes.net\/index.php?rest_route=%2Fwp%2Fv2%2Fmedia&parent=8871"}],"wp:term":[{"taxonomy":"category","embeddable":true,"href":"https:\/\/volcanes.net\/index.php?rest_route=%2Fwp%2Fv2%2Fcategories&post=8871"},{"taxonomy":"post_tag","embeddable":true,"href":"https:\/\/volcanes.net\/index.php?rest_route=%2Fwp%2Fv2%2Ftags&post=8871"}],"curies":[{"name":"wp","href":"https:\/\/api.w.org\/{rel}","templated":true}]}}