{"id":8896,"date":"2020-10-14T07:10:48","date_gmt":"2020-10-14T13:10:48","guid":{"rendered":"http:\/\/volcanes.net\/?p=8896"},"modified":"2020-10-14T10:27:43","modified_gmt":"2020-10-14T16:27:43","slug":"se-invertira-un-millon-800-mil-pesos-para-la-rehabilitacion-de-las-canchas-maracana-en-amecameca","status":"publish","type":"post","link":"https:\/\/volcanes.net\/?p=8896","title":{"rendered":"Se invertir\u00e1 un mill\u00f3n 800 mil pesos para la rehabilitaci\u00f3n de las canchas Maracan\u00e1 en Amecameca"},"content":{"rendered":"<div style=\"margin-top: 0px; margin-bottom: 0px;\" class=\"sharethis-inline-share-buttons\" ><\/div><p>Amecameca, Estado de M\u00e9xico.- El presidente municipal Miguel \u00c1ngel Salom\u00f3n Cort\u00e9s le dio banderazo de inicio a la obra para la rehabilitaci\u00f3n de las canchas Maracan\u00e1 y de Canc\u00fan en el barrio de Atenco, con una inversi\u00f3n de un mill\u00f3n 800 mil pesos en donde cientos de deportistas que practican f\u00fatbol ser\u00e1n los beneficiados.<\/p>\n<p>Salom\u00f3n Cort\u00e9s refiri\u00f3 que desde ni\u00f1o asist\u00eda a jugar f\u00fatbol a los campos Maracan\u00e1, uno de los lugares m\u00e1s visitados por los aficionados a ese deporte, y ahora que tiene la oportunidad, ayudar\u00e1 a los deportistas que cuentan con una cancha de f\u00fatbol 7, una cancha de usos m\u00faltiples; un puente, debido a que en el lugar se encuentra un r\u00edo; sanitarios, una cisterna, para que no falte el agua y alumbrado p\u00fablico.<\/p>\n<p>Los recursos que se invertir\u00e1n en ese proyecto en el que tambi\u00e9n se consider\u00f3 una cancha de f\u00fatbol Siete, fueron generados gracias a los impuestos de los habitantes de Amecameca y la cual debe estar terminada antes de que concluya el 2020.<\/p>\n<p>\u201cPrefiero ver a un joven en una cancha de f\u00fatbol que en una cantina\u201d, concluy\u00f3 el edil Miguel \u00c1ngel Salom\u00f3n Cort\u00e9s.<br \/>\nNo obstante, Mar\u00eda del Pilar Villega S\u00e1nchez, vecina de barrio Atenco coment\u00f3 en entrevista para Volcanes Multimedios que \u00e9ste es un buen proyecto, ya que todos los presidentes que han pasado solo han visto por las calles aleda\u00f1as a la presidencia, y despu\u00e9s de muchos a\u00f1os, por fin, se le dar\u00e1 un buen servicio a las canchas las cuales se encontraban olvidadas.<\/p>\n<p>https:\/\/www.facebook.com\/109414100442855\/posts\/388553019195627\/<\/p>\n","protected":false},"excerpt":{"rendered":"<p>Amecameca, Estado de M\u00e9xico.- El presidente municipal Miguel \u00c1ngel Salom\u00f3n Cort\u00e9s le dio banderazo de<\/p>\n","protected":false},"author":1,"featured_media":8897,"comment_status":"open","ping_status":"open","sticky":false,"template":"","format":"standard","meta":{"footnotes":""},"categories":[1],"tags":[7],"class_list":["post-8896","post","type-post","status-publish","format-standard","has-post-thumbnail","hentry","category-municipales","tag-amecameca"],"yoast_head":"<!-- This site is optimized with the Yoast SEO plugin v25.3 - https:\/\/yoast.com\/wordpress\/plugins\/seo\/ -->\n<title>Se invertir\u00e1 un mill\u00f3n 800 mil pesos para la rehabilitaci\u00f3n de las canchas Maracan\u00e1 en Amecameca - Volcanes<\/title>\n<meta name=\"robots\" content=\"index, follow, max-snippet:-1, max-image-preview:large, max-video-preview:-1\" \/>\n<link rel=\"canonical\" href=\"https:\/\/volcanes.net\/?p=8896\" \/>\n<meta property=\"og:locale\" content=\"es_MX\" \/>\n<meta property=\"og:type\" content=\"article\" \/>\n<meta property=\"og:title\" content=\"Se invertir\u00e1 un mill\u00f3n 800 mil pesos para la rehabilitaci\u00f3n de las canchas Maracan\u00e1 en Amecameca - Volcanes\" \/>\n<meta property=\"og:description\" content=\"Amecameca, Estado de M\u00e9xico.- El presidente municipal Miguel \u00c1ngel Salom\u00f3n Cort\u00e9s le dio banderazo de\" \/>\n<meta property=\"og:url\" content=\"https:\/\/volcanes.net\/?p=8896\" \/>\n<meta property=\"og:site_name\" content=\"Volcanes\" \/>\n<meta property=\"article:publisher\" content=\"https:\/\/www.facebook.com\/volcanes.net\/\" \/>\n<meta property=\"article:published_time\" content=\"2020-10-14T13:10:48+00:00\" \/>\n<meta property=\"article:modified_time\" content=\"2020-10-14T16:27:43+00:00\" \/>\n<meta property=\"og:image\" content=\"https:\/\/volcanes.net\/wp-content\/uploads\/2020\/10\/IMG_20201013_181954.jpg\" \/>\n\t<meta property=\"og:image:width\" content=\"768\" \/>\n\t<meta property=\"og:image:height\" content=\"576\" \/>\n\t<meta property=\"og:image:type\" content=\"image\/jpeg\" \/>\n<meta name=\"author\" content=\"admin\" \/>\n<meta name=\"twitter:card\" content=\"summary_large_image\" \/>\n<meta name=\"twitter:label1\" content=\"Escrito por\" \/>\n\t<meta name=\"twitter:data1\" content=\"admin\" \/>\n\t<meta name=\"twitter:label2\" content=\"Tiempo de lectura\" \/>\n\t<meta name=\"twitter:data2\" content=\"1 minuto\" \/>\n<script type=\"application\/ld+json\" class=\"yoast-schema-graph\">{\"@context\":\"https:\/\/schema.org\",\"@graph\":[{\"@type\":\"Article\",\"@id\":\"https:\/\/volcanes.net\/?p=8896#article\",\"isPartOf\":{\"@id\":\"https:\/\/volcanes.net\/?p=8896\"},\"author\":{\"name\":\"admin\",\"@id\":\"https:\/\/volcanes.net\/#\/schema\/person\/4bf0f383940966a4abd53f5048c0e6b9\"},\"headline\":\"Se invertir\u00e1 un mill\u00f3n 800 mil pesos para la rehabilitaci\u00f3n de las canchas Maracan\u00e1 en Amecameca\",\"datePublished\":\"2020-10-14T13:10:48+00:00\",\"dateModified\":\"2020-10-14T16:27:43+00:00\",\"mainEntityOfPage\":{\"@id\":\"https:\/\/volcanes.net\/?p=8896\"},\"wordCount\":302,\"commentCount\":0,\"publisher\":{\"@id\":\"https:\/\/volcanes.net\/#organization\"},\"image\":{\"@id\":\"https:\/\/volcanes.net\/?p=8896#primaryimage\"},\"thumbnailUrl\":\"https:\/\/volcanes.net\/wp-content\/uploads\/2020\/10\/IMG_20201013_181954.jpg\",\"keywords\":[\"Amecameca\"],\"articleSection\":[\"Municipales\"],\"inLanguage\":\"es\",\"potentialAction\":[{\"@type\":\"CommentAction\",\"name\":\"Comment\",\"target\":[\"https:\/\/volcanes.net\/?p=8896#respond\"]}]},{\"@type\":\"WebPage\",\"@id\":\"https:\/\/volcanes.net\/?p=8896\",\"url\":\"https:\/\/volcanes.net\/?p=8896\",\"name\":\"Se invertir\u00e1 un mill\u00f3n 800 mil pesos para la rehabilitaci\u00f3n de las canchas Maracan\u00e1 en Amecameca - Volcanes\",\"isPartOf\":{\"@id\":\"https:\/\/volcanes.net\/#website\"},\"primaryImageOfPage\":{\"@id\":\"https:\/\/volcanes.net\/?p=8896#primaryimage\"},\"image\":{\"@id\":\"https:\/\/volcanes.net\/?p=8896#primaryimage\"},\"thumbnailUrl\":\"https:\/\/volcanes.net\/wp-content\/uploads\/2020\/10\/IMG_20201013_181954.jpg\",\"datePublished\":\"2020-10-14T13:10:48+00:00\",\"dateModified\":\"2020-10-14T16:27:43+00:00\",\"breadcrumb\":{\"@id\":\"https:\/\/volcanes.net\/?p=8896#breadcrumb\"},\"inLanguage\":\"es\",\"potentialAction\":[{\"@type\":\"ReadAction\",\"target\":[\"https:\/\/volcanes.net\/?p=8896\"]}]},{\"@type\":\"ImageObject\",\"inLanguage\":\"es\",\"@id\":\"https:\/\/volcanes.net\/?p=8896#primaryimage\",\"url\":\"https:\/\/volcanes.net\/wp-content\/uploads\/2020\/10\/IMG_20201013_181954.jpg\",\"contentUrl\":\"https:\/\/volcanes.net\/wp-content\/uploads\/2020\/10\/IMG_20201013_181954.jpg\",\"width\":768,\"height\":576,\"caption\":\"dav\"},{\"@type\":\"BreadcrumbList\",\"@id\":\"https:\/\/volcanes.net\/?p=8896#breadcrumb\",\"itemListElement\":[{\"@type\":\"ListItem\",\"position\":1,\"name\":\"Portada\",\"item\":\"https:\/\/volcanes.net\/\"},{\"@type\":\"ListItem\",\"position\":2,\"name\":\"Se invertir\u00e1 un mill\u00f3n 800 mil pesos para la rehabilitaci\u00f3n de las canchas Maracan\u00e1 en Amecameca\"}]},{\"@type\":\"WebSite\",\"@id\":\"https:\/\/volcanes.net\/#website\",\"url\":\"https:\/\/volcanes.net\/\",\"name\":\"Volcanes.Net\",\"description\":\"Periodismo Profesional\",\"publisher\":{\"@id\":\"https:\/\/volcanes.net\/#organization\"},\"potentialAction\":[{\"@type\":\"SearchAction\",\"target\":{\"@type\":\"EntryPoint\",\"urlTemplate\":\"https:\/\/volcanes.net\/?s={search_term_string}\"},\"query-input\":{\"@type\":\"PropertyValueSpecification\",\"valueRequired\":true,\"valueName\":\"search_term_string\"}}],\"inLanguage\":\"es\"},{\"@type\":\"Organization\",\"@id\":\"https:\/\/volcanes.net\/#organization\",\"name\":\"Grupo Volcanes\",\"url\":\"https:\/\/volcanes.net\/\",\"logo\":{\"@type\":\"ImageObject\",\"inLanguage\":\"es\",\"@id\":\"https:\/\/volcanes.net\/#\/schema\/logo\/image\/\",\"url\":\"http:\/\/volcanes.net\/wp-content\/uploads\/2017\/12\/Avatar2.jpg\",\"contentUrl\":\"http:\/\/volcanes.net\/wp-content\/uploads\/2017\/12\/Avatar2.jpg\",\"width\":378,\"height\":378,\"caption\":\"Grupo Volcanes\"},\"image\":{\"@id\":\"https:\/\/volcanes.net\/#\/schema\/logo\/image\/\"},\"sameAs\":[\"https:\/\/www.facebook.com\/volcanes.net\/\"]},{\"@type\":\"Person\",\"@id\":\"https:\/\/volcanes.net\/#\/schema\/person\/4bf0f383940966a4abd53f5048c0e6b9\",\"name\":\"admin\",\"image\":{\"@type\":\"ImageObject\",\"inLanguage\":\"es\",\"@id\":\"https:\/\/volcanes.net\/#\/schema\/person\/image\/\",\"url\":\"https:\/\/secure.gravatar.com\/avatar\/ca004e6cba8462b8cb7abc86e382930c?s=96&d=mm&r=g\",\"contentUrl\":\"https:\/\/secure.gravatar.com\/avatar\/ca004e6cba8462b8cb7abc86e382930c?s=96&d=mm&r=g\",\"caption\":\"admin\"}}]}<\/script>\n<!-- \/ Yoast SEO plugin. -->","yoast_head_json":{"title":"Se invertir\u00e1 un mill\u00f3n 800 mil pesos para la rehabilitaci\u00f3n de las canchas Maracan\u00e1 en Amecameca - Volcanes","robots":{"index":"index","follow":"follow","max-snippet":"max-snippet:-1","max-image-preview":"max-image-preview:large","max-video-preview":"max-video-preview:-1"},"canonical":"https:\/\/volcanes.net\/?p=8896","og_locale":"es_MX","og_type":"article","og_title":"Se invertir\u00e1 un mill\u00f3n 800 mil pesos para la rehabilitaci\u00f3n de las canchas Maracan\u00e1 en Amecameca - Volcanes","og_description":"Amecameca, Estado de M\u00e9xico.- El presidente municipal Miguel \u00c1ngel Salom\u00f3n Cort\u00e9s le dio banderazo de","og_url":"https:\/\/volcanes.net\/?p=8896","og_site_name":"Volcanes","article_publisher":"https:\/\/www.facebook.com\/volcanes.net\/","article_published_time":"2020-10-14T13:10:48+00:00","article_modified_time":"2020-10-14T16:27:43+00:00","og_image":[{"width":768,"height":576,"url":"https:\/\/volcanes.net\/wp-content\/uploads\/2020\/10\/IMG_20201013_181954.jpg","type":"image\/jpeg"}],"author":"admin","twitter_card":"summary_large_image","twitter_misc":{"Escrito por":"admin","Tiempo de lectura":"1 minuto"},"schema":{"@context":"https:\/\/schema.org","@graph":[{"@type":"Article","@id":"https:\/\/volcanes.net\/?p=8896#article","isPartOf":{"@id":"https:\/\/volcanes.net\/?p=8896"},"author":{"name":"admin","@id":"https:\/\/volcanes.net\/#\/schema\/person\/4bf0f383940966a4abd53f5048c0e6b9"},"headline":"Se invertir\u00e1 un mill\u00f3n 800 mil pesos para la rehabilitaci\u00f3n de las canchas Maracan\u00e1 en Amecameca","datePublished":"2020-10-14T13:10:48+00:00","dateModified":"2020-10-14T16:27:43+00:00","mainEntityOfPage":{"@id":"https:\/\/volcanes.net\/?p=8896"},"wordCount":302,"commentCount":0,"publisher":{"@id":"https:\/\/volcanes.net\/#organization"},"image":{"@id":"https:\/\/volcanes.net\/?p=8896#primaryimage"},"thumbnailUrl":"https:\/\/volcanes.net\/wp-content\/uploads\/2020\/10\/IMG_20201013_181954.jpg","keywords":["Amecameca"],"articleSection":["Municipales"],"inLanguage":"es","potentialAction":[{"@type":"CommentAction","name":"Comment","target":["https:\/\/volcanes.net\/?p=8896#respond"]}]},{"@type":"WebPage","@id":"https:\/\/volcanes.net\/?p=8896","url":"https:\/\/volcanes.net\/?p=8896","name":"Se invertir\u00e1 un mill\u00f3n 800 mil pesos para la rehabilitaci\u00f3n de las canchas Maracan\u00e1 en Amecameca - Volcanes","isPartOf":{"@id":"https:\/\/volcanes.net\/#website"},"primaryImageOfPage":{"@id":"https:\/\/volcanes.net\/?p=8896#primaryimage"},"image":{"@id":"https:\/\/volcanes.net\/?p=8896#primaryimage"},"thumbnailUrl":"https:\/\/volcanes.net\/wp-content\/uploads\/2020\/10\/IMG_20201013_181954.jpg","datePublished":"2020-10-14T13:10:48+00:00","dateModified":"2020-10-14T16:27:43+00:00","breadcrumb":{"@id":"https:\/\/volcanes.net\/?p=8896#breadcrumb"},"inLanguage":"es","potentialAction":[{"@type":"ReadAction","target":["https:\/\/volcanes.net\/?p=8896"]}]},{"@type":"ImageObject","inLanguage":"es","@id":"https:\/\/volcanes.net\/?p=8896#primaryimage","url":"https:\/\/volcanes.net\/wp-content\/uploads\/2020\/10\/IMG_20201013_181954.jpg","contentUrl":"https:\/\/volcanes.net\/wp-content\/uploads\/2020\/10\/IMG_20201013_181954.jpg","width":768,"height":576,"caption":"dav"},{"@type":"BreadcrumbList","@id":"https:\/\/volcanes.net\/?p=8896#breadcrumb","itemListElement":[{"@type":"ListItem","position":1,"name":"Portada","item":"https:\/\/volcanes.net\/"},{"@type":"ListItem","position":2,"name":"Se invertir\u00e1 un mill\u00f3n 800 mil pesos para la rehabilitaci\u00f3n de las canchas Maracan\u00e1 en Amecameca"}]},{"@type":"WebSite","@id":"https:\/\/volcanes.net\/#website","url":"https:\/\/volcanes.net\/","name":"Volcanes.Net","description":"Periodismo Profesional","publisher":{"@id":"https:\/\/volcanes.net\/#organization"},"potentialAction":[{"@type":"SearchAction","target":{"@type":"EntryPoint","urlTemplate":"https:\/\/volcanes.net\/?s={search_term_string}"},"query-input":{"@type":"PropertyValueSpecification","valueRequired":true,"valueName":"search_term_string"}}],"inLanguage":"es"},{"@type":"Organization","@id":"https:\/\/volcanes.net\/#organization","name":"Grupo Volcanes","url":"https:\/\/volcanes.net\/","logo":{"@type":"ImageObject","inLanguage":"es","@id":"https:\/\/volcanes.net\/#\/schema\/logo\/image\/","url":"http:\/\/volcanes.net\/wp-content\/uploads\/2017\/12\/Avatar2.jpg","contentUrl":"http:\/\/volcanes.net\/wp-content\/uploads\/2017\/12\/Avatar2.jpg","width":378,"height":378,"caption":"Grupo Volcanes"},"image":{"@id":"https:\/\/volcanes.net\/#\/schema\/logo\/image\/"},"sameAs":["https:\/\/www.facebook.com\/volcanes.net\/"]},{"@type":"Person","@id":"https:\/\/volcanes.net\/#\/schema\/person\/4bf0f383940966a4abd53f5048c0e6b9","name":"admin","image":{"@type":"ImageObject","inLanguage":"es","@id":"https:\/\/volcanes.net\/#\/schema\/person\/image\/","url":"https:\/\/secure.gravatar.com\/avatar\/ca004e6cba8462b8cb7abc86e382930c?s=96&d=mm&r=g","contentUrl":"https:\/\/secure.gravatar.com\/avatar\/ca004e6cba8462b8cb7abc86e382930c?s=96&d=mm&r=g","caption":"admin"}}]}},"_links":{"self":[{"href":"https:\/\/volcanes.net\/index.php?rest_route=\/wp\/v2\/posts\/8896"}],"collection":[{"href":"https:\/\/volcanes.net\/index.php?rest_route=\/wp\/v2\/posts"}],"about":[{"href":"https:\/\/volcanes.net\/index.php?rest_route=\/wp\/v2\/types\/post"}],"author":[{"embeddable":true,"href":"https:\/\/volcanes.net\/index.php?rest_route=\/wp\/v2\/users\/1"}],"replies":[{"embeddable":true,"href":"https:\/\/volcanes.net\/index.php?rest_route=%2Fwp%2Fv2%2Fcomments&post=8896"}],"version-history":[{"count":3,"href":"https:\/\/volcanes.net\/index.php?rest_route=\/wp\/v2\/posts\/8896\/revisions"}],"predecessor-version":[{"id":8903,"href":"https:\/\/volcanes.net\/index.php?rest_route=\/wp\/v2\/posts\/8896\/revisions\/8903"}],"wp:featuredmedia":[{"embeddable":true,"href":"https:\/\/volcanes.net\/index.php?rest_route=\/wp\/v2\/media\/8897"}],"wp:attachment":[{"href":"https:\/\/volcanes.net\/index.php?rest_route=%2Fwp%2Fv2%2Fmedia&parent=8896"}],"wp:term":[{"taxonomy":"category","embeddable":true,"href":"https:\/\/volcanes.net\/index.php?rest_route=%2Fwp%2Fv2%2Fcategories&post=8896"},{"taxonomy":"post_tag","embeddable":true,"href":"https:\/\/volcanes.net\/index.php?rest_route=%2Fwp%2Fv2%2Ftags&post=8896"}],"curies":[{"name":"wp","href":"https:\/\/api.w.org\/{rel}","templated":true}]}}