{"id":8909,"date":"2020-10-15T07:18:59","date_gmt":"2020-10-15T13:18:59","guid":{"rendered":"http:\/\/volcanes.net\/?p=8909"},"modified":"2020-10-15T12:08:59","modified_gmt":"2020-10-15T18:08:59","slug":"con-una-inversion-de-mas-de-800-mil-pesos-de-recursos-del-fefom-2020-se-da-banderazo-de-inicio-a-a-la-rehabilitacion-de-la-explanada-delegacional-y-la-pavimentacion-asfaltica-de-calle-allende-en","status":"publish","type":"post","link":"https:\/\/volcanes.net\/?p=8909","title":{"rendered":"Con una inversi\u00f3n de m\u00e1s de 800 mil pesos se da banderazo de inicio a la rehabilitaci\u00f3n de la explanada delegacional y la pavimentaci\u00f3n asf\u00e1ltica de calle Allende en Amecameca"},"content":{"rendered":"<div style=\"margin-top: 0px; margin-bottom: 0px;\" class=\"sharethis-inline-share-buttons\" ><\/div><p style=\"text-align: justify;\">Amecameca, Estado de M\u00e9xico.- En el pueblo de San Francisco Zentlalpan, el alcalde Miguel \u00c1ngel Salom\u00f3n Cort\u00e9s, dio el banderazo a la rehabilitaci\u00f3n de la explanada delegacional y la\u00a0pavimentaci\u00f3n asf\u00e1ltica de calle Allende, entre Progreso y Primer callej\u00f3n de Allende.<\/p>\n<p style=\"text-align: justify;\">En la rehabilitaci\u00f3n de la explanada de la delegaci\u00f3n de San Francisco Zentlalpan se invertir\u00e1n m\u00e1s de 800 mil pesos de recursos del FEFOM 2020.<\/p>\n<p style=\"text-align: justify;\">Mientras que en la pavimentaci\u00f3n de la calle Allende, el cabildo de Amecameca aprob\u00f3 un poco de m\u00e1s de un mill\u00f3n de pesos, tambi\u00e9n del FEFOM.<\/p>\n<p style=\"text-align: justify;\">Adicional a la inversi\u00f3n esta pavimentaci\u00f3n, el alcalde Miguel \u00c1ngel Salom\u00f3n Cort\u00e9s asegur\u00f3 que con recursos propios se continuar\u00e1 la obra por el callej\u00f3n de Allende. Ambas obras se deber\u00e1n de concluir antes de diciembre.<\/p>\n<p>https:\/\/www.facebook.com\/109414100442855\/posts\/388601219190807\/<\/p>\n","protected":false},"excerpt":{"rendered":"<p>Amecameca, Estado de M\u00e9xico.- En el pueblo de San Francisco Zentlalpan, el alcalde Miguel \u00c1ngel<\/p>\n","protected":false},"author":1,"featured_media":8910,"comment_status":"open","ping_status":"open","sticky":false,"template":"","format":"standard","meta":{"footnotes":""},"categories":[1],"tags":[7],"class_list":["post-8909","post","type-post","status-publish","format-standard","has-post-thumbnail","hentry","category-municipales","tag-amecameca"],"yoast_head":"<!-- This site is optimized with the Yoast SEO plugin v25.3 - https:\/\/yoast.com\/wordpress\/plugins\/seo\/ -->\n<title>Con una inversi\u00f3n de m\u00e1s de 800 mil pesos se da banderazo de inicio a la rehabilitaci\u00f3n de la explanada delegacional y la pavimentaci\u00f3n asf\u00e1ltica de calle Allende en Amecameca - Volcanes<\/title>\n<meta name=\"robots\" content=\"index, follow, max-snippet:-1, max-image-preview:large, max-video-preview:-1\" \/>\n<link rel=\"canonical\" href=\"https:\/\/volcanes.net\/?p=8909\" \/>\n<meta property=\"og:locale\" content=\"es_MX\" \/>\n<meta property=\"og:type\" content=\"article\" \/>\n<meta property=\"og:title\" content=\"Con una inversi\u00f3n de m\u00e1s de 800 mil pesos se da banderazo de inicio a la rehabilitaci\u00f3n de la explanada delegacional y la pavimentaci\u00f3n asf\u00e1ltica de calle Allende en Amecameca - Volcanes\" \/>\n<meta property=\"og:description\" content=\"Amecameca, Estado de M\u00e9xico.- En el pueblo de San Francisco Zentlalpan, el alcalde Miguel \u00c1ngel\" \/>\n<meta property=\"og:url\" content=\"https:\/\/volcanes.net\/?p=8909\" \/>\n<meta property=\"og:site_name\" content=\"Volcanes\" \/>\n<meta property=\"article:publisher\" content=\"https:\/\/www.facebook.com\/volcanes.net\/\" \/>\n<meta property=\"article:published_time\" content=\"2020-10-15T13:18:59+00:00\" \/>\n<meta property=\"article:modified_time\" content=\"2020-10-15T18:08:59+00:00\" \/>\n<meta property=\"og:image\" content=\"https:\/\/volcanes.net\/wp-content\/uploads\/2020\/10\/IMG_20201013_131437.jpg\" \/>\n\t<meta property=\"og:image:width\" content=\"768\" \/>\n\t<meta property=\"og:image:height\" content=\"576\" \/>\n\t<meta property=\"og:image:type\" content=\"image\/jpeg\" \/>\n<meta name=\"author\" content=\"admin\" \/>\n<meta name=\"twitter:card\" content=\"summary_large_image\" \/>\n<meta name=\"twitter:label1\" content=\"Escrito por\" \/>\n\t<meta name=\"twitter:data1\" content=\"admin\" \/>\n\t<meta name=\"twitter:label2\" content=\"Tiempo de lectura\" \/>\n\t<meta name=\"twitter:data2\" content=\"1 minuto\" \/>\n<script type=\"application\/ld+json\" class=\"yoast-schema-graph\">{\"@context\":\"https:\/\/schema.org\",\"@graph\":[{\"@type\":\"Article\",\"@id\":\"https:\/\/volcanes.net\/?p=8909#article\",\"isPartOf\":{\"@id\":\"https:\/\/volcanes.net\/?p=8909\"},\"author\":{\"name\":\"admin\",\"@id\":\"https:\/\/volcanes.net\/#\/schema\/person\/4bf0f383940966a4abd53f5048c0e6b9\"},\"headline\":\"Con una inversi\u00f3n de m\u00e1s de 800 mil pesos se da banderazo de inicio a la rehabilitaci\u00f3n de la explanada delegacional y la pavimentaci\u00f3n asf\u00e1ltica de calle Allende en Amecameca\",\"datePublished\":\"2020-10-15T13:18:59+00:00\",\"dateModified\":\"2020-10-15T18:08:59+00:00\",\"mainEntityOfPage\":{\"@id\":\"https:\/\/volcanes.net\/?p=8909\"},\"wordCount\":186,\"commentCount\":0,\"publisher\":{\"@id\":\"https:\/\/volcanes.net\/#organization\"},\"image\":{\"@id\":\"https:\/\/volcanes.net\/?p=8909#primaryimage\"},\"thumbnailUrl\":\"https:\/\/volcanes.net\/wp-content\/uploads\/2020\/10\/IMG_20201013_131437.jpg\",\"keywords\":[\"Amecameca\"],\"articleSection\":[\"Municipales\"],\"inLanguage\":\"es\",\"potentialAction\":[{\"@type\":\"CommentAction\",\"name\":\"Comment\",\"target\":[\"https:\/\/volcanes.net\/?p=8909#respond\"]}]},{\"@type\":\"WebPage\",\"@id\":\"https:\/\/volcanes.net\/?p=8909\",\"url\":\"https:\/\/volcanes.net\/?p=8909\",\"name\":\"Con una inversi\u00f3n de m\u00e1s de 800 mil pesos se da banderazo de inicio a la rehabilitaci\u00f3n de la explanada delegacional y la pavimentaci\u00f3n asf\u00e1ltica de calle Allende en Amecameca - Volcanes\",\"isPartOf\":{\"@id\":\"https:\/\/volcanes.net\/#website\"},\"primaryImageOfPage\":{\"@id\":\"https:\/\/volcanes.net\/?p=8909#primaryimage\"},\"image\":{\"@id\":\"https:\/\/volcanes.net\/?p=8909#primaryimage\"},\"thumbnailUrl\":\"https:\/\/volcanes.net\/wp-content\/uploads\/2020\/10\/IMG_20201013_131437.jpg\",\"datePublished\":\"2020-10-15T13:18:59+00:00\",\"dateModified\":\"2020-10-15T18:08:59+00:00\",\"breadcrumb\":{\"@id\":\"https:\/\/volcanes.net\/?p=8909#breadcrumb\"},\"inLanguage\":\"es\",\"potentialAction\":[{\"@type\":\"ReadAction\",\"target\":[\"https:\/\/volcanes.net\/?p=8909\"]}]},{\"@type\":\"ImageObject\",\"inLanguage\":\"es\",\"@id\":\"https:\/\/volcanes.net\/?p=8909#primaryimage\",\"url\":\"https:\/\/volcanes.net\/wp-content\/uploads\/2020\/10\/IMG_20201013_131437.jpg\",\"contentUrl\":\"https:\/\/volcanes.net\/wp-content\/uploads\/2020\/10\/IMG_20201013_131437.jpg\",\"width\":768,\"height\":576,\"caption\":\"dav\"},{\"@type\":\"BreadcrumbList\",\"@id\":\"https:\/\/volcanes.net\/?p=8909#breadcrumb\",\"itemListElement\":[{\"@type\":\"ListItem\",\"position\":1,\"name\":\"Portada\",\"item\":\"https:\/\/volcanes.net\/\"},{\"@type\":\"ListItem\",\"position\":2,\"name\":\"Con una inversi\u00f3n de m\u00e1s de 800 mil pesos se da banderazo de inicio a la rehabilitaci\u00f3n de la explanada delegacional y la pavimentaci\u00f3n asf\u00e1ltica de calle Allende en Amecameca\"}]},{\"@type\":\"WebSite\",\"@id\":\"https:\/\/volcanes.net\/#website\",\"url\":\"https:\/\/volcanes.net\/\",\"name\":\"Volcanes.Net\",\"description\":\"Periodismo Profesional\",\"publisher\":{\"@id\":\"https:\/\/volcanes.net\/#organization\"},\"potentialAction\":[{\"@type\":\"SearchAction\",\"target\":{\"@type\":\"EntryPoint\",\"urlTemplate\":\"https:\/\/volcanes.net\/?s={search_term_string}\"},\"query-input\":{\"@type\":\"PropertyValueSpecification\",\"valueRequired\":true,\"valueName\":\"search_term_string\"}}],\"inLanguage\":\"es\"},{\"@type\":\"Organization\",\"@id\":\"https:\/\/volcanes.net\/#organization\",\"name\":\"Grupo Volcanes\",\"url\":\"https:\/\/volcanes.net\/\",\"logo\":{\"@type\":\"ImageObject\",\"inLanguage\":\"es\",\"@id\":\"https:\/\/volcanes.net\/#\/schema\/logo\/image\/\",\"url\":\"http:\/\/volcanes.net\/wp-content\/uploads\/2017\/12\/Avatar2.jpg\",\"contentUrl\":\"http:\/\/volcanes.net\/wp-content\/uploads\/2017\/12\/Avatar2.jpg\",\"width\":378,\"height\":378,\"caption\":\"Grupo Volcanes\"},\"image\":{\"@id\":\"https:\/\/volcanes.net\/#\/schema\/logo\/image\/\"},\"sameAs\":[\"https:\/\/www.facebook.com\/volcanes.net\/\"]},{\"@type\":\"Person\",\"@id\":\"https:\/\/volcanes.net\/#\/schema\/person\/4bf0f383940966a4abd53f5048c0e6b9\",\"name\":\"admin\",\"image\":{\"@type\":\"ImageObject\",\"inLanguage\":\"es\",\"@id\":\"https:\/\/volcanes.net\/#\/schema\/person\/image\/\",\"url\":\"https:\/\/secure.gravatar.com\/avatar\/ca004e6cba8462b8cb7abc86e382930c?s=96&d=mm&r=g\",\"contentUrl\":\"https:\/\/secure.gravatar.com\/avatar\/ca004e6cba8462b8cb7abc86e382930c?s=96&d=mm&r=g\",\"caption\":\"admin\"}}]}<\/script>\n<!-- \/ Yoast SEO plugin. -->","yoast_head_json":{"title":"Con una inversi\u00f3n de m\u00e1s de 800 mil pesos se da banderazo de inicio a la rehabilitaci\u00f3n de la explanada delegacional y la pavimentaci\u00f3n asf\u00e1ltica de calle Allende en Amecameca - Volcanes","robots":{"index":"index","follow":"follow","max-snippet":"max-snippet:-1","max-image-preview":"max-image-preview:large","max-video-preview":"max-video-preview:-1"},"canonical":"https:\/\/volcanes.net\/?p=8909","og_locale":"es_MX","og_type":"article","og_title":"Con una inversi\u00f3n de m\u00e1s de 800 mil pesos se da banderazo de inicio a la rehabilitaci\u00f3n de la explanada delegacional y la pavimentaci\u00f3n asf\u00e1ltica de calle Allende en Amecameca - Volcanes","og_description":"Amecameca, Estado de M\u00e9xico.- En el pueblo de San Francisco Zentlalpan, el alcalde Miguel \u00c1ngel","og_url":"https:\/\/volcanes.net\/?p=8909","og_site_name":"Volcanes","article_publisher":"https:\/\/www.facebook.com\/volcanes.net\/","article_published_time":"2020-10-15T13:18:59+00:00","article_modified_time":"2020-10-15T18:08:59+00:00","og_image":[{"width":768,"height":576,"url":"https:\/\/volcanes.net\/wp-content\/uploads\/2020\/10\/IMG_20201013_131437.jpg","type":"image\/jpeg"}],"author":"admin","twitter_card":"summary_large_image","twitter_misc":{"Escrito por":"admin","Tiempo de lectura":"1 minuto"},"schema":{"@context":"https:\/\/schema.org","@graph":[{"@type":"Article","@id":"https:\/\/volcanes.net\/?p=8909#article","isPartOf":{"@id":"https:\/\/volcanes.net\/?p=8909"},"author":{"name":"admin","@id":"https:\/\/volcanes.net\/#\/schema\/person\/4bf0f383940966a4abd53f5048c0e6b9"},"headline":"Con una inversi\u00f3n de m\u00e1s de 800 mil pesos se da banderazo de inicio a la rehabilitaci\u00f3n de la explanada delegacional y la pavimentaci\u00f3n asf\u00e1ltica de calle Allende en Amecameca","datePublished":"2020-10-15T13:18:59+00:00","dateModified":"2020-10-15T18:08:59+00:00","mainEntityOfPage":{"@id":"https:\/\/volcanes.net\/?p=8909"},"wordCount":186,"commentCount":0,"publisher":{"@id":"https:\/\/volcanes.net\/#organization"},"image":{"@id":"https:\/\/volcanes.net\/?p=8909#primaryimage"},"thumbnailUrl":"https:\/\/volcanes.net\/wp-content\/uploads\/2020\/10\/IMG_20201013_131437.jpg","keywords":["Amecameca"],"articleSection":["Municipales"],"inLanguage":"es","potentialAction":[{"@type":"CommentAction","name":"Comment","target":["https:\/\/volcanes.net\/?p=8909#respond"]}]},{"@type":"WebPage","@id":"https:\/\/volcanes.net\/?p=8909","url":"https:\/\/volcanes.net\/?p=8909","name":"Con una inversi\u00f3n de m\u00e1s de 800 mil pesos se da banderazo de inicio a la rehabilitaci\u00f3n de la explanada delegacional y la pavimentaci\u00f3n asf\u00e1ltica de calle Allende en Amecameca - Volcanes","isPartOf":{"@id":"https:\/\/volcanes.net\/#website"},"primaryImageOfPage":{"@id":"https:\/\/volcanes.net\/?p=8909#primaryimage"},"image":{"@id":"https:\/\/volcanes.net\/?p=8909#primaryimage"},"thumbnailUrl":"https:\/\/volcanes.net\/wp-content\/uploads\/2020\/10\/IMG_20201013_131437.jpg","datePublished":"2020-10-15T13:18:59+00:00","dateModified":"2020-10-15T18:08:59+00:00","breadcrumb":{"@id":"https:\/\/volcanes.net\/?p=8909#breadcrumb"},"inLanguage":"es","potentialAction":[{"@type":"ReadAction","target":["https:\/\/volcanes.net\/?p=8909"]}]},{"@type":"ImageObject","inLanguage":"es","@id":"https:\/\/volcanes.net\/?p=8909#primaryimage","url":"https:\/\/volcanes.net\/wp-content\/uploads\/2020\/10\/IMG_20201013_131437.jpg","contentUrl":"https:\/\/volcanes.net\/wp-content\/uploads\/2020\/10\/IMG_20201013_131437.jpg","width":768,"height":576,"caption":"dav"},{"@type":"BreadcrumbList","@id":"https:\/\/volcanes.net\/?p=8909#breadcrumb","itemListElement":[{"@type":"ListItem","position":1,"name":"Portada","item":"https:\/\/volcanes.net\/"},{"@type":"ListItem","position":2,"name":"Con una inversi\u00f3n de m\u00e1s de 800 mil pesos se da banderazo de inicio a la rehabilitaci\u00f3n de la explanada delegacional y la pavimentaci\u00f3n asf\u00e1ltica de calle Allende en Amecameca"}]},{"@type":"WebSite","@id":"https:\/\/volcanes.net\/#website","url":"https:\/\/volcanes.net\/","name":"Volcanes.Net","description":"Periodismo Profesional","publisher":{"@id":"https:\/\/volcanes.net\/#organization"},"potentialAction":[{"@type":"SearchAction","target":{"@type":"EntryPoint","urlTemplate":"https:\/\/volcanes.net\/?s={search_term_string}"},"query-input":{"@type":"PropertyValueSpecification","valueRequired":true,"valueName":"search_term_string"}}],"inLanguage":"es"},{"@type":"Organization","@id":"https:\/\/volcanes.net\/#organization","name":"Grupo Volcanes","url":"https:\/\/volcanes.net\/","logo":{"@type":"ImageObject","inLanguage":"es","@id":"https:\/\/volcanes.net\/#\/schema\/logo\/image\/","url":"http:\/\/volcanes.net\/wp-content\/uploads\/2017\/12\/Avatar2.jpg","contentUrl":"http:\/\/volcanes.net\/wp-content\/uploads\/2017\/12\/Avatar2.jpg","width":378,"height":378,"caption":"Grupo Volcanes"},"image":{"@id":"https:\/\/volcanes.net\/#\/schema\/logo\/image\/"},"sameAs":["https:\/\/www.facebook.com\/volcanes.net\/"]},{"@type":"Person","@id":"https:\/\/volcanes.net\/#\/schema\/person\/4bf0f383940966a4abd53f5048c0e6b9","name":"admin","image":{"@type":"ImageObject","inLanguage":"es","@id":"https:\/\/volcanes.net\/#\/schema\/person\/image\/","url":"https:\/\/secure.gravatar.com\/avatar\/ca004e6cba8462b8cb7abc86e382930c?s=96&d=mm&r=g","contentUrl":"https:\/\/secure.gravatar.com\/avatar\/ca004e6cba8462b8cb7abc86e382930c?s=96&d=mm&r=g","caption":"admin"}}]}},"_links":{"self":[{"href":"https:\/\/volcanes.net\/index.php?rest_route=\/wp\/v2\/posts\/8909"}],"collection":[{"href":"https:\/\/volcanes.net\/index.php?rest_route=\/wp\/v2\/posts"}],"about":[{"href":"https:\/\/volcanes.net\/index.php?rest_route=\/wp\/v2\/types\/post"}],"author":[{"embeddable":true,"href":"https:\/\/volcanes.net\/index.php?rest_route=\/wp\/v2\/users\/1"}],"replies":[{"embeddable":true,"href":"https:\/\/volcanes.net\/index.php?rest_route=%2Fwp%2Fv2%2Fcomments&post=8909"}],"version-history":[{"count":6,"href":"https:\/\/volcanes.net\/index.php?rest_route=\/wp\/v2\/posts\/8909\/revisions"}],"predecessor-version":[{"id":8929,"href":"https:\/\/volcanes.net\/index.php?rest_route=\/wp\/v2\/posts\/8909\/revisions\/8929"}],"wp:featuredmedia":[{"embeddable":true,"href":"https:\/\/volcanes.net\/index.php?rest_route=\/wp\/v2\/media\/8910"}],"wp:attachment":[{"href":"https:\/\/volcanes.net\/index.php?rest_route=%2Fwp%2Fv2%2Fmedia&parent=8909"}],"wp:term":[{"taxonomy":"category","embeddable":true,"href":"https:\/\/volcanes.net\/index.php?rest_route=%2Fwp%2Fv2%2Fcategories&post=8909"},{"taxonomy":"post_tag","embeddable":true,"href":"https:\/\/volcanes.net\/index.php?rest_route=%2Fwp%2Fv2%2Ftags&post=8909"}],"curies":[{"name":"wp","href":"https:\/\/api.w.org\/{rel}","templated":true}]}}