{"id":894,"date":"2018-01-30T16:05:36","date_gmt":"2018-01-30T16:05:36","guid":{"rendered":"http:\/\/volcanes.net\/?p=894"},"modified":"2018-01-30T16:05:36","modified_gmt":"2018-01-30T16:05:36","slug":"mexico-no-puede-salir-adelante-sin-equidad-de-genero-jose-antonio-meade","status":"publish","type":"post","link":"https:\/\/volcanes.net\/?p=894","title":{"rendered":"M\u00e9xico no puede salir adelante sin equidad de g\u00e9nero Jos\u00e9 Antonio Meade"},"content":{"rendered":"<div style=\"margin-top: 0px; margin-bottom: 0px;\" class=\"sharethis-inline-share-buttons\" ><\/div><p>El precandidato del Partido Revolucionario Institucional (PRI), a la Presidencia de la Rep\u00fablica, Jos\u00e9 Antonio Meade Kuribre\u00f1a, anunci\u00f3 hoy en Acapulco, Guerrero, una serie de acciones para mejorar la calidad de vida de las mujeres, as\u00ed como evitar la violencia y combatir la discriminaci\u00f3n de g\u00e9nero.<\/p>\n<p>Acompa\u00f1ado por su esposa Juana Cuevas, el tambi\u00e9n aspirante presidencial del Partido Verde Ecologista de M\u00e9xico (PVEM) y Nueva Alianza deline\u00f3 los ejes de sus acciones en favor de las mujeres: Cr\u00e9ditos a la palabra, con el objetivo de generar un mejor entorno para las emprendedoras.<\/p>\n<p>Otorgamiento de becas para que las mujeres y sus hijos puedan continuar con sus estudios; guarder\u00edas, preescolar y primaria de horario ampliado, con alimentos, para hacer compatible su desarrollo profesional con el cuidado de la familia; salarios dignos y sin diferencias de g\u00e9nero y dignificar el trabajo dom\u00e9stico otorg\u00e1ndole seguridad social.<\/p>\n<p>\u201cEl pa\u00eds no puede salir adelante si las mujeres no est\u00e1n representadas en todo, el pa\u00eds no puede salir adelante si las mujeres no encuentran ese espacio de paridad, queremos equidad de g\u00e9nero porque el pa\u00eds depende de ello\u201d, afirm\u00f3 durante el sexto foro nacional \u201cPuntos de Encuentro: La fuerza de las Mujeres\u201d, de la Fundaci\u00f3n Colosio.<\/p>\n<p>El precandidato presidencial explic\u00f3 que la agenda que propone tiene como sustento 20 a\u00f1os de experiencia en el sector p\u00fablico y, por ello, reconoce que es necesario construir un mejor entorno de apoyo para las emprendedoras.<\/p>\n<p>Propuso generar un programa crediticio que permita a las mujeres acceder a cr\u00e9ditos \u00fanicamente presentando su proyecto productivo, y sin la necesidad de generar mayores tr\u00e1mites que obstaculicen o impidan el acceso a un pr\u00e9stamo.<\/p>\n<p>Acompa\u00f1ado tambi\u00e9n por Claudia Ruiz Massieu, secretaria general del PRI, Meade Kuribre\u00f1a inform\u00f3 que las estad\u00edsticas refieren que las mujeres reciben menores ingresos a comparaci\u00f3n de un hombre.<\/p>\n<p>Por ello, se comprometi\u00f3 a que la remuneraci\u00f3n de un profesionista sea justa y sin preferencias de g\u00e9nero. \u201cEn M\u00e9xico no puede haber diferencias de sueldo por razones de g\u00e9nero, tenemos que asegurarnos de que a trabajo igual, compensaci\u00f3n igual\u201d, asegur\u00f3 ante mujeres provenientes de todas las regiones del estado de Guerrero.<\/p>\n<p>Respecto a dignificar el trabajo dom\u00e9stico, el precandidato del PRI detall\u00f3 que eso implicar\u00e1 que quienes realicen esas funciones tengan acceso a la seguridad social y que se les permita la deducibilidad de las aportaciones voluntarias de los patrones. De esta manera, tendr\u00e1n atenci\u00f3n m\u00e9dica, pensi\u00f3n, vivienda y cr\u00e9dito como cualquier otro trabajador formal<\/p>\n<p>Meade Kuribre\u00f1a reconoci\u00f3 que\u00a0siete de cada 10 mujeres en M\u00e9xico son v\u00edctimas de violencia y afirm\u00f3 que es una cifra inaceptable, profundamente indignante y que no es compatible con el M\u00e9xico que podemos ser.<\/p>\n<p>Asegur\u00f3 que, para corregir dicha tendencia, adem\u00e1s de la aplicaci\u00f3n estricta de la ley, son necesarias pol\u00edticas p\u00fablicas que empoderen a la mujer y le ofrezcan las oportunidades necesarias para tener una mejor condici\u00f3n de vida.<\/p>\n<p>\u201cLo que la gente quiere escuchar de sus pol\u00edticos no es c\u00f3mo se pelean, no es qui\u00e9n es m\u00e1s ingenioso, no es qui\u00e9n es mejor en el uso de las palabras, no es qui\u00e9n es el m\u00e1s emotivo en el discurso, es qui\u00e9n propone las mejores soluciones, es qui\u00e9n propone las soluciones que hagan m\u00e1s sentido\u201d, enfatiz\u00f3.<\/p>\n<p>Meade Kuribre\u00f1a y su esposa Juana Cuevas participaron en una mesa de di\u00e1logo denominada \u201cConf\u00eda en Meade\u201d en la que escuch\u00f3 a 15 mujeres de diversas regiones y sectores productivos de Guerrero, quienes le expresaron sus reflexiones en torno a diversos temas como el combate a la inseguridad, el impulso y respaldo al desarrollo tur\u00edstico, la creaci\u00f3n de m\u00e1s escuelas y la importancia de que haya programas sociales que apoyen a las mujeres.<\/p>\n<p>Al respecto, el precandidato ofreci\u00f3 generar pol\u00edticas p\u00fablicas que fortalezcan el apoyo a ese sector de la sociedad en educaci\u00f3n, mayor seguridad y m\u00e1s oportunidades de empleo en un entorno libre de violencia.<\/p>\n<p>Por la tarde, el precandidato presidencial se reunir\u00e1 con integrantes de la clase pol\u00edtica de la entidad en Chilpancingo y sostendr\u00e1 un encuentro masivo con la militancia del Revolucionario Institucional en Guerrero.<\/p>\n","protected":false},"excerpt":{"rendered":"<p>El precandidato del Partido Revolucionario Institucional (PRI), a la Presidencia de la Rep\u00fablica, Jos\u00e9 Antonio<\/p>\n","protected":false},"author":1,"featured_media":888,"comment_status":"open","ping_status":"open","sticky":false,"template":"","format":"standard","meta":{"footnotes":""},"categories":[1],"tags":[36,10],"class_list":["post-894","post","type-post","status-publish","format-standard","has-post-thumbnail","hentry","category-municipales","tag-meade","tag-pri"],"yoast_head":"<!-- This site is optimized with the Yoast SEO plugin v25.3 - https:\/\/yoast.com\/wordpress\/plugins\/seo\/ -->\n<title>M\u00e9xico no puede salir adelante sin equidad de g\u00e9nero Jos\u00e9 Antonio Meade - Volcanes<\/title>\n<meta name=\"robots\" content=\"index, follow, max-snippet:-1, max-image-preview:large, max-video-preview:-1\" \/>\n<link rel=\"canonical\" href=\"https:\/\/volcanes.net\/?p=894\" \/>\n<meta property=\"og:locale\" content=\"es_MX\" \/>\n<meta property=\"og:type\" content=\"article\" \/>\n<meta property=\"og:title\" content=\"M\u00e9xico no puede salir adelante sin equidad de g\u00e9nero Jos\u00e9 Antonio Meade - Volcanes\" \/>\n<meta property=\"og:description\" content=\"El precandidato del Partido Revolucionario Institucional (PRI), a la Presidencia de la Rep\u00fablica, Jos\u00e9 Antonio\" \/>\n<meta property=\"og:url\" content=\"https:\/\/volcanes.net\/?p=894\" \/>\n<meta property=\"og:site_name\" content=\"Volcanes\" \/>\n<meta property=\"article:publisher\" content=\"https:\/\/www.facebook.com\/volcanes.net\/\" \/>\n<meta property=\"article:published_time\" content=\"2018-01-30T16:05:36+00:00\" \/>\n<meta property=\"og:image\" content=\"https:\/\/volcanes.net\/wp-content\/uploads\/2018\/01\/meade14.jpg\" \/>\n\t<meta property=\"og:image:width\" content=\"400\" \/>\n\t<meta property=\"og:image:height\" content=\"200\" \/>\n\t<meta property=\"og:image:type\" content=\"image\/jpeg\" \/>\n<meta name=\"author\" content=\"admin\" \/>\n<meta name=\"twitter:card\" content=\"summary_large_image\" \/>\n<meta name=\"twitter:label1\" content=\"Escrito por\" \/>\n\t<meta name=\"twitter:data1\" content=\"admin\" \/>\n\t<meta name=\"twitter:label2\" content=\"Tiempo de lectura\" \/>\n\t<meta name=\"twitter:data2\" content=\"4 minutos\" \/>\n<script type=\"application\/ld+json\" class=\"yoast-schema-graph\">{\"@context\":\"https:\/\/schema.org\",\"@graph\":[{\"@type\":\"Article\",\"@id\":\"https:\/\/volcanes.net\/?p=894#article\",\"isPartOf\":{\"@id\":\"https:\/\/volcanes.net\/?p=894\"},\"author\":{\"name\":\"admin\",\"@id\":\"https:\/\/volcanes.net\/#\/schema\/person\/4bf0f383940966a4abd53f5048c0e6b9\"},\"headline\":\"M\u00e9xico no puede salir adelante sin equidad de g\u00e9nero Jos\u00e9 Antonio Meade\",\"datePublished\":\"2018-01-30T16:05:36+00:00\",\"mainEntityOfPage\":{\"@id\":\"https:\/\/volcanes.net\/?p=894\"},\"wordCount\":751,\"commentCount\":0,\"publisher\":{\"@id\":\"https:\/\/volcanes.net\/#organization\"},\"image\":{\"@id\":\"https:\/\/volcanes.net\/?p=894#primaryimage\"},\"thumbnailUrl\":\"https:\/\/volcanes.net\/wp-content\/uploads\/2018\/01\/meade14.jpg\",\"keywords\":[\"Meade\",\"PRI\"],\"articleSection\":[\"Municipales\"],\"inLanguage\":\"es\",\"potentialAction\":[{\"@type\":\"CommentAction\",\"name\":\"Comment\",\"target\":[\"https:\/\/volcanes.net\/?p=894#respond\"]}]},{\"@type\":\"WebPage\",\"@id\":\"https:\/\/volcanes.net\/?p=894\",\"url\":\"https:\/\/volcanes.net\/?p=894\",\"name\":\"M\u00e9xico no puede salir adelante sin equidad de g\u00e9nero Jos\u00e9 Antonio Meade - Volcanes\",\"isPartOf\":{\"@id\":\"https:\/\/volcanes.net\/#website\"},\"primaryImageOfPage\":{\"@id\":\"https:\/\/volcanes.net\/?p=894#primaryimage\"},\"image\":{\"@id\":\"https:\/\/volcanes.net\/?p=894#primaryimage\"},\"thumbnailUrl\":\"https:\/\/volcanes.net\/wp-content\/uploads\/2018\/01\/meade14.jpg\",\"datePublished\":\"2018-01-30T16:05:36+00:00\",\"breadcrumb\":{\"@id\":\"https:\/\/volcanes.net\/?p=894#breadcrumb\"},\"inLanguage\":\"es\",\"potentialAction\":[{\"@type\":\"ReadAction\",\"target\":[\"https:\/\/volcanes.net\/?p=894\"]}]},{\"@type\":\"ImageObject\",\"inLanguage\":\"es\",\"@id\":\"https:\/\/volcanes.net\/?p=894#primaryimage\",\"url\":\"https:\/\/volcanes.net\/wp-content\/uploads\/2018\/01\/meade14.jpg\",\"contentUrl\":\"https:\/\/volcanes.net\/wp-content\/uploads\/2018\/01\/meade14.jpg\",\"width\":400,\"height\":200},{\"@type\":\"BreadcrumbList\",\"@id\":\"https:\/\/volcanes.net\/?p=894#breadcrumb\",\"itemListElement\":[{\"@type\":\"ListItem\",\"position\":1,\"name\":\"Portada\",\"item\":\"https:\/\/volcanes.net\/\"},{\"@type\":\"ListItem\",\"position\":2,\"name\":\"M\u00e9xico no puede salir adelante sin equidad de g\u00e9nero Jos\u00e9 Antonio Meade\"}]},{\"@type\":\"WebSite\",\"@id\":\"https:\/\/volcanes.net\/#website\",\"url\":\"https:\/\/volcanes.net\/\",\"name\":\"Volcanes.Net\",\"description\":\"Periodismo Profesional\",\"publisher\":{\"@id\":\"https:\/\/volcanes.net\/#organization\"},\"potentialAction\":[{\"@type\":\"SearchAction\",\"target\":{\"@type\":\"EntryPoint\",\"urlTemplate\":\"https:\/\/volcanes.net\/?s={search_term_string}\"},\"query-input\":{\"@type\":\"PropertyValueSpecification\",\"valueRequired\":true,\"valueName\":\"search_term_string\"}}],\"inLanguage\":\"es\"},{\"@type\":\"Organization\",\"@id\":\"https:\/\/volcanes.net\/#organization\",\"name\":\"Grupo Volcanes\",\"url\":\"https:\/\/volcanes.net\/\",\"logo\":{\"@type\":\"ImageObject\",\"inLanguage\":\"es\",\"@id\":\"https:\/\/volcanes.net\/#\/schema\/logo\/image\/\",\"url\":\"http:\/\/volcanes.net\/wp-content\/uploads\/2017\/12\/Avatar2.jpg\",\"contentUrl\":\"http:\/\/volcanes.net\/wp-content\/uploads\/2017\/12\/Avatar2.jpg\",\"width\":378,\"height\":378,\"caption\":\"Grupo Volcanes\"},\"image\":{\"@id\":\"https:\/\/volcanes.net\/#\/schema\/logo\/image\/\"},\"sameAs\":[\"https:\/\/www.facebook.com\/volcanes.net\/\"]},{\"@type\":\"Person\",\"@id\":\"https:\/\/volcanes.net\/#\/schema\/person\/4bf0f383940966a4abd53f5048c0e6b9\",\"name\":\"admin\",\"image\":{\"@type\":\"ImageObject\",\"inLanguage\":\"es\",\"@id\":\"https:\/\/volcanes.net\/#\/schema\/person\/image\/\",\"url\":\"https:\/\/secure.gravatar.com\/avatar\/ca004e6cba8462b8cb7abc86e382930c?s=96&d=mm&r=g\",\"contentUrl\":\"https:\/\/secure.gravatar.com\/avatar\/ca004e6cba8462b8cb7abc86e382930c?s=96&d=mm&r=g\",\"caption\":\"admin\"}}]}<\/script>\n<!-- \/ Yoast SEO plugin. -->","yoast_head_json":{"title":"M\u00e9xico no puede salir adelante sin equidad de g\u00e9nero Jos\u00e9 Antonio Meade - Volcanes","robots":{"index":"index","follow":"follow","max-snippet":"max-snippet:-1","max-image-preview":"max-image-preview:large","max-video-preview":"max-video-preview:-1"},"canonical":"https:\/\/volcanes.net\/?p=894","og_locale":"es_MX","og_type":"article","og_title":"M\u00e9xico no puede salir adelante sin equidad de g\u00e9nero Jos\u00e9 Antonio Meade - Volcanes","og_description":"El precandidato del Partido Revolucionario Institucional (PRI), a la Presidencia de la Rep\u00fablica, Jos\u00e9 Antonio","og_url":"https:\/\/volcanes.net\/?p=894","og_site_name":"Volcanes","article_publisher":"https:\/\/www.facebook.com\/volcanes.net\/","article_published_time":"2018-01-30T16:05:36+00:00","og_image":[{"width":400,"height":200,"url":"https:\/\/volcanes.net\/wp-content\/uploads\/2018\/01\/meade14.jpg","type":"image\/jpeg"}],"author":"admin","twitter_card":"summary_large_image","twitter_misc":{"Escrito por":"admin","Tiempo de lectura":"4 minutos"},"schema":{"@context":"https:\/\/schema.org","@graph":[{"@type":"Article","@id":"https:\/\/volcanes.net\/?p=894#article","isPartOf":{"@id":"https:\/\/volcanes.net\/?p=894"},"author":{"name":"admin","@id":"https:\/\/volcanes.net\/#\/schema\/person\/4bf0f383940966a4abd53f5048c0e6b9"},"headline":"M\u00e9xico no puede salir adelante sin equidad de g\u00e9nero Jos\u00e9 Antonio Meade","datePublished":"2018-01-30T16:05:36+00:00","mainEntityOfPage":{"@id":"https:\/\/volcanes.net\/?p=894"},"wordCount":751,"commentCount":0,"publisher":{"@id":"https:\/\/volcanes.net\/#organization"},"image":{"@id":"https:\/\/volcanes.net\/?p=894#primaryimage"},"thumbnailUrl":"https:\/\/volcanes.net\/wp-content\/uploads\/2018\/01\/meade14.jpg","keywords":["Meade","PRI"],"articleSection":["Municipales"],"inLanguage":"es","potentialAction":[{"@type":"CommentAction","name":"Comment","target":["https:\/\/volcanes.net\/?p=894#respond"]}]},{"@type":"WebPage","@id":"https:\/\/volcanes.net\/?p=894","url":"https:\/\/volcanes.net\/?p=894","name":"M\u00e9xico no puede salir adelante sin equidad de g\u00e9nero Jos\u00e9 Antonio Meade - Volcanes","isPartOf":{"@id":"https:\/\/volcanes.net\/#website"},"primaryImageOfPage":{"@id":"https:\/\/volcanes.net\/?p=894#primaryimage"},"image":{"@id":"https:\/\/volcanes.net\/?p=894#primaryimage"},"thumbnailUrl":"https:\/\/volcanes.net\/wp-content\/uploads\/2018\/01\/meade14.jpg","datePublished":"2018-01-30T16:05:36+00:00","breadcrumb":{"@id":"https:\/\/volcanes.net\/?p=894#breadcrumb"},"inLanguage":"es","potentialAction":[{"@type":"ReadAction","target":["https:\/\/volcanes.net\/?p=894"]}]},{"@type":"ImageObject","inLanguage":"es","@id":"https:\/\/volcanes.net\/?p=894#primaryimage","url":"https:\/\/volcanes.net\/wp-content\/uploads\/2018\/01\/meade14.jpg","contentUrl":"https:\/\/volcanes.net\/wp-content\/uploads\/2018\/01\/meade14.jpg","width":400,"height":200},{"@type":"BreadcrumbList","@id":"https:\/\/volcanes.net\/?p=894#breadcrumb","itemListElement":[{"@type":"ListItem","position":1,"name":"Portada","item":"https:\/\/volcanes.net\/"},{"@type":"ListItem","position":2,"name":"M\u00e9xico no puede salir adelante sin equidad de g\u00e9nero Jos\u00e9 Antonio Meade"}]},{"@type":"WebSite","@id":"https:\/\/volcanes.net\/#website","url":"https:\/\/volcanes.net\/","name":"Volcanes.Net","description":"Periodismo Profesional","publisher":{"@id":"https:\/\/volcanes.net\/#organization"},"potentialAction":[{"@type":"SearchAction","target":{"@type":"EntryPoint","urlTemplate":"https:\/\/volcanes.net\/?s={search_term_string}"},"query-input":{"@type":"PropertyValueSpecification","valueRequired":true,"valueName":"search_term_string"}}],"inLanguage":"es"},{"@type":"Organization","@id":"https:\/\/volcanes.net\/#organization","name":"Grupo Volcanes","url":"https:\/\/volcanes.net\/","logo":{"@type":"ImageObject","inLanguage":"es","@id":"https:\/\/volcanes.net\/#\/schema\/logo\/image\/","url":"http:\/\/volcanes.net\/wp-content\/uploads\/2017\/12\/Avatar2.jpg","contentUrl":"http:\/\/volcanes.net\/wp-content\/uploads\/2017\/12\/Avatar2.jpg","width":378,"height":378,"caption":"Grupo Volcanes"},"image":{"@id":"https:\/\/volcanes.net\/#\/schema\/logo\/image\/"},"sameAs":["https:\/\/www.facebook.com\/volcanes.net\/"]},{"@type":"Person","@id":"https:\/\/volcanes.net\/#\/schema\/person\/4bf0f383940966a4abd53f5048c0e6b9","name":"admin","image":{"@type":"ImageObject","inLanguage":"es","@id":"https:\/\/volcanes.net\/#\/schema\/person\/image\/","url":"https:\/\/secure.gravatar.com\/avatar\/ca004e6cba8462b8cb7abc86e382930c?s=96&d=mm&r=g","contentUrl":"https:\/\/secure.gravatar.com\/avatar\/ca004e6cba8462b8cb7abc86e382930c?s=96&d=mm&r=g","caption":"admin"}}]}},"_links":{"self":[{"href":"https:\/\/volcanes.net\/index.php?rest_route=\/wp\/v2\/posts\/894"}],"collection":[{"href":"https:\/\/volcanes.net\/index.php?rest_route=\/wp\/v2\/posts"}],"about":[{"href":"https:\/\/volcanes.net\/index.php?rest_route=\/wp\/v2\/types\/post"}],"author":[{"embeddable":true,"href":"https:\/\/volcanes.net\/index.php?rest_route=\/wp\/v2\/users\/1"}],"replies":[{"embeddable":true,"href":"https:\/\/volcanes.net\/index.php?rest_route=%2Fwp%2Fv2%2Fcomments&post=894"}],"version-history":[{"count":1,"href":"https:\/\/volcanes.net\/index.php?rest_route=\/wp\/v2\/posts\/894\/revisions"}],"predecessor-version":[{"id":895,"href":"https:\/\/volcanes.net\/index.php?rest_route=\/wp\/v2\/posts\/894\/revisions\/895"}],"wp:featuredmedia":[{"embeddable":true,"href":"https:\/\/volcanes.net\/index.php?rest_route=\/wp\/v2\/media\/888"}],"wp:attachment":[{"href":"https:\/\/volcanes.net\/index.php?rest_route=%2Fwp%2Fv2%2Fmedia&parent=894"}],"wp:term":[{"taxonomy":"category","embeddable":true,"href":"https:\/\/volcanes.net\/index.php?rest_route=%2Fwp%2Fv2%2Fcategories&post=894"},{"taxonomy":"post_tag","embeddable":true,"href":"https:\/\/volcanes.net\/index.php?rest_route=%2Fwp%2Fv2%2Ftags&post=894"}],"curies":[{"name":"wp","href":"https:\/\/api.w.org\/{rel}","templated":true}]}}