{"id":896,"date":"2018-01-30T16:11:15","date_gmt":"2018-01-30T16:11:15","guid":{"rendered":"http:\/\/volcanes.net\/?p=896"},"modified":"2018-01-30T16:11:15","modified_gmt":"2018-01-30T16:11:15","slug":"anaya-pide-a-senadores-de-pan-y-prd-impulsar-ley-de-gobiernos-de-coalicion","status":"publish","type":"post","link":"https:\/\/volcanes.net\/?p=896","title":{"rendered":"Anaya pide a senadores de PAN y PRD impulsar ley de gobiernos de coalici\u00f3n"},"content":{"rendered":"<div style=\"margin-top: 0px; margin-bottom: 0px;\" class=\"sharethis-inline-share-buttons\" ><\/div><p>Ricardo Anaya, precandidato presidencial de la coalici\u00f3n Por M\u00e9xico al Frente, exhort\u00f3 a los senadores del PAN y\u00a0PRD\u00a0a que\u00a0en el pr\u00f3ximo periodo ordinario de sesiones impulsen la aprobaci\u00f3n de la ley de gobiernos de coalici\u00f3n y la reforma constitucional sobre el sistema nacional anticorrupci\u00f3n.<\/p>\n<p>Durante la inauguraci\u00f3n de la in\u00e9dita reuni\u00f3n plenaria conjunta de senadores del PAN y PRD, Anaya Cort\u00e9s mencion\u00f3 que es urgente respaldar la petici\u00f3n de la sociedad civil para reformar a fondo el Art\u00edculo 102 constitucional con un objetivo claro.<\/p>\n<p>Explic\u00f3 que es necesario contar con las fiscal\u00edas general y en materia de combate a la corrupci\u00f3n, que sean capaces y profesionales, verdaderamente aut\u00f3nomas e independientes que apliquen la ley sin distingos contra quienes han cometido actos graves de corrupci\u00f3n, han violado la ley o han cometido cr\u00edmenes<\/p>\n<p>Ricardo Anaya advirti\u00f3 que a M\u00e9xico no le conviene un cambio lleno de locuras como la idea de perdonar criminales y corruptos, \u201clo que necesita es un cambio con visi\u00f3n de futuro en donde reine la ley y halla Estado de derecho\u201d.<\/p>\n<p>Ante senadores de los partidos Acci\u00f3n Nacional (PAN) y de la Revoluci\u00f3n Democr\u00e1tica (PRD) confi\u00f3 en que la coalici\u00f3n que integran estos institutos pol\u00edticos, junto con Movimiento Ciudadano, ganar\u00e1 la Presidencia de la Rep\u00fablica y con Alejandra Barrales el gobierno de la Ciudad de M\u00e9xico.<\/p>\n<p>Por su parte, la precandidata al gobierno capitalino, Alejandra Barrales, dijo que con la\u00a0conformaci\u00f3n del frente hay posibilidades de ganar los comicios de julio pr\u00f3ximo y cambiar el rumbo del pa\u00eds.<\/p>\n<p>En este marco, Barrales Magdaleno lament\u00f3 que algunos militantes perredistas se vayan a otros partidos por asuntos ideol\u00f3gicos, sin embargo estim\u00f3 que triunfar\u00e1n en los comicios para presidente, para \u00e9l gobierno de la ciudad y para el Congreso de la Uni\u00f3n.<\/p>\n<p>Entre los asistentes estuvieron Manuel Granados Covarrubias, presidente nacional del PRD; Dami\u00e1n Zepeda Vidales, presidente del PAN; Dante Delgado dirigente nacional de Movimiento Ciudadano, y los coordinadores del PAN,\u00a0Fernando Herrara \u00c1vila, y del PRD, Luis S\u00e1nchez Jim\u00e9nez.<\/p>\n","protected":false},"excerpt":{"rendered":"<p>Ricardo Anaya, precandidato presidencial de la coalici\u00f3n Por M\u00e9xico al Frente, exhort\u00f3 a los senadores<\/p>\n","protected":false},"author":1,"featured_media":889,"comment_status":"open","ping_status":"open","sticky":false,"template":"","format":"standard","meta":{"footnotes":""},"categories":[1],"tags":[35,37],"class_list":["post-896","post","type-post","status-publish","format-standard","has-post-thumbnail","hentry","category-municipales","tag-pan","tag-prd"],"yoast_head":"<!-- This site is optimized with the Yoast SEO plugin v25.3 - https:\/\/yoast.com\/wordpress\/plugins\/seo\/ -->\n<title>Anaya pide a senadores de PAN y PRD impulsar ley de gobiernos de coalici\u00f3n - Volcanes<\/title>\n<meta name=\"robots\" content=\"index, follow, max-snippet:-1, max-image-preview:large, max-video-preview:-1\" \/>\n<link rel=\"canonical\" href=\"https:\/\/volcanes.net\/?p=896\" \/>\n<meta property=\"og:locale\" content=\"es_MX\" \/>\n<meta property=\"og:type\" content=\"article\" \/>\n<meta property=\"og:title\" content=\"Anaya pide a senadores de PAN y PRD impulsar ley de gobiernos de coalici\u00f3n - Volcanes\" \/>\n<meta property=\"og:description\" content=\"Ricardo Anaya, precandidato presidencial de la coalici\u00f3n Por M\u00e9xico al Frente, exhort\u00f3 a los senadores\" \/>\n<meta property=\"og:url\" content=\"https:\/\/volcanes.net\/?p=896\" \/>\n<meta property=\"og:site_name\" content=\"Volcanes\" \/>\n<meta property=\"article:publisher\" content=\"https:\/\/www.facebook.com\/volcanes.net\/\" \/>\n<meta property=\"article:published_time\" content=\"2018-01-30T16:11:15+00:00\" \/>\n<meta property=\"og:image\" content=\"https:\/\/volcanes.net\/wp-content\/uploads\/2018\/01\/anaya8.jpg\" \/>\n\t<meta property=\"og:image:width\" content=\"400\" \/>\n\t<meta property=\"og:image:height\" content=\"200\" \/>\n\t<meta property=\"og:image:type\" content=\"image\/jpeg\" \/>\n<meta name=\"author\" content=\"admin\" \/>\n<meta name=\"twitter:card\" content=\"summary_large_image\" \/>\n<meta name=\"twitter:label1\" content=\"Escrito por\" \/>\n\t<meta name=\"twitter:data1\" content=\"admin\" \/>\n\t<meta name=\"twitter:label2\" content=\"Tiempo de lectura\" \/>\n\t<meta name=\"twitter:data2\" content=\"2 minutos\" \/>\n<script type=\"application\/ld+json\" class=\"yoast-schema-graph\">{\"@context\":\"https:\/\/schema.org\",\"@graph\":[{\"@type\":\"Article\",\"@id\":\"https:\/\/volcanes.net\/?p=896#article\",\"isPartOf\":{\"@id\":\"https:\/\/volcanes.net\/?p=896\"},\"author\":{\"name\":\"admin\",\"@id\":\"https:\/\/volcanes.net\/#\/schema\/person\/4bf0f383940966a4abd53f5048c0e6b9\"},\"headline\":\"Anaya pide a senadores de PAN y PRD impulsar ley de gobiernos de coalici\u00f3n\",\"datePublished\":\"2018-01-30T16:11:15+00:00\",\"mainEntityOfPage\":{\"@id\":\"https:\/\/volcanes.net\/?p=896\"},\"wordCount\":382,\"commentCount\":0,\"publisher\":{\"@id\":\"https:\/\/volcanes.net\/#organization\"},\"image\":{\"@id\":\"https:\/\/volcanes.net\/?p=896#primaryimage\"},\"thumbnailUrl\":\"https:\/\/volcanes.net\/wp-content\/uploads\/2018\/01\/anaya8.jpg\",\"keywords\":[\"PAN\",\"PRD\"],\"articleSection\":[\"Municipales\"],\"inLanguage\":\"es\",\"potentialAction\":[{\"@type\":\"CommentAction\",\"name\":\"Comment\",\"target\":[\"https:\/\/volcanes.net\/?p=896#respond\"]}]},{\"@type\":\"WebPage\",\"@id\":\"https:\/\/volcanes.net\/?p=896\",\"url\":\"https:\/\/volcanes.net\/?p=896\",\"name\":\"Anaya pide a senadores de PAN y PRD impulsar ley de gobiernos de coalici\u00f3n - Volcanes\",\"isPartOf\":{\"@id\":\"https:\/\/volcanes.net\/#website\"},\"primaryImageOfPage\":{\"@id\":\"https:\/\/volcanes.net\/?p=896#primaryimage\"},\"image\":{\"@id\":\"https:\/\/volcanes.net\/?p=896#primaryimage\"},\"thumbnailUrl\":\"https:\/\/volcanes.net\/wp-content\/uploads\/2018\/01\/anaya8.jpg\",\"datePublished\":\"2018-01-30T16:11:15+00:00\",\"breadcrumb\":{\"@id\":\"https:\/\/volcanes.net\/?p=896#breadcrumb\"},\"inLanguage\":\"es\",\"potentialAction\":[{\"@type\":\"ReadAction\",\"target\":[\"https:\/\/volcanes.net\/?p=896\"]}]},{\"@type\":\"ImageObject\",\"inLanguage\":\"es\",\"@id\":\"https:\/\/volcanes.net\/?p=896#primaryimage\",\"url\":\"https:\/\/volcanes.net\/wp-content\/uploads\/2018\/01\/anaya8.jpg\",\"contentUrl\":\"https:\/\/volcanes.net\/wp-content\/uploads\/2018\/01\/anaya8.jpg\",\"width\":400,\"height\":200},{\"@type\":\"BreadcrumbList\",\"@id\":\"https:\/\/volcanes.net\/?p=896#breadcrumb\",\"itemListElement\":[{\"@type\":\"ListItem\",\"position\":1,\"name\":\"Portada\",\"item\":\"https:\/\/volcanes.net\/\"},{\"@type\":\"ListItem\",\"position\":2,\"name\":\"Anaya pide a senadores de PAN y PRD impulsar ley de gobiernos de coalici\u00f3n\"}]},{\"@type\":\"WebSite\",\"@id\":\"https:\/\/volcanes.net\/#website\",\"url\":\"https:\/\/volcanes.net\/\",\"name\":\"Volcanes.Net\",\"description\":\"Periodismo Profesional\",\"publisher\":{\"@id\":\"https:\/\/volcanes.net\/#organization\"},\"potentialAction\":[{\"@type\":\"SearchAction\",\"target\":{\"@type\":\"EntryPoint\",\"urlTemplate\":\"https:\/\/volcanes.net\/?s={search_term_string}\"},\"query-input\":{\"@type\":\"PropertyValueSpecification\",\"valueRequired\":true,\"valueName\":\"search_term_string\"}}],\"inLanguage\":\"es\"},{\"@type\":\"Organization\",\"@id\":\"https:\/\/volcanes.net\/#organization\",\"name\":\"Grupo Volcanes\",\"url\":\"https:\/\/volcanes.net\/\",\"logo\":{\"@type\":\"ImageObject\",\"inLanguage\":\"es\",\"@id\":\"https:\/\/volcanes.net\/#\/schema\/logo\/image\/\",\"url\":\"http:\/\/volcanes.net\/wp-content\/uploads\/2017\/12\/Avatar2.jpg\",\"contentUrl\":\"http:\/\/volcanes.net\/wp-content\/uploads\/2017\/12\/Avatar2.jpg\",\"width\":378,\"height\":378,\"caption\":\"Grupo Volcanes\"},\"image\":{\"@id\":\"https:\/\/volcanes.net\/#\/schema\/logo\/image\/\"},\"sameAs\":[\"https:\/\/www.facebook.com\/volcanes.net\/\"]},{\"@type\":\"Person\",\"@id\":\"https:\/\/volcanes.net\/#\/schema\/person\/4bf0f383940966a4abd53f5048c0e6b9\",\"name\":\"admin\",\"image\":{\"@type\":\"ImageObject\",\"inLanguage\":\"es\",\"@id\":\"https:\/\/volcanes.net\/#\/schema\/person\/image\/\",\"url\":\"https:\/\/secure.gravatar.com\/avatar\/ca004e6cba8462b8cb7abc86e382930c?s=96&d=mm&r=g\",\"contentUrl\":\"https:\/\/secure.gravatar.com\/avatar\/ca004e6cba8462b8cb7abc86e382930c?s=96&d=mm&r=g\",\"caption\":\"admin\"}}]}<\/script>\n<!-- \/ Yoast SEO plugin. -->","yoast_head_json":{"title":"Anaya pide a senadores de PAN y PRD impulsar ley de gobiernos de coalici\u00f3n - Volcanes","robots":{"index":"index","follow":"follow","max-snippet":"max-snippet:-1","max-image-preview":"max-image-preview:large","max-video-preview":"max-video-preview:-1"},"canonical":"https:\/\/volcanes.net\/?p=896","og_locale":"es_MX","og_type":"article","og_title":"Anaya pide a senadores de PAN y PRD impulsar ley de gobiernos de coalici\u00f3n - Volcanes","og_description":"Ricardo Anaya, precandidato presidencial de la coalici\u00f3n Por M\u00e9xico al Frente, exhort\u00f3 a los senadores","og_url":"https:\/\/volcanes.net\/?p=896","og_site_name":"Volcanes","article_publisher":"https:\/\/www.facebook.com\/volcanes.net\/","article_published_time":"2018-01-30T16:11:15+00:00","og_image":[{"width":400,"height":200,"url":"https:\/\/volcanes.net\/wp-content\/uploads\/2018\/01\/anaya8.jpg","type":"image\/jpeg"}],"author":"admin","twitter_card":"summary_large_image","twitter_misc":{"Escrito por":"admin","Tiempo de lectura":"2 minutos"},"schema":{"@context":"https:\/\/schema.org","@graph":[{"@type":"Article","@id":"https:\/\/volcanes.net\/?p=896#article","isPartOf":{"@id":"https:\/\/volcanes.net\/?p=896"},"author":{"name":"admin","@id":"https:\/\/volcanes.net\/#\/schema\/person\/4bf0f383940966a4abd53f5048c0e6b9"},"headline":"Anaya pide a senadores de PAN y PRD impulsar ley de gobiernos de coalici\u00f3n","datePublished":"2018-01-30T16:11:15+00:00","mainEntityOfPage":{"@id":"https:\/\/volcanes.net\/?p=896"},"wordCount":382,"commentCount":0,"publisher":{"@id":"https:\/\/volcanes.net\/#organization"},"image":{"@id":"https:\/\/volcanes.net\/?p=896#primaryimage"},"thumbnailUrl":"https:\/\/volcanes.net\/wp-content\/uploads\/2018\/01\/anaya8.jpg","keywords":["PAN","PRD"],"articleSection":["Municipales"],"inLanguage":"es","potentialAction":[{"@type":"CommentAction","name":"Comment","target":["https:\/\/volcanes.net\/?p=896#respond"]}]},{"@type":"WebPage","@id":"https:\/\/volcanes.net\/?p=896","url":"https:\/\/volcanes.net\/?p=896","name":"Anaya pide a senadores de PAN y PRD impulsar ley de gobiernos de coalici\u00f3n - Volcanes","isPartOf":{"@id":"https:\/\/volcanes.net\/#website"},"primaryImageOfPage":{"@id":"https:\/\/volcanes.net\/?p=896#primaryimage"},"image":{"@id":"https:\/\/volcanes.net\/?p=896#primaryimage"},"thumbnailUrl":"https:\/\/volcanes.net\/wp-content\/uploads\/2018\/01\/anaya8.jpg","datePublished":"2018-01-30T16:11:15+00:00","breadcrumb":{"@id":"https:\/\/volcanes.net\/?p=896#breadcrumb"},"inLanguage":"es","potentialAction":[{"@type":"ReadAction","target":["https:\/\/volcanes.net\/?p=896"]}]},{"@type":"ImageObject","inLanguage":"es","@id":"https:\/\/volcanes.net\/?p=896#primaryimage","url":"https:\/\/volcanes.net\/wp-content\/uploads\/2018\/01\/anaya8.jpg","contentUrl":"https:\/\/volcanes.net\/wp-content\/uploads\/2018\/01\/anaya8.jpg","width":400,"height":200},{"@type":"BreadcrumbList","@id":"https:\/\/volcanes.net\/?p=896#breadcrumb","itemListElement":[{"@type":"ListItem","position":1,"name":"Portada","item":"https:\/\/volcanes.net\/"},{"@type":"ListItem","position":2,"name":"Anaya pide a senadores de PAN y PRD impulsar ley de gobiernos de coalici\u00f3n"}]},{"@type":"WebSite","@id":"https:\/\/volcanes.net\/#website","url":"https:\/\/volcanes.net\/","name":"Volcanes.Net","description":"Periodismo Profesional","publisher":{"@id":"https:\/\/volcanes.net\/#organization"},"potentialAction":[{"@type":"SearchAction","target":{"@type":"EntryPoint","urlTemplate":"https:\/\/volcanes.net\/?s={search_term_string}"},"query-input":{"@type":"PropertyValueSpecification","valueRequired":true,"valueName":"search_term_string"}}],"inLanguage":"es"},{"@type":"Organization","@id":"https:\/\/volcanes.net\/#organization","name":"Grupo Volcanes","url":"https:\/\/volcanes.net\/","logo":{"@type":"ImageObject","inLanguage":"es","@id":"https:\/\/volcanes.net\/#\/schema\/logo\/image\/","url":"http:\/\/volcanes.net\/wp-content\/uploads\/2017\/12\/Avatar2.jpg","contentUrl":"http:\/\/volcanes.net\/wp-content\/uploads\/2017\/12\/Avatar2.jpg","width":378,"height":378,"caption":"Grupo Volcanes"},"image":{"@id":"https:\/\/volcanes.net\/#\/schema\/logo\/image\/"},"sameAs":["https:\/\/www.facebook.com\/volcanes.net\/"]},{"@type":"Person","@id":"https:\/\/volcanes.net\/#\/schema\/person\/4bf0f383940966a4abd53f5048c0e6b9","name":"admin","image":{"@type":"ImageObject","inLanguage":"es","@id":"https:\/\/volcanes.net\/#\/schema\/person\/image\/","url":"https:\/\/secure.gravatar.com\/avatar\/ca004e6cba8462b8cb7abc86e382930c?s=96&d=mm&r=g","contentUrl":"https:\/\/secure.gravatar.com\/avatar\/ca004e6cba8462b8cb7abc86e382930c?s=96&d=mm&r=g","caption":"admin"}}]}},"_links":{"self":[{"href":"https:\/\/volcanes.net\/index.php?rest_route=\/wp\/v2\/posts\/896"}],"collection":[{"href":"https:\/\/volcanes.net\/index.php?rest_route=\/wp\/v2\/posts"}],"about":[{"href":"https:\/\/volcanes.net\/index.php?rest_route=\/wp\/v2\/types\/post"}],"author":[{"embeddable":true,"href":"https:\/\/volcanes.net\/index.php?rest_route=\/wp\/v2\/users\/1"}],"replies":[{"embeddable":true,"href":"https:\/\/volcanes.net\/index.php?rest_route=%2Fwp%2Fv2%2Fcomments&post=896"}],"version-history":[{"count":1,"href":"https:\/\/volcanes.net\/index.php?rest_route=\/wp\/v2\/posts\/896\/revisions"}],"predecessor-version":[{"id":897,"href":"https:\/\/volcanes.net\/index.php?rest_route=\/wp\/v2\/posts\/896\/revisions\/897"}],"wp:featuredmedia":[{"embeddable":true,"href":"https:\/\/volcanes.net\/index.php?rest_route=\/wp\/v2\/media\/889"}],"wp:attachment":[{"href":"https:\/\/volcanes.net\/index.php?rest_route=%2Fwp%2Fv2%2Fmedia&parent=896"}],"wp:term":[{"taxonomy":"category","embeddable":true,"href":"https:\/\/volcanes.net\/index.php?rest_route=%2Fwp%2Fv2%2Fcategories&post=896"},{"taxonomy":"post_tag","embeddable":true,"href":"https:\/\/volcanes.net\/index.php?rest_route=%2Fwp%2Fv2%2Ftags&post=896"}],"curies":[{"name":"wp","href":"https:\/\/api.w.org\/{rel}","templated":true}]}}