{"id":8979,"date":"2020-10-19T16:17:11","date_gmt":"2020-10-19T22:17:11","guid":{"rendered":"http:\/\/volcanes.net\/?p=8979"},"modified":"2020-10-19T16:17:11","modified_gmt":"2020-10-19T22:17:11","slug":"daniel-serrano-visito-la-zona-volcanes-para-iniciar-las-tareas-de-organizacion-rumbo-al-2021","status":"publish","type":"post","link":"https:\/\/volcanes.net\/?p=8979","title":{"rendered":"Daniel Serrano  visit\u00f3 la Zona Volcanes para iniciar las tareas de organizaci\u00f3n rumbo al 2021"},"content":{"rendered":"<div style=\"margin-top: 0px; margin-bottom: 0px;\" class=\"sharethis-inline-share-buttons\" ><\/div><p>Chalco, Estado de M\u00e9xico.- Este fin de semana Daniel Serrano Palacios, l\u00edder de Morena, visit\u00f3 la Zona Volcanes, para iniciar las tareas de organizaci\u00f3n rumbo al 2021, en donde estuvo la Secretaria de Organizaci\u00f3n Nacional de Morena , X\u00f3chitl Zagal as\u00ed como diputadas locales y federales y alcaldesas \u00a0del Estado de M\u00e9xico.<\/p>\n<p>Serrano Palacios destac\u00f3 que hasta ahora en el partido Movimiento de Regeneraci\u00f3n Nacional (MORENA) no hay nada definido para la pr\u00f3xima elecci\u00f3n en la entidad, \u201cno podemos creer que algunos de los que son presidentes municipales digan que ellos van a reelegirse, est\u00e1n en su derecho porque as\u00ed lo marca la constituci\u00f3n, pero en Morena debe haber concenso, porque no queremos eso, queremos que la gente decida si lo quiere o no\u201d, dijo en entrevista para este medio.<\/p>\n<p>Por ello agreg\u00f3 que es necesario que haya cambios y que se informe sobre lo que ocurrir\u00e1 no solo en el cambio de dirigencia nacional, \u201ccomo ya escuchamos a la secretaria de organizaci\u00f3n de Morena a nivel nacional, no necesitamos de un Organismo que nos diga c\u00f3mo organizarnos, nosotros lo podemos hacer, les decimos que en nuestro movimiento tenemos grandes l\u00edderes para gobernar\u201d.<\/p>\n<p>Serrano Palacios asegur\u00f3 que seguir\u00e1 visitando todos los municipios del Estado de M\u00e9xico para poder conocer las molestias de los militantes y simpatizantes del partido para poder lograr que las pr\u00f3ximas elecciones sean de acord\u00e9 a lo que piden la poblaci\u00f3n y no los dirigentes.<br \/>\nhttps:\/\/www.facebook.com\/109414100442855\/posts\/392964028754526\/<\/p>\n","protected":false},"excerpt":{"rendered":"<p>Chalco, Estado de M\u00e9xico.- Este fin de semana Daniel Serrano Palacios, l\u00edder de Morena, visit\u00f3<\/p>\n","protected":false},"author":1,"featured_media":8980,"comment_status":"open","ping_status":"open","sticky":false,"template":"","format":"standard","meta":{"footnotes":""},"categories":[1],"tags":[9],"class_list":["post-8979","post","type-post","status-publish","format-standard","has-post-thumbnail","hentry","category-municipales","tag-chalco"],"yoast_head":"<!-- This site is optimized with the Yoast SEO plugin v25.3 - https:\/\/yoast.com\/wordpress\/plugins\/seo\/ -->\n<title>Daniel Serrano visit\u00f3 la Zona Volcanes para iniciar las tareas de organizaci\u00f3n rumbo al 2021 - Volcanes<\/title>\n<meta name=\"robots\" content=\"index, follow, max-snippet:-1, max-image-preview:large, max-video-preview:-1\" \/>\n<link rel=\"canonical\" href=\"https:\/\/volcanes.net\/?p=8979\" \/>\n<meta property=\"og:locale\" content=\"es_MX\" \/>\n<meta property=\"og:type\" content=\"article\" \/>\n<meta property=\"og:title\" content=\"Daniel Serrano visit\u00f3 la Zona Volcanes para iniciar las tareas de organizaci\u00f3n rumbo al 2021 - Volcanes\" \/>\n<meta property=\"og:description\" content=\"Chalco, Estado de M\u00e9xico.- Este fin de semana Daniel Serrano Palacios, l\u00edder de Morena, visit\u00f3\" \/>\n<meta property=\"og:url\" content=\"https:\/\/volcanes.net\/?p=8979\" \/>\n<meta property=\"og:site_name\" content=\"Volcanes\" \/>\n<meta property=\"article:publisher\" content=\"https:\/\/www.facebook.com\/volcanes.net\/\" \/>\n<meta property=\"article:published_time\" content=\"2020-10-19T22:17:11+00:00\" \/>\n<meta property=\"og:image\" content=\"https:\/\/volcanes.net\/wp-content\/uploads\/2020\/10\/190d0dd7-5e58-4349-b288-39838a577b7a.jpg\" \/>\n\t<meta property=\"og:image:width\" content=\"540\" \/>\n\t<meta property=\"og:image:height\" content=\"287\" \/>\n\t<meta property=\"og:image:type\" content=\"image\/jpeg\" \/>\n<meta name=\"author\" content=\"admin\" \/>\n<meta name=\"twitter:card\" content=\"summary_large_image\" \/>\n<meta name=\"twitter:label1\" content=\"Escrito por\" \/>\n\t<meta name=\"twitter:data1\" content=\"admin\" \/>\n\t<meta name=\"twitter:label2\" content=\"Tiempo de lectura\" \/>\n\t<meta name=\"twitter:data2\" content=\"1 minuto\" \/>\n<script type=\"application\/ld+json\" class=\"yoast-schema-graph\">{\"@context\":\"https:\/\/schema.org\",\"@graph\":[{\"@type\":\"Article\",\"@id\":\"https:\/\/volcanes.net\/?p=8979#article\",\"isPartOf\":{\"@id\":\"https:\/\/volcanes.net\/?p=8979\"},\"author\":{\"name\":\"admin\",\"@id\":\"https:\/\/volcanes.net\/#\/schema\/person\/4bf0f383940966a4abd53f5048c0e6b9\"},\"headline\":\"Daniel Serrano visit\u00f3 la Zona Volcanes para iniciar las tareas de organizaci\u00f3n rumbo al 2021\",\"datePublished\":\"2020-10-19T22:17:11+00:00\",\"mainEntityOfPage\":{\"@id\":\"https:\/\/volcanes.net\/?p=8979\"},\"wordCount\":274,\"commentCount\":0,\"publisher\":{\"@id\":\"https:\/\/volcanes.net\/#organization\"},\"image\":{\"@id\":\"https:\/\/volcanes.net\/?p=8979#primaryimage\"},\"thumbnailUrl\":\"https:\/\/volcanes.net\/wp-content\/uploads\/2020\/10\/190d0dd7-5e58-4349-b288-39838a577b7a.jpg\",\"keywords\":[\"Chalco\"],\"articleSection\":[\"Municipales\"],\"inLanguage\":\"es\",\"potentialAction\":[{\"@type\":\"CommentAction\",\"name\":\"Comment\",\"target\":[\"https:\/\/volcanes.net\/?p=8979#respond\"]}]},{\"@type\":\"WebPage\",\"@id\":\"https:\/\/volcanes.net\/?p=8979\",\"url\":\"https:\/\/volcanes.net\/?p=8979\",\"name\":\"Daniel Serrano visit\u00f3 la Zona Volcanes para iniciar las tareas de organizaci\u00f3n rumbo al 2021 - Volcanes\",\"isPartOf\":{\"@id\":\"https:\/\/volcanes.net\/#website\"},\"primaryImageOfPage\":{\"@id\":\"https:\/\/volcanes.net\/?p=8979#primaryimage\"},\"image\":{\"@id\":\"https:\/\/volcanes.net\/?p=8979#primaryimage\"},\"thumbnailUrl\":\"https:\/\/volcanes.net\/wp-content\/uploads\/2020\/10\/190d0dd7-5e58-4349-b288-39838a577b7a.jpg\",\"datePublished\":\"2020-10-19T22:17:11+00:00\",\"breadcrumb\":{\"@id\":\"https:\/\/volcanes.net\/?p=8979#breadcrumb\"},\"inLanguage\":\"es\",\"potentialAction\":[{\"@type\":\"ReadAction\",\"target\":[\"https:\/\/volcanes.net\/?p=8979\"]}]},{\"@type\":\"ImageObject\",\"inLanguage\":\"es\",\"@id\":\"https:\/\/volcanes.net\/?p=8979#primaryimage\",\"url\":\"https:\/\/volcanes.net\/wp-content\/uploads\/2020\/10\/190d0dd7-5e58-4349-b288-39838a577b7a.jpg\",\"contentUrl\":\"https:\/\/volcanes.net\/wp-content\/uploads\/2020\/10\/190d0dd7-5e58-4349-b288-39838a577b7a.jpg\",\"width\":540,\"height\":287},{\"@type\":\"BreadcrumbList\",\"@id\":\"https:\/\/volcanes.net\/?p=8979#breadcrumb\",\"itemListElement\":[{\"@type\":\"ListItem\",\"position\":1,\"name\":\"Portada\",\"item\":\"https:\/\/volcanes.net\/\"},{\"@type\":\"ListItem\",\"position\":2,\"name\":\"Daniel Serrano visit\u00f3 la Zona Volcanes para iniciar las tareas de organizaci\u00f3n rumbo al 2021\"}]},{\"@type\":\"WebSite\",\"@id\":\"https:\/\/volcanes.net\/#website\",\"url\":\"https:\/\/volcanes.net\/\",\"name\":\"Volcanes.Net\",\"description\":\"Periodismo Profesional\",\"publisher\":{\"@id\":\"https:\/\/volcanes.net\/#organization\"},\"potentialAction\":[{\"@type\":\"SearchAction\",\"target\":{\"@type\":\"EntryPoint\",\"urlTemplate\":\"https:\/\/volcanes.net\/?s={search_term_string}\"},\"query-input\":{\"@type\":\"PropertyValueSpecification\",\"valueRequired\":true,\"valueName\":\"search_term_string\"}}],\"inLanguage\":\"es\"},{\"@type\":\"Organization\",\"@id\":\"https:\/\/volcanes.net\/#organization\",\"name\":\"Grupo Volcanes\",\"url\":\"https:\/\/volcanes.net\/\",\"logo\":{\"@type\":\"ImageObject\",\"inLanguage\":\"es\",\"@id\":\"https:\/\/volcanes.net\/#\/schema\/logo\/image\/\",\"url\":\"http:\/\/volcanes.net\/wp-content\/uploads\/2017\/12\/Avatar2.jpg\",\"contentUrl\":\"http:\/\/volcanes.net\/wp-content\/uploads\/2017\/12\/Avatar2.jpg\",\"width\":378,\"height\":378,\"caption\":\"Grupo Volcanes\"},\"image\":{\"@id\":\"https:\/\/volcanes.net\/#\/schema\/logo\/image\/\"},\"sameAs\":[\"https:\/\/www.facebook.com\/volcanes.net\/\"]},{\"@type\":\"Person\",\"@id\":\"https:\/\/volcanes.net\/#\/schema\/person\/4bf0f383940966a4abd53f5048c0e6b9\",\"name\":\"admin\",\"image\":{\"@type\":\"ImageObject\",\"inLanguage\":\"es\",\"@id\":\"https:\/\/volcanes.net\/#\/schema\/person\/image\/\",\"url\":\"https:\/\/secure.gravatar.com\/avatar\/ca004e6cba8462b8cb7abc86e382930c?s=96&d=mm&r=g\",\"contentUrl\":\"https:\/\/secure.gravatar.com\/avatar\/ca004e6cba8462b8cb7abc86e382930c?s=96&d=mm&r=g\",\"caption\":\"admin\"}}]}<\/script>\n<!-- \/ Yoast SEO plugin. -->","yoast_head_json":{"title":"Daniel Serrano visit\u00f3 la Zona Volcanes para iniciar las tareas de organizaci\u00f3n rumbo al 2021 - Volcanes","robots":{"index":"index","follow":"follow","max-snippet":"max-snippet:-1","max-image-preview":"max-image-preview:large","max-video-preview":"max-video-preview:-1"},"canonical":"https:\/\/volcanes.net\/?p=8979","og_locale":"es_MX","og_type":"article","og_title":"Daniel Serrano visit\u00f3 la Zona Volcanes para iniciar las tareas de organizaci\u00f3n rumbo al 2021 - Volcanes","og_description":"Chalco, Estado de M\u00e9xico.- Este fin de semana Daniel Serrano Palacios, l\u00edder de Morena, visit\u00f3","og_url":"https:\/\/volcanes.net\/?p=8979","og_site_name":"Volcanes","article_publisher":"https:\/\/www.facebook.com\/volcanes.net\/","article_published_time":"2020-10-19T22:17:11+00:00","og_image":[{"width":540,"height":287,"url":"https:\/\/volcanes.net\/wp-content\/uploads\/2020\/10\/190d0dd7-5e58-4349-b288-39838a577b7a.jpg","type":"image\/jpeg"}],"author":"admin","twitter_card":"summary_large_image","twitter_misc":{"Escrito por":"admin","Tiempo de lectura":"1 minuto"},"schema":{"@context":"https:\/\/schema.org","@graph":[{"@type":"Article","@id":"https:\/\/volcanes.net\/?p=8979#article","isPartOf":{"@id":"https:\/\/volcanes.net\/?p=8979"},"author":{"name":"admin","@id":"https:\/\/volcanes.net\/#\/schema\/person\/4bf0f383940966a4abd53f5048c0e6b9"},"headline":"Daniel Serrano visit\u00f3 la Zona Volcanes para iniciar las tareas de organizaci\u00f3n rumbo al 2021","datePublished":"2020-10-19T22:17:11+00:00","mainEntityOfPage":{"@id":"https:\/\/volcanes.net\/?p=8979"},"wordCount":274,"commentCount":0,"publisher":{"@id":"https:\/\/volcanes.net\/#organization"},"image":{"@id":"https:\/\/volcanes.net\/?p=8979#primaryimage"},"thumbnailUrl":"https:\/\/volcanes.net\/wp-content\/uploads\/2020\/10\/190d0dd7-5e58-4349-b288-39838a577b7a.jpg","keywords":["Chalco"],"articleSection":["Municipales"],"inLanguage":"es","potentialAction":[{"@type":"CommentAction","name":"Comment","target":["https:\/\/volcanes.net\/?p=8979#respond"]}]},{"@type":"WebPage","@id":"https:\/\/volcanes.net\/?p=8979","url":"https:\/\/volcanes.net\/?p=8979","name":"Daniel Serrano visit\u00f3 la Zona Volcanes para iniciar las tareas de organizaci\u00f3n rumbo al 2021 - Volcanes","isPartOf":{"@id":"https:\/\/volcanes.net\/#website"},"primaryImageOfPage":{"@id":"https:\/\/volcanes.net\/?p=8979#primaryimage"},"image":{"@id":"https:\/\/volcanes.net\/?p=8979#primaryimage"},"thumbnailUrl":"https:\/\/volcanes.net\/wp-content\/uploads\/2020\/10\/190d0dd7-5e58-4349-b288-39838a577b7a.jpg","datePublished":"2020-10-19T22:17:11+00:00","breadcrumb":{"@id":"https:\/\/volcanes.net\/?p=8979#breadcrumb"},"inLanguage":"es","potentialAction":[{"@type":"ReadAction","target":["https:\/\/volcanes.net\/?p=8979"]}]},{"@type":"ImageObject","inLanguage":"es","@id":"https:\/\/volcanes.net\/?p=8979#primaryimage","url":"https:\/\/volcanes.net\/wp-content\/uploads\/2020\/10\/190d0dd7-5e58-4349-b288-39838a577b7a.jpg","contentUrl":"https:\/\/volcanes.net\/wp-content\/uploads\/2020\/10\/190d0dd7-5e58-4349-b288-39838a577b7a.jpg","width":540,"height":287},{"@type":"BreadcrumbList","@id":"https:\/\/volcanes.net\/?p=8979#breadcrumb","itemListElement":[{"@type":"ListItem","position":1,"name":"Portada","item":"https:\/\/volcanes.net\/"},{"@type":"ListItem","position":2,"name":"Daniel Serrano visit\u00f3 la Zona Volcanes para iniciar las tareas de organizaci\u00f3n rumbo al 2021"}]},{"@type":"WebSite","@id":"https:\/\/volcanes.net\/#website","url":"https:\/\/volcanes.net\/","name":"Volcanes.Net","description":"Periodismo Profesional","publisher":{"@id":"https:\/\/volcanes.net\/#organization"},"potentialAction":[{"@type":"SearchAction","target":{"@type":"EntryPoint","urlTemplate":"https:\/\/volcanes.net\/?s={search_term_string}"},"query-input":{"@type":"PropertyValueSpecification","valueRequired":true,"valueName":"search_term_string"}}],"inLanguage":"es"},{"@type":"Organization","@id":"https:\/\/volcanes.net\/#organization","name":"Grupo Volcanes","url":"https:\/\/volcanes.net\/","logo":{"@type":"ImageObject","inLanguage":"es","@id":"https:\/\/volcanes.net\/#\/schema\/logo\/image\/","url":"http:\/\/volcanes.net\/wp-content\/uploads\/2017\/12\/Avatar2.jpg","contentUrl":"http:\/\/volcanes.net\/wp-content\/uploads\/2017\/12\/Avatar2.jpg","width":378,"height":378,"caption":"Grupo Volcanes"},"image":{"@id":"https:\/\/volcanes.net\/#\/schema\/logo\/image\/"},"sameAs":["https:\/\/www.facebook.com\/volcanes.net\/"]},{"@type":"Person","@id":"https:\/\/volcanes.net\/#\/schema\/person\/4bf0f383940966a4abd53f5048c0e6b9","name":"admin","image":{"@type":"ImageObject","inLanguage":"es","@id":"https:\/\/volcanes.net\/#\/schema\/person\/image\/","url":"https:\/\/secure.gravatar.com\/avatar\/ca004e6cba8462b8cb7abc86e382930c?s=96&d=mm&r=g","contentUrl":"https:\/\/secure.gravatar.com\/avatar\/ca004e6cba8462b8cb7abc86e382930c?s=96&d=mm&r=g","caption":"admin"}}]}},"_links":{"self":[{"href":"https:\/\/volcanes.net\/index.php?rest_route=\/wp\/v2\/posts\/8979"}],"collection":[{"href":"https:\/\/volcanes.net\/index.php?rest_route=\/wp\/v2\/posts"}],"about":[{"href":"https:\/\/volcanes.net\/index.php?rest_route=\/wp\/v2\/types\/post"}],"author":[{"embeddable":true,"href":"https:\/\/volcanes.net\/index.php?rest_route=\/wp\/v2\/users\/1"}],"replies":[{"embeddable":true,"href":"https:\/\/volcanes.net\/index.php?rest_route=%2Fwp%2Fv2%2Fcomments&post=8979"}],"version-history":[{"count":1,"href":"https:\/\/volcanes.net\/index.php?rest_route=\/wp\/v2\/posts\/8979\/revisions"}],"predecessor-version":[{"id":8981,"href":"https:\/\/volcanes.net\/index.php?rest_route=\/wp\/v2\/posts\/8979\/revisions\/8981"}],"wp:featuredmedia":[{"embeddable":true,"href":"https:\/\/volcanes.net\/index.php?rest_route=\/wp\/v2\/media\/8980"}],"wp:attachment":[{"href":"https:\/\/volcanes.net\/index.php?rest_route=%2Fwp%2Fv2%2Fmedia&parent=8979"}],"wp:term":[{"taxonomy":"category","embeddable":true,"href":"https:\/\/volcanes.net\/index.php?rest_route=%2Fwp%2Fv2%2Fcategories&post=8979"},{"taxonomy":"post_tag","embeddable":true,"href":"https:\/\/volcanes.net\/index.php?rest_route=%2Fwp%2Fv2%2Ftags&post=8979"}],"curies":[{"name":"wp","href":"https:\/\/api.w.org\/{rel}","templated":true}]}}