{"id":9013,"date":"2020-10-24T08:50:47","date_gmt":"2020-10-24T14:50:47","guid":{"rendered":"http:\/\/volcanes.net\/?p=9013"},"modified":"2020-10-24T09:15:00","modified_gmt":"2020-10-24T15:15:00","slug":"el-pvem-de-tlalmanalco-esta-de-luto-ante-el-asesinato-de-guille","status":"publish","type":"post","link":"https:\/\/volcanes.net\/?p=9013","title":{"rendered":"El PVEM de Tlalmanalco est\u00e1 de luto ante el asesinato de Guille"},"content":{"rendered":"<div style=\"margin-top: 0px; margin-bottom: 0px;\" class=\"sharethis-inline-share-buttons\" ><\/div><p><em>Delfina V\u00e1zquez D\u00e1vila, delegada del PVEM de Tlalmanalco exige justicia por la muerte de Mar\u00eda Guillermina S\u00e1nchez Ram\u00edrez.<\/em><\/p>\r\n<p><!-- \/wp:paragraph -->\r\n\r\n<!-- wp:paragraph --><\/p>\r\n<p>Tlalmanalco Estado de M\u00e9xico 23 de octubre de 2020.- Al t\u00e9rmino de la toma de protesta de la estructura del PVEM del municipio de Tlalmanalco, fueron baleados la tarde de este viernes, Guillermina S\u00e1nchez Ram\u00edrez, quien lamentablemente muri\u00f3 en el lugar.<br \/><br \/>La lideresa era acompa\u00f1ada del ex regidor de Chalco, Fernando Hortiales Maqueda, militante importante del PVEM, quien muri\u00f3 camino al hospital, luego de que los servicios de emergencia lo trasladaran al Hospital G\u00f3mez Far\u00edas que se encuentra en Zentlalpan, lamentablemente tambi\u00e9n muri\u00f3.<br \/><br \/>Los servicios de emergencia del municipio de Tlalmanalco reportaron a un tercer herido, que era sobrino del exregidor, el cual se sabe tambi\u00e9n fue trasladado al mismo nosocomio, sin embargo se desconoce hasta el momento su estado de salud.<br \/><br \/>El PVEM de este municipio se reuni\u00f3 para tomar protesta a la estructura del \u201cVerde\u201d, a este acto se dieron cita al menos 800 militantes entre los que destacaba Guillermina por ser una importante movilizadora para este importante acto.<br \/><br \/>Por su parte Delfina V\u00e1zquez D\u00e1vila envi\u00f3 un mensaje a trav\u00e9s de las redes sociales del PVEM de Tlalmanalco en el que expres\u00f3 \u201choy, sufrimos una gran p\u00e9rdida, Mar\u00eda Guillermina S\u00e1nchez Ram\u00edrez o Guille, como todos la conoc\u00edamos fue victima fatal de la violencia, desconocemos si fue violencia pol\u00edtica, violencia de g\u00e9nero, desconocemos realmente que fue lo que pas\u00f3, hoy se fue una gran amiga, que deja en mi un gran dolor, que deja en esta gran familia verde un gran vac\u00edo\u201d.<br \/><br \/>La delegada del PVEM en Tlalmanalco envi\u00f3 a su familia de Guille un mensaje de apoyo, a trav\u00e9s de las redes sociales oficiales del PVEM de Tlalmanalco. Al expresar que \u201cno est\u00e1n solos\u201d, exige a las autoridades a que se esclarezca los hechos, \u201cno descansaremos hasta que se haga justicia, queremos y exigimos a las autoridades, justicia para Guillermina, para nuestra compa\u00f1era Guille\u201d recalc\u00f3 V\u00e1zquez D\u00e1vila.<br \/><br \/><\/p>\r\n<p>El Secretario general del Partido Verde Ecologista de M\u00e9xico (PVEM) en el Estado de M\u00e9xico Pepe Couttolenc, tambi\u00e9n dio un mensaje a trav\u00e9s de su cuenta oficial de facebook en donde reprob\u00f3 los actos de violencia del viernes por la tarde donde Guillermina\u00a0 fue asesinada por disparos de arma de fuego, &#8220;Los verdes condenamos y repudiamos este acto de cobard\u00eda&#8221; comenta en el v\u00eddeo, adem\u00e1s de que recalca que ahora el partido se encuentra m\u00e1s unido y lucharan para erradicar la violencia contra las mujeres.\u00a0<\/p>","protected":false},"excerpt":{"rendered":"<p>Delfina V\u00e1zquez D\u00e1vila, delegada del PVEM de Tlalmanalco exige justicia por la muerte de Mar\u00eda<\/p>\n","protected":false},"author":1,"featured_media":9014,"comment_status":"open","ping_status":"open","sticky":false,"template":"","format":"standard","meta":{"footnotes":""},"categories":[1],"tags":[81],"class_list":["post-9013","post","type-post","status-publish","format-standard","has-post-thumbnail","hentry","category-municipales","tag-tlalmanalco"],"yoast_head":"<!-- This site is optimized with the Yoast SEO plugin v25.3 - https:\/\/yoast.com\/wordpress\/plugins\/seo\/ -->\n<title>El PVEM de Tlalmanalco est\u00e1 de luto ante el asesinato de Guille - Volcanes<\/title>\n<meta name=\"robots\" content=\"index, follow, max-snippet:-1, max-image-preview:large, max-video-preview:-1\" \/>\n<link rel=\"canonical\" href=\"https:\/\/volcanes.net\/?p=9013\" \/>\n<meta property=\"og:locale\" content=\"es_MX\" \/>\n<meta property=\"og:type\" content=\"article\" \/>\n<meta property=\"og:title\" content=\"El PVEM de Tlalmanalco est\u00e1 de luto ante el asesinato de Guille - Volcanes\" \/>\n<meta property=\"og:description\" content=\"Delfina V\u00e1zquez D\u00e1vila, delegada del PVEM de Tlalmanalco exige justicia por la muerte de Mar\u00eda\" \/>\n<meta property=\"og:url\" content=\"https:\/\/volcanes.net\/?p=9013\" \/>\n<meta property=\"og:site_name\" content=\"Volcanes\" \/>\n<meta property=\"article:publisher\" content=\"https:\/\/www.facebook.com\/volcanes.net\/\" \/>\n<meta property=\"article:published_time\" content=\"2020-10-24T14:50:47+00:00\" \/>\n<meta property=\"article:modified_time\" content=\"2020-10-24T15:15:00+00:00\" \/>\n<meta property=\"og:image\" content=\"https:\/\/volcanes.net\/wp-content\/uploads\/2020\/10\/IMG-20201024-WA0003.jpg\" \/>\n\t<meta property=\"og:image:width\" content=\"720\" \/>\n\t<meta property=\"og:image:height\" content=\"828\" \/>\n\t<meta property=\"og:image:type\" content=\"image\/jpeg\" \/>\n<meta name=\"author\" content=\"admin\" \/>\n<meta name=\"twitter:card\" content=\"summary_large_image\" \/>\n<meta name=\"twitter:label1\" content=\"Escrito por\" \/>\n\t<meta name=\"twitter:data1\" content=\"admin\" \/>\n\t<meta name=\"twitter:label2\" content=\"Tiempo de lectura\" \/>\n\t<meta name=\"twitter:data2\" content=\"2 minutos\" \/>\n<script type=\"application\/ld+json\" class=\"yoast-schema-graph\">{\"@context\":\"https:\/\/schema.org\",\"@graph\":[{\"@type\":\"Article\",\"@id\":\"https:\/\/volcanes.net\/?p=9013#article\",\"isPartOf\":{\"@id\":\"https:\/\/volcanes.net\/?p=9013\"},\"author\":{\"name\":\"admin\",\"@id\":\"https:\/\/volcanes.net\/#\/schema\/person\/4bf0f383940966a4abd53f5048c0e6b9\"},\"headline\":\"El PVEM de Tlalmanalco est\u00e1 de luto ante el asesinato de Guille\",\"datePublished\":\"2020-10-24T14:50:47+00:00\",\"dateModified\":\"2020-10-24T15:15:00+00:00\",\"mainEntityOfPage\":{\"@id\":\"https:\/\/volcanes.net\/?p=9013\"},\"wordCount\":460,\"commentCount\":0,\"publisher\":{\"@id\":\"https:\/\/volcanes.net\/#organization\"},\"image\":{\"@id\":\"https:\/\/volcanes.net\/?p=9013#primaryimage\"},\"thumbnailUrl\":\"https:\/\/volcanes.net\/wp-content\/uploads\/2020\/10\/IMG-20201024-WA0003.jpg\",\"keywords\":[\"Tlalmanalco\"],\"articleSection\":[\"Municipales\"],\"inLanguage\":\"es\",\"potentialAction\":[{\"@type\":\"CommentAction\",\"name\":\"Comment\",\"target\":[\"https:\/\/volcanes.net\/?p=9013#respond\"]}]},{\"@type\":\"WebPage\",\"@id\":\"https:\/\/volcanes.net\/?p=9013\",\"url\":\"https:\/\/volcanes.net\/?p=9013\",\"name\":\"El PVEM de Tlalmanalco est\u00e1 de luto ante el asesinato de Guille - Volcanes\",\"isPartOf\":{\"@id\":\"https:\/\/volcanes.net\/#website\"},\"primaryImageOfPage\":{\"@id\":\"https:\/\/volcanes.net\/?p=9013#primaryimage\"},\"image\":{\"@id\":\"https:\/\/volcanes.net\/?p=9013#primaryimage\"},\"thumbnailUrl\":\"https:\/\/volcanes.net\/wp-content\/uploads\/2020\/10\/IMG-20201024-WA0003.jpg\",\"datePublished\":\"2020-10-24T14:50:47+00:00\",\"dateModified\":\"2020-10-24T15:15:00+00:00\",\"breadcrumb\":{\"@id\":\"https:\/\/volcanes.net\/?p=9013#breadcrumb\"},\"inLanguage\":\"es\",\"potentialAction\":[{\"@type\":\"ReadAction\",\"target\":[\"https:\/\/volcanes.net\/?p=9013\"]}]},{\"@type\":\"ImageObject\",\"inLanguage\":\"es\",\"@id\":\"https:\/\/volcanes.net\/?p=9013#primaryimage\",\"url\":\"https:\/\/volcanes.net\/wp-content\/uploads\/2020\/10\/IMG-20201024-WA0003.jpg\",\"contentUrl\":\"https:\/\/volcanes.net\/wp-content\/uploads\/2020\/10\/IMG-20201024-WA0003.jpg\",\"width\":720,\"height\":828},{\"@type\":\"BreadcrumbList\",\"@id\":\"https:\/\/volcanes.net\/?p=9013#breadcrumb\",\"itemListElement\":[{\"@type\":\"ListItem\",\"position\":1,\"name\":\"Portada\",\"item\":\"https:\/\/volcanes.net\/\"},{\"@type\":\"ListItem\",\"position\":2,\"name\":\"El PVEM de Tlalmanalco est\u00e1 de luto ante el asesinato de Guille\"}]},{\"@type\":\"WebSite\",\"@id\":\"https:\/\/volcanes.net\/#website\",\"url\":\"https:\/\/volcanes.net\/\",\"name\":\"Volcanes.Net\",\"description\":\"Periodismo Profesional\",\"publisher\":{\"@id\":\"https:\/\/volcanes.net\/#organization\"},\"potentialAction\":[{\"@type\":\"SearchAction\",\"target\":{\"@type\":\"EntryPoint\",\"urlTemplate\":\"https:\/\/volcanes.net\/?s={search_term_string}\"},\"query-input\":{\"@type\":\"PropertyValueSpecification\",\"valueRequired\":true,\"valueName\":\"search_term_string\"}}],\"inLanguage\":\"es\"},{\"@type\":\"Organization\",\"@id\":\"https:\/\/volcanes.net\/#organization\",\"name\":\"Grupo Volcanes\",\"url\":\"https:\/\/volcanes.net\/\",\"logo\":{\"@type\":\"ImageObject\",\"inLanguage\":\"es\",\"@id\":\"https:\/\/volcanes.net\/#\/schema\/logo\/image\/\",\"url\":\"http:\/\/volcanes.net\/wp-content\/uploads\/2017\/12\/Avatar2.jpg\",\"contentUrl\":\"http:\/\/volcanes.net\/wp-content\/uploads\/2017\/12\/Avatar2.jpg\",\"width\":378,\"height\":378,\"caption\":\"Grupo Volcanes\"},\"image\":{\"@id\":\"https:\/\/volcanes.net\/#\/schema\/logo\/image\/\"},\"sameAs\":[\"https:\/\/www.facebook.com\/volcanes.net\/\"]},{\"@type\":\"Person\",\"@id\":\"https:\/\/volcanes.net\/#\/schema\/person\/4bf0f383940966a4abd53f5048c0e6b9\",\"name\":\"admin\",\"image\":{\"@type\":\"ImageObject\",\"inLanguage\":\"es\",\"@id\":\"https:\/\/volcanes.net\/#\/schema\/person\/image\/\",\"url\":\"https:\/\/secure.gravatar.com\/avatar\/ca004e6cba8462b8cb7abc86e382930c?s=96&d=mm&r=g\",\"contentUrl\":\"https:\/\/secure.gravatar.com\/avatar\/ca004e6cba8462b8cb7abc86e382930c?s=96&d=mm&r=g\",\"caption\":\"admin\"}}]}<\/script>\n<!-- \/ Yoast SEO plugin. -->","yoast_head_json":{"title":"El PVEM de Tlalmanalco est\u00e1 de luto ante el asesinato de Guille - Volcanes","robots":{"index":"index","follow":"follow","max-snippet":"max-snippet:-1","max-image-preview":"max-image-preview:large","max-video-preview":"max-video-preview:-1"},"canonical":"https:\/\/volcanes.net\/?p=9013","og_locale":"es_MX","og_type":"article","og_title":"El PVEM de Tlalmanalco est\u00e1 de luto ante el asesinato de Guille - Volcanes","og_description":"Delfina V\u00e1zquez D\u00e1vila, delegada del PVEM de Tlalmanalco exige justicia por la muerte de Mar\u00eda","og_url":"https:\/\/volcanes.net\/?p=9013","og_site_name":"Volcanes","article_publisher":"https:\/\/www.facebook.com\/volcanes.net\/","article_published_time":"2020-10-24T14:50:47+00:00","article_modified_time":"2020-10-24T15:15:00+00:00","og_image":[{"width":720,"height":828,"url":"https:\/\/volcanes.net\/wp-content\/uploads\/2020\/10\/IMG-20201024-WA0003.jpg","type":"image\/jpeg"}],"author":"admin","twitter_card":"summary_large_image","twitter_misc":{"Escrito por":"admin","Tiempo de lectura":"2 minutos"},"schema":{"@context":"https:\/\/schema.org","@graph":[{"@type":"Article","@id":"https:\/\/volcanes.net\/?p=9013#article","isPartOf":{"@id":"https:\/\/volcanes.net\/?p=9013"},"author":{"name":"admin","@id":"https:\/\/volcanes.net\/#\/schema\/person\/4bf0f383940966a4abd53f5048c0e6b9"},"headline":"El PVEM de Tlalmanalco est\u00e1 de luto ante el asesinato de Guille","datePublished":"2020-10-24T14:50:47+00:00","dateModified":"2020-10-24T15:15:00+00:00","mainEntityOfPage":{"@id":"https:\/\/volcanes.net\/?p=9013"},"wordCount":460,"commentCount":0,"publisher":{"@id":"https:\/\/volcanes.net\/#organization"},"image":{"@id":"https:\/\/volcanes.net\/?p=9013#primaryimage"},"thumbnailUrl":"https:\/\/volcanes.net\/wp-content\/uploads\/2020\/10\/IMG-20201024-WA0003.jpg","keywords":["Tlalmanalco"],"articleSection":["Municipales"],"inLanguage":"es","potentialAction":[{"@type":"CommentAction","name":"Comment","target":["https:\/\/volcanes.net\/?p=9013#respond"]}]},{"@type":"WebPage","@id":"https:\/\/volcanes.net\/?p=9013","url":"https:\/\/volcanes.net\/?p=9013","name":"El PVEM de Tlalmanalco est\u00e1 de luto ante el asesinato de Guille - Volcanes","isPartOf":{"@id":"https:\/\/volcanes.net\/#website"},"primaryImageOfPage":{"@id":"https:\/\/volcanes.net\/?p=9013#primaryimage"},"image":{"@id":"https:\/\/volcanes.net\/?p=9013#primaryimage"},"thumbnailUrl":"https:\/\/volcanes.net\/wp-content\/uploads\/2020\/10\/IMG-20201024-WA0003.jpg","datePublished":"2020-10-24T14:50:47+00:00","dateModified":"2020-10-24T15:15:00+00:00","breadcrumb":{"@id":"https:\/\/volcanes.net\/?p=9013#breadcrumb"},"inLanguage":"es","potentialAction":[{"@type":"ReadAction","target":["https:\/\/volcanes.net\/?p=9013"]}]},{"@type":"ImageObject","inLanguage":"es","@id":"https:\/\/volcanes.net\/?p=9013#primaryimage","url":"https:\/\/volcanes.net\/wp-content\/uploads\/2020\/10\/IMG-20201024-WA0003.jpg","contentUrl":"https:\/\/volcanes.net\/wp-content\/uploads\/2020\/10\/IMG-20201024-WA0003.jpg","width":720,"height":828},{"@type":"BreadcrumbList","@id":"https:\/\/volcanes.net\/?p=9013#breadcrumb","itemListElement":[{"@type":"ListItem","position":1,"name":"Portada","item":"https:\/\/volcanes.net\/"},{"@type":"ListItem","position":2,"name":"El PVEM de Tlalmanalco est\u00e1 de luto ante el asesinato de Guille"}]},{"@type":"WebSite","@id":"https:\/\/volcanes.net\/#website","url":"https:\/\/volcanes.net\/","name":"Volcanes.Net","description":"Periodismo Profesional","publisher":{"@id":"https:\/\/volcanes.net\/#organization"},"potentialAction":[{"@type":"SearchAction","target":{"@type":"EntryPoint","urlTemplate":"https:\/\/volcanes.net\/?s={search_term_string}"},"query-input":{"@type":"PropertyValueSpecification","valueRequired":true,"valueName":"search_term_string"}}],"inLanguage":"es"},{"@type":"Organization","@id":"https:\/\/volcanes.net\/#organization","name":"Grupo Volcanes","url":"https:\/\/volcanes.net\/","logo":{"@type":"ImageObject","inLanguage":"es","@id":"https:\/\/volcanes.net\/#\/schema\/logo\/image\/","url":"http:\/\/volcanes.net\/wp-content\/uploads\/2017\/12\/Avatar2.jpg","contentUrl":"http:\/\/volcanes.net\/wp-content\/uploads\/2017\/12\/Avatar2.jpg","width":378,"height":378,"caption":"Grupo Volcanes"},"image":{"@id":"https:\/\/volcanes.net\/#\/schema\/logo\/image\/"},"sameAs":["https:\/\/www.facebook.com\/volcanes.net\/"]},{"@type":"Person","@id":"https:\/\/volcanes.net\/#\/schema\/person\/4bf0f383940966a4abd53f5048c0e6b9","name":"admin","image":{"@type":"ImageObject","inLanguage":"es","@id":"https:\/\/volcanes.net\/#\/schema\/person\/image\/","url":"https:\/\/secure.gravatar.com\/avatar\/ca004e6cba8462b8cb7abc86e382930c?s=96&d=mm&r=g","contentUrl":"https:\/\/secure.gravatar.com\/avatar\/ca004e6cba8462b8cb7abc86e382930c?s=96&d=mm&r=g","caption":"admin"}}]}},"_links":{"self":[{"href":"https:\/\/volcanes.net\/index.php?rest_route=\/wp\/v2\/posts\/9013"}],"collection":[{"href":"https:\/\/volcanes.net\/index.php?rest_route=\/wp\/v2\/posts"}],"about":[{"href":"https:\/\/volcanes.net\/index.php?rest_route=\/wp\/v2\/types\/post"}],"author":[{"embeddable":true,"href":"https:\/\/volcanes.net\/index.php?rest_route=\/wp\/v2\/users\/1"}],"replies":[{"embeddable":true,"href":"https:\/\/volcanes.net\/index.php?rest_route=%2Fwp%2Fv2%2Fcomments&post=9013"}],"version-history":[{"count":3,"href":"https:\/\/volcanes.net\/index.php?rest_route=\/wp\/v2\/posts\/9013\/revisions"}],"predecessor-version":[{"id":9017,"href":"https:\/\/volcanes.net\/index.php?rest_route=\/wp\/v2\/posts\/9013\/revisions\/9017"}],"wp:featuredmedia":[{"embeddable":true,"href":"https:\/\/volcanes.net\/index.php?rest_route=\/wp\/v2\/media\/9014"}],"wp:attachment":[{"href":"https:\/\/volcanes.net\/index.php?rest_route=%2Fwp%2Fv2%2Fmedia&parent=9013"}],"wp:term":[{"taxonomy":"category","embeddable":true,"href":"https:\/\/volcanes.net\/index.php?rest_route=%2Fwp%2Fv2%2Fcategories&post=9013"},{"taxonomy":"post_tag","embeddable":true,"href":"https:\/\/volcanes.net\/index.php?rest_route=%2Fwp%2Fv2%2Ftags&post=9013"}],"curies":[{"name":"wp","href":"https:\/\/api.w.org\/{rel}","templated":true}]}}