{"id":9026,"date":"2020-10-24T15:50:14","date_gmt":"2020-10-24T21:50:14","guid":{"rendered":"http:\/\/volcanes.net\/?p=9026"},"modified":"2020-10-24T15:50:14","modified_gmt":"2020-10-24T21:50:14","slug":"edil-de-atlautla-da-banderazo-de-inicio-a-la-construccion-de-un-aula-en-la-escuela-preparatoria-sor-juana-ines-de-la-cruz","status":"publish","type":"post","link":"https:\/\/volcanes.net\/?p=9026","title":{"rendered":"Edil de Atlautla da banderazo de inicio a la construcci\u00f3n de un aula en la escuela preparatoria \u201cSor Juana In\u00e9s de la Cruz\u201d"},"content":{"rendered":"<div style=\"margin-top: 0px; margin-bottom: 0px;\" class=\"sharethis-inline-share-buttons\" ><\/div><p>&nbsp;<\/p>\n<p>Atlautla, Estado de M\u00e9xico.- El presidente Hermenegildo Lozada Amaro dio inicio a la construcci\u00f3n de un aula en la escuela preparatoria &#8220;Sor Juana In\u00e9s de la Cruz&#8221; ubicada en la delegaci\u00f3n de San Andr\u00e9s Tlal\u00e1mac, la cual se\u00a0 realizar\u00e1 con recursos del Fondo para la Infraestructura Social Municipal (FISM) 2020.<\/p>\n<p>Ante ello, el edil agradece el apoyo por parte de los regidores y las autoridades del plantel, quienes desde inicios de esta administraci\u00f3n han estado al pendientes de las obras que pudieran realizarse en la escuela, por lo que fue aprobado la construcci\u00f3n de un aula tipo regional con el fin de beneficiar a los j\u00f3venes estudiantes y la cual pueda ser entregada en el mes de diciembre.<\/p>\n<p>\u201cHemos estado haciendo las gestiones correspondientes a todos las administraciones para que se pudiera construir los salones de que requieren para una educaci\u00f3n de calidad\u201d dijo Mar\u00eda Elena Gonz\u00e1lez Camacho, Directora de la preparatoria, cabe mencionar, que dicha obra beneficiara a m\u00e1s de 60 alumnos.<\/p>\n<p>Lozada Amaro, agradece el apoyo por parte del gobierno del Estado de M\u00e9xico, por la asignaci\u00f3n de los recursos que fueron gestionados para el municipio con el fin de realizar m\u00e1s beneficios y acciones para los habitantes, adem\u00e1s, el edil hizo \u00e9nfasis en que a causa de la pandemia por el virus COVID-19, provoco retraso en el inicio de las obras, sin embargo esta semana se dio inicio de las mismas, por lo que de igual forma la siguiente semana seguir\u00e1n dando inicio a m\u00e1s trabajos en beneficio de los habitantes del municipio.<\/p>\n<p>https:\/\/www.facebook.com\/109414100442855\/posts\/396977828353146\/<\/p>\n","protected":false},"excerpt":{"rendered":"<p>&nbsp; Atlautla, Estado de M\u00e9xico.- El presidente Hermenegildo Lozada Amaro dio inicio a la construcci\u00f3n<\/p>\n","protected":false},"author":1,"featured_media":9027,"comment_status":"open","ping_status":"open","sticky":false,"template":"","format":"standard","meta":{"footnotes":""},"categories":[1],"tags":[80],"class_list":["post-9026","post","type-post","status-publish","format-standard","has-post-thumbnail","hentry","category-municipales","tag-atlautla"],"yoast_head":"<!-- This site is optimized with the Yoast SEO plugin v25.3 - https:\/\/yoast.com\/wordpress\/plugins\/seo\/ -->\n<title>Edil de Atlautla da banderazo de inicio a la construcci\u00f3n de un aula en la escuela preparatoria \u201cSor Juana In\u00e9s de la Cruz\u201d - Volcanes<\/title>\n<meta name=\"robots\" content=\"index, follow, max-snippet:-1, max-image-preview:large, max-video-preview:-1\" \/>\n<link rel=\"canonical\" href=\"https:\/\/volcanes.net\/?p=9026\" \/>\n<meta property=\"og:locale\" content=\"es_MX\" \/>\n<meta property=\"og:type\" content=\"article\" \/>\n<meta property=\"og:title\" content=\"Edil de Atlautla da banderazo de inicio a la construcci\u00f3n de un aula en la escuela preparatoria \u201cSor Juana In\u00e9s de la Cruz\u201d - Volcanes\" \/>\n<meta property=\"og:description\" content=\"&nbsp; Atlautla, Estado de M\u00e9xico.- El presidente Hermenegildo Lozada Amaro dio inicio a la construcci\u00f3n\" \/>\n<meta property=\"og:url\" content=\"https:\/\/volcanes.net\/?p=9026\" \/>\n<meta property=\"og:site_name\" content=\"Volcanes\" \/>\n<meta property=\"article:publisher\" content=\"https:\/\/www.facebook.com\/volcanes.net\/\" \/>\n<meta property=\"article:published_time\" content=\"2020-10-24T21:50:14+00:00\" \/>\n<meta property=\"og:image\" content=\"https:\/\/volcanes.net\/wp-content\/uploads\/2020\/10\/20201024_103618.png\" \/>\n\t<meta property=\"og:image:width\" content=\"540\" \/>\n\t<meta property=\"og:image:height\" content=\"306\" \/>\n\t<meta property=\"og:image:type\" content=\"image\/png\" \/>\n<meta name=\"author\" content=\"admin\" \/>\n<meta name=\"twitter:card\" content=\"summary_large_image\" \/>\n<meta name=\"twitter:label1\" content=\"Escrito por\" \/>\n\t<meta name=\"twitter:data1\" content=\"admin\" \/>\n\t<meta name=\"twitter:label2\" content=\"Tiempo de lectura\" \/>\n\t<meta name=\"twitter:data2\" content=\"1 minuto\" \/>\n<script type=\"application\/ld+json\" class=\"yoast-schema-graph\">{\"@context\":\"https:\/\/schema.org\",\"@graph\":[{\"@type\":\"Article\",\"@id\":\"https:\/\/volcanes.net\/?p=9026#article\",\"isPartOf\":{\"@id\":\"https:\/\/volcanes.net\/?p=9026\"},\"author\":{\"name\":\"admin\",\"@id\":\"https:\/\/volcanes.net\/#\/schema\/person\/4bf0f383940966a4abd53f5048c0e6b9\"},\"headline\":\"Edil de Atlautla da banderazo de inicio a la construcci\u00f3n de un aula en la escuela preparatoria \u201cSor Juana In\u00e9s de la Cruz\u201d\",\"datePublished\":\"2020-10-24T21:50:14+00:00\",\"mainEntityOfPage\":{\"@id\":\"https:\/\/volcanes.net\/?p=9026\"},\"wordCount\":305,\"commentCount\":0,\"publisher\":{\"@id\":\"https:\/\/volcanes.net\/#organization\"},\"image\":{\"@id\":\"https:\/\/volcanes.net\/?p=9026#primaryimage\"},\"thumbnailUrl\":\"https:\/\/volcanes.net\/wp-content\/uploads\/2020\/10\/20201024_103618.png\",\"keywords\":[\"Atlautla\"],\"articleSection\":[\"Municipales\"],\"inLanguage\":\"es\",\"potentialAction\":[{\"@type\":\"CommentAction\",\"name\":\"Comment\",\"target\":[\"https:\/\/volcanes.net\/?p=9026#respond\"]}]},{\"@type\":\"WebPage\",\"@id\":\"https:\/\/volcanes.net\/?p=9026\",\"url\":\"https:\/\/volcanes.net\/?p=9026\",\"name\":\"Edil de Atlautla da banderazo de inicio a la construcci\u00f3n de un aula en la escuela preparatoria \u201cSor Juana In\u00e9s de la Cruz\u201d - Volcanes\",\"isPartOf\":{\"@id\":\"https:\/\/volcanes.net\/#website\"},\"primaryImageOfPage\":{\"@id\":\"https:\/\/volcanes.net\/?p=9026#primaryimage\"},\"image\":{\"@id\":\"https:\/\/volcanes.net\/?p=9026#primaryimage\"},\"thumbnailUrl\":\"https:\/\/volcanes.net\/wp-content\/uploads\/2020\/10\/20201024_103618.png\",\"datePublished\":\"2020-10-24T21:50:14+00:00\",\"breadcrumb\":{\"@id\":\"https:\/\/volcanes.net\/?p=9026#breadcrumb\"},\"inLanguage\":\"es\",\"potentialAction\":[{\"@type\":\"ReadAction\",\"target\":[\"https:\/\/volcanes.net\/?p=9026\"]}]},{\"@type\":\"ImageObject\",\"inLanguage\":\"es\",\"@id\":\"https:\/\/volcanes.net\/?p=9026#primaryimage\",\"url\":\"https:\/\/volcanes.net\/wp-content\/uploads\/2020\/10\/20201024_103618.png\",\"contentUrl\":\"https:\/\/volcanes.net\/wp-content\/uploads\/2020\/10\/20201024_103618.png\",\"width\":540,\"height\":306},{\"@type\":\"BreadcrumbList\",\"@id\":\"https:\/\/volcanes.net\/?p=9026#breadcrumb\",\"itemListElement\":[{\"@type\":\"ListItem\",\"position\":1,\"name\":\"Portada\",\"item\":\"https:\/\/volcanes.net\/\"},{\"@type\":\"ListItem\",\"position\":2,\"name\":\"Edil de Atlautla da banderazo de inicio a la construcci\u00f3n de un aula en la escuela preparatoria \u201cSor Juana In\u00e9s de la Cruz\u201d\"}]},{\"@type\":\"WebSite\",\"@id\":\"https:\/\/volcanes.net\/#website\",\"url\":\"https:\/\/volcanes.net\/\",\"name\":\"Volcanes.Net\",\"description\":\"Periodismo Profesional\",\"publisher\":{\"@id\":\"https:\/\/volcanes.net\/#organization\"},\"potentialAction\":[{\"@type\":\"SearchAction\",\"target\":{\"@type\":\"EntryPoint\",\"urlTemplate\":\"https:\/\/volcanes.net\/?s={search_term_string}\"},\"query-input\":{\"@type\":\"PropertyValueSpecification\",\"valueRequired\":true,\"valueName\":\"search_term_string\"}}],\"inLanguage\":\"es\"},{\"@type\":\"Organization\",\"@id\":\"https:\/\/volcanes.net\/#organization\",\"name\":\"Grupo Volcanes\",\"url\":\"https:\/\/volcanes.net\/\",\"logo\":{\"@type\":\"ImageObject\",\"inLanguage\":\"es\",\"@id\":\"https:\/\/volcanes.net\/#\/schema\/logo\/image\/\",\"url\":\"http:\/\/volcanes.net\/wp-content\/uploads\/2017\/12\/Avatar2.jpg\",\"contentUrl\":\"http:\/\/volcanes.net\/wp-content\/uploads\/2017\/12\/Avatar2.jpg\",\"width\":378,\"height\":378,\"caption\":\"Grupo Volcanes\"},\"image\":{\"@id\":\"https:\/\/volcanes.net\/#\/schema\/logo\/image\/\"},\"sameAs\":[\"https:\/\/www.facebook.com\/volcanes.net\/\"]},{\"@type\":\"Person\",\"@id\":\"https:\/\/volcanes.net\/#\/schema\/person\/4bf0f383940966a4abd53f5048c0e6b9\",\"name\":\"admin\",\"image\":{\"@type\":\"ImageObject\",\"inLanguage\":\"es\",\"@id\":\"https:\/\/volcanes.net\/#\/schema\/person\/image\/\",\"url\":\"https:\/\/secure.gravatar.com\/avatar\/ca004e6cba8462b8cb7abc86e382930c?s=96&d=mm&r=g\",\"contentUrl\":\"https:\/\/secure.gravatar.com\/avatar\/ca004e6cba8462b8cb7abc86e382930c?s=96&d=mm&r=g\",\"caption\":\"admin\"}}]}<\/script>\n<!-- \/ Yoast SEO plugin. -->","yoast_head_json":{"title":"Edil de Atlautla da banderazo de inicio a la construcci\u00f3n de un aula en la escuela preparatoria \u201cSor Juana In\u00e9s de la Cruz\u201d - Volcanes","robots":{"index":"index","follow":"follow","max-snippet":"max-snippet:-1","max-image-preview":"max-image-preview:large","max-video-preview":"max-video-preview:-1"},"canonical":"https:\/\/volcanes.net\/?p=9026","og_locale":"es_MX","og_type":"article","og_title":"Edil de Atlautla da banderazo de inicio a la construcci\u00f3n de un aula en la escuela preparatoria \u201cSor Juana In\u00e9s de la Cruz\u201d - Volcanes","og_description":"&nbsp; Atlautla, Estado de M\u00e9xico.- El presidente Hermenegildo Lozada Amaro dio inicio a la construcci\u00f3n","og_url":"https:\/\/volcanes.net\/?p=9026","og_site_name":"Volcanes","article_publisher":"https:\/\/www.facebook.com\/volcanes.net\/","article_published_time":"2020-10-24T21:50:14+00:00","og_image":[{"width":540,"height":306,"url":"https:\/\/volcanes.net\/wp-content\/uploads\/2020\/10\/20201024_103618.png","type":"image\/png"}],"author":"admin","twitter_card":"summary_large_image","twitter_misc":{"Escrito por":"admin","Tiempo de lectura":"1 minuto"},"schema":{"@context":"https:\/\/schema.org","@graph":[{"@type":"Article","@id":"https:\/\/volcanes.net\/?p=9026#article","isPartOf":{"@id":"https:\/\/volcanes.net\/?p=9026"},"author":{"name":"admin","@id":"https:\/\/volcanes.net\/#\/schema\/person\/4bf0f383940966a4abd53f5048c0e6b9"},"headline":"Edil de Atlautla da banderazo de inicio a la construcci\u00f3n de un aula en la escuela preparatoria \u201cSor Juana In\u00e9s de la Cruz\u201d","datePublished":"2020-10-24T21:50:14+00:00","mainEntityOfPage":{"@id":"https:\/\/volcanes.net\/?p=9026"},"wordCount":305,"commentCount":0,"publisher":{"@id":"https:\/\/volcanes.net\/#organization"},"image":{"@id":"https:\/\/volcanes.net\/?p=9026#primaryimage"},"thumbnailUrl":"https:\/\/volcanes.net\/wp-content\/uploads\/2020\/10\/20201024_103618.png","keywords":["Atlautla"],"articleSection":["Municipales"],"inLanguage":"es","potentialAction":[{"@type":"CommentAction","name":"Comment","target":["https:\/\/volcanes.net\/?p=9026#respond"]}]},{"@type":"WebPage","@id":"https:\/\/volcanes.net\/?p=9026","url":"https:\/\/volcanes.net\/?p=9026","name":"Edil de Atlautla da banderazo de inicio a la construcci\u00f3n de un aula en la escuela preparatoria \u201cSor Juana In\u00e9s de la Cruz\u201d - Volcanes","isPartOf":{"@id":"https:\/\/volcanes.net\/#website"},"primaryImageOfPage":{"@id":"https:\/\/volcanes.net\/?p=9026#primaryimage"},"image":{"@id":"https:\/\/volcanes.net\/?p=9026#primaryimage"},"thumbnailUrl":"https:\/\/volcanes.net\/wp-content\/uploads\/2020\/10\/20201024_103618.png","datePublished":"2020-10-24T21:50:14+00:00","breadcrumb":{"@id":"https:\/\/volcanes.net\/?p=9026#breadcrumb"},"inLanguage":"es","potentialAction":[{"@type":"ReadAction","target":["https:\/\/volcanes.net\/?p=9026"]}]},{"@type":"ImageObject","inLanguage":"es","@id":"https:\/\/volcanes.net\/?p=9026#primaryimage","url":"https:\/\/volcanes.net\/wp-content\/uploads\/2020\/10\/20201024_103618.png","contentUrl":"https:\/\/volcanes.net\/wp-content\/uploads\/2020\/10\/20201024_103618.png","width":540,"height":306},{"@type":"BreadcrumbList","@id":"https:\/\/volcanes.net\/?p=9026#breadcrumb","itemListElement":[{"@type":"ListItem","position":1,"name":"Portada","item":"https:\/\/volcanes.net\/"},{"@type":"ListItem","position":2,"name":"Edil de Atlautla da banderazo de inicio a la construcci\u00f3n de un aula en la escuela preparatoria \u201cSor Juana In\u00e9s de la Cruz\u201d"}]},{"@type":"WebSite","@id":"https:\/\/volcanes.net\/#website","url":"https:\/\/volcanes.net\/","name":"Volcanes.Net","description":"Periodismo Profesional","publisher":{"@id":"https:\/\/volcanes.net\/#organization"},"potentialAction":[{"@type":"SearchAction","target":{"@type":"EntryPoint","urlTemplate":"https:\/\/volcanes.net\/?s={search_term_string}"},"query-input":{"@type":"PropertyValueSpecification","valueRequired":true,"valueName":"search_term_string"}}],"inLanguage":"es"},{"@type":"Organization","@id":"https:\/\/volcanes.net\/#organization","name":"Grupo Volcanes","url":"https:\/\/volcanes.net\/","logo":{"@type":"ImageObject","inLanguage":"es","@id":"https:\/\/volcanes.net\/#\/schema\/logo\/image\/","url":"http:\/\/volcanes.net\/wp-content\/uploads\/2017\/12\/Avatar2.jpg","contentUrl":"http:\/\/volcanes.net\/wp-content\/uploads\/2017\/12\/Avatar2.jpg","width":378,"height":378,"caption":"Grupo Volcanes"},"image":{"@id":"https:\/\/volcanes.net\/#\/schema\/logo\/image\/"},"sameAs":["https:\/\/www.facebook.com\/volcanes.net\/"]},{"@type":"Person","@id":"https:\/\/volcanes.net\/#\/schema\/person\/4bf0f383940966a4abd53f5048c0e6b9","name":"admin","image":{"@type":"ImageObject","inLanguage":"es","@id":"https:\/\/volcanes.net\/#\/schema\/person\/image\/","url":"https:\/\/secure.gravatar.com\/avatar\/ca004e6cba8462b8cb7abc86e382930c?s=96&d=mm&r=g","contentUrl":"https:\/\/secure.gravatar.com\/avatar\/ca004e6cba8462b8cb7abc86e382930c?s=96&d=mm&r=g","caption":"admin"}}]}},"_links":{"self":[{"href":"https:\/\/volcanes.net\/index.php?rest_route=\/wp\/v2\/posts\/9026"}],"collection":[{"href":"https:\/\/volcanes.net\/index.php?rest_route=\/wp\/v2\/posts"}],"about":[{"href":"https:\/\/volcanes.net\/index.php?rest_route=\/wp\/v2\/types\/post"}],"author":[{"embeddable":true,"href":"https:\/\/volcanes.net\/index.php?rest_route=\/wp\/v2\/users\/1"}],"replies":[{"embeddable":true,"href":"https:\/\/volcanes.net\/index.php?rest_route=%2Fwp%2Fv2%2Fcomments&post=9026"}],"version-history":[{"count":1,"href":"https:\/\/volcanes.net\/index.php?rest_route=\/wp\/v2\/posts\/9026\/revisions"}],"predecessor-version":[{"id":9028,"href":"https:\/\/volcanes.net\/index.php?rest_route=\/wp\/v2\/posts\/9026\/revisions\/9028"}],"wp:featuredmedia":[{"embeddable":true,"href":"https:\/\/volcanes.net\/index.php?rest_route=\/wp\/v2\/media\/9027"}],"wp:attachment":[{"href":"https:\/\/volcanes.net\/index.php?rest_route=%2Fwp%2Fv2%2Fmedia&parent=9026"}],"wp:term":[{"taxonomy":"category","embeddable":true,"href":"https:\/\/volcanes.net\/index.php?rest_route=%2Fwp%2Fv2%2Fcategories&post=9026"},{"taxonomy":"post_tag","embeddable":true,"href":"https:\/\/volcanes.net\/index.php?rest_route=%2Fwp%2Fv2%2Ftags&post=9026"}],"curies":[{"name":"wp","href":"https:\/\/api.w.org\/{rel}","templated":true}]}}