{"id":9038,"date":"2020-10-26T15:51:12","date_gmt":"2020-10-26T21:51:12","guid":{"rendered":"http:\/\/volcanes.net\/?p=9038"},"modified":"2020-10-26T15:51:12","modified_gmt":"2020-10-26T21:51:12","slug":"continua-la-limpieza-en-escuelas-de-tenango-del-aire","status":"publish","type":"post","link":"https:\/\/volcanes.net\/?p=9038","title":{"rendered":"Contin\u00faa la limpieza en escuelas de Tenango del Aire\u00a0"},"content":{"rendered":"<div style=\"margin-top: 0px; margin-bottom: 0px;\" class=\"sharethis-inline-share-buttons\" ><\/div><p style=\"text-align: justify;\">Tenango del Aire, Estado de M\u00e9xico.- La administraci\u00f3n 2019-2021, encabeza por Roberto \u00c1vila Ventura, a trav\u00e9s de la direcci\u00f3n de Servicios P\u00fablicos, contin\u00faa trabajando en la limpieza de escuelas primarias de este municipio mexiquense.<\/p>\n<p style=\"text-align: justify;\">Ante ello,\u00a0 \u00c1vila Ventura coment\u00f3 que estos trabajos se realizan a petici\u00f3n de los directores escolares, y como parte de las acciones que permanentemente se llevan a cabo.<\/p>\n<p style=\"text-align: justify;\">Cabe mencionar que como parte de los programas que se realizan dentro del municipio se encuentra el mejoramiento de banquetas y avenidas, adem\u00e1s de que se cambian las l\u00e1mparas fundidas de iluminaci\u00f3n qu\u00e9 son reportadas por los vecinos, con el fin de que lo habitantes se sientan seguros as\u00ed como de elevar la calidad de vida.<\/p>\n","protected":false},"excerpt":{"rendered":"<p>Tenango del Aire, Estado de M\u00e9xico.- La administraci\u00f3n 2019-2021, encabeza por Roberto \u00c1vila Ventura, a<\/p>\n","protected":false},"author":1,"featured_media":9039,"comment_status":"open","ping_status":"open","sticky":false,"template":"","format":"standard","meta":{"footnotes":""},"categories":[1],"tags":[17],"class_list":["post-9038","post","type-post","status-publish","format-standard","has-post-thumbnail","hentry","category-municipales","tag-tenango-del-aire"],"yoast_head":"<!-- This site is optimized with the Yoast SEO plugin v25.3 - https:\/\/yoast.com\/wordpress\/plugins\/seo\/ -->\n<title>Contin\u00faa la limpieza en escuelas de Tenango del Aire\u00a0 - Volcanes<\/title>\n<meta name=\"robots\" content=\"index, follow, max-snippet:-1, max-image-preview:large, max-video-preview:-1\" \/>\n<link rel=\"canonical\" href=\"https:\/\/volcanes.net\/?p=9038\" \/>\n<meta property=\"og:locale\" content=\"es_MX\" \/>\n<meta property=\"og:type\" content=\"article\" \/>\n<meta property=\"og:title\" content=\"Contin\u00faa la limpieza en escuelas de Tenango del Aire\u00a0 - Volcanes\" \/>\n<meta property=\"og:description\" content=\"Tenango del Aire, Estado de M\u00e9xico.- La administraci\u00f3n 2019-2021, encabeza por Roberto \u00c1vila Ventura, a\" \/>\n<meta property=\"og:url\" content=\"https:\/\/volcanes.net\/?p=9038\" \/>\n<meta property=\"og:site_name\" content=\"Volcanes\" \/>\n<meta property=\"article:publisher\" content=\"https:\/\/www.facebook.com\/volcanes.net\/\" \/>\n<meta property=\"article:published_time\" content=\"2020-10-26T21:51:12+00:00\" \/>\n<meta property=\"og:image\" content=\"https:\/\/volcanes.net\/wp-content\/uploads\/2020\/10\/FB_IMG_1603727812990.jpg\" \/>\n\t<meta property=\"og:image:width\" content=\"720\" \/>\n\t<meta property=\"og:image:height\" content=\"540\" \/>\n\t<meta property=\"og:image:type\" content=\"image\/jpeg\" \/>\n<meta name=\"author\" content=\"admin\" \/>\n<meta name=\"twitter:card\" content=\"summary_large_image\" \/>\n<meta name=\"twitter:label1\" content=\"Escrito por\" \/>\n\t<meta name=\"twitter:data1\" content=\"admin\" \/>\n\t<meta name=\"twitter:label2\" content=\"Tiempo de lectura\" \/>\n\t<meta name=\"twitter:data2\" content=\"1 minuto\" \/>\n<script type=\"application\/ld+json\" class=\"yoast-schema-graph\">{\"@context\":\"https:\/\/schema.org\",\"@graph\":[{\"@type\":\"Article\",\"@id\":\"https:\/\/volcanes.net\/?p=9038#article\",\"isPartOf\":{\"@id\":\"https:\/\/volcanes.net\/?p=9038\"},\"author\":{\"name\":\"admin\",\"@id\":\"https:\/\/volcanes.net\/#\/schema\/person\/4bf0f383940966a4abd53f5048c0e6b9\"},\"headline\":\"Contin\u00faa la limpieza en escuelas de Tenango del Aire\u00a0\",\"datePublished\":\"2020-10-26T21:51:12+00:00\",\"mainEntityOfPage\":{\"@id\":\"https:\/\/volcanes.net\/?p=9038\"},\"wordCount\":139,\"commentCount\":0,\"publisher\":{\"@id\":\"https:\/\/volcanes.net\/#organization\"},\"image\":{\"@id\":\"https:\/\/volcanes.net\/?p=9038#primaryimage\"},\"thumbnailUrl\":\"https:\/\/volcanes.net\/wp-content\/uploads\/2020\/10\/FB_IMG_1603727812990.jpg\",\"keywords\":[\"Tenango del Aire\"],\"articleSection\":[\"Municipales\"],\"inLanguage\":\"es\",\"potentialAction\":[{\"@type\":\"CommentAction\",\"name\":\"Comment\",\"target\":[\"https:\/\/volcanes.net\/?p=9038#respond\"]}]},{\"@type\":\"WebPage\",\"@id\":\"https:\/\/volcanes.net\/?p=9038\",\"url\":\"https:\/\/volcanes.net\/?p=9038\",\"name\":\"Contin\u00faa la limpieza en escuelas de Tenango del Aire\u00a0 - Volcanes\",\"isPartOf\":{\"@id\":\"https:\/\/volcanes.net\/#website\"},\"primaryImageOfPage\":{\"@id\":\"https:\/\/volcanes.net\/?p=9038#primaryimage\"},\"image\":{\"@id\":\"https:\/\/volcanes.net\/?p=9038#primaryimage\"},\"thumbnailUrl\":\"https:\/\/volcanes.net\/wp-content\/uploads\/2020\/10\/FB_IMG_1603727812990.jpg\",\"datePublished\":\"2020-10-26T21:51:12+00:00\",\"breadcrumb\":{\"@id\":\"https:\/\/volcanes.net\/?p=9038#breadcrumb\"},\"inLanguage\":\"es\",\"potentialAction\":[{\"@type\":\"ReadAction\",\"target\":[\"https:\/\/volcanes.net\/?p=9038\"]}]},{\"@type\":\"ImageObject\",\"inLanguage\":\"es\",\"@id\":\"https:\/\/volcanes.net\/?p=9038#primaryimage\",\"url\":\"https:\/\/volcanes.net\/wp-content\/uploads\/2020\/10\/FB_IMG_1603727812990.jpg\",\"contentUrl\":\"https:\/\/volcanes.net\/wp-content\/uploads\/2020\/10\/FB_IMG_1603727812990.jpg\",\"width\":720,\"height\":540},{\"@type\":\"BreadcrumbList\",\"@id\":\"https:\/\/volcanes.net\/?p=9038#breadcrumb\",\"itemListElement\":[{\"@type\":\"ListItem\",\"position\":1,\"name\":\"Portada\",\"item\":\"https:\/\/volcanes.net\/\"},{\"@type\":\"ListItem\",\"position\":2,\"name\":\"Contin\u00faa la limpieza en escuelas de Tenango del Aire\u00a0\"}]},{\"@type\":\"WebSite\",\"@id\":\"https:\/\/volcanes.net\/#website\",\"url\":\"https:\/\/volcanes.net\/\",\"name\":\"Volcanes.Net\",\"description\":\"Periodismo Profesional\",\"publisher\":{\"@id\":\"https:\/\/volcanes.net\/#organization\"},\"potentialAction\":[{\"@type\":\"SearchAction\",\"target\":{\"@type\":\"EntryPoint\",\"urlTemplate\":\"https:\/\/volcanes.net\/?s={search_term_string}\"},\"query-input\":{\"@type\":\"PropertyValueSpecification\",\"valueRequired\":true,\"valueName\":\"search_term_string\"}}],\"inLanguage\":\"es\"},{\"@type\":\"Organization\",\"@id\":\"https:\/\/volcanes.net\/#organization\",\"name\":\"Grupo Volcanes\",\"url\":\"https:\/\/volcanes.net\/\",\"logo\":{\"@type\":\"ImageObject\",\"inLanguage\":\"es\",\"@id\":\"https:\/\/volcanes.net\/#\/schema\/logo\/image\/\",\"url\":\"http:\/\/volcanes.net\/wp-content\/uploads\/2017\/12\/Avatar2.jpg\",\"contentUrl\":\"http:\/\/volcanes.net\/wp-content\/uploads\/2017\/12\/Avatar2.jpg\",\"width\":378,\"height\":378,\"caption\":\"Grupo Volcanes\"},\"image\":{\"@id\":\"https:\/\/volcanes.net\/#\/schema\/logo\/image\/\"},\"sameAs\":[\"https:\/\/www.facebook.com\/volcanes.net\/\"]},{\"@type\":\"Person\",\"@id\":\"https:\/\/volcanes.net\/#\/schema\/person\/4bf0f383940966a4abd53f5048c0e6b9\",\"name\":\"admin\",\"image\":{\"@type\":\"ImageObject\",\"inLanguage\":\"es\",\"@id\":\"https:\/\/volcanes.net\/#\/schema\/person\/image\/\",\"url\":\"https:\/\/secure.gravatar.com\/avatar\/ca004e6cba8462b8cb7abc86e382930c?s=96&d=mm&r=g\",\"contentUrl\":\"https:\/\/secure.gravatar.com\/avatar\/ca004e6cba8462b8cb7abc86e382930c?s=96&d=mm&r=g\",\"caption\":\"admin\"}}]}<\/script>\n<!-- \/ Yoast SEO plugin. -->","yoast_head_json":{"title":"Contin\u00faa la limpieza en escuelas de Tenango del Aire\u00a0 - Volcanes","robots":{"index":"index","follow":"follow","max-snippet":"max-snippet:-1","max-image-preview":"max-image-preview:large","max-video-preview":"max-video-preview:-1"},"canonical":"https:\/\/volcanes.net\/?p=9038","og_locale":"es_MX","og_type":"article","og_title":"Contin\u00faa la limpieza en escuelas de Tenango del Aire\u00a0 - Volcanes","og_description":"Tenango del Aire, Estado de M\u00e9xico.- La administraci\u00f3n 2019-2021, encabeza por Roberto \u00c1vila Ventura, a","og_url":"https:\/\/volcanes.net\/?p=9038","og_site_name":"Volcanes","article_publisher":"https:\/\/www.facebook.com\/volcanes.net\/","article_published_time":"2020-10-26T21:51:12+00:00","og_image":[{"width":720,"height":540,"url":"https:\/\/volcanes.net\/wp-content\/uploads\/2020\/10\/FB_IMG_1603727812990.jpg","type":"image\/jpeg"}],"author":"admin","twitter_card":"summary_large_image","twitter_misc":{"Escrito por":"admin","Tiempo de lectura":"1 minuto"},"schema":{"@context":"https:\/\/schema.org","@graph":[{"@type":"Article","@id":"https:\/\/volcanes.net\/?p=9038#article","isPartOf":{"@id":"https:\/\/volcanes.net\/?p=9038"},"author":{"name":"admin","@id":"https:\/\/volcanes.net\/#\/schema\/person\/4bf0f383940966a4abd53f5048c0e6b9"},"headline":"Contin\u00faa la limpieza en escuelas de Tenango del Aire\u00a0","datePublished":"2020-10-26T21:51:12+00:00","mainEntityOfPage":{"@id":"https:\/\/volcanes.net\/?p=9038"},"wordCount":139,"commentCount":0,"publisher":{"@id":"https:\/\/volcanes.net\/#organization"},"image":{"@id":"https:\/\/volcanes.net\/?p=9038#primaryimage"},"thumbnailUrl":"https:\/\/volcanes.net\/wp-content\/uploads\/2020\/10\/FB_IMG_1603727812990.jpg","keywords":["Tenango del Aire"],"articleSection":["Municipales"],"inLanguage":"es","potentialAction":[{"@type":"CommentAction","name":"Comment","target":["https:\/\/volcanes.net\/?p=9038#respond"]}]},{"@type":"WebPage","@id":"https:\/\/volcanes.net\/?p=9038","url":"https:\/\/volcanes.net\/?p=9038","name":"Contin\u00faa la limpieza en escuelas de Tenango del Aire\u00a0 - Volcanes","isPartOf":{"@id":"https:\/\/volcanes.net\/#website"},"primaryImageOfPage":{"@id":"https:\/\/volcanes.net\/?p=9038#primaryimage"},"image":{"@id":"https:\/\/volcanes.net\/?p=9038#primaryimage"},"thumbnailUrl":"https:\/\/volcanes.net\/wp-content\/uploads\/2020\/10\/FB_IMG_1603727812990.jpg","datePublished":"2020-10-26T21:51:12+00:00","breadcrumb":{"@id":"https:\/\/volcanes.net\/?p=9038#breadcrumb"},"inLanguage":"es","potentialAction":[{"@type":"ReadAction","target":["https:\/\/volcanes.net\/?p=9038"]}]},{"@type":"ImageObject","inLanguage":"es","@id":"https:\/\/volcanes.net\/?p=9038#primaryimage","url":"https:\/\/volcanes.net\/wp-content\/uploads\/2020\/10\/FB_IMG_1603727812990.jpg","contentUrl":"https:\/\/volcanes.net\/wp-content\/uploads\/2020\/10\/FB_IMG_1603727812990.jpg","width":720,"height":540},{"@type":"BreadcrumbList","@id":"https:\/\/volcanes.net\/?p=9038#breadcrumb","itemListElement":[{"@type":"ListItem","position":1,"name":"Portada","item":"https:\/\/volcanes.net\/"},{"@type":"ListItem","position":2,"name":"Contin\u00faa la limpieza en escuelas de Tenango del Aire\u00a0"}]},{"@type":"WebSite","@id":"https:\/\/volcanes.net\/#website","url":"https:\/\/volcanes.net\/","name":"Volcanes.Net","description":"Periodismo Profesional","publisher":{"@id":"https:\/\/volcanes.net\/#organization"},"potentialAction":[{"@type":"SearchAction","target":{"@type":"EntryPoint","urlTemplate":"https:\/\/volcanes.net\/?s={search_term_string}"},"query-input":{"@type":"PropertyValueSpecification","valueRequired":true,"valueName":"search_term_string"}}],"inLanguage":"es"},{"@type":"Organization","@id":"https:\/\/volcanes.net\/#organization","name":"Grupo Volcanes","url":"https:\/\/volcanes.net\/","logo":{"@type":"ImageObject","inLanguage":"es","@id":"https:\/\/volcanes.net\/#\/schema\/logo\/image\/","url":"http:\/\/volcanes.net\/wp-content\/uploads\/2017\/12\/Avatar2.jpg","contentUrl":"http:\/\/volcanes.net\/wp-content\/uploads\/2017\/12\/Avatar2.jpg","width":378,"height":378,"caption":"Grupo Volcanes"},"image":{"@id":"https:\/\/volcanes.net\/#\/schema\/logo\/image\/"},"sameAs":["https:\/\/www.facebook.com\/volcanes.net\/"]},{"@type":"Person","@id":"https:\/\/volcanes.net\/#\/schema\/person\/4bf0f383940966a4abd53f5048c0e6b9","name":"admin","image":{"@type":"ImageObject","inLanguage":"es","@id":"https:\/\/volcanes.net\/#\/schema\/person\/image\/","url":"https:\/\/secure.gravatar.com\/avatar\/ca004e6cba8462b8cb7abc86e382930c?s=96&d=mm&r=g","contentUrl":"https:\/\/secure.gravatar.com\/avatar\/ca004e6cba8462b8cb7abc86e382930c?s=96&d=mm&r=g","caption":"admin"}}]}},"_links":{"self":[{"href":"https:\/\/volcanes.net\/index.php?rest_route=\/wp\/v2\/posts\/9038"}],"collection":[{"href":"https:\/\/volcanes.net\/index.php?rest_route=\/wp\/v2\/posts"}],"about":[{"href":"https:\/\/volcanes.net\/index.php?rest_route=\/wp\/v2\/types\/post"}],"author":[{"embeddable":true,"href":"https:\/\/volcanes.net\/index.php?rest_route=\/wp\/v2\/users\/1"}],"replies":[{"embeddable":true,"href":"https:\/\/volcanes.net\/index.php?rest_route=%2Fwp%2Fv2%2Fcomments&post=9038"}],"version-history":[{"count":1,"href":"https:\/\/volcanes.net\/index.php?rest_route=\/wp\/v2\/posts\/9038\/revisions"}],"predecessor-version":[{"id":9040,"href":"https:\/\/volcanes.net\/index.php?rest_route=\/wp\/v2\/posts\/9038\/revisions\/9040"}],"wp:featuredmedia":[{"embeddable":true,"href":"https:\/\/volcanes.net\/index.php?rest_route=\/wp\/v2\/media\/9039"}],"wp:attachment":[{"href":"https:\/\/volcanes.net\/index.php?rest_route=%2Fwp%2Fv2%2Fmedia&parent=9038"}],"wp:term":[{"taxonomy":"category","embeddable":true,"href":"https:\/\/volcanes.net\/index.php?rest_route=%2Fwp%2Fv2%2Fcategories&post=9038"},{"taxonomy":"post_tag","embeddable":true,"href":"https:\/\/volcanes.net\/index.php?rest_route=%2Fwp%2Fv2%2Ftags&post=9038"}],"curies":[{"name":"wp","href":"https:\/\/api.w.org\/{rel}","templated":true}]}}