{"id":9045,"date":"2020-10-26T17:08:35","date_gmt":"2020-10-26T23:08:35","guid":{"rendered":"http:\/\/volcanes.net\/?p=9045"},"modified":"2020-10-26T17:09:10","modified_gmt":"2020-10-26T23:09:10","slug":"chalco-cerrara-sus-13-cementerios-para-prevenir-contagios-por-covid-19","status":"publish","type":"post","link":"https:\/\/volcanes.net\/?p=9045","title":{"rendered":"Chalco cerrara sus 13 cementerios para prevenir contagios por COVID-19"},"content":{"rendered":"<div style=\"margin-top: 0px; margin-bottom: 0px;\" class=\"sharethis-inline-share-buttons\" ><\/div><p style=\"text-align: justify;\">Chalco, Estado de M\u00e9xico.- El municipio de Chalco se suma a las localidades mexiquenses que cerrar\u00e1n sus panteones durante la celebraci\u00f3n del d\u00eda de muertos, como medida para contener los contagios por el virus Covid-19.<\/p>\n<p style=\"text-align: justify;\">A trav\u00e9s de sus redes sociales, el gobierno municipal que preside Miguel Guti\u00e9rrez inform\u00f3 que por decisi\u00f3n de cabildo a partir del 31 de octubre y hasta el pr\u00f3ximo 2 de noviembre, los 13 cementerios que se encuentran en la demarcaci\u00f3n permanecer\u00e1n cerrados, para evitar un rebrote de la enfermedad provocada por el virus Sars-CoV-2, adem\u00e1s de que hace un recordatorio a la poblaci\u00f3n que tanto este municipio mexiquense y todo el Estado de M\u00e9xico continua en Sem\u00e1foro Naranja por lo que se exhorta a la poblaci\u00f3n a no bajar la guardia y continuar con las medidas sanitarias emitidas por la Secretar\u00eda de Salud.<\/p>\n<p style=\"text-align: justify;\">Por su parte, las autoridades municipales invitan a la poblaci\u00f3n a recordar a sus familiares fallecidos desde el hogar, mientras que contin\u00faan las medidas sanitarias durante los servicios funerarios de las personas fallecidas por diversas circunstancias, que incluye un m\u00ednimo de familiares durante las inhumaciones.<\/p>\n","protected":false},"excerpt":{"rendered":"<p>Chalco, Estado de M\u00e9xico.- El municipio de Chalco se suma a las localidades mexiquenses que<\/p>\n","protected":false},"author":1,"featured_media":9046,"comment_status":"open","ping_status":"open","sticky":false,"template":"","format":"standard","meta":{"footnotes":""},"categories":[1],"tags":[9],"class_list":["post-9045","post","type-post","status-publish","format-standard","has-post-thumbnail","hentry","category-municipales","tag-chalco"],"yoast_head":"<!-- This site is optimized with the Yoast SEO plugin v25.3 - https:\/\/yoast.com\/wordpress\/plugins\/seo\/ -->\n<title>Chalco cerrara sus 13 cementerios para prevenir contagios por COVID-19 - Volcanes<\/title>\n<meta name=\"robots\" content=\"index, follow, max-snippet:-1, max-image-preview:large, max-video-preview:-1\" \/>\n<link rel=\"canonical\" href=\"https:\/\/volcanes.net\/?p=9045\" \/>\n<meta property=\"og:locale\" content=\"es_MX\" \/>\n<meta property=\"og:type\" content=\"article\" \/>\n<meta property=\"og:title\" content=\"Chalco cerrara sus 13 cementerios para prevenir contagios por COVID-19 - Volcanes\" \/>\n<meta property=\"og:description\" content=\"Chalco, Estado de M\u00e9xico.- El municipio de Chalco se suma a las localidades mexiquenses que\" \/>\n<meta property=\"og:url\" content=\"https:\/\/volcanes.net\/?p=9045\" \/>\n<meta property=\"og:site_name\" content=\"Volcanes\" \/>\n<meta property=\"article:publisher\" content=\"https:\/\/www.facebook.com\/volcanes.net\/\" \/>\n<meta property=\"article:published_time\" content=\"2020-10-26T23:08:35+00:00\" \/>\n<meta property=\"article:modified_time\" content=\"2020-10-26T23:09:10+00:00\" \/>\n<meta property=\"og:image\" content=\"https:\/\/volcanes.net\/wp-content\/uploads\/2020\/10\/WhatsApp-Image-2020-10-25-at-5.19.22-PM-1.jpeg\" \/>\n\t<meta property=\"og:image:width\" content=\"1024\" \/>\n\t<meta property=\"og:image:height\" content=\"536\" \/>\n\t<meta property=\"og:image:type\" content=\"image\/jpeg\" \/>\n<meta name=\"author\" content=\"admin\" \/>\n<meta name=\"twitter:card\" content=\"summary_large_image\" \/>\n<meta name=\"twitter:label1\" content=\"Escrito por\" \/>\n\t<meta name=\"twitter:data1\" content=\"admin\" \/>\n\t<meta name=\"twitter:label2\" content=\"Tiempo de lectura\" \/>\n\t<meta name=\"twitter:data2\" content=\"1 minuto\" \/>\n<script type=\"application\/ld+json\" class=\"yoast-schema-graph\">{\"@context\":\"https:\/\/schema.org\",\"@graph\":[{\"@type\":\"Article\",\"@id\":\"https:\/\/volcanes.net\/?p=9045#article\",\"isPartOf\":{\"@id\":\"https:\/\/volcanes.net\/?p=9045\"},\"author\":{\"name\":\"admin\",\"@id\":\"https:\/\/volcanes.net\/#\/schema\/person\/4bf0f383940966a4abd53f5048c0e6b9\"},\"headline\":\"Chalco cerrara sus 13 cementerios para prevenir contagios por COVID-19\",\"datePublished\":\"2020-10-26T23:08:35+00:00\",\"dateModified\":\"2020-10-26T23:09:10+00:00\",\"mainEntityOfPage\":{\"@id\":\"https:\/\/volcanes.net\/?p=9045\"},\"wordCount\":210,\"commentCount\":0,\"publisher\":{\"@id\":\"https:\/\/volcanes.net\/#organization\"},\"image\":{\"@id\":\"https:\/\/volcanes.net\/?p=9045#primaryimage\"},\"thumbnailUrl\":\"https:\/\/volcanes.net\/wp-content\/uploads\/2020\/10\/WhatsApp-Image-2020-10-25-at-5.19.22-PM-1.jpeg\",\"keywords\":[\"Chalco\"],\"articleSection\":[\"Municipales\"],\"inLanguage\":\"es\",\"potentialAction\":[{\"@type\":\"CommentAction\",\"name\":\"Comment\",\"target\":[\"https:\/\/volcanes.net\/?p=9045#respond\"]}]},{\"@type\":\"WebPage\",\"@id\":\"https:\/\/volcanes.net\/?p=9045\",\"url\":\"https:\/\/volcanes.net\/?p=9045\",\"name\":\"Chalco cerrara sus 13 cementerios para prevenir contagios por COVID-19 - Volcanes\",\"isPartOf\":{\"@id\":\"https:\/\/volcanes.net\/#website\"},\"primaryImageOfPage\":{\"@id\":\"https:\/\/volcanes.net\/?p=9045#primaryimage\"},\"image\":{\"@id\":\"https:\/\/volcanes.net\/?p=9045#primaryimage\"},\"thumbnailUrl\":\"https:\/\/volcanes.net\/wp-content\/uploads\/2020\/10\/WhatsApp-Image-2020-10-25-at-5.19.22-PM-1.jpeg\",\"datePublished\":\"2020-10-26T23:08:35+00:00\",\"dateModified\":\"2020-10-26T23:09:10+00:00\",\"breadcrumb\":{\"@id\":\"https:\/\/volcanes.net\/?p=9045#breadcrumb\"},\"inLanguage\":\"es\",\"potentialAction\":[{\"@type\":\"ReadAction\",\"target\":[\"https:\/\/volcanes.net\/?p=9045\"]}]},{\"@type\":\"ImageObject\",\"inLanguage\":\"es\",\"@id\":\"https:\/\/volcanes.net\/?p=9045#primaryimage\",\"url\":\"https:\/\/volcanes.net\/wp-content\/uploads\/2020\/10\/WhatsApp-Image-2020-10-25-at-5.19.22-PM-1.jpeg\",\"contentUrl\":\"https:\/\/volcanes.net\/wp-content\/uploads\/2020\/10\/WhatsApp-Image-2020-10-25-at-5.19.22-PM-1.jpeg\",\"width\":1024,\"height\":536},{\"@type\":\"BreadcrumbList\",\"@id\":\"https:\/\/volcanes.net\/?p=9045#breadcrumb\",\"itemListElement\":[{\"@type\":\"ListItem\",\"position\":1,\"name\":\"Portada\",\"item\":\"https:\/\/volcanes.net\/\"},{\"@type\":\"ListItem\",\"position\":2,\"name\":\"Chalco cerrara sus 13 cementerios para prevenir contagios por COVID-19\"}]},{\"@type\":\"WebSite\",\"@id\":\"https:\/\/volcanes.net\/#website\",\"url\":\"https:\/\/volcanes.net\/\",\"name\":\"Volcanes.Net\",\"description\":\"Periodismo Profesional\",\"publisher\":{\"@id\":\"https:\/\/volcanes.net\/#organization\"},\"potentialAction\":[{\"@type\":\"SearchAction\",\"target\":{\"@type\":\"EntryPoint\",\"urlTemplate\":\"https:\/\/volcanes.net\/?s={search_term_string}\"},\"query-input\":{\"@type\":\"PropertyValueSpecification\",\"valueRequired\":true,\"valueName\":\"search_term_string\"}}],\"inLanguage\":\"es\"},{\"@type\":\"Organization\",\"@id\":\"https:\/\/volcanes.net\/#organization\",\"name\":\"Grupo Volcanes\",\"url\":\"https:\/\/volcanes.net\/\",\"logo\":{\"@type\":\"ImageObject\",\"inLanguage\":\"es\",\"@id\":\"https:\/\/volcanes.net\/#\/schema\/logo\/image\/\",\"url\":\"http:\/\/volcanes.net\/wp-content\/uploads\/2017\/12\/Avatar2.jpg\",\"contentUrl\":\"http:\/\/volcanes.net\/wp-content\/uploads\/2017\/12\/Avatar2.jpg\",\"width\":378,\"height\":378,\"caption\":\"Grupo Volcanes\"},\"image\":{\"@id\":\"https:\/\/volcanes.net\/#\/schema\/logo\/image\/\"},\"sameAs\":[\"https:\/\/www.facebook.com\/volcanes.net\/\"]},{\"@type\":\"Person\",\"@id\":\"https:\/\/volcanes.net\/#\/schema\/person\/4bf0f383940966a4abd53f5048c0e6b9\",\"name\":\"admin\",\"image\":{\"@type\":\"ImageObject\",\"inLanguage\":\"es\",\"@id\":\"https:\/\/volcanes.net\/#\/schema\/person\/image\/\",\"url\":\"https:\/\/secure.gravatar.com\/avatar\/ca004e6cba8462b8cb7abc86e382930c?s=96&d=mm&r=g\",\"contentUrl\":\"https:\/\/secure.gravatar.com\/avatar\/ca004e6cba8462b8cb7abc86e382930c?s=96&d=mm&r=g\",\"caption\":\"admin\"}}]}<\/script>\n<!-- \/ Yoast SEO plugin. -->","yoast_head_json":{"title":"Chalco cerrara sus 13 cementerios para prevenir contagios por COVID-19 - Volcanes","robots":{"index":"index","follow":"follow","max-snippet":"max-snippet:-1","max-image-preview":"max-image-preview:large","max-video-preview":"max-video-preview:-1"},"canonical":"https:\/\/volcanes.net\/?p=9045","og_locale":"es_MX","og_type":"article","og_title":"Chalco cerrara sus 13 cementerios para prevenir contagios por COVID-19 - Volcanes","og_description":"Chalco, Estado de M\u00e9xico.- El municipio de Chalco se suma a las localidades mexiquenses que","og_url":"https:\/\/volcanes.net\/?p=9045","og_site_name":"Volcanes","article_publisher":"https:\/\/www.facebook.com\/volcanes.net\/","article_published_time":"2020-10-26T23:08:35+00:00","article_modified_time":"2020-10-26T23:09:10+00:00","og_image":[{"width":1024,"height":536,"url":"https:\/\/volcanes.net\/wp-content\/uploads\/2020\/10\/WhatsApp-Image-2020-10-25-at-5.19.22-PM-1.jpeg","type":"image\/jpeg"}],"author":"admin","twitter_card":"summary_large_image","twitter_misc":{"Escrito por":"admin","Tiempo de lectura":"1 minuto"},"schema":{"@context":"https:\/\/schema.org","@graph":[{"@type":"Article","@id":"https:\/\/volcanes.net\/?p=9045#article","isPartOf":{"@id":"https:\/\/volcanes.net\/?p=9045"},"author":{"name":"admin","@id":"https:\/\/volcanes.net\/#\/schema\/person\/4bf0f383940966a4abd53f5048c0e6b9"},"headline":"Chalco cerrara sus 13 cementerios para prevenir contagios por COVID-19","datePublished":"2020-10-26T23:08:35+00:00","dateModified":"2020-10-26T23:09:10+00:00","mainEntityOfPage":{"@id":"https:\/\/volcanes.net\/?p=9045"},"wordCount":210,"commentCount":0,"publisher":{"@id":"https:\/\/volcanes.net\/#organization"},"image":{"@id":"https:\/\/volcanes.net\/?p=9045#primaryimage"},"thumbnailUrl":"https:\/\/volcanes.net\/wp-content\/uploads\/2020\/10\/WhatsApp-Image-2020-10-25-at-5.19.22-PM-1.jpeg","keywords":["Chalco"],"articleSection":["Municipales"],"inLanguage":"es","potentialAction":[{"@type":"CommentAction","name":"Comment","target":["https:\/\/volcanes.net\/?p=9045#respond"]}]},{"@type":"WebPage","@id":"https:\/\/volcanes.net\/?p=9045","url":"https:\/\/volcanes.net\/?p=9045","name":"Chalco cerrara sus 13 cementerios para prevenir contagios por COVID-19 - Volcanes","isPartOf":{"@id":"https:\/\/volcanes.net\/#website"},"primaryImageOfPage":{"@id":"https:\/\/volcanes.net\/?p=9045#primaryimage"},"image":{"@id":"https:\/\/volcanes.net\/?p=9045#primaryimage"},"thumbnailUrl":"https:\/\/volcanes.net\/wp-content\/uploads\/2020\/10\/WhatsApp-Image-2020-10-25-at-5.19.22-PM-1.jpeg","datePublished":"2020-10-26T23:08:35+00:00","dateModified":"2020-10-26T23:09:10+00:00","breadcrumb":{"@id":"https:\/\/volcanes.net\/?p=9045#breadcrumb"},"inLanguage":"es","potentialAction":[{"@type":"ReadAction","target":["https:\/\/volcanes.net\/?p=9045"]}]},{"@type":"ImageObject","inLanguage":"es","@id":"https:\/\/volcanes.net\/?p=9045#primaryimage","url":"https:\/\/volcanes.net\/wp-content\/uploads\/2020\/10\/WhatsApp-Image-2020-10-25-at-5.19.22-PM-1.jpeg","contentUrl":"https:\/\/volcanes.net\/wp-content\/uploads\/2020\/10\/WhatsApp-Image-2020-10-25-at-5.19.22-PM-1.jpeg","width":1024,"height":536},{"@type":"BreadcrumbList","@id":"https:\/\/volcanes.net\/?p=9045#breadcrumb","itemListElement":[{"@type":"ListItem","position":1,"name":"Portada","item":"https:\/\/volcanes.net\/"},{"@type":"ListItem","position":2,"name":"Chalco cerrara sus 13 cementerios para prevenir contagios por COVID-19"}]},{"@type":"WebSite","@id":"https:\/\/volcanes.net\/#website","url":"https:\/\/volcanes.net\/","name":"Volcanes.Net","description":"Periodismo Profesional","publisher":{"@id":"https:\/\/volcanes.net\/#organization"},"potentialAction":[{"@type":"SearchAction","target":{"@type":"EntryPoint","urlTemplate":"https:\/\/volcanes.net\/?s={search_term_string}"},"query-input":{"@type":"PropertyValueSpecification","valueRequired":true,"valueName":"search_term_string"}}],"inLanguage":"es"},{"@type":"Organization","@id":"https:\/\/volcanes.net\/#organization","name":"Grupo Volcanes","url":"https:\/\/volcanes.net\/","logo":{"@type":"ImageObject","inLanguage":"es","@id":"https:\/\/volcanes.net\/#\/schema\/logo\/image\/","url":"http:\/\/volcanes.net\/wp-content\/uploads\/2017\/12\/Avatar2.jpg","contentUrl":"http:\/\/volcanes.net\/wp-content\/uploads\/2017\/12\/Avatar2.jpg","width":378,"height":378,"caption":"Grupo Volcanes"},"image":{"@id":"https:\/\/volcanes.net\/#\/schema\/logo\/image\/"},"sameAs":["https:\/\/www.facebook.com\/volcanes.net\/"]},{"@type":"Person","@id":"https:\/\/volcanes.net\/#\/schema\/person\/4bf0f383940966a4abd53f5048c0e6b9","name":"admin","image":{"@type":"ImageObject","inLanguage":"es","@id":"https:\/\/volcanes.net\/#\/schema\/person\/image\/","url":"https:\/\/secure.gravatar.com\/avatar\/ca004e6cba8462b8cb7abc86e382930c?s=96&d=mm&r=g","contentUrl":"https:\/\/secure.gravatar.com\/avatar\/ca004e6cba8462b8cb7abc86e382930c?s=96&d=mm&r=g","caption":"admin"}}]}},"_links":{"self":[{"href":"https:\/\/volcanes.net\/index.php?rest_route=\/wp\/v2\/posts\/9045"}],"collection":[{"href":"https:\/\/volcanes.net\/index.php?rest_route=\/wp\/v2\/posts"}],"about":[{"href":"https:\/\/volcanes.net\/index.php?rest_route=\/wp\/v2\/types\/post"}],"author":[{"embeddable":true,"href":"https:\/\/volcanes.net\/index.php?rest_route=\/wp\/v2\/users\/1"}],"replies":[{"embeddable":true,"href":"https:\/\/volcanes.net\/index.php?rest_route=%2Fwp%2Fv2%2Fcomments&post=9045"}],"version-history":[{"count":1,"href":"https:\/\/volcanes.net\/index.php?rest_route=\/wp\/v2\/posts\/9045\/revisions"}],"predecessor-version":[{"id":9047,"href":"https:\/\/volcanes.net\/index.php?rest_route=\/wp\/v2\/posts\/9045\/revisions\/9047"}],"wp:featuredmedia":[{"embeddable":true,"href":"https:\/\/volcanes.net\/index.php?rest_route=\/wp\/v2\/media\/9046"}],"wp:attachment":[{"href":"https:\/\/volcanes.net\/index.php?rest_route=%2Fwp%2Fv2%2Fmedia&parent=9045"}],"wp:term":[{"taxonomy":"category","embeddable":true,"href":"https:\/\/volcanes.net\/index.php?rest_route=%2Fwp%2Fv2%2Fcategories&post=9045"},{"taxonomy":"post_tag","embeddable":true,"href":"https:\/\/volcanes.net\/index.php?rest_route=%2Fwp%2Fv2%2Ftags&post=9045"}],"curies":[{"name":"wp","href":"https:\/\/api.w.org\/{rel}","templated":true}]}}