{"id":9064,"date":"2020-10-28T12:07:38","date_gmt":"2020-10-28T18:07:38","guid":{"rendered":"http:\/\/volcanes.net\/?p=9064"},"modified":"2020-10-28T12:07:38","modified_gmt":"2020-10-28T18:07:38","slug":"ozumba-se-suma-al-cierre-de-panteones-por-contingencia-sanitaria","status":"publish","type":"post","link":"https:\/\/volcanes.net\/?p=9064","title":{"rendered":"Ozumba se suma al cierre de panteones por contingencia sanitaria"},"content":{"rendered":"<div style=\"margin-top: 0px; margin-bottom: 0px;\" class=\"sharethis-inline-share-buttons\" ><\/div><p style=\"text-align: justify;\">Ozumba, Estado de M\u00e9xico.- \u00a0Por medio de su cuenta oficial de Facebook el presidente de este municipio Valent\u00edn Mart\u00ednez Castillo, inform\u00f3 que se suma a las localidades mexiquenses que cerrar\u00e1n los cementerios que existen dentro de la localidad durante las celebraciones del d\u00eda de muertos, con el fin de prevenir contagios por el virus COVID-19.<\/p>\n<p style=\"text-align: justify;\">Ante ello, dio a conocer que este 1\u00b0 y 2\u00b0 de noviembre permanecer\u00e1n cerrados los panteones, esto luego de que la semana pasada recibiera unos oficios por parte de Protecci\u00f3n Civil del Estado de M\u00e9xico, donde lo exhortan a tomar estas medidas sanitarias con el fin de evitar aglomeraciones y prever posibles contagios por el virus.<\/p>\n<p style=\"text-align: justify;\">Cabe mencionar que, tanto Ozumba como todo el territorio mexiquense, continua en Sem\u00e1foro Naranja, por lo que las autoridades a\u00fan exhortan a la poblaci\u00f3n a no bajar la guardia ante la alerta sanitaria por el virus Sars-Cov-2, as\u00ed como de continuar implementando las medidas sanitarias emitidas por la Secretar\u00eda de Salud; uso de cubrebocas, uso de gel antibacterial, lavado constante de manos, respetar la sana distancia y evitar salir de casa.<\/p>\n<p style=\"text-align: justify;\">De igual forma, contin\u00faan las medidas sanitarias durante los servicios funerarios de las personas fallecidas por diversas\u00a0 circunstancias, las cuales incluyen un m\u00ednimo de familiares durante las inhumaciones.<\/p>\n<p style=\"text-align: justify;\">Mart\u00ednez Castillo, invit\u00f3 a la poblaci\u00f3n a anticipar las visitas en los cementerios, los cuales trabajan bajo un protocolo de seguridad, en donde \u00fanicamente se permite cierto n\u00famero de personas, debido a que el gobierno de los pueblos acatar\u00e1 las recomendaciones emitidas por Protecci\u00f3n Civil del Estado de M\u00e9xico.<\/p>\n","protected":false},"excerpt":{"rendered":"<p>Ozumba, Estado de M\u00e9xico.- \u00a0Por medio de su cuenta oficial de Facebook el presidente de<\/p>\n","protected":false},"author":1,"featured_media":9065,"comment_status":"open","ping_status":"open","sticky":false,"template":"","format":"standard","meta":{"footnotes":""},"categories":[1],"tags":[14],"class_list":["post-9064","post","type-post","status-publish","format-standard","has-post-thumbnail","hentry","category-municipales","tag-ozumba"],"yoast_head":"<!-- This site is optimized with the Yoast SEO plugin v25.3 - https:\/\/yoast.com\/wordpress\/plugins\/seo\/ -->\n<title>Ozumba se suma al cierre de panteones por contingencia sanitaria - Volcanes<\/title>\n<meta name=\"robots\" content=\"index, follow, max-snippet:-1, max-image-preview:large, max-video-preview:-1\" \/>\n<link rel=\"canonical\" href=\"https:\/\/volcanes.net\/?p=9064\" \/>\n<meta property=\"og:locale\" content=\"es_MX\" \/>\n<meta property=\"og:type\" content=\"article\" \/>\n<meta property=\"og:title\" content=\"Ozumba se suma al cierre de panteones por contingencia sanitaria - Volcanes\" \/>\n<meta property=\"og:description\" content=\"Ozumba, Estado de M\u00e9xico.- \u00a0Por medio de su cuenta oficial de Facebook el presidente de\" \/>\n<meta property=\"og:url\" content=\"https:\/\/volcanes.net\/?p=9064\" \/>\n<meta property=\"og:site_name\" content=\"Volcanes\" \/>\n<meta property=\"article:publisher\" content=\"https:\/\/www.facebook.com\/volcanes.net\/\" \/>\n<meta property=\"article:published_time\" content=\"2020-10-28T18:07:38+00:00\" \/>\n<meta property=\"og:image\" content=\"https:\/\/volcanes.net\/wp-content\/uploads\/2020\/10\/35346a0c-5328-4d97-b59e-b3961891544f.jpg\" \/>\n\t<meta property=\"og:image:width\" content=\"720\" \/>\n\t<meta property=\"og:image:height\" content=\"932\" \/>\n\t<meta property=\"og:image:type\" content=\"image\/jpeg\" \/>\n<meta name=\"author\" content=\"admin\" \/>\n<meta name=\"twitter:card\" content=\"summary_large_image\" \/>\n<meta name=\"twitter:label1\" content=\"Escrito por\" \/>\n\t<meta name=\"twitter:data1\" content=\"admin\" \/>\n\t<meta name=\"twitter:label2\" content=\"Tiempo de lectura\" \/>\n\t<meta name=\"twitter:data2\" content=\"1 minuto\" \/>\n<script type=\"application\/ld+json\" class=\"yoast-schema-graph\">{\"@context\":\"https:\/\/schema.org\",\"@graph\":[{\"@type\":\"Article\",\"@id\":\"https:\/\/volcanes.net\/?p=9064#article\",\"isPartOf\":{\"@id\":\"https:\/\/volcanes.net\/?p=9064\"},\"author\":{\"name\":\"admin\",\"@id\":\"https:\/\/volcanes.net\/#\/schema\/person\/4bf0f383940966a4abd53f5048c0e6b9\"},\"headline\":\"Ozumba se suma al cierre de panteones por contingencia sanitaria\",\"datePublished\":\"2020-10-28T18:07:38+00:00\",\"mainEntityOfPage\":{\"@id\":\"https:\/\/volcanes.net\/?p=9064\"},\"wordCount\":287,\"commentCount\":0,\"publisher\":{\"@id\":\"https:\/\/volcanes.net\/#organization\"},\"image\":{\"@id\":\"https:\/\/volcanes.net\/?p=9064#primaryimage\"},\"thumbnailUrl\":\"https:\/\/volcanes.net\/wp-content\/uploads\/2020\/10\/35346a0c-5328-4d97-b59e-b3961891544f.jpg\",\"keywords\":[\"Ozumba\"],\"articleSection\":[\"Municipales\"],\"inLanguage\":\"es\",\"potentialAction\":[{\"@type\":\"CommentAction\",\"name\":\"Comment\",\"target\":[\"https:\/\/volcanes.net\/?p=9064#respond\"]}]},{\"@type\":\"WebPage\",\"@id\":\"https:\/\/volcanes.net\/?p=9064\",\"url\":\"https:\/\/volcanes.net\/?p=9064\",\"name\":\"Ozumba se suma al cierre de panteones por contingencia sanitaria - Volcanes\",\"isPartOf\":{\"@id\":\"https:\/\/volcanes.net\/#website\"},\"primaryImageOfPage\":{\"@id\":\"https:\/\/volcanes.net\/?p=9064#primaryimage\"},\"image\":{\"@id\":\"https:\/\/volcanes.net\/?p=9064#primaryimage\"},\"thumbnailUrl\":\"https:\/\/volcanes.net\/wp-content\/uploads\/2020\/10\/35346a0c-5328-4d97-b59e-b3961891544f.jpg\",\"datePublished\":\"2020-10-28T18:07:38+00:00\",\"breadcrumb\":{\"@id\":\"https:\/\/volcanes.net\/?p=9064#breadcrumb\"},\"inLanguage\":\"es\",\"potentialAction\":[{\"@type\":\"ReadAction\",\"target\":[\"https:\/\/volcanes.net\/?p=9064\"]}]},{\"@type\":\"ImageObject\",\"inLanguage\":\"es\",\"@id\":\"https:\/\/volcanes.net\/?p=9064#primaryimage\",\"url\":\"https:\/\/volcanes.net\/wp-content\/uploads\/2020\/10\/35346a0c-5328-4d97-b59e-b3961891544f.jpg\",\"contentUrl\":\"https:\/\/volcanes.net\/wp-content\/uploads\/2020\/10\/35346a0c-5328-4d97-b59e-b3961891544f.jpg\",\"width\":720,\"height\":932},{\"@type\":\"BreadcrumbList\",\"@id\":\"https:\/\/volcanes.net\/?p=9064#breadcrumb\",\"itemListElement\":[{\"@type\":\"ListItem\",\"position\":1,\"name\":\"Portada\",\"item\":\"https:\/\/volcanes.net\/\"},{\"@type\":\"ListItem\",\"position\":2,\"name\":\"Ozumba se suma al cierre de panteones por contingencia sanitaria\"}]},{\"@type\":\"WebSite\",\"@id\":\"https:\/\/volcanes.net\/#website\",\"url\":\"https:\/\/volcanes.net\/\",\"name\":\"Volcanes.Net\",\"description\":\"Periodismo Profesional\",\"publisher\":{\"@id\":\"https:\/\/volcanes.net\/#organization\"},\"potentialAction\":[{\"@type\":\"SearchAction\",\"target\":{\"@type\":\"EntryPoint\",\"urlTemplate\":\"https:\/\/volcanes.net\/?s={search_term_string}\"},\"query-input\":{\"@type\":\"PropertyValueSpecification\",\"valueRequired\":true,\"valueName\":\"search_term_string\"}}],\"inLanguage\":\"es\"},{\"@type\":\"Organization\",\"@id\":\"https:\/\/volcanes.net\/#organization\",\"name\":\"Grupo Volcanes\",\"url\":\"https:\/\/volcanes.net\/\",\"logo\":{\"@type\":\"ImageObject\",\"inLanguage\":\"es\",\"@id\":\"https:\/\/volcanes.net\/#\/schema\/logo\/image\/\",\"url\":\"http:\/\/volcanes.net\/wp-content\/uploads\/2017\/12\/Avatar2.jpg\",\"contentUrl\":\"http:\/\/volcanes.net\/wp-content\/uploads\/2017\/12\/Avatar2.jpg\",\"width\":378,\"height\":378,\"caption\":\"Grupo Volcanes\"},\"image\":{\"@id\":\"https:\/\/volcanes.net\/#\/schema\/logo\/image\/\"},\"sameAs\":[\"https:\/\/www.facebook.com\/volcanes.net\/\"]},{\"@type\":\"Person\",\"@id\":\"https:\/\/volcanes.net\/#\/schema\/person\/4bf0f383940966a4abd53f5048c0e6b9\",\"name\":\"admin\",\"image\":{\"@type\":\"ImageObject\",\"inLanguage\":\"es\",\"@id\":\"https:\/\/volcanes.net\/#\/schema\/person\/image\/\",\"url\":\"https:\/\/secure.gravatar.com\/avatar\/ca004e6cba8462b8cb7abc86e382930c?s=96&d=mm&r=g\",\"contentUrl\":\"https:\/\/secure.gravatar.com\/avatar\/ca004e6cba8462b8cb7abc86e382930c?s=96&d=mm&r=g\",\"caption\":\"admin\"}}]}<\/script>\n<!-- \/ Yoast SEO plugin. -->","yoast_head_json":{"title":"Ozumba se suma al cierre de panteones por contingencia sanitaria - Volcanes","robots":{"index":"index","follow":"follow","max-snippet":"max-snippet:-1","max-image-preview":"max-image-preview:large","max-video-preview":"max-video-preview:-1"},"canonical":"https:\/\/volcanes.net\/?p=9064","og_locale":"es_MX","og_type":"article","og_title":"Ozumba se suma al cierre de panteones por contingencia sanitaria - Volcanes","og_description":"Ozumba, Estado de M\u00e9xico.- \u00a0Por medio de su cuenta oficial de Facebook el presidente de","og_url":"https:\/\/volcanes.net\/?p=9064","og_site_name":"Volcanes","article_publisher":"https:\/\/www.facebook.com\/volcanes.net\/","article_published_time":"2020-10-28T18:07:38+00:00","og_image":[{"width":720,"height":932,"url":"https:\/\/volcanes.net\/wp-content\/uploads\/2020\/10\/35346a0c-5328-4d97-b59e-b3961891544f.jpg","type":"image\/jpeg"}],"author":"admin","twitter_card":"summary_large_image","twitter_misc":{"Escrito por":"admin","Tiempo de lectura":"1 minuto"},"schema":{"@context":"https:\/\/schema.org","@graph":[{"@type":"Article","@id":"https:\/\/volcanes.net\/?p=9064#article","isPartOf":{"@id":"https:\/\/volcanes.net\/?p=9064"},"author":{"name":"admin","@id":"https:\/\/volcanes.net\/#\/schema\/person\/4bf0f383940966a4abd53f5048c0e6b9"},"headline":"Ozumba se suma al cierre de panteones por contingencia sanitaria","datePublished":"2020-10-28T18:07:38+00:00","mainEntityOfPage":{"@id":"https:\/\/volcanes.net\/?p=9064"},"wordCount":287,"commentCount":0,"publisher":{"@id":"https:\/\/volcanes.net\/#organization"},"image":{"@id":"https:\/\/volcanes.net\/?p=9064#primaryimage"},"thumbnailUrl":"https:\/\/volcanes.net\/wp-content\/uploads\/2020\/10\/35346a0c-5328-4d97-b59e-b3961891544f.jpg","keywords":["Ozumba"],"articleSection":["Municipales"],"inLanguage":"es","potentialAction":[{"@type":"CommentAction","name":"Comment","target":["https:\/\/volcanes.net\/?p=9064#respond"]}]},{"@type":"WebPage","@id":"https:\/\/volcanes.net\/?p=9064","url":"https:\/\/volcanes.net\/?p=9064","name":"Ozumba se suma al cierre de panteones por contingencia sanitaria - Volcanes","isPartOf":{"@id":"https:\/\/volcanes.net\/#website"},"primaryImageOfPage":{"@id":"https:\/\/volcanes.net\/?p=9064#primaryimage"},"image":{"@id":"https:\/\/volcanes.net\/?p=9064#primaryimage"},"thumbnailUrl":"https:\/\/volcanes.net\/wp-content\/uploads\/2020\/10\/35346a0c-5328-4d97-b59e-b3961891544f.jpg","datePublished":"2020-10-28T18:07:38+00:00","breadcrumb":{"@id":"https:\/\/volcanes.net\/?p=9064#breadcrumb"},"inLanguage":"es","potentialAction":[{"@type":"ReadAction","target":["https:\/\/volcanes.net\/?p=9064"]}]},{"@type":"ImageObject","inLanguage":"es","@id":"https:\/\/volcanes.net\/?p=9064#primaryimage","url":"https:\/\/volcanes.net\/wp-content\/uploads\/2020\/10\/35346a0c-5328-4d97-b59e-b3961891544f.jpg","contentUrl":"https:\/\/volcanes.net\/wp-content\/uploads\/2020\/10\/35346a0c-5328-4d97-b59e-b3961891544f.jpg","width":720,"height":932},{"@type":"BreadcrumbList","@id":"https:\/\/volcanes.net\/?p=9064#breadcrumb","itemListElement":[{"@type":"ListItem","position":1,"name":"Portada","item":"https:\/\/volcanes.net\/"},{"@type":"ListItem","position":2,"name":"Ozumba se suma al cierre de panteones por contingencia sanitaria"}]},{"@type":"WebSite","@id":"https:\/\/volcanes.net\/#website","url":"https:\/\/volcanes.net\/","name":"Volcanes.Net","description":"Periodismo Profesional","publisher":{"@id":"https:\/\/volcanes.net\/#organization"},"potentialAction":[{"@type":"SearchAction","target":{"@type":"EntryPoint","urlTemplate":"https:\/\/volcanes.net\/?s={search_term_string}"},"query-input":{"@type":"PropertyValueSpecification","valueRequired":true,"valueName":"search_term_string"}}],"inLanguage":"es"},{"@type":"Organization","@id":"https:\/\/volcanes.net\/#organization","name":"Grupo Volcanes","url":"https:\/\/volcanes.net\/","logo":{"@type":"ImageObject","inLanguage":"es","@id":"https:\/\/volcanes.net\/#\/schema\/logo\/image\/","url":"http:\/\/volcanes.net\/wp-content\/uploads\/2017\/12\/Avatar2.jpg","contentUrl":"http:\/\/volcanes.net\/wp-content\/uploads\/2017\/12\/Avatar2.jpg","width":378,"height":378,"caption":"Grupo Volcanes"},"image":{"@id":"https:\/\/volcanes.net\/#\/schema\/logo\/image\/"},"sameAs":["https:\/\/www.facebook.com\/volcanes.net\/"]},{"@type":"Person","@id":"https:\/\/volcanes.net\/#\/schema\/person\/4bf0f383940966a4abd53f5048c0e6b9","name":"admin","image":{"@type":"ImageObject","inLanguage":"es","@id":"https:\/\/volcanes.net\/#\/schema\/person\/image\/","url":"https:\/\/secure.gravatar.com\/avatar\/ca004e6cba8462b8cb7abc86e382930c?s=96&d=mm&r=g","contentUrl":"https:\/\/secure.gravatar.com\/avatar\/ca004e6cba8462b8cb7abc86e382930c?s=96&d=mm&r=g","caption":"admin"}}]}},"_links":{"self":[{"href":"https:\/\/volcanes.net\/index.php?rest_route=\/wp\/v2\/posts\/9064"}],"collection":[{"href":"https:\/\/volcanes.net\/index.php?rest_route=\/wp\/v2\/posts"}],"about":[{"href":"https:\/\/volcanes.net\/index.php?rest_route=\/wp\/v2\/types\/post"}],"author":[{"embeddable":true,"href":"https:\/\/volcanes.net\/index.php?rest_route=\/wp\/v2\/users\/1"}],"replies":[{"embeddable":true,"href":"https:\/\/volcanes.net\/index.php?rest_route=%2Fwp%2Fv2%2Fcomments&post=9064"}],"version-history":[{"count":1,"href":"https:\/\/volcanes.net\/index.php?rest_route=\/wp\/v2\/posts\/9064\/revisions"}],"predecessor-version":[{"id":9066,"href":"https:\/\/volcanes.net\/index.php?rest_route=\/wp\/v2\/posts\/9064\/revisions\/9066"}],"wp:featuredmedia":[{"embeddable":true,"href":"https:\/\/volcanes.net\/index.php?rest_route=\/wp\/v2\/media\/9065"}],"wp:attachment":[{"href":"https:\/\/volcanes.net\/index.php?rest_route=%2Fwp%2Fv2%2Fmedia&parent=9064"}],"wp:term":[{"taxonomy":"category","embeddable":true,"href":"https:\/\/volcanes.net\/index.php?rest_route=%2Fwp%2Fv2%2Fcategories&post=9064"},{"taxonomy":"post_tag","embeddable":true,"href":"https:\/\/volcanes.net\/index.php?rest_route=%2Fwp%2Fv2%2Ftags&post=9064"}],"curies":[{"name":"wp","href":"https:\/\/api.w.org\/{rel}","templated":true}]}}