{"id":908,"date":"2018-01-31T23:26:18","date_gmt":"2018-01-31T23:26:18","guid":{"rendered":"http:\/\/volcanes.net\/?p=908"},"modified":"2018-01-31T23:26:18","modified_gmt":"2018-01-31T23:26:18","slug":"en-ozumba-el-pri-define-a-su-candidato-este-domingo","status":"publish","type":"post","link":"https:\/\/volcanes.net\/?p=908","title":{"rendered":"En Ozumba el PRI define a su candidato este domingo"},"content":{"rendered":"<div style=\"margin-top: 0px; margin-bottom: 0px;\" class=\"sharethis-inline-share-buttons\" ><\/div><p>Ser\u00e1 el pr\u00f3ximo 4 de febrero cuando\u00a0 el Partido Revolucionario Institucional PRI definir\u00e1 a su precandidato oficial para contender por el ayuntamiento, Ozumba no es la excepci\u00f3n, para ello presentaron su examen despu\u00e9s de haber salidos procedentes en la etapa previa, la C. Lilia L\u00f3pez Arroyo, el Licenciado Jes\u00fas Torres Galicia, el C. Miguel \u00c1ngel Torres Toledano.<br \/>\nLilia Lopez Arroyo fue presidenta del Comit\u00e9 del Pri en Ozumba, Diputada suplente y Directora del Edayo Amecameca.<br \/>\nEl licenciado Jes\u00fas Torres Galicia Fue coordinador regional de la organizaci\u00f3n Grupo pol\u00edtico Estado de M\u00e9xico Es presidente con licencia del PRI en Ozumba, fue fundador del sistema CECYTEM en el estado de M\u00e9xico y docente de nivel secundaria. Actualmente cursa una maestr\u00eda en Administraci\u00f3n P\u00fablica.<br \/>\nMiguel \u00c1ngel Torres Toledano coordin\u00f3 la estructura de activismo en Ozumba en la pasada campa\u00f1a a presidente municipal, y ha ocupado diversos cargos en la administraci\u00f3n municipal.<br \/>\nEstas son las tres fichas que tiene el PRI para el municipio de Ozumba, y esta semana definir\u00e1 a su candidato.<\/p>\n","protected":false},"excerpt":{"rendered":"<p>Ser\u00e1 el pr\u00f3ximo 4 de febrero cuando\u00a0 el Partido Revolucionario Institucional PRI definir\u00e1 a su<\/p>\n","protected":false},"author":1,"featured_media":909,"comment_status":"open","ping_status":"open","sticky":false,"template":"","format":"standard","meta":{"footnotes":""},"categories":[1],"tags":[7,80,57,9,15,16,81,46],"class_list":["post-908","post","type-post","status-publish","format-standard","has-post-thumbnail","hentry","category-municipales","tag-amecameca","tag-atlautla","tag-ayapango","tag-chalco","tag-ecatzingo","tag-tepetlixpa","tag-tlalmanalco","tag-volcanes"],"yoast_head":"<!-- This site is optimized with the Yoast SEO plugin v25.3 - https:\/\/yoast.com\/wordpress\/plugins\/seo\/ -->\n<title>En Ozumba el PRI define a su candidato este domingo - Volcanes<\/title>\n<meta name=\"robots\" content=\"index, follow, max-snippet:-1, max-image-preview:large, max-video-preview:-1\" \/>\n<link rel=\"canonical\" href=\"https:\/\/volcanes.net\/?p=908\" \/>\n<meta property=\"og:locale\" content=\"es_MX\" \/>\n<meta property=\"og:type\" content=\"article\" \/>\n<meta property=\"og:title\" content=\"En Ozumba el PRI define a su candidato este domingo - Volcanes\" \/>\n<meta property=\"og:description\" content=\"Ser\u00e1 el pr\u00f3ximo 4 de febrero cuando\u00a0 el Partido Revolucionario Institucional PRI definir\u00e1 a su\" \/>\n<meta property=\"og:url\" content=\"https:\/\/volcanes.net\/?p=908\" \/>\n<meta property=\"og:site_name\" content=\"Volcanes\" \/>\n<meta property=\"article:publisher\" content=\"https:\/\/www.facebook.com\/volcanes.net\/\" \/>\n<meta property=\"article:published_time\" content=\"2018-01-31T23:26:18+00:00\" \/>\n<meta property=\"og:image\" content=\"https:\/\/volcanes.net\/wp-content\/uploads\/2018\/01\/bck_AMM-1.jpg\" \/>\n\t<meta property=\"og:image:width\" content=\"448\" \/>\n\t<meta property=\"og:image:height\" content=\"222\" \/>\n\t<meta property=\"og:image:type\" content=\"image\/jpeg\" \/>\n<meta name=\"author\" content=\"admin\" \/>\n<meta name=\"twitter:card\" content=\"summary_large_image\" \/>\n<meta name=\"twitter:label1\" content=\"Escrito por\" \/>\n\t<meta name=\"twitter:data1\" content=\"admin\" \/>\n\t<meta name=\"twitter:label2\" content=\"Tiempo de lectura\" \/>\n\t<meta name=\"twitter:data2\" content=\"1 minuto\" \/>\n<script type=\"application\/ld+json\" class=\"yoast-schema-graph\">{\"@context\":\"https:\/\/schema.org\",\"@graph\":[{\"@type\":\"Article\",\"@id\":\"https:\/\/volcanes.net\/?p=908#article\",\"isPartOf\":{\"@id\":\"https:\/\/volcanes.net\/?p=908\"},\"author\":{\"name\":\"admin\",\"@id\":\"https:\/\/volcanes.net\/#\/schema\/person\/4bf0f383940966a4abd53f5048c0e6b9\"},\"headline\":\"En Ozumba el PRI define a su candidato este domingo\",\"datePublished\":\"2018-01-31T23:26:18+00:00\",\"mainEntityOfPage\":{\"@id\":\"https:\/\/volcanes.net\/?p=908\"},\"wordCount\":193,\"commentCount\":0,\"publisher\":{\"@id\":\"https:\/\/volcanes.net\/#organization\"},\"image\":{\"@id\":\"https:\/\/volcanes.net\/?p=908#primaryimage\"},\"thumbnailUrl\":\"https:\/\/volcanes.net\/wp-content\/uploads\/2018\/01\/bck_AMM-1.jpg\",\"keywords\":[\"Amecameca\",\"Atlautla\",\"Ayapango\",\"Chalco\",\"Ecatzingo\",\"Tepetlixpa\",\"Tlalmanalco\",\"Volcanes\"],\"articleSection\":[\"Municipales\"],\"inLanguage\":\"es\",\"potentialAction\":[{\"@type\":\"CommentAction\",\"name\":\"Comment\",\"target\":[\"https:\/\/volcanes.net\/?p=908#respond\"]}]},{\"@type\":\"WebPage\",\"@id\":\"https:\/\/volcanes.net\/?p=908\",\"url\":\"https:\/\/volcanes.net\/?p=908\",\"name\":\"En Ozumba el PRI define a su candidato este domingo - Volcanes\",\"isPartOf\":{\"@id\":\"https:\/\/volcanes.net\/#website\"},\"primaryImageOfPage\":{\"@id\":\"https:\/\/volcanes.net\/?p=908#primaryimage\"},\"image\":{\"@id\":\"https:\/\/volcanes.net\/?p=908#primaryimage\"},\"thumbnailUrl\":\"https:\/\/volcanes.net\/wp-content\/uploads\/2018\/01\/bck_AMM-1.jpg\",\"datePublished\":\"2018-01-31T23:26:18+00:00\",\"breadcrumb\":{\"@id\":\"https:\/\/volcanes.net\/?p=908#breadcrumb\"},\"inLanguage\":\"es\",\"potentialAction\":[{\"@type\":\"ReadAction\",\"target\":[\"https:\/\/volcanes.net\/?p=908\"]}]},{\"@type\":\"ImageObject\",\"inLanguage\":\"es\",\"@id\":\"https:\/\/volcanes.net\/?p=908#primaryimage\",\"url\":\"https:\/\/volcanes.net\/wp-content\/uploads\/2018\/01\/bck_AMM-1.jpg\",\"contentUrl\":\"https:\/\/volcanes.net\/wp-content\/uploads\/2018\/01\/bck_AMM-1.jpg\",\"width\":448,\"height\":222,\"caption\":\"????????????????????????????????????\"},{\"@type\":\"BreadcrumbList\",\"@id\":\"https:\/\/volcanes.net\/?p=908#breadcrumb\",\"itemListElement\":[{\"@type\":\"ListItem\",\"position\":1,\"name\":\"Portada\",\"item\":\"https:\/\/volcanes.net\/\"},{\"@type\":\"ListItem\",\"position\":2,\"name\":\"En Ozumba el PRI define a su candidato este domingo\"}]},{\"@type\":\"WebSite\",\"@id\":\"https:\/\/volcanes.net\/#website\",\"url\":\"https:\/\/volcanes.net\/\",\"name\":\"Volcanes.Net\",\"description\":\"Periodismo Profesional\",\"publisher\":{\"@id\":\"https:\/\/volcanes.net\/#organization\"},\"potentialAction\":[{\"@type\":\"SearchAction\",\"target\":{\"@type\":\"EntryPoint\",\"urlTemplate\":\"https:\/\/volcanes.net\/?s={search_term_string}\"},\"query-input\":{\"@type\":\"PropertyValueSpecification\",\"valueRequired\":true,\"valueName\":\"search_term_string\"}}],\"inLanguage\":\"es\"},{\"@type\":\"Organization\",\"@id\":\"https:\/\/volcanes.net\/#organization\",\"name\":\"Grupo Volcanes\",\"url\":\"https:\/\/volcanes.net\/\",\"logo\":{\"@type\":\"ImageObject\",\"inLanguage\":\"es\",\"@id\":\"https:\/\/volcanes.net\/#\/schema\/logo\/image\/\",\"url\":\"http:\/\/volcanes.net\/wp-content\/uploads\/2017\/12\/Avatar2.jpg\",\"contentUrl\":\"http:\/\/volcanes.net\/wp-content\/uploads\/2017\/12\/Avatar2.jpg\",\"width\":378,\"height\":378,\"caption\":\"Grupo Volcanes\"},\"image\":{\"@id\":\"https:\/\/volcanes.net\/#\/schema\/logo\/image\/\"},\"sameAs\":[\"https:\/\/www.facebook.com\/volcanes.net\/\"]},{\"@type\":\"Person\",\"@id\":\"https:\/\/volcanes.net\/#\/schema\/person\/4bf0f383940966a4abd53f5048c0e6b9\",\"name\":\"admin\",\"image\":{\"@type\":\"ImageObject\",\"inLanguage\":\"es\",\"@id\":\"https:\/\/volcanes.net\/#\/schema\/person\/image\/\",\"url\":\"https:\/\/secure.gravatar.com\/avatar\/ca004e6cba8462b8cb7abc86e382930c?s=96&d=mm&r=g\",\"contentUrl\":\"https:\/\/secure.gravatar.com\/avatar\/ca004e6cba8462b8cb7abc86e382930c?s=96&d=mm&r=g\",\"caption\":\"admin\"}}]}<\/script>\n<!-- \/ Yoast SEO plugin. -->","yoast_head_json":{"title":"En Ozumba el PRI define a su candidato este domingo - Volcanes","robots":{"index":"index","follow":"follow","max-snippet":"max-snippet:-1","max-image-preview":"max-image-preview:large","max-video-preview":"max-video-preview:-1"},"canonical":"https:\/\/volcanes.net\/?p=908","og_locale":"es_MX","og_type":"article","og_title":"En Ozumba el PRI define a su candidato este domingo - Volcanes","og_description":"Ser\u00e1 el pr\u00f3ximo 4 de febrero cuando\u00a0 el Partido Revolucionario Institucional PRI definir\u00e1 a su","og_url":"https:\/\/volcanes.net\/?p=908","og_site_name":"Volcanes","article_publisher":"https:\/\/www.facebook.com\/volcanes.net\/","article_published_time":"2018-01-31T23:26:18+00:00","og_image":[{"width":448,"height":222,"url":"https:\/\/volcanes.net\/wp-content\/uploads\/2018\/01\/bck_AMM-1.jpg","type":"image\/jpeg"}],"author":"admin","twitter_card":"summary_large_image","twitter_misc":{"Escrito por":"admin","Tiempo de lectura":"1 minuto"},"schema":{"@context":"https:\/\/schema.org","@graph":[{"@type":"Article","@id":"https:\/\/volcanes.net\/?p=908#article","isPartOf":{"@id":"https:\/\/volcanes.net\/?p=908"},"author":{"name":"admin","@id":"https:\/\/volcanes.net\/#\/schema\/person\/4bf0f383940966a4abd53f5048c0e6b9"},"headline":"En Ozumba el PRI define a su candidato este domingo","datePublished":"2018-01-31T23:26:18+00:00","mainEntityOfPage":{"@id":"https:\/\/volcanes.net\/?p=908"},"wordCount":193,"commentCount":0,"publisher":{"@id":"https:\/\/volcanes.net\/#organization"},"image":{"@id":"https:\/\/volcanes.net\/?p=908#primaryimage"},"thumbnailUrl":"https:\/\/volcanes.net\/wp-content\/uploads\/2018\/01\/bck_AMM-1.jpg","keywords":["Amecameca","Atlautla","Ayapango","Chalco","Ecatzingo","Tepetlixpa","Tlalmanalco","Volcanes"],"articleSection":["Municipales"],"inLanguage":"es","potentialAction":[{"@type":"CommentAction","name":"Comment","target":["https:\/\/volcanes.net\/?p=908#respond"]}]},{"@type":"WebPage","@id":"https:\/\/volcanes.net\/?p=908","url":"https:\/\/volcanes.net\/?p=908","name":"En Ozumba el PRI define a su candidato este domingo - Volcanes","isPartOf":{"@id":"https:\/\/volcanes.net\/#website"},"primaryImageOfPage":{"@id":"https:\/\/volcanes.net\/?p=908#primaryimage"},"image":{"@id":"https:\/\/volcanes.net\/?p=908#primaryimage"},"thumbnailUrl":"https:\/\/volcanes.net\/wp-content\/uploads\/2018\/01\/bck_AMM-1.jpg","datePublished":"2018-01-31T23:26:18+00:00","breadcrumb":{"@id":"https:\/\/volcanes.net\/?p=908#breadcrumb"},"inLanguage":"es","potentialAction":[{"@type":"ReadAction","target":["https:\/\/volcanes.net\/?p=908"]}]},{"@type":"ImageObject","inLanguage":"es","@id":"https:\/\/volcanes.net\/?p=908#primaryimage","url":"https:\/\/volcanes.net\/wp-content\/uploads\/2018\/01\/bck_AMM-1.jpg","contentUrl":"https:\/\/volcanes.net\/wp-content\/uploads\/2018\/01\/bck_AMM-1.jpg","width":448,"height":222,"caption":"????????????????????????????????????"},{"@type":"BreadcrumbList","@id":"https:\/\/volcanes.net\/?p=908#breadcrumb","itemListElement":[{"@type":"ListItem","position":1,"name":"Portada","item":"https:\/\/volcanes.net\/"},{"@type":"ListItem","position":2,"name":"En Ozumba el PRI define a su candidato este domingo"}]},{"@type":"WebSite","@id":"https:\/\/volcanes.net\/#website","url":"https:\/\/volcanes.net\/","name":"Volcanes.Net","description":"Periodismo Profesional","publisher":{"@id":"https:\/\/volcanes.net\/#organization"},"potentialAction":[{"@type":"SearchAction","target":{"@type":"EntryPoint","urlTemplate":"https:\/\/volcanes.net\/?s={search_term_string}"},"query-input":{"@type":"PropertyValueSpecification","valueRequired":true,"valueName":"search_term_string"}}],"inLanguage":"es"},{"@type":"Organization","@id":"https:\/\/volcanes.net\/#organization","name":"Grupo Volcanes","url":"https:\/\/volcanes.net\/","logo":{"@type":"ImageObject","inLanguage":"es","@id":"https:\/\/volcanes.net\/#\/schema\/logo\/image\/","url":"http:\/\/volcanes.net\/wp-content\/uploads\/2017\/12\/Avatar2.jpg","contentUrl":"http:\/\/volcanes.net\/wp-content\/uploads\/2017\/12\/Avatar2.jpg","width":378,"height":378,"caption":"Grupo Volcanes"},"image":{"@id":"https:\/\/volcanes.net\/#\/schema\/logo\/image\/"},"sameAs":["https:\/\/www.facebook.com\/volcanes.net\/"]},{"@type":"Person","@id":"https:\/\/volcanes.net\/#\/schema\/person\/4bf0f383940966a4abd53f5048c0e6b9","name":"admin","image":{"@type":"ImageObject","inLanguage":"es","@id":"https:\/\/volcanes.net\/#\/schema\/person\/image\/","url":"https:\/\/secure.gravatar.com\/avatar\/ca004e6cba8462b8cb7abc86e382930c?s=96&d=mm&r=g","contentUrl":"https:\/\/secure.gravatar.com\/avatar\/ca004e6cba8462b8cb7abc86e382930c?s=96&d=mm&r=g","caption":"admin"}}]}},"_links":{"self":[{"href":"https:\/\/volcanes.net\/index.php?rest_route=\/wp\/v2\/posts\/908"}],"collection":[{"href":"https:\/\/volcanes.net\/index.php?rest_route=\/wp\/v2\/posts"}],"about":[{"href":"https:\/\/volcanes.net\/index.php?rest_route=\/wp\/v2\/types\/post"}],"author":[{"embeddable":true,"href":"https:\/\/volcanes.net\/index.php?rest_route=\/wp\/v2\/users\/1"}],"replies":[{"embeddable":true,"href":"https:\/\/volcanes.net\/index.php?rest_route=%2Fwp%2Fv2%2Fcomments&post=908"}],"version-history":[{"count":1,"href":"https:\/\/volcanes.net\/index.php?rest_route=\/wp\/v2\/posts\/908\/revisions"}],"predecessor-version":[{"id":910,"href":"https:\/\/volcanes.net\/index.php?rest_route=\/wp\/v2\/posts\/908\/revisions\/910"}],"wp:featuredmedia":[{"embeddable":true,"href":"https:\/\/volcanes.net\/index.php?rest_route=\/wp\/v2\/media\/909"}],"wp:attachment":[{"href":"https:\/\/volcanes.net\/index.php?rest_route=%2Fwp%2Fv2%2Fmedia&parent=908"}],"wp:term":[{"taxonomy":"category","embeddable":true,"href":"https:\/\/volcanes.net\/index.php?rest_route=%2Fwp%2Fv2%2Fcategories&post=908"},{"taxonomy":"post_tag","embeddable":true,"href":"https:\/\/volcanes.net\/index.php?rest_route=%2Fwp%2Fv2%2Ftags&post=908"}],"curies":[{"name":"wp","href":"https:\/\/api.w.org\/{rel}","templated":true}]}}