{"id":9090,"date":"2020-10-30T16:54:17","date_gmt":"2020-10-30T22:54:17","guid":{"rendered":"http:\/\/volcanes.net\/?p=9090"},"modified":"2020-10-30T16:54:17","modified_gmt":"2020-10-30T22:54:17","slug":"se-rehabilitara-calle-adolfo-lopez-mateos-tramo-calle-emilio-carranza-a-calle-merida","status":"publish","type":"post","link":"https:\/\/volcanes.net\/?p=9090","title":{"rendered":"Se rehabilitar\u00e1 calle Adolfo L\u00f3pez Mateos tramo calle Emilio Carranza a Calle M\u00e9rida"},"content":{"rendered":"<div style=\"margin-top: 0px; margin-bottom: 0px;\" class=\"sharethis-inline-share-buttons\" ><\/div><p style=\"text-align: justify;\">Atlautla, Estado de M\u00e9xico.- El presidente de este municipio mexiquense Hermenegildo Lozada Amaro, dio banderazo \u00a0de inicio de los trabajos de rehabilitaci\u00f3n de pavimentaci\u00f3n, guarniciones y banquetas en calle Adolfo L\u00f3pez Mateos, de calle Emilio Carranza a calle M\u00e9rida, &#8220;Esta es una obra muy importante, porque es una v\u00eda de comunicaci\u00f3n en la que circulan muchos veh\u00edculos diariamente, es la obra en la que se invertir\u00e1n m\u00e1s recursos en este ejercicio 2020, y adem\u00e1s es una de las principales arterias que servir\u00e1n en caso de una eventual evacuaci\u00f3n por la actividad del volc\u00e1n Popocat\u00e9petl, de ah\u00ed la necesidad de mejorar esta avenida que es una de las principales accesos a la cabecera municipal&#8221;, dijo el edil.<\/p>\n<p style=\"text-align: justify;\">Durante el evento Lozada Amaro estuvo acompa\u00f1ado por integrantes de su cabildo y \u00a0con la presencia de la Diputada federal por el Distrito 21, Lic. Graciela S\u00e1nchez Ort\u00edz, &#8220;Es momento de mantenernos unidos como ciudadanos, ya que de esa forma se pueden lograr mejores cosas en beneficio de todos, ya que lo hemos visto en muchas ocasiones, si nos dividimos ya no podemos alcanzar los objetivos que nos hemos planteado, por eso mi invitaci\u00f3n a todos los ciudadanos de nuestro municipio para continuar trabajando juntos, aqu\u00ed est\u00e1n los resultados de que s\u00ed se pueden lograr las cosas, la rehabilitaci\u00f3n de esta calle es una clara muestra&#8221; coment\u00f3.<\/p>\n<p style=\"text-align: justify;\">Por su parte, la Diputada S\u00e1nchez Ort\u00edz reconoci\u00f3 el trabajo que viene realizando la administraci\u00f3n 2019-2021 pues &#8220;Atlautla es uno de los municipios que m\u00e1s recursos ha recibido en estos dos a\u00f1os y vemos con satisfacci\u00f3n que se est\u00e1n aplicando de manera correcta, vemos que la gente se est\u00e1 beneficiando verdaderamente&#8221;.<\/p>\n<p>https:\/\/www.facebook.com\/109414100442855\/posts\/399553211428941\/<\/p>\n","protected":false},"excerpt":{"rendered":"<p>Atlautla, Estado de M\u00e9xico.- El presidente de este municipio mexiquense Hermenegildo Lozada Amaro, dio banderazo<\/p>\n","protected":false},"author":1,"featured_media":9092,"comment_status":"open","ping_status":"open","sticky":false,"template":"","format":"standard","meta":{"footnotes":""},"categories":[1],"tags":[80],"class_list":["post-9090","post","type-post","status-publish","format-standard","has-post-thumbnail","hentry","category-municipales","tag-atlautla"],"yoast_head":"<!-- This site is optimized with the Yoast SEO plugin v25.3 - https:\/\/yoast.com\/wordpress\/plugins\/seo\/ -->\n<title>Se rehabilitar\u00e1 calle Adolfo L\u00f3pez Mateos tramo calle Emilio Carranza a Calle M\u00e9rida - Volcanes<\/title>\n<meta name=\"robots\" content=\"index, follow, max-snippet:-1, max-image-preview:large, max-video-preview:-1\" \/>\n<link rel=\"canonical\" href=\"https:\/\/volcanes.net\/?p=9090\" \/>\n<meta property=\"og:locale\" content=\"es_MX\" \/>\n<meta property=\"og:type\" content=\"article\" \/>\n<meta property=\"og:title\" content=\"Se rehabilitar\u00e1 calle Adolfo L\u00f3pez Mateos tramo calle Emilio Carranza a Calle M\u00e9rida - Volcanes\" \/>\n<meta property=\"og:description\" content=\"Atlautla, Estado de M\u00e9xico.- El presidente de este municipio mexiquense Hermenegildo Lozada Amaro, dio banderazo\" \/>\n<meta property=\"og:url\" content=\"https:\/\/volcanes.net\/?p=9090\" \/>\n<meta property=\"og:site_name\" content=\"Volcanes\" \/>\n<meta property=\"article:publisher\" content=\"https:\/\/www.facebook.com\/volcanes.net\/\" \/>\n<meta property=\"article:published_time\" content=\"2020-10-30T22:54:17+00:00\" \/>\n<meta property=\"og:image\" content=\"https:\/\/volcanes.net\/wp-content\/uploads\/2020\/10\/bacbe25b-a433-4440-a2a3-273d7426ecd1-1.jpg\" \/>\n\t<meta property=\"og:image:width\" content=\"720\" \/>\n\t<meta property=\"og:image:height\" content=\"540\" \/>\n\t<meta property=\"og:image:type\" content=\"image\/jpeg\" \/>\n<meta name=\"author\" content=\"admin\" \/>\n<meta name=\"twitter:card\" content=\"summary_large_image\" \/>\n<meta name=\"twitter:label1\" content=\"Escrito por\" \/>\n\t<meta name=\"twitter:data1\" content=\"admin\" \/>\n\t<meta name=\"twitter:label2\" content=\"Tiempo de lectura\" \/>\n\t<meta name=\"twitter:data2\" content=\"2 minutos\" \/>\n<script type=\"application\/ld+json\" class=\"yoast-schema-graph\">{\"@context\":\"https:\/\/schema.org\",\"@graph\":[{\"@type\":\"Article\",\"@id\":\"https:\/\/volcanes.net\/?p=9090#article\",\"isPartOf\":{\"@id\":\"https:\/\/volcanes.net\/?p=9090\"},\"author\":{\"name\":\"admin\",\"@id\":\"https:\/\/volcanes.net\/#\/schema\/person\/4bf0f383940966a4abd53f5048c0e6b9\"},\"headline\":\"Se rehabilitar\u00e1 calle Adolfo L\u00f3pez Mateos tramo calle Emilio Carranza a Calle M\u00e9rida\",\"datePublished\":\"2020-10-30T22:54:17+00:00\",\"mainEntityOfPage\":{\"@id\":\"https:\/\/volcanes.net\/?p=9090\"},\"wordCount\":321,\"commentCount\":0,\"publisher\":{\"@id\":\"https:\/\/volcanes.net\/#organization\"},\"image\":{\"@id\":\"https:\/\/volcanes.net\/?p=9090#primaryimage\"},\"thumbnailUrl\":\"https:\/\/volcanes.net\/wp-content\/uploads\/2020\/10\/bacbe25b-a433-4440-a2a3-273d7426ecd1-1.jpg\",\"keywords\":[\"Atlautla\"],\"articleSection\":[\"Municipales\"],\"inLanguage\":\"es\",\"potentialAction\":[{\"@type\":\"CommentAction\",\"name\":\"Comment\",\"target\":[\"https:\/\/volcanes.net\/?p=9090#respond\"]}]},{\"@type\":\"WebPage\",\"@id\":\"https:\/\/volcanes.net\/?p=9090\",\"url\":\"https:\/\/volcanes.net\/?p=9090\",\"name\":\"Se rehabilitar\u00e1 calle Adolfo L\u00f3pez Mateos tramo calle Emilio Carranza a Calle M\u00e9rida - Volcanes\",\"isPartOf\":{\"@id\":\"https:\/\/volcanes.net\/#website\"},\"primaryImageOfPage\":{\"@id\":\"https:\/\/volcanes.net\/?p=9090#primaryimage\"},\"image\":{\"@id\":\"https:\/\/volcanes.net\/?p=9090#primaryimage\"},\"thumbnailUrl\":\"https:\/\/volcanes.net\/wp-content\/uploads\/2020\/10\/bacbe25b-a433-4440-a2a3-273d7426ecd1-1.jpg\",\"datePublished\":\"2020-10-30T22:54:17+00:00\",\"breadcrumb\":{\"@id\":\"https:\/\/volcanes.net\/?p=9090#breadcrumb\"},\"inLanguage\":\"es\",\"potentialAction\":[{\"@type\":\"ReadAction\",\"target\":[\"https:\/\/volcanes.net\/?p=9090\"]}]},{\"@type\":\"ImageObject\",\"inLanguage\":\"es\",\"@id\":\"https:\/\/volcanes.net\/?p=9090#primaryimage\",\"url\":\"https:\/\/volcanes.net\/wp-content\/uploads\/2020\/10\/bacbe25b-a433-4440-a2a3-273d7426ecd1-1.jpg\",\"contentUrl\":\"https:\/\/volcanes.net\/wp-content\/uploads\/2020\/10\/bacbe25b-a433-4440-a2a3-273d7426ecd1-1.jpg\",\"width\":720,\"height\":540},{\"@type\":\"BreadcrumbList\",\"@id\":\"https:\/\/volcanes.net\/?p=9090#breadcrumb\",\"itemListElement\":[{\"@type\":\"ListItem\",\"position\":1,\"name\":\"Portada\",\"item\":\"https:\/\/volcanes.net\/\"},{\"@type\":\"ListItem\",\"position\":2,\"name\":\"Se rehabilitar\u00e1 calle Adolfo L\u00f3pez Mateos tramo calle Emilio Carranza a Calle M\u00e9rida\"}]},{\"@type\":\"WebSite\",\"@id\":\"https:\/\/volcanes.net\/#website\",\"url\":\"https:\/\/volcanes.net\/\",\"name\":\"Volcanes.Net\",\"description\":\"Periodismo Profesional\",\"publisher\":{\"@id\":\"https:\/\/volcanes.net\/#organization\"},\"potentialAction\":[{\"@type\":\"SearchAction\",\"target\":{\"@type\":\"EntryPoint\",\"urlTemplate\":\"https:\/\/volcanes.net\/?s={search_term_string}\"},\"query-input\":{\"@type\":\"PropertyValueSpecification\",\"valueRequired\":true,\"valueName\":\"search_term_string\"}}],\"inLanguage\":\"es\"},{\"@type\":\"Organization\",\"@id\":\"https:\/\/volcanes.net\/#organization\",\"name\":\"Grupo Volcanes\",\"url\":\"https:\/\/volcanes.net\/\",\"logo\":{\"@type\":\"ImageObject\",\"inLanguage\":\"es\",\"@id\":\"https:\/\/volcanes.net\/#\/schema\/logo\/image\/\",\"url\":\"http:\/\/volcanes.net\/wp-content\/uploads\/2017\/12\/Avatar2.jpg\",\"contentUrl\":\"http:\/\/volcanes.net\/wp-content\/uploads\/2017\/12\/Avatar2.jpg\",\"width\":378,\"height\":378,\"caption\":\"Grupo Volcanes\"},\"image\":{\"@id\":\"https:\/\/volcanes.net\/#\/schema\/logo\/image\/\"},\"sameAs\":[\"https:\/\/www.facebook.com\/volcanes.net\/\"]},{\"@type\":\"Person\",\"@id\":\"https:\/\/volcanes.net\/#\/schema\/person\/4bf0f383940966a4abd53f5048c0e6b9\",\"name\":\"admin\",\"image\":{\"@type\":\"ImageObject\",\"inLanguage\":\"es\",\"@id\":\"https:\/\/volcanes.net\/#\/schema\/person\/image\/\",\"url\":\"https:\/\/secure.gravatar.com\/avatar\/ca004e6cba8462b8cb7abc86e382930c?s=96&d=mm&r=g\",\"contentUrl\":\"https:\/\/secure.gravatar.com\/avatar\/ca004e6cba8462b8cb7abc86e382930c?s=96&d=mm&r=g\",\"caption\":\"admin\"}}]}<\/script>\n<!-- \/ Yoast SEO plugin. -->","yoast_head_json":{"title":"Se rehabilitar\u00e1 calle Adolfo L\u00f3pez Mateos tramo calle Emilio Carranza a Calle M\u00e9rida - Volcanes","robots":{"index":"index","follow":"follow","max-snippet":"max-snippet:-1","max-image-preview":"max-image-preview:large","max-video-preview":"max-video-preview:-1"},"canonical":"https:\/\/volcanes.net\/?p=9090","og_locale":"es_MX","og_type":"article","og_title":"Se rehabilitar\u00e1 calle Adolfo L\u00f3pez Mateos tramo calle Emilio Carranza a Calle M\u00e9rida - Volcanes","og_description":"Atlautla, Estado de M\u00e9xico.- El presidente de este municipio mexiquense Hermenegildo Lozada Amaro, dio banderazo","og_url":"https:\/\/volcanes.net\/?p=9090","og_site_name":"Volcanes","article_publisher":"https:\/\/www.facebook.com\/volcanes.net\/","article_published_time":"2020-10-30T22:54:17+00:00","og_image":[{"width":720,"height":540,"url":"https:\/\/volcanes.net\/wp-content\/uploads\/2020\/10\/bacbe25b-a433-4440-a2a3-273d7426ecd1-1.jpg","type":"image\/jpeg"}],"author":"admin","twitter_card":"summary_large_image","twitter_misc":{"Escrito por":"admin","Tiempo de lectura":"2 minutos"},"schema":{"@context":"https:\/\/schema.org","@graph":[{"@type":"Article","@id":"https:\/\/volcanes.net\/?p=9090#article","isPartOf":{"@id":"https:\/\/volcanes.net\/?p=9090"},"author":{"name":"admin","@id":"https:\/\/volcanes.net\/#\/schema\/person\/4bf0f383940966a4abd53f5048c0e6b9"},"headline":"Se rehabilitar\u00e1 calle Adolfo L\u00f3pez Mateos tramo calle Emilio Carranza a Calle M\u00e9rida","datePublished":"2020-10-30T22:54:17+00:00","mainEntityOfPage":{"@id":"https:\/\/volcanes.net\/?p=9090"},"wordCount":321,"commentCount":0,"publisher":{"@id":"https:\/\/volcanes.net\/#organization"},"image":{"@id":"https:\/\/volcanes.net\/?p=9090#primaryimage"},"thumbnailUrl":"https:\/\/volcanes.net\/wp-content\/uploads\/2020\/10\/bacbe25b-a433-4440-a2a3-273d7426ecd1-1.jpg","keywords":["Atlautla"],"articleSection":["Municipales"],"inLanguage":"es","potentialAction":[{"@type":"CommentAction","name":"Comment","target":["https:\/\/volcanes.net\/?p=9090#respond"]}]},{"@type":"WebPage","@id":"https:\/\/volcanes.net\/?p=9090","url":"https:\/\/volcanes.net\/?p=9090","name":"Se rehabilitar\u00e1 calle Adolfo L\u00f3pez Mateos tramo calle Emilio Carranza a Calle M\u00e9rida - Volcanes","isPartOf":{"@id":"https:\/\/volcanes.net\/#website"},"primaryImageOfPage":{"@id":"https:\/\/volcanes.net\/?p=9090#primaryimage"},"image":{"@id":"https:\/\/volcanes.net\/?p=9090#primaryimage"},"thumbnailUrl":"https:\/\/volcanes.net\/wp-content\/uploads\/2020\/10\/bacbe25b-a433-4440-a2a3-273d7426ecd1-1.jpg","datePublished":"2020-10-30T22:54:17+00:00","breadcrumb":{"@id":"https:\/\/volcanes.net\/?p=9090#breadcrumb"},"inLanguage":"es","potentialAction":[{"@type":"ReadAction","target":["https:\/\/volcanes.net\/?p=9090"]}]},{"@type":"ImageObject","inLanguage":"es","@id":"https:\/\/volcanes.net\/?p=9090#primaryimage","url":"https:\/\/volcanes.net\/wp-content\/uploads\/2020\/10\/bacbe25b-a433-4440-a2a3-273d7426ecd1-1.jpg","contentUrl":"https:\/\/volcanes.net\/wp-content\/uploads\/2020\/10\/bacbe25b-a433-4440-a2a3-273d7426ecd1-1.jpg","width":720,"height":540},{"@type":"BreadcrumbList","@id":"https:\/\/volcanes.net\/?p=9090#breadcrumb","itemListElement":[{"@type":"ListItem","position":1,"name":"Portada","item":"https:\/\/volcanes.net\/"},{"@type":"ListItem","position":2,"name":"Se rehabilitar\u00e1 calle Adolfo L\u00f3pez Mateos tramo calle Emilio Carranza a Calle M\u00e9rida"}]},{"@type":"WebSite","@id":"https:\/\/volcanes.net\/#website","url":"https:\/\/volcanes.net\/","name":"Volcanes.Net","description":"Periodismo Profesional","publisher":{"@id":"https:\/\/volcanes.net\/#organization"},"potentialAction":[{"@type":"SearchAction","target":{"@type":"EntryPoint","urlTemplate":"https:\/\/volcanes.net\/?s={search_term_string}"},"query-input":{"@type":"PropertyValueSpecification","valueRequired":true,"valueName":"search_term_string"}}],"inLanguage":"es"},{"@type":"Organization","@id":"https:\/\/volcanes.net\/#organization","name":"Grupo Volcanes","url":"https:\/\/volcanes.net\/","logo":{"@type":"ImageObject","inLanguage":"es","@id":"https:\/\/volcanes.net\/#\/schema\/logo\/image\/","url":"http:\/\/volcanes.net\/wp-content\/uploads\/2017\/12\/Avatar2.jpg","contentUrl":"http:\/\/volcanes.net\/wp-content\/uploads\/2017\/12\/Avatar2.jpg","width":378,"height":378,"caption":"Grupo Volcanes"},"image":{"@id":"https:\/\/volcanes.net\/#\/schema\/logo\/image\/"},"sameAs":["https:\/\/www.facebook.com\/volcanes.net\/"]},{"@type":"Person","@id":"https:\/\/volcanes.net\/#\/schema\/person\/4bf0f383940966a4abd53f5048c0e6b9","name":"admin","image":{"@type":"ImageObject","inLanguage":"es","@id":"https:\/\/volcanes.net\/#\/schema\/person\/image\/","url":"https:\/\/secure.gravatar.com\/avatar\/ca004e6cba8462b8cb7abc86e382930c?s=96&d=mm&r=g","contentUrl":"https:\/\/secure.gravatar.com\/avatar\/ca004e6cba8462b8cb7abc86e382930c?s=96&d=mm&r=g","caption":"admin"}}]}},"_links":{"self":[{"href":"https:\/\/volcanes.net\/index.php?rest_route=\/wp\/v2\/posts\/9090"}],"collection":[{"href":"https:\/\/volcanes.net\/index.php?rest_route=\/wp\/v2\/posts"}],"about":[{"href":"https:\/\/volcanes.net\/index.php?rest_route=\/wp\/v2\/types\/post"}],"author":[{"embeddable":true,"href":"https:\/\/volcanes.net\/index.php?rest_route=\/wp\/v2\/users\/1"}],"replies":[{"embeddable":true,"href":"https:\/\/volcanes.net\/index.php?rest_route=%2Fwp%2Fv2%2Fcomments&post=9090"}],"version-history":[{"count":1,"href":"https:\/\/volcanes.net\/index.php?rest_route=\/wp\/v2\/posts\/9090\/revisions"}],"predecessor-version":[{"id":9093,"href":"https:\/\/volcanes.net\/index.php?rest_route=\/wp\/v2\/posts\/9090\/revisions\/9093"}],"wp:featuredmedia":[{"embeddable":true,"href":"https:\/\/volcanes.net\/index.php?rest_route=\/wp\/v2\/media\/9092"}],"wp:attachment":[{"href":"https:\/\/volcanes.net\/index.php?rest_route=%2Fwp%2Fv2%2Fmedia&parent=9090"}],"wp:term":[{"taxonomy":"category","embeddable":true,"href":"https:\/\/volcanes.net\/index.php?rest_route=%2Fwp%2Fv2%2Fcategories&post=9090"},{"taxonomy":"post_tag","embeddable":true,"href":"https:\/\/volcanes.net\/index.php?rest_route=%2Fwp%2Fv2%2Ftags&post=9090"}],"curies":[{"name":"wp","href":"https:\/\/api.w.org\/{rel}","templated":true}]}}