{"id":9095,"date":"2020-10-30T17:02:43","date_gmt":"2020-10-30T23:02:43","guid":{"rendered":"http:\/\/volcanes.net\/?p=9095"},"modified":"2020-10-30T17:18:06","modified_gmt":"2020-10-30T23:18:06","slug":"el-presidente-de-la-republica-ordeno-apoyos-directos-para-la-agricultura-martha-guerrero","status":"publish","type":"post","link":"https:\/\/volcanes.net\/?p=9095","title":{"rendered":"El presidente de la Rep\u00fablica orden\u00f3 apoyos directos para la agricultura: Martha Guerrero"},"content":{"rendered":"<div style=\"margin-top: 0px; margin-bottom: 0px;\" class=\"sharethis-inline-share-buttons\" ><\/div><p style=\"text-align: justify;\">Juchitepec, Estado de M\u00e9xico.-\u00a0 En entrevista para Volcanes Multimedios la \u00a0Senadora Martha Guerrero S\u00e1nchez por el Estado de M\u00e9xico, coment\u00f3\u00a0 que es necesario apoyar m\u00e1s al agricultor en esta regi\u00f3n, por lo que pidi\u00f3 que se tenga paciencia, ya que el Presidente de la Rep\u00fablica est\u00e1 ordenando los apoyos para la agricultura, debido a que por muchas d\u00e9cadas los apoyos destinados para este sector eran desviados, actualmente se busca que dichos apoyos lleguen directamente a los agricultores.<\/p>\n<p style=\"text-align: justify;\">Guerrero S\u00e1nchez, insisti\u00f3 a los agricultores que se note la importancia de las semillas que se producen en el Estado de M\u00e9xico, con el fin de que se tenga la importancia no solo en la regi\u00f3n de los Volcanes, sino a nivel nacional, y que con ayuda de las investigaciones proporcionen que las semillas tengan un alto nivel de calidad para su consumo.<\/p>\n<p style=\"text-align: justify;\">\u201cLo que les puedo decir a los agricultores a nivel nacional y del Estado de M\u00e9xico es que tengan confianza y paciencia, porque se pudiera percibir que no hay apoyo al agricultor, pero, es todo lo contrario, se est\u00e1 ordenando los financiamientos, los fondos, los apoyos para que verdaderamente lleguen al agricultor\u201d, coment\u00f3 la senadora.<br \/>\nhttps:\/\/www.facebook.com\/109414100442855\/posts\/402182937832635\/<\/p>\n","protected":false},"excerpt":{"rendered":"<p>Juchitepec, Estado de M\u00e9xico.-\u00a0 En entrevista para Volcanes Multimedios la \u00a0Senadora Martha Guerrero S\u00e1nchez por<\/p>\n","protected":false},"author":1,"featured_media":9096,"comment_status":"open","ping_status":"open","sticky":false,"template":"","format":"standard","meta":{"footnotes":""},"categories":[1],"tags":[179],"class_list":["post-9095","post","type-post","status-publish","format-standard","has-post-thumbnail","hentry","category-municipales","tag-juchitepec"],"yoast_head":"<!-- This site is optimized with the Yoast SEO plugin v25.3 - https:\/\/yoast.com\/wordpress\/plugins\/seo\/ -->\n<title>El presidente de la Rep\u00fablica orden\u00f3 apoyos directos para la agricultura: Martha Guerrero - Volcanes<\/title>\n<meta name=\"robots\" content=\"index, follow, max-snippet:-1, max-image-preview:large, max-video-preview:-1\" \/>\n<link rel=\"canonical\" href=\"https:\/\/volcanes.net\/?p=9095\" \/>\n<meta property=\"og:locale\" content=\"es_MX\" \/>\n<meta property=\"og:type\" content=\"article\" \/>\n<meta property=\"og:title\" content=\"El presidente de la Rep\u00fablica orden\u00f3 apoyos directos para la agricultura: Martha Guerrero - Volcanes\" \/>\n<meta property=\"og:description\" content=\"Juchitepec, Estado de M\u00e9xico.-\u00a0 En entrevista para Volcanes Multimedios la \u00a0Senadora Martha Guerrero S\u00e1nchez por\" \/>\n<meta property=\"og:url\" content=\"https:\/\/volcanes.net\/?p=9095\" \/>\n<meta property=\"og:site_name\" content=\"Volcanes\" \/>\n<meta property=\"article:publisher\" content=\"https:\/\/www.facebook.com\/volcanes.net\/\" \/>\n<meta property=\"article:published_time\" content=\"2020-10-30T23:02:43+00:00\" \/>\n<meta property=\"article:modified_time\" content=\"2020-10-30T23:18:06+00:00\" \/>\n<meta property=\"og:image\" content=\"https:\/\/volcanes.net\/wp-content\/uploads\/2020\/10\/a0a3b43f-9bc0-4535-a55b-1e3ea4e81ecb.jpg\" \/>\n\t<meta property=\"og:image:width\" content=\"720\" \/>\n\t<meta property=\"og:image:height\" content=\"397\" \/>\n\t<meta property=\"og:image:type\" content=\"image\/jpeg\" \/>\n<meta name=\"author\" content=\"admin\" \/>\n<meta name=\"twitter:card\" content=\"summary_large_image\" \/>\n<meta name=\"twitter:label1\" content=\"Escrito por\" \/>\n\t<meta name=\"twitter:data1\" content=\"admin\" \/>\n\t<meta name=\"twitter:label2\" content=\"Tiempo de lectura\" \/>\n\t<meta name=\"twitter:data2\" content=\"1 minuto\" \/>\n<script type=\"application\/ld+json\" class=\"yoast-schema-graph\">{\"@context\":\"https:\/\/schema.org\",\"@graph\":[{\"@type\":\"Article\",\"@id\":\"https:\/\/volcanes.net\/?p=9095#article\",\"isPartOf\":{\"@id\":\"https:\/\/volcanes.net\/?p=9095\"},\"author\":{\"name\":\"admin\",\"@id\":\"https:\/\/volcanes.net\/#\/schema\/person\/4bf0f383940966a4abd53f5048c0e6b9\"},\"headline\":\"El presidente de la Rep\u00fablica orden\u00f3 apoyos directos para la agricultura: Martha Guerrero\",\"datePublished\":\"2020-10-30T23:02:43+00:00\",\"dateModified\":\"2020-10-30T23:18:06+00:00\",\"mainEntityOfPage\":{\"@id\":\"https:\/\/volcanes.net\/?p=9095\"},\"wordCount\":226,\"commentCount\":0,\"publisher\":{\"@id\":\"https:\/\/volcanes.net\/#organization\"},\"image\":{\"@id\":\"https:\/\/volcanes.net\/?p=9095#primaryimage\"},\"thumbnailUrl\":\"https:\/\/volcanes.net\/wp-content\/uploads\/2020\/10\/a0a3b43f-9bc0-4535-a55b-1e3ea4e81ecb.jpg\",\"keywords\":[\"Juchitepec\"],\"articleSection\":[\"Municipales\"],\"inLanguage\":\"es\",\"potentialAction\":[{\"@type\":\"CommentAction\",\"name\":\"Comment\",\"target\":[\"https:\/\/volcanes.net\/?p=9095#respond\"]}]},{\"@type\":\"WebPage\",\"@id\":\"https:\/\/volcanes.net\/?p=9095\",\"url\":\"https:\/\/volcanes.net\/?p=9095\",\"name\":\"El presidente de la Rep\u00fablica orden\u00f3 apoyos directos para la agricultura: Martha Guerrero - Volcanes\",\"isPartOf\":{\"@id\":\"https:\/\/volcanes.net\/#website\"},\"primaryImageOfPage\":{\"@id\":\"https:\/\/volcanes.net\/?p=9095#primaryimage\"},\"image\":{\"@id\":\"https:\/\/volcanes.net\/?p=9095#primaryimage\"},\"thumbnailUrl\":\"https:\/\/volcanes.net\/wp-content\/uploads\/2020\/10\/a0a3b43f-9bc0-4535-a55b-1e3ea4e81ecb.jpg\",\"datePublished\":\"2020-10-30T23:02:43+00:00\",\"dateModified\":\"2020-10-30T23:18:06+00:00\",\"breadcrumb\":{\"@id\":\"https:\/\/volcanes.net\/?p=9095#breadcrumb\"},\"inLanguage\":\"es\",\"potentialAction\":[{\"@type\":\"ReadAction\",\"target\":[\"https:\/\/volcanes.net\/?p=9095\"]}]},{\"@type\":\"ImageObject\",\"inLanguage\":\"es\",\"@id\":\"https:\/\/volcanes.net\/?p=9095#primaryimage\",\"url\":\"https:\/\/volcanes.net\/wp-content\/uploads\/2020\/10\/a0a3b43f-9bc0-4535-a55b-1e3ea4e81ecb.jpg\",\"contentUrl\":\"https:\/\/volcanes.net\/wp-content\/uploads\/2020\/10\/a0a3b43f-9bc0-4535-a55b-1e3ea4e81ecb.jpg\",\"width\":720,\"height\":397},{\"@type\":\"BreadcrumbList\",\"@id\":\"https:\/\/volcanes.net\/?p=9095#breadcrumb\",\"itemListElement\":[{\"@type\":\"ListItem\",\"position\":1,\"name\":\"Portada\",\"item\":\"https:\/\/volcanes.net\/\"},{\"@type\":\"ListItem\",\"position\":2,\"name\":\"El presidente de la Rep\u00fablica orden\u00f3 apoyos directos para la agricultura: Martha Guerrero\"}]},{\"@type\":\"WebSite\",\"@id\":\"https:\/\/volcanes.net\/#website\",\"url\":\"https:\/\/volcanes.net\/\",\"name\":\"Volcanes.Net\",\"description\":\"Periodismo Profesional\",\"publisher\":{\"@id\":\"https:\/\/volcanes.net\/#organization\"},\"potentialAction\":[{\"@type\":\"SearchAction\",\"target\":{\"@type\":\"EntryPoint\",\"urlTemplate\":\"https:\/\/volcanes.net\/?s={search_term_string}\"},\"query-input\":{\"@type\":\"PropertyValueSpecification\",\"valueRequired\":true,\"valueName\":\"search_term_string\"}}],\"inLanguage\":\"es\"},{\"@type\":\"Organization\",\"@id\":\"https:\/\/volcanes.net\/#organization\",\"name\":\"Grupo Volcanes\",\"url\":\"https:\/\/volcanes.net\/\",\"logo\":{\"@type\":\"ImageObject\",\"inLanguage\":\"es\",\"@id\":\"https:\/\/volcanes.net\/#\/schema\/logo\/image\/\",\"url\":\"http:\/\/volcanes.net\/wp-content\/uploads\/2017\/12\/Avatar2.jpg\",\"contentUrl\":\"http:\/\/volcanes.net\/wp-content\/uploads\/2017\/12\/Avatar2.jpg\",\"width\":378,\"height\":378,\"caption\":\"Grupo Volcanes\"},\"image\":{\"@id\":\"https:\/\/volcanes.net\/#\/schema\/logo\/image\/\"},\"sameAs\":[\"https:\/\/www.facebook.com\/volcanes.net\/\"]},{\"@type\":\"Person\",\"@id\":\"https:\/\/volcanes.net\/#\/schema\/person\/4bf0f383940966a4abd53f5048c0e6b9\",\"name\":\"admin\",\"image\":{\"@type\":\"ImageObject\",\"inLanguage\":\"es\",\"@id\":\"https:\/\/volcanes.net\/#\/schema\/person\/image\/\",\"url\":\"https:\/\/secure.gravatar.com\/avatar\/ca004e6cba8462b8cb7abc86e382930c?s=96&d=mm&r=g\",\"contentUrl\":\"https:\/\/secure.gravatar.com\/avatar\/ca004e6cba8462b8cb7abc86e382930c?s=96&d=mm&r=g\",\"caption\":\"admin\"}}]}<\/script>\n<!-- \/ Yoast SEO plugin. -->","yoast_head_json":{"title":"El presidente de la Rep\u00fablica orden\u00f3 apoyos directos para la agricultura: Martha Guerrero - Volcanes","robots":{"index":"index","follow":"follow","max-snippet":"max-snippet:-1","max-image-preview":"max-image-preview:large","max-video-preview":"max-video-preview:-1"},"canonical":"https:\/\/volcanes.net\/?p=9095","og_locale":"es_MX","og_type":"article","og_title":"El presidente de la Rep\u00fablica orden\u00f3 apoyos directos para la agricultura: Martha Guerrero - Volcanes","og_description":"Juchitepec, Estado de M\u00e9xico.-\u00a0 En entrevista para Volcanes Multimedios la \u00a0Senadora Martha Guerrero S\u00e1nchez por","og_url":"https:\/\/volcanes.net\/?p=9095","og_site_name":"Volcanes","article_publisher":"https:\/\/www.facebook.com\/volcanes.net\/","article_published_time":"2020-10-30T23:02:43+00:00","article_modified_time":"2020-10-30T23:18:06+00:00","og_image":[{"width":720,"height":397,"url":"https:\/\/volcanes.net\/wp-content\/uploads\/2020\/10\/a0a3b43f-9bc0-4535-a55b-1e3ea4e81ecb.jpg","type":"image\/jpeg"}],"author":"admin","twitter_card":"summary_large_image","twitter_misc":{"Escrito por":"admin","Tiempo de lectura":"1 minuto"},"schema":{"@context":"https:\/\/schema.org","@graph":[{"@type":"Article","@id":"https:\/\/volcanes.net\/?p=9095#article","isPartOf":{"@id":"https:\/\/volcanes.net\/?p=9095"},"author":{"name":"admin","@id":"https:\/\/volcanes.net\/#\/schema\/person\/4bf0f383940966a4abd53f5048c0e6b9"},"headline":"El presidente de la Rep\u00fablica orden\u00f3 apoyos directos para la agricultura: Martha Guerrero","datePublished":"2020-10-30T23:02:43+00:00","dateModified":"2020-10-30T23:18:06+00:00","mainEntityOfPage":{"@id":"https:\/\/volcanes.net\/?p=9095"},"wordCount":226,"commentCount":0,"publisher":{"@id":"https:\/\/volcanes.net\/#organization"},"image":{"@id":"https:\/\/volcanes.net\/?p=9095#primaryimage"},"thumbnailUrl":"https:\/\/volcanes.net\/wp-content\/uploads\/2020\/10\/a0a3b43f-9bc0-4535-a55b-1e3ea4e81ecb.jpg","keywords":["Juchitepec"],"articleSection":["Municipales"],"inLanguage":"es","potentialAction":[{"@type":"CommentAction","name":"Comment","target":["https:\/\/volcanes.net\/?p=9095#respond"]}]},{"@type":"WebPage","@id":"https:\/\/volcanes.net\/?p=9095","url":"https:\/\/volcanes.net\/?p=9095","name":"El presidente de la Rep\u00fablica orden\u00f3 apoyos directos para la agricultura: Martha Guerrero - Volcanes","isPartOf":{"@id":"https:\/\/volcanes.net\/#website"},"primaryImageOfPage":{"@id":"https:\/\/volcanes.net\/?p=9095#primaryimage"},"image":{"@id":"https:\/\/volcanes.net\/?p=9095#primaryimage"},"thumbnailUrl":"https:\/\/volcanes.net\/wp-content\/uploads\/2020\/10\/a0a3b43f-9bc0-4535-a55b-1e3ea4e81ecb.jpg","datePublished":"2020-10-30T23:02:43+00:00","dateModified":"2020-10-30T23:18:06+00:00","breadcrumb":{"@id":"https:\/\/volcanes.net\/?p=9095#breadcrumb"},"inLanguage":"es","potentialAction":[{"@type":"ReadAction","target":["https:\/\/volcanes.net\/?p=9095"]}]},{"@type":"ImageObject","inLanguage":"es","@id":"https:\/\/volcanes.net\/?p=9095#primaryimage","url":"https:\/\/volcanes.net\/wp-content\/uploads\/2020\/10\/a0a3b43f-9bc0-4535-a55b-1e3ea4e81ecb.jpg","contentUrl":"https:\/\/volcanes.net\/wp-content\/uploads\/2020\/10\/a0a3b43f-9bc0-4535-a55b-1e3ea4e81ecb.jpg","width":720,"height":397},{"@type":"BreadcrumbList","@id":"https:\/\/volcanes.net\/?p=9095#breadcrumb","itemListElement":[{"@type":"ListItem","position":1,"name":"Portada","item":"https:\/\/volcanes.net\/"},{"@type":"ListItem","position":2,"name":"El presidente de la Rep\u00fablica orden\u00f3 apoyos directos para la agricultura: Martha Guerrero"}]},{"@type":"WebSite","@id":"https:\/\/volcanes.net\/#website","url":"https:\/\/volcanes.net\/","name":"Volcanes.Net","description":"Periodismo Profesional","publisher":{"@id":"https:\/\/volcanes.net\/#organization"},"potentialAction":[{"@type":"SearchAction","target":{"@type":"EntryPoint","urlTemplate":"https:\/\/volcanes.net\/?s={search_term_string}"},"query-input":{"@type":"PropertyValueSpecification","valueRequired":true,"valueName":"search_term_string"}}],"inLanguage":"es"},{"@type":"Organization","@id":"https:\/\/volcanes.net\/#organization","name":"Grupo Volcanes","url":"https:\/\/volcanes.net\/","logo":{"@type":"ImageObject","inLanguage":"es","@id":"https:\/\/volcanes.net\/#\/schema\/logo\/image\/","url":"http:\/\/volcanes.net\/wp-content\/uploads\/2017\/12\/Avatar2.jpg","contentUrl":"http:\/\/volcanes.net\/wp-content\/uploads\/2017\/12\/Avatar2.jpg","width":378,"height":378,"caption":"Grupo Volcanes"},"image":{"@id":"https:\/\/volcanes.net\/#\/schema\/logo\/image\/"},"sameAs":["https:\/\/www.facebook.com\/volcanes.net\/"]},{"@type":"Person","@id":"https:\/\/volcanes.net\/#\/schema\/person\/4bf0f383940966a4abd53f5048c0e6b9","name":"admin","image":{"@type":"ImageObject","inLanguage":"es","@id":"https:\/\/volcanes.net\/#\/schema\/person\/image\/","url":"https:\/\/secure.gravatar.com\/avatar\/ca004e6cba8462b8cb7abc86e382930c?s=96&d=mm&r=g","contentUrl":"https:\/\/secure.gravatar.com\/avatar\/ca004e6cba8462b8cb7abc86e382930c?s=96&d=mm&r=g","caption":"admin"}}]}},"_links":{"self":[{"href":"https:\/\/volcanes.net\/index.php?rest_route=\/wp\/v2\/posts\/9095"}],"collection":[{"href":"https:\/\/volcanes.net\/index.php?rest_route=\/wp\/v2\/posts"}],"about":[{"href":"https:\/\/volcanes.net\/index.php?rest_route=\/wp\/v2\/types\/post"}],"author":[{"embeddable":true,"href":"https:\/\/volcanes.net\/index.php?rest_route=\/wp\/v2\/users\/1"}],"replies":[{"embeddable":true,"href":"https:\/\/volcanes.net\/index.php?rest_route=%2Fwp%2Fv2%2Fcomments&post=9095"}],"version-history":[{"count":1,"href":"https:\/\/volcanes.net\/index.php?rest_route=\/wp\/v2\/posts\/9095\/revisions"}],"predecessor-version":[{"id":9097,"href":"https:\/\/volcanes.net\/index.php?rest_route=\/wp\/v2\/posts\/9095\/revisions\/9097"}],"wp:featuredmedia":[{"embeddable":true,"href":"https:\/\/volcanes.net\/index.php?rest_route=\/wp\/v2\/media\/9096"}],"wp:attachment":[{"href":"https:\/\/volcanes.net\/index.php?rest_route=%2Fwp%2Fv2%2Fmedia&parent=9095"}],"wp:term":[{"taxonomy":"category","embeddable":true,"href":"https:\/\/volcanes.net\/index.php?rest_route=%2Fwp%2Fv2%2Fcategories&post=9095"},{"taxonomy":"post_tag","embeddable":true,"href":"https:\/\/volcanes.net\/index.php?rest_route=%2Fwp%2Fv2%2Ftags&post=9095"}],"curies":[{"name":"wp","href":"https:\/\/api.w.org\/{rel}","templated":true}]}}