{"id":9098,"date":"2020-10-30T17:19:33","date_gmt":"2020-10-30T23:19:33","guid":{"rendered":"http:\/\/volcanes.net\/?p=9098"},"modified":"2020-10-30T17:24:04","modified_gmt":"2020-10-30T23:24:04","slug":"inicio-segunda-etapa-de-electrificacion-de-calle-cayehualco-y-avenida-independencia-en-tenango-del-aire","status":"publish","type":"post","link":"https:\/\/volcanes.net\/?p=9098","title":{"rendered":"Inici\u00f3 segunda etapa de electrificaci\u00f3n de calle Cayehualco y avenida Independencia en Tenango del Aire"},"content":{"rendered":"<div style=\"margin-top: 0px; margin-bottom: 0px;\" class=\"sharethis-inline-share-buttons\" ><\/div><p style=\"text-align: justify;\">Tenango del Aire, Estado de M\u00e9xico.- El gobierno de este municipio mexiquense que preside Roberto \u00c1vila Ventura dio inicio a la segunda etapa de la electrificaci\u00f3n en la calle Cayehualco y avenida Independencia, donde las familias Tenanguenses ser\u00e1n los primeros beneficiados gracias a estos trabajos.<\/p>\n<p style=\"text-align: justify;\">En entrevista para\u00a0 Volcanes Multimedios, el edil, dio a conocer que estas obras tambi\u00e9n van enfocadas a detonar la econom\u00eda ya que con luz trif\u00e1sica es posible la instalaci\u00f3n de peque\u00f1os talleres, as\u00ed mismo, comento que pese a la contingencia sanitaria por el virus COVID-19,\u00a0 se han realizado grandes obras en distintos puntos del municipio.<\/p>\n<p style=\"text-align: justify;\">Ente las otras m\u00e1s destacas se encuentra la construcci\u00f3n de la Unidad de Rehabilitaci\u00f3n e Integraci\u00f3n Social (URIS), el Colector y la remodelaci\u00f3n de la Unidad Deportiva de Tenango del Aire, obras que han sido apoyadas por el Gobierno del Estado de M\u00e9xico.\u00a0 Ante ello \u00c1vila Ventura, agradeci\u00f3 el apoyo que ha recibido por parte del gobernador mexiquense, Alfredo del Mazo, quien ha puesto los ojos en Tenango del Aire, un pueblo con encanto.<\/p>\n<p style=\"text-align: justify;\">Por otra parte, el edil Tenanguense, coment\u00f3 que m\u00e1s adelante se dar\u00e1 bandera de inicio a otras obras que beneficiar\u00e1n de igual forma a los habitantes, con el fin de elevar la calidad de vida.<\/p>\n","protected":false},"excerpt":{"rendered":"<p>Tenango del Aire, Estado de M\u00e9xico.- El gobierno de este municipio mexiquense que preside Roberto<\/p>\n","protected":false},"author":1,"featured_media":9099,"comment_status":"open","ping_status":"open","sticky":false,"template":"","format":"standard","meta":{"footnotes":""},"categories":[1],"tags":[17],"class_list":["post-9098","post","type-post","status-publish","format-standard","has-post-thumbnail","hentry","category-municipales","tag-tenango-del-aire"],"yoast_head":"<!-- This site is optimized with the Yoast SEO plugin v25.3 - https:\/\/yoast.com\/wordpress\/plugins\/seo\/ -->\n<title>Inici\u00f3 segunda etapa de electrificaci\u00f3n de calle Cayehualco y avenida Independencia en Tenango del Aire - Volcanes<\/title>\n<meta name=\"robots\" content=\"index, follow, max-snippet:-1, max-image-preview:large, max-video-preview:-1\" \/>\n<link rel=\"canonical\" href=\"https:\/\/volcanes.net\/?p=9098\" \/>\n<meta property=\"og:locale\" content=\"es_MX\" \/>\n<meta property=\"og:type\" content=\"article\" \/>\n<meta property=\"og:title\" content=\"Inici\u00f3 segunda etapa de electrificaci\u00f3n de calle Cayehualco y avenida Independencia en Tenango del Aire - Volcanes\" \/>\n<meta property=\"og:description\" content=\"Tenango del Aire, Estado de M\u00e9xico.- El gobierno de este municipio mexiquense que preside Roberto\" \/>\n<meta property=\"og:url\" content=\"https:\/\/volcanes.net\/?p=9098\" \/>\n<meta property=\"og:site_name\" content=\"Volcanes\" \/>\n<meta property=\"article:publisher\" content=\"https:\/\/www.facebook.com\/volcanes.net\/\" \/>\n<meta property=\"article:published_time\" content=\"2020-10-30T23:19:33+00:00\" \/>\n<meta property=\"article:modified_time\" content=\"2020-10-30T23:24:04+00:00\" \/>\n<meta property=\"og:image\" content=\"https:\/\/volcanes.net\/wp-content\/uploads\/2020\/10\/0cc3e3bd-2b0f-434a-bd4c-b28458a5ac00.jpg\" \/>\n\t<meta property=\"og:image:width\" content=\"720\" \/>\n\t<meta property=\"og:image:height\" content=\"400\" \/>\n\t<meta property=\"og:image:type\" content=\"image\/jpeg\" \/>\n<meta name=\"author\" content=\"admin\" \/>\n<meta name=\"twitter:card\" content=\"summary_large_image\" \/>\n<meta name=\"twitter:label1\" content=\"Escrito por\" \/>\n\t<meta name=\"twitter:data1\" content=\"admin\" \/>\n\t<meta name=\"twitter:label2\" content=\"Tiempo de lectura\" \/>\n\t<meta name=\"twitter:data2\" content=\"1 minuto\" \/>\n<script type=\"application\/ld+json\" class=\"yoast-schema-graph\">{\"@context\":\"https:\/\/schema.org\",\"@graph\":[{\"@type\":\"Article\",\"@id\":\"https:\/\/volcanes.net\/?p=9098#article\",\"isPartOf\":{\"@id\":\"https:\/\/volcanes.net\/?p=9098\"},\"author\":{\"name\":\"admin\",\"@id\":\"https:\/\/volcanes.net\/#\/schema\/person\/4bf0f383940966a4abd53f5048c0e6b9\"},\"headline\":\"Inici\u00f3 segunda etapa de electrificaci\u00f3n de calle Cayehualco y avenida Independencia en Tenango del Aire\",\"datePublished\":\"2020-10-30T23:19:33+00:00\",\"dateModified\":\"2020-10-30T23:24:04+00:00\",\"mainEntityOfPage\":{\"@id\":\"https:\/\/volcanes.net\/?p=9098\"},\"wordCount\":242,\"commentCount\":0,\"publisher\":{\"@id\":\"https:\/\/volcanes.net\/#organization\"},\"image\":{\"@id\":\"https:\/\/volcanes.net\/?p=9098#primaryimage\"},\"thumbnailUrl\":\"https:\/\/volcanes.net\/wp-content\/uploads\/2020\/10\/0cc3e3bd-2b0f-434a-bd4c-b28458a5ac00.jpg\",\"keywords\":[\"Tenango del Aire\"],\"articleSection\":[\"Municipales\"],\"inLanguage\":\"es\",\"potentialAction\":[{\"@type\":\"CommentAction\",\"name\":\"Comment\",\"target\":[\"https:\/\/volcanes.net\/?p=9098#respond\"]}]},{\"@type\":\"WebPage\",\"@id\":\"https:\/\/volcanes.net\/?p=9098\",\"url\":\"https:\/\/volcanes.net\/?p=9098\",\"name\":\"Inici\u00f3 segunda etapa de electrificaci\u00f3n de calle Cayehualco y avenida Independencia en Tenango del Aire - Volcanes\",\"isPartOf\":{\"@id\":\"https:\/\/volcanes.net\/#website\"},\"primaryImageOfPage\":{\"@id\":\"https:\/\/volcanes.net\/?p=9098#primaryimage\"},\"image\":{\"@id\":\"https:\/\/volcanes.net\/?p=9098#primaryimage\"},\"thumbnailUrl\":\"https:\/\/volcanes.net\/wp-content\/uploads\/2020\/10\/0cc3e3bd-2b0f-434a-bd4c-b28458a5ac00.jpg\",\"datePublished\":\"2020-10-30T23:19:33+00:00\",\"dateModified\":\"2020-10-30T23:24:04+00:00\",\"breadcrumb\":{\"@id\":\"https:\/\/volcanes.net\/?p=9098#breadcrumb\"},\"inLanguage\":\"es\",\"potentialAction\":[{\"@type\":\"ReadAction\",\"target\":[\"https:\/\/volcanes.net\/?p=9098\"]}]},{\"@type\":\"ImageObject\",\"inLanguage\":\"es\",\"@id\":\"https:\/\/volcanes.net\/?p=9098#primaryimage\",\"url\":\"https:\/\/volcanes.net\/wp-content\/uploads\/2020\/10\/0cc3e3bd-2b0f-434a-bd4c-b28458a5ac00.jpg\",\"contentUrl\":\"https:\/\/volcanes.net\/wp-content\/uploads\/2020\/10\/0cc3e3bd-2b0f-434a-bd4c-b28458a5ac00.jpg\",\"width\":720,\"height\":400},{\"@type\":\"BreadcrumbList\",\"@id\":\"https:\/\/volcanes.net\/?p=9098#breadcrumb\",\"itemListElement\":[{\"@type\":\"ListItem\",\"position\":1,\"name\":\"Portada\",\"item\":\"https:\/\/volcanes.net\/\"},{\"@type\":\"ListItem\",\"position\":2,\"name\":\"Inici\u00f3 segunda etapa de electrificaci\u00f3n de calle Cayehualco y avenida Independencia en Tenango del Aire\"}]},{\"@type\":\"WebSite\",\"@id\":\"https:\/\/volcanes.net\/#website\",\"url\":\"https:\/\/volcanes.net\/\",\"name\":\"Volcanes.Net\",\"description\":\"Periodismo Profesional\",\"publisher\":{\"@id\":\"https:\/\/volcanes.net\/#organization\"},\"potentialAction\":[{\"@type\":\"SearchAction\",\"target\":{\"@type\":\"EntryPoint\",\"urlTemplate\":\"https:\/\/volcanes.net\/?s={search_term_string}\"},\"query-input\":{\"@type\":\"PropertyValueSpecification\",\"valueRequired\":true,\"valueName\":\"search_term_string\"}}],\"inLanguage\":\"es\"},{\"@type\":\"Organization\",\"@id\":\"https:\/\/volcanes.net\/#organization\",\"name\":\"Grupo Volcanes\",\"url\":\"https:\/\/volcanes.net\/\",\"logo\":{\"@type\":\"ImageObject\",\"inLanguage\":\"es\",\"@id\":\"https:\/\/volcanes.net\/#\/schema\/logo\/image\/\",\"url\":\"http:\/\/volcanes.net\/wp-content\/uploads\/2017\/12\/Avatar2.jpg\",\"contentUrl\":\"http:\/\/volcanes.net\/wp-content\/uploads\/2017\/12\/Avatar2.jpg\",\"width\":378,\"height\":378,\"caption\":\"Grupo Volcanes\"},\"image\":{\"@id\":\"https:\/\/volcanes.net\/#\/schema\/logo\/image\/\"},\"sameAs\":[\"https:\/\/www.facebook.com\/volcanes.net\/\"]},{\"@type\":\"Person\",\"@id\":\"https:\/\/volcanes.net\/#\/schema\/person\/4bf0f383940966a4abd53f5048c0e6b9\",\"name\":\"admin\",\"image\":{\"@type\":\"ImageObject\",\"inLanguage\":\"es\",\"@id\":\"https:\/\/volcanes.net\/#\/schema\/person\/image\/\",\"url\":\"https:\/\/secure.gravatar.com\/avatar\/ca004e6cba8462b8cb7abc86e382930c?s=96&d=mm&r=g\",\"contentUrl\":\"https:\/\/secure.gravatar.com\/avatar\/ca004e6cba8462b8cb7abc86e382930c?s=96&d=mm&r=g\",\"caption\":\"admin\"}}]}<\/script>\n<!-- \/ Yoast SEO plugin. -->","yoast_head_json":{"title":"Inici\u00f3 segunda etapa de electrificaci\u00f3n de calle Cayehualco y avenida Independencia en Tenango del Aire - Volcanes","robots":{"index":"index","follow":"follow","max-snippet":"max-snippet:-1","max-image-preview":"max-image-preview:large","max-video-preview":"max-video-preview:-1"},"canonical":"https:\/\/volcanes.net\/?p=9098","og_locale":"es_MX","og_type":"article","og_title":"Inici\u00f3 segunda etapa de electrificaci\u00f3n de calle Cayehualco y avenida Independencia en Tenango del Aire - Volcanes","og_description":"Tenango del Aire, Estado de M\u00e9xico.- El gobierno de este municipio mexiquense que preside Roberto","og_url":"https:\/\/volcanes.net\/?p=9098","og_site_name":"Volcanes","article_publisher":"https:\/\/www.facebook.com\/volcanes.net\/","article_published_time":"2020-10-30T23:19:33+00:00","article_modified_time":"2020-10-30T23:24:04+00:00","og_image":[{"width":720,"height":400,"url":"https:\/\/volcanes.net\/wp-content\/uploads\/2020\/10\/0cc3e3bd-2b0f-434a-bd4c-b28458a5ac00.jpg","type":"image\/jpeg"}],"author":"admin","twitter_card":"summary_large_image","twitter_misc":{"Escrito por":"admin","Tiempo de lectura":"1 minuto"},"schema":{"@context":"https:\/\/schema.org","@graph":[{"@type":"Article","@id":"https:\/\/volcanes.net\/?p=9098#article","isPartOf":{"@id":"https:\/\/volcanes.net\/?p=9098"},"author":{"name":"admin","@id":"https:\/\/volcanes.net\/#\/schema\/person\/4bf0f383940966a4abd53f5048c0e6b9"},"headline":"Inici\u00f3 segunda etapa de electrificaci\u00f3n de calle Cayehualco y avenida Independencia en Tenango del Aire","datePublished":"2020-10-30T23:19:33+00:00","dateModified":"2020-10-30T23:24:04+00:00","mainEntityOfPage":{"@id":"https:\/\/volcanes.net\/?p=9098"},"wordCount":242,"commentCount":0,"publisher":{"@id":"https:\/\/volcanes.net\/#organization"},"image":{"@id":"https:\/\/volcanes.net\/?p=9098#primaryimage"},"thumbnailUrl":"https:\/\/volcanes.net\/wp-content\/uploads\/2020\/10\/0cc3e3bd-2b0f-434a-bd4c-b28458a5ac00.jpg","keywords":["Tenango del Aire"],"articleSection":["Municipales"],"inLanguage":"es","potentialAction":[{"@type":"CommentAction","name":"Comment","target":["https:\/\/volcanes.net\/?p=9098#respond"]}]},{"@type":"WebPage","@id":"https:\/\/volcanes.net\/?p=9098","url":"https:\/\/volcanes.net\/?p=9098","name":"Inici\u00f3 segunda etapa de electrificaci\u00f3n de calle Cayehualco y avenida Independencia en Tenango del Aire - Volcanes","isPartOf":{"@id":"https:\/\/volcanes.net\/#website"},"primaryImageOfPage":{"@id":"https:\/\/volcanes.net\/?p=9098#primaryimage"},"image":{"@id":"https:\/\/volcanes.net\/?p=9098#primaryimage"},"thumbnailUrl":"https:\/\/volcanes.net\/wp-content\/uploads\/2020\/10\/0cc3e3bd-2b0f-434a-bd4c-b28458a5ac00.jpg","datePublished":"2020-10-30T23:19:33+00:00","dateModified":"2020-10-30T23:24:04+00:00","breadcrumb":{"@id":"https:\/\/volcanes.net\/?p=9098#breadcrumb"},"inLanguage":"es","potentialAction":[{"@type":"ReadAction","target":["https:\/\/volcanes.net\/?p=9098"]}]},{"@type":"ImageObject","inLanguage":"es","@id":"https:\/\/volcanes.net\/?p=9098#primaryimage","url":"https:\/\/volcanes.net\/wp-content\/uploads\/2020\/10\/0cc3e3bd-2b0f-434a-bd4c-b28458a5ac00.jpg","contentUrl":"https:\/\/volcanes.net\/wp-content\/uploads\/2020\/10\/0cc3e3bd-2b0f-434a-bd4c-b28458a5ac00.jpg","width":720,"height":400},{"@type":"BreadcrumbList","@id":"https:\/\/volcanes.net\/?p=9098#breadcrumb","itemListElement":[{"@type":"ListItem","position":1,"name":"Portada","item":"https:\/\/volcanes.net\/"},{"@type":"ListItem","position":2,"name":"Inici\u00f3 segunda etapa de electrificaci\u00f3n de calle Cayehualco y avenida Independencia en Tenango del Aire"}]},{"@type":"WebSite","@id":"https:\/\/volcanes.net\/#website","url":"https:\/\/volcanes.net\/","name":"Volcanes.Net","description":"Periodismo Profesional","publisher":{"@id":"https:\/\/volcanes.net\/#organization"},"potentialAction":[{"@type":"SearchAction","target":{"@type":"EntryPoint","urlTemplate":"https:\/\/volcanes.net\/?s={search_term_string}"},"query-input":{"@type":"PropertyValueSpecification","valueRequired":true,"valueName":"search_term_string"}}],"inLanguage":"es"},{"@type":"Organization","@id":"https:\/\/volcanes.net\/#organization","name":"Grupo Volcanes","url":"https:\/\/volcanes.net\/","logo":{"@type":"ImageObject","inLanguage":"es","@id":"https:\/\/volcanes.net\/#\/schema\/logo\/image\/","url":"http:\/\/volcanes.net\/wp-content\/uploads\/2017\/12\/Avatar2.jpg","contentUrl":"http:\/\/volcanes.net\/wp-content\/uploads\/2017\/12\/Avatar2.jpg","width":378,"height":378,"caption":"Grupo Volcanes"},"image":{"@id":"https:\/\/volcanes.net\/#\/schema\/logo\/image\/"},"sameAs":["https:\/\/www.facebook.com\/volcanes.net\/"]},{"@type":"Person","@id":"https:\/\/volcanes.net\/#\/schema\/person\/4bf0f383940966a4abd53f5048c0e6b9","name":"admin","image":{"@type":"ImageObject","inLanguage":"es","@id":"https:\/\/volcanes.net\/#\/schema\/person\/image\/","url":"https:\/\/secure.gravatar.com\/avatar\/ca004e6cba8462b8cb7abc86e382930c?s=96&d=mm&r=g","contentUrl":"https:\/\/secure.gravatar.com\/avatar\/ca004e6cba8462b8cb7abc86e382930c?s=96&d=mm&r=g","caption":"admin"}}]}},"_links":{"self":[{"href":"https:\/\/volcanes.net\/index.php?rest_route=\/wp\/v2\/posts\/9098"}],"collection":[{"href":"https:\/\/volcanes.net\/index.php?rest_route=\/wp\/v2\/posts"}],"about":[{"href":"https:\/\/volcanes.net\/index.php?rest_route=\/wp\/v2\/types\/post"}],"author":[{"embeddable":true,"href":"https:\/\/volcanes.net\/index.php?rest_route=\/wp\/v2\/users\/1"}],"replies":[{"embeddable":true,"href":"https:\/\/volcanes.net\/index.php?rest_route=%2Fwp%2Fv2%2Fcomments&post=9098"}],"version-history":[{"count":2,"href":"https:\/\/volcanes.net\/index.php?rest_route=\/wp\/v2\/posts\/9098\/revisions"}],"predecessor-version":[{"id":9101,"href":"https:\/\/volcanes.net\/index.php?rest_route=\/wp\/v2\/posts\/9098\/revisions\/9101"}],"wp:featuredmedia":[{"embeddable":true,"href":"https:\/\/volcanes.net\/index.php?rest_route=\/wp\/v2\/media\/9099"}],"wp:attachment":[{"href":"https:\/\/volcanes.net\/index.php?rest_route=%2Fwp%2Fv2%2Fmedia&parent=9098"}],"wp:term":[{"taxonomy":"category","embeddable":true,"href":"https:\/\/volcanes.net\/index.php?rest_route=%2Fwp%2Fv2%2Fcategories&post=9098"},{"taxonomy":"post_tag","embeddable":true,"href":"https:\/\/volcanes.net\/index.php?rest_route=%2Fwp%2Fv2%2Ftags&post=9098"}],"curies":[{"name":"wp","href":"https:\/\/api.w.org\/{rel}","templated":true}]}}