{"id":9124,"date":"2020-11-03T16:57:23","date_gmt":"2020-11-03T22:57:23","guid":{"rendered":"http:\/\/volcanes.net\/?p=9124"},"modified":"2020-11-03T16:57:23","modified_gmt":"2020-11-03T22:57:23","slug":"gobierno-de-atlautla-da-banderazo-de-inicio-a-la-construccion-de-pavimentacion-en-la-delegacion-san-juan-tepecoculco","status":"publish","type":"post","link":"https:\/\/volcanes.net\/?p=9124","title":{"rendered":"Gobierno de Atlautla  da banderazo de inicio a la construcci\u00f3n de pavimentaci\u00f3n en la delegaci\u00f3n San Juan Tepecoculco"},"content":{"rendered":"<div style=\"margin-top: 0px; margin-bottom: 0px;\" class=\"sharethis-inline-share-buttons\" ><\/div><p>Atlautla, Estado de M\u00e9xico.- \u00a0El gobierno municipal que encabeza Hermenegildo Lozada Amaro, dio banderazo de inicio a la construcci\u00f3n de \u00a0tres pavimentaciones en las calles; \u00a0Hidalgo, M\u00e9xico y la calle Hidalgo en la delegaci\u00f3n de San Juan Tepecoculco.<\/p>\n<p>Ante ello, el edil refrend\u00f3 su compromiso por continuar trabajando en beneficio de todos los habitantes del municipio,\u201cComo todos sabemos, la pandemia por el virus COVID-19 vino a retrasar muchos trabajos\u00a0 que ya se hab\u00edan proyectado, por eso agradezco a todos la paciencia y consideraci\u00f3n que han tenido, pues si bien hubo retraso, aqu\u00ed est\u00e1n los resultados, con obras de beneficio\u201d, dijo el edil.<\/p>\n<p>As\u00ed mismo, coment\u00f3 sobre los dem\u00e1s trabajos que se realizar\u00e1n en diferentes puntos del municipio desde introducci\u00f3n de drenaje, pavimentaciones, rehabilitaci\u00f3n de l\u00edneas de agua, instalaci\u00f3n de luminaria, entre otras con el fin de mejor la calidad de vida de los habitantes.<\/p>\n<p>No obstante, Lozada Amaro, invit\u00f3 a la poblaci\u00f3n a no dejarse enga\u00f1ar en estos tiempos electorales, ya que las obras est\u00e1n f\u00edsicas y cuentan con informaci\u00f3n a su alcance sobre las gestiones que se han realizado.<\/p>\n","protected":false},"excerpt":{"rendered":"<p>Atlautla, Estado de M\u00e9xico.- \u00a0El gobierno municipal que encabeza Hermenegildo Lozada Amaro, dio banderazo de<\/p>\n","protected":false},"author":1,"featured_media":9125,"comment_status":"open","ping_status":"open","sticky":false,"template":"","format":"standard","meta":{"footnotes":""},"categories":[1],"tags":[80],"class_list":["post-9124","post","type-post","status-publish","format-standard","has-post-thumbnail","hentry","category-municipales","tag-atlautla"],"yoast_head":"<!-- This site is optimized with the Yoast SEO plugin v25.3 - https:\/\/yoast.com\/wordpress\/plugins\/seo\/ -->\n<title>Gobierno de Atlautla da banderazo de inicio a la construcci\u00f3n de pavimentaci\u00f3n en la delegaci\u00f3n San Juan Tepecoculco - Volcanes<\/title>\n<meta name=\"robots\" content=\"index, follow, max-snippet:-1, max-image-preview:large, max-video-preview:-1\" \/>\n<link rel=\"canonical\" href=\"https:\/\/volcanes.net\/?p=9124\" \/>\n<meta property=\"og:locale\" content=\"es_MX\" \/>\n<meta property=\"og:type\" content=\"article\" \/>\n<meta property=\"og:title\" content=\"Gobierno de Atlautla da banderazo de inicio a la construcci\u00f3n de pavimentaci\u00f3n en la delegaci\u00f3n San Juan Tepecoculco - Volcanes\" \/>\n<meta property=\"og:description\" content=\"Atlautla, Estado de M\u00e9xico.- \u00a0El gobierno municipal que encabeza Hermenegildo Lozada Amaro, dio banderazo de\" \/>\n<meta property=\"og:url\" content=\"https:\/\/volcanes.net\/?p=9124\" \/>\n<meta property=\"og:site_name\" content=\"Volcanes\" \/>\n<meta property=\"article:publisher\" content=\"https:\/\/www.facebook.com\/volcanes.net\/\" \/>\n<meta property=\"article:published_time\" content=\"2020-11-03T22:57:23+00:00\" \/>\n<meta property=\"og:image\" content=\"https:\/\/volcanes.net\/wp-content\/uploads\/2020\/11\/df68091a-dbed-485b-90f8-ef29c5946a76.jpg\" \/>\n\t<meta property=\"og:image:width\" content=\"720\" \/>\n\t<meta property=\"og:image:height\" content=\"392\" \/>\n\t<meta property=\"og:image:type\" content=\"image\/jpeg\" \/>\n<meta name=\"author\" content=\"admin\" \/>\n<meta name=\"twitter:card\" content=\"summary_large_image\" \/>\n<meta name=\"twitter:label1\" content=\"Escrito por\" \/>\n\t<meta name=\"twitter:data1\" content=\"admin\" \/>\n\t<meta name=\"twitter:label2\" content=\"Tiempo de lectura\" \/>\n\t<meta name=\"twitter:data2\" content=\"1 minuto\" \/>\n<script type=\"application\/ld+json\" class=\"yoast-schema-graph\">{\"@context\":\"https:\/\/schema.org\",\"@graph\":[{\"@type\":\"Article\",\"@id\":\"https:\/\/volcanes.net\/?p=9124#article\",\"isPartOf\":{\"@id\":\"https:\/\/volcanes.net\/?p=9124\"},\"author\":{\"name\":\"admin\",\"@id\":\"https:\/\/volcanes.net\/#\/schema\/person\/4bf0f383940966a4abd53f5048c0e6b9\"},\"headline\":\"Gobierno de Atlautla da banderazo de inicio a la construcci\u00f3n de pavimentaci\u00f3n en la delegaci\u00f3n San Juan Tepecoculco\",\"datePublished\":\"2020-11-03T22:57:23+00:00\",\"mainEntityOfPage\":{\"@id\":\"https:\/\/volcanes.net\/?p=9124\"},\"wordCount\":221,\"commentCount\":0,\"publisher\":{\"@id\":\"https:\/\/volcanes.net\/#organization\"},\"image\":{\"@id\":\"https:\/\/volcanes.net\/?p=9124#primaryimage\"},\"thumbnailUrl\":\"https:\/\/volcanes.net\/wp-content\/uploads\/2020\/11\/df68091a-dbed-485b-90f8-ef29c5946a76.jpg\",\"keywords\":[\"Atlautla\"],\"articleSection\":[\"Municipales\"],\"inLanguage\":\"es\",\"potentialAction\":[{\"@type\":\"CommentAction\",\"name\":\"Comment\",\"target\":[\"https:\/\/volcanes.net\/?p=9124#respond\"]}]},{\"@type\":\"WebPage\",\"@id\":\"https:\/\/volcanes.net\/?p=9124\",\"url\":\"https:\/\/volcanes.net\/?p=9124\",\"name\":\"Gobierno de Atlautla da banderazo de inicio a la construcci\u00f3n de pavimentaci\u00f3n en la delegaci\u00f3n San Juan Tepecoculco - Volcanes\",\"isPartOf\":{\"@id\":\"https:\/\/volcanes.net\/#website\"},\"primaryImageOfPage\":{\"@id\":\"https:\/\/volcanes.net\/?p=9124#primaryimage\"},\"image\":{\"@id\":\"https:\/\/volcanes.net\/?p=9124#primaryimage\"},\"thumbnailUrl\":\"https:\/\/volcanes.net\/wp-content\/uploads\/2020\/11\/df68091a-dbed-485b-90f8-ef29c5946a76.jpg\",\"datePublished\":\"2020-11-03T22:57:23+00:00\",\"breadcrumb\":{\"@id\":\"https:\/\/volcanes.net\/?p=9124#breadcrumb\"},\"inLanguage\":\"es\",\"potentialAction\":[{\"@type\":\"ReadAction\",\"target\":[\"https:\/\/volcanes.net\/?p=9124\"]}]},{\"@type\":\"ImageObject\",\"inLanguage\":\"es\",\"@id\":\"https:\/\/volcanes.net\/?p=9124#primaryimage\",\"url\":\"https:\/\/volcanes.net\/wp-content\/uploads\/2020\/11\/df68091a-dbed-485b-90f8-ef29c5946a76.jpg\",\"contentUrl\":\"https:\/\/volcanes.net\/wp-content\/uploads\/2020\/11\/df68091a-dbed-485b-90f8-ef29c5946a76.jpg\",\"width\":720,\"height\":392},{\"@type\":\"BreadcrumbList\",\"@id\":\"https:\/\/volcanes.net\/?p=9124#breadcrumb\",\"itemListElement\":[{\"@type\":\"ListItem\",\"position\":1,\"name\":\"Portada\",\"item\":\"https:\/\/volcanes.net\/\"},{\"@type\":\"ListItem\",\"position\":2,\"name\":\"Gobierno de Atlautla da banderazo de inicio a la construcci\u00f3n de pavimentaci\u00f3n en la delegaci\u00f3n San Juan Tepecoculco\"}]},{\"@type\":\"WebSite\",\"@id\":\"https:\/\/volcanes.net\/#website\",\"url\":\"https:\/\/volcanes.net\/\",\"name\":\"Volcanes.Net\",\"description\":\"Periodismo Profesional\",\"publisher\":{\"@id\":\"https:\/\/volcanes.net\/#organization\"},\"potentialAction\":[{\"@type\":\"SearchAction\",\"target\":{\"@type\":\"EntryPoint\",\"urlTemplate\":\"https:\/\/volcanes.net\/?s={search_term_string}\"},\"query-input\":{\"@type\":\"PropertyValueSpecification\",\"valueRequired\":true,\"valueName\":\"search_term_string\"}}],\"inLanguage\":\"es\"},{\"@type\":\"Organization\",\"@id\":\"https:\/\/volcanes.net\/#organization\",\"name\":\"Grupo Volcanes\",\"url\":\"https:\/\/volcanes.net\/\",\"logo\":{\"@type\":\"ImageObject\",\"inLanguage\":\"es\",\"@id\":\"https:\/\/volcanes.net\/#\/schema\/logo\/image\/\",\"url\":\"http:\/\/volcanes.net\/wp-content\/uploads\/2017\/12\/Avatar2.jpg\",\"contentUrl\":\"http:\/\/volcanes.net\/wp-content\/uploads\/2017\/12\/Avatar2.jpg\",\"width\":378,\"height\":378,\"caption\":\"Grupo Volcanes\"},\"image\":{\"@id\":\"https:\/\/volcanes.net\/#\/schema\/logo\/image\/\"},\"sameAs\":[\"https:\/\/www.facebook.com\/volcanes.net\/\"]},{\"@type\":\"Person\",\"@id\":\"https:\/\/volcanes.net\/#\/schema\/person\/4bf0f383940966a4abd53f5048c0e6b9\",\"name\":\"admin\",\"image\":{\"@type\":\"ImageObject\",\"inLanguage\":\"es\",\"@id\":\"https:\/\/volcanes.net\/#\/schema\/person\/image\/\",\"url\":\"https:\/\/secure.gravatar.com\/avatar\/ca004e6cba8462b8cb7abc86e382930c?s=96&d=mm&r=g\",\"contentUrl\":\"https:\/\/secure.gravatar.com\/avatar\/ca004e6cba8462b8cb7abc86e382930c?s=96&d=mm&r=g\",\"caption\":\"admin\"}}]}<\/script>\n<!-- \/ Yoast SEO plugin. -->","yoast_head_json":{"title":"Gobierno de Atlautla da banderazo de inicio a la construcci\u00f3n de pavimentaci\u00f3n en la delegaci\u00f3n San Juan Tepecoculco - Volcanes","robots":{"index":"index","follow":"follow","max-snippet":"max-snippet:-1","max-image-preview":"max-image-preview:large","max-video-preview":"max-video-preview:-1"},"canonical":"https:\/\/volcanes.net\/?p=9124","og_locale":"es_MX","og_type":"article","og_title":"Gobierno de Atlautla da banderazo de inicio a la construcci\u00f3n de pavimentaci\u00f3n en la delegaci\u00f3n San Juan Tepecoculco - Volcanes","og_description":"Atlautla, Estado de M\u00e9xico.- \u00a0El gobierno municipal que encabeza Hermenegildo Lozada Amaro, dio banderazo de","og_url":"https:\/\/volcanes.net\/?p=9124","og_site_name":"Volcanes","article_publisher":"https:\/\/www.facebook.com\/volcanes.net\/","article_published_time":"2020-11-03T22:57:23+00:00","og_image":[{"width":720,"height":392,"url":"https:\/\/volcanes.net\/wp-content\/uploads\/2020\/11\/df68091a-dbed-485b-90f8-ef29c5946a76.jpg","type":"image\/jpeg"}],"author":"admin","twitter_card":"summary_large_image","twitter_misc":{"Escrito por":"admin","Tiempo de lectura":"1 minuto"},"schema":{"@context":"https:\/\/schema.org","@graph":[{"@type":"Article","@id":"https:\/\/volcanes.net\/?p=9124#article","isPartOf":{"@id":"https:\/\/volcanes.net\/?p=9124"},"author":{"name":"admin","@id":"https:\/\/volcanes.net\/#\/schema\/person\/4bf0f383940966a4abd53f5048c0e6b9"},"headline":"Gobierno de Atlautla da banderazo de inicio a la construcci\u00f3n de pavimentaci\u00f3n en la delegaci\u00f3n San Juan Tepecoculco","datePublished":"2020-11-03T22:57:23+00:00","mainEntityOfPage":{"@id":"https:\/\/volcanes.net\/?p=9124"},"wordCount":221,"commentCount":0,"publisher":{"@id":"https:\/\/volcanes.net\/#organization"},"image":{"@id":"https:\/\/volcanes.net\/?p=9124#primaryimage"},"thumbnailUrl":"https:\/\/volcanes.net\/wp-content\/uploads\/2020\/11\/df68091a-dbed-485b-90f8-ef29c5946a76.jpg","keywords":["Atlautla"],"articleSection":["Municipales"],"inLanguage":"es","potentialAction":[{"@type":"CommentAction","name":"Comment","target":["https:\/\/volcanes.net\/?p=9124#respond"]}]},{"@type":"WebPage","@id":"https:\/\/volcanes.net\/?p=9124","url":"https:\/\/volcanes.net\/?p=9124","name":"Gobierno de Atlautla da banderazo de inicio a la construcci\u00f3n de pavimentaci\u00f3n en la delegaci\u00f3n San Juan Tepecoculco - Volcanes","isPartOf":{"@id":"https:\/\/volcanes.net\/#website"},"primaryImageOfPage":{"@id":"https:\/\/volcanes.net\/?p=9124#primaryimage"},"image":{"@id":"https:\/\/volcanes.net\/?p=9124#primaryimage"},"thumbnailUrl":"https:\/\/volcanes.net\/wp-content\/uploads\/2020\/11\/df68091a-dbed-485b-90f8-ef29c5946a76.jpg","datePublished":"2020-11-03T22:57:23+00:00","breadcrumb":{"@id":"https:\/\/volcanes.net\/?p=9124#breadcrumb"},"inLanguage":"es","potentialAction":[{"@type":"ReadAction","target":["https:\/\/volcanes.net\/?p=9124"]}]},{"@type":"ImageObject","inLanguage":"es","@id":"https:\/\/volcanes.net\/?p=9124#primaryimage","url":"https:\/\/volcanes.net\/wp-content\/uploads\/2020\/11\/df68091a-dbed-485b-90f8-ef29c5946a76.jpg","contentUrl":"https:\/\/volcanes.net\/wp-content\/uploads\/2020\/11\/df68091a-dbed-485b-90f8-ef29c5946a76.jpg","width":720,"height":392},{"@type":"BreadcrumbList","@id":"https:\/\/volcanes.net\/?p=9124#breadcrumb","itemListElement":[{"@type":"ListItem","position":1,"name":"Portada","item":"https:\/\/volcanes.net\/"},{"@type":"ListItem","position":2,"name":"Gobierno de Atlautla da banderazo de inicio a la construcci\u00f3n de pavimentaci\u00f3n en la delegaci\u00f3n San Juan Tepecoculco"}]},{"@type":"WebSite","@id":"https:\/\/volcanes.net\/#website","url":"https:\/\/volcanes.net\/","name":"Volcanes.Net","description":"Periodismo Profesional","publisher":{"@id":"https:\/\/volcanes.net\/#organization"},"potentialAction":[{"@type":"SearchAction","target":{"@type":"EntryPoint","urlTemplate":"https:\/\/volcanes.net\/?s={search_term_string}"},"query-input":{"@type":"PropertyValueSpecification","valueRequired":true,"valueName":"search_term_string"}}],"inLanguage":"es"},{"@type":"Organization","@id":"https:\/\/volcanes.net\/#organization","name":"Grupo Volcanes","url":"https:\/\/volcanes.net\/","logo":{"@type":"ImageObject","inLanguage":"es","@id":"https:\/\/volcanes.net\/#\/schema\/logo\/image\/","url":"http:\/\/volcanes.net\/wp-content\/uploads\/2017\/12\/Avatar2.jpg","contentUrl":"http:\/\/volcanes.net\/wp-content\/uploads\/2017\/12\/Avatar2.jpg","width":378,"height":378,"caption":"Grupo Volcanes"},"image":{"@id":"https:\/\/volcanes.net\/#\/schema\/logo\/image\/"},"sameAs":["https:\/\/www.facebook.com\/volcanes.net\/"]},{"@type":"Person","@id":"https:\/\/volcanes.net\/#\/schema\/person\/4bf0f383940966a4abd53f5048c0e6b9","name":"admin","image":{"@type":"ImageObject","inLanguage":"es","@id":"https:\/\/volcanes.net\/#\/schema\/person\/image\/","url":"https:\/\/secure.gravatar.com\/avatar\/ca004e6cba8462b8cb7abc86e382930c?s=96&d=mm&r=g","contentUrl":"https:\/\/secure.gravatar.com\/avatar\/ca004e6cba8462b8cb7abc86e382930c?s=96&d=mm&r=g","caption":"admin"}}]}},"_links":{"self":[{"href":"https:\/\/volcanes.net\/index.php?rest_route=\/wp\/v2\/posts\/9124"}],"collection":[{"href":"https:\/\/volcanes.net\/index.php?rest_route=\/wp\/v2\/posts"}],"about":[{"href":"https:\/\/volcanes.net\/index.php?rest_route=\/wp\/v2\/types\/post"}],"author":[{"embeddable":true,"href":"https:\/\/volcanes.net\/index.php?rest_route=\/wp\/v2\/users\/1"}],"replies":[{"embeddable":true,"href":"https:\/\/volcanes.net\/index.php?rest_route=%2Fwp%2Fv2%2Fcomments&post=9124"}],"version-history":[{"count":1,"href":"https:\/\/volcanes.net\/index.php?rest_route=\/wp\/v2\/posts\/9124\/revisions"}],"predecessor-version":[{"id":9126,"href":"https:\/\/volcanes.net\/index.php?rest_route=\/wp\/v2\/posts\/9124\/revisions\/9126"}],"wp:featuredmedia":[{"embeddable":true,"href":"https:\/\/volcanes.net\/index.php?rest_route=\/wp\/v2\/media\/9125"}],"wp:attachment":[{"href":"https:\/\/volcanes.net\/index.php?rest_route=%2Fwp%2Fv2%2Fmedia&parent=9124"}],"wp:term":[{"taxonomy":"category","embeddable":true,"href":"https:\/\/volcanes.net\/index.php?rest_route=%2Fwp%2Fv2%2Fcategories&post=9124"},{"taxonomy":"post_tag","embeddable":true,"href":"https:\/\/volcanes.net\/index.php?rest_route=%2Fwp%2Fv2%2Ftags&post=9124"}],"curies":[{"name":"wp","href":"https:\/\/api.w.org\/{rel}","templated":true}]}}