{"id":9133,"date":"2020-11-04T13:57:40","date_gmt":"2020-11-04T19:57:40","guid":{"rendered":"http:\/\/volcanes.net\/?p=9133"},"modified":"2020-11-04T13:57:40","modified_gmt":"2020-11-04T19:57:40","slug":"el-parque-nacional-izta-popo-sera-reabierto-el-proximo-8-de-noviembre","status":"publish","type":"post","link":"https:\/\/volcanes.net\/?p=9133","title":{"rendered":"El parque Nacional Izta-Popo ser\u00e1 reabierto el pr\u00f3ximo 8 de noviembre"},"content":{"rendered":"<div style=\"margin-top: 0px; margin-bottom: 0px;\" class=\"sharethis-inline-share-buttons\" ><\/div><p style=\"text-align: justify;\">Amecameca, Estado de M\u00e9xico.-\u00a0 La Comisi\u00f3n Nacional de \u00c1reas Protegidas CONANP, dio a conocer los protocolos basados en el Sector Salud para la reapertura del parque Nacional Popocat\u00e9petl- Iztacc\u00edhuatl a partir del pr\u00f3ximo 8 de noviembre, en la nueva normalidad a turistas, alpinistas y visitantes a los bosques de la regi\u00f3n volcanes, en el Estado de Mexico.<\/p>\n<p style=\"text-align: justify;\">Cabe mencionar que las visitas a esta \u00e1rea natural ser\u00e1 a trav\u00e9s de un registro v\u00eda internet a la CONANP y solo habr\u00e1 cupo para 75 veh\u00edculos en el albergue de Paso de Cort\u00e9s,que se ubica a las faldas del volc\u00e1n Popocat\u00e9petl, adem\u00e1s de que no estar\u00e1 permitida la entrada a autobuses con pasajeros y solo se permitir\u00e1 pasar la noche en el albergue cuando haya una emergencia.<\/p>\n<p style=\"text-align: justify;\">Por otra parte, los prestadores de servicios tendr\u00e1n que sujetarse a las medidas sanitarias establecidas por el sector salud que espec\u00edfica la norma oficial Mexicana; uso obligatorio de cubrebocas, sana distancia, uso de gel antibacterial, lavado constante de manos, entre otros, con la finalidad de proteger el sector tur\u00edstico.<\/p>\n<p style=\"text-align: justify;\">Mientras que los horarios de ascenso y descenso de la monta\u00f1a ser\u00e1 entre semana de 9 de la ma\u00f1ana a cuatro de la tarde, y los fines de semana desde las siete de la ma\u00f1ana hasta las 16 horas.<\/p>\n","protected":false},"excerpt":{"rendered":"<p>Amecameca, Estado de M\u00e9xico.-\u00a0 La Comisi\u00f3n Nacional de \u00c1reas Protegidas CONANP, dio a conocer los<\/p>\n","protected":false},"author":1,"featured_media":9134,"comment_status":"open","ping_status":"open","sticky":false,"template":"","format":"standard","meta":{"footnotes":""},"categories":[1],"tags":[7],"class_list":["post-9133","post","type-post","status-publish","format-standard","has-post-thumbnail","hentry","category-municipales","tag-amecameca"],"yoast_head":"<!-- This site is optimized with the Yoast SEO plugin v25.3 - https:\/\/yoast.com\/wordpress\/plugins\/seo\/ -->\n<title>El parque Nacional Izta-Popo ser\u00e1 reabierto el pr\u00f3ximo 8 de noviembre - Volcanes<\/title>\n<meta name=\"robots\" content=\"index, follow, max-snippet:-1, max-image-preview:large, max-video-preview:-1\" \/>\n<link rel=\"canonical\" href=\"https:\/\/volcanes.net\/?p=9133\" \/>\n<meta property=\"og:locale\" content=\"es_MX\" \/>\n<meta property=\"og:type\" content=\"article\" \/>\n<meta property=\"og:title\" content=\"El parque Nacional Izta-Popo ser\u00e1 reabierto el pr\u00f3ximo 8 de noviembre - Volcanes\" \/>\n<meta property=\"og:description\" content=\"Amecameca, Estado de M\u00e9xico.-\u00a0 La Comisi\u00f3n Nacional de \u00c1reas Protegidas CONANP, dio a conocer los\" \/>\n<meta property=\"og:url\" content=\"https:\/\/volcanes.net\/?p=9133\" \/>\n<meta property=\"og:site_name\" content=\"Volcanes\" \/>\n<meta property=\"article:publisher\" content=\"https:\/\/www.facebook.com\/volcanes.net\/\" \/>\n<meta property=\"article:published_time\" content=\"2020-11-04T19:57:40+00:00\" \/>\n<meta property=\"og:image\" content=\"https:\/\/volcanes.net\/wp-content\/uploads\/2020\/11\/17destinos_parquenacional_iztapopo1.jpg\" \/>\n\t<meta property=\"og:image:width\" content=\"1200\" \/>\n\t<meta property=\"og:image:height\" content=\"630\" \/>\n\t<meta property=\"og:image:type\" content=\"image\/jpeg\" \/>\n<meta name=\"author\" content=\"admin\" \/>\n<meta name=\"twitter:card\" content=\"summary_large_image\" \/>\n<meta name=\"twitter:label1\" content=\"Escrito por\" \/>\n\t<meta name=\"twitter:data1\" content=\"admin\" \/>\n\t<meta name=\"twitter:label2\" content=\"Tiempo de lectura\" \/>\n\t<meta name=\"twitter:data2\" content=\"1 minuto\" \/>\n<script type=\"application\/ld+json\" class=\"yoast-schema-graph\">{\"@context\":\"https:\/\/schema.org\",\"@graph\":[{\"@type\":\"Article\",\"@id\":\"https:\/\/volcanes.net\/?p=9133#article\",\"isPartOf\":{\"@id\":\"https:\/\/volcanes.net\/?p=9133\"},\"author\":{\"name\":\"admin\",\"@id\":\"https:\/\/volcanes.net\/#\/schema\/person\/4bf0f383940966a4abd53f5048c0e6b9\"},\"headline\":\"El parque Nacional Izta-Popo ser\u00e1 reabierto el pr\u00f3ximo 8 de noviembre\",\"datePublished\":\"2020-11-04T19:57:40+00:00\",\"mainEntityOfPage\":{\"@id\":\"https:\/\/volcanes.net\/?p=9133\"},\"wordCount\":241,\"commentCount\":0,\"publisher\":{\"@id\":\"https:\/\/volcanes.net\/#organization\"},\"image\":{\"@id\":\"https:\/\/volcanes.net\/?p=9133#primaryimage\"},\"thumbnailUrl\":\"https:\/\/volcanes.net\/wp-content\/uploads\/2020\/11\/17destinos_parquenacional_iztapopo1.jpg\",\"keywords\":[\"Amecameca\"],\"articleSection\":[\"Municipales\"],\"inLanguage\":\"es\",\"potentialAction\":[{\"@type\":\"CommentAction\",\"name\":\"Comment\",\"target\":[\"https:\/\/volcanes.net\/?p=9133#respond\"]}]},{\"@type\":\"WebPage\",\"@id\":\"https:\/\/volcanes.net\/?p=9133\",\"url\":\"https:\/\/volcanes.net\/?p=9133\",\"name\":\"El parque Nacional Izta-Popo ser\u00e1 reabierto el pr\u00f3ximo 8 de noviembre - Volcanes\",\"isPartOf\":{\"@id\":\"https:\/\/volcanes.net\/#website\"},\"primaryImageOfPage\":{\"@id\":\"https:\/\/volcanes.net\/?p=9133#primaryimage\"},\"image\":{\"@id\":\"https:\/\/volcanes.net\/?p=9133#primaryimage\"},\"thumbnailUrl\":\"https:\/\/volcanes.net\/wp-content\/uploads\/2020\/11\/17destinos_parquenacional_iztapopo1.jpg\",\"datePublished\":\"2020-11-04T19:57:40+00:00\",\"breadcrumb\":{\"@id\":\"https:\/\/volcanes.net\/?p=9133#breadcrumb\"},\"inLanguage\":\"es\",\"potentialAction\":[{\"@type\":\"ReadAction\",\"target\":[\"https:\/\/volcanes.net\/?p=9133\"]}]},{\"@type\":\"ImageObject\",\"inLanguage\":\"es\",\"@id\":\"https:\/\/volcanes.net\/?p=9133#primaryimage\",\"url\":\"https:\/\/volcanes.net\/wp-content\/uploads\/2020\/11\/17destinos_parquenacional_iztapopo1.jpg\",\"contentUrl\":\"https:\/\/volcanes.net\/wp-content\/uploads\/2020\/11\/17destinos_parquenacional_iztapopo1.jpg\",\"width\":1200,\"height\":630},{\"@type\":\"BreadcrumbList\",\"@id\":\"https:\/\/volcanes.net\/?p=9133#breadcrumb\",\"itemListElement\":[{\"@type\":\"ListItem\",\"position\":1,\"name\":\"Portada\",\"item\":\"https:\/\/volcanes.net\/\"},{\"@type\":\"ListItem\",\"position\":2,\"name\":\"El parque Nacional Izta-Popo ser\u00e1 reabierto el pr\u00f3ximo 8 de noviembre\"}]},{\"@type\":\"WebSite\",\"@id\":\"https:\/\/volcanes.net\/#website\",\"url\":\"https:\/\/volcanes.net\/\",\"name\":\"Volcanes.Net\",\"description\":\"Periodismo Profesional\",\"publisher\":{\"@id\":\"https:\/\/volcanes.net\/#organization\"},\"potentialAction\":[{\"@type\":\"SearchAction\",\"target\":{\"@type\":\"EntryPoint\",\"urlTemplate\":\"https:\/\/volcanes.net\/?s={search_term_string}\"},\"query-input\":{\"@type\":\"PropertyValueSpecification\",\"valueRequired\":true,\"valueName\":\"search_term_string\"}}],\"inLanguage\":\"es\"},{\"@type\":\"Organization\",\"@id\":\"https:\/\/volcanes.net\/#organization\",\"name\":\"Grupo Volcanes\",\"url\":\"https:\/\/volcanes.net\/\",\"logo\":{\"@type\":\"ImageObject\",\"inLanguage\":\"es\",\"@id\":\"https:\/\/volcanes.net\/#\/schema\/logo\/image\/\",\"url\":\"http:\/\/volcanes.net\/wp-content\/uploads\/2017\/12\/Avatar2.jpg\",\"contentUrl\":\"http:\/\/volcanes.net\/wp-content\/uploads\/2017\/12\/Avatar2.jpg\",\"width\":378,\"height\":378,\"caption\":\"Grupo Volcanes\"},\"image\":{\"@id\":\"https:\/\/volcanes.net\/#\/schema\/logo\/image\/\"},\"sameAs\":[\"https:\/\/www.facebook.com\/volcanes.net\/\"]},{\"@type\":\"Person\",\"@id\":\"https:\/\/volcanes.net\/#\/schema\/person\/4bf0f383940966a4abd53f5048c0e6b9\",\"name\":\"admin\",\"image\":{\"@type\":\"ImageObject\",\"inLanguage\":\"es\",\"@id\":\"https:\/\/volcanes.net\/#\/schema\/person\/image\/\",\"url\":\"https:\/\/secure.gravatar.com\/avatar\/ca004e6cba8462b8cb7abc86e382930c?s=96&d=mm&r=g\",\"contentUrl\":\"https:\/\/secure.gravatar.com\/avatar\/ca004e6cba8462b8cb7abc86e382930c?s=96&d=mm&r=g\",\"caption\":\"admin\"}}]}<\/script>\n<!-- \/ Yoast SEO plugin. -->","yoast_head_json":{"title":"El parque Nacional Izta-Popo ser\u00e1 reabierto el pr\u00f3ximo 8 de noviembre - Volcanes","robots":{"index":"index","follow":"follow","max-snippet":"max-snippet:-1","max-image-preview":"max-image-preview:large","max-video-preview":"max-video-preview:-1"},"canonical":"https:\/\/volcanes.net\/?p=9133","og_locale":"es_MX","og_type":"article","og_title":"El parque Nacional Izta-Popo ser\u00e1 reabierto el pr\u00f3ximo 8 de noviembre - Volcanes","og_description":"Amecameca, Estado de M\u00e9xico.-\u00a0 La Comisi\u00f3n Nacional de \u00c1reas Protegidas CONANP, dio a conocer los","og_url":"https:\/\/volcanes.net\/?p=9133","og_site_name":"Volcanes","article_publisher":"https:\/\/www.facebook.com\/volcanes.net\/","article_published_time":"2020-11-04T19:57:40+00:00","og_image":[{"width":1200,"height":630,"url":"https:\/\/volcanes.net\/wp-content\/uploads\/2020\/11\/17destinos_parquenacional_iztapopo1.jpg","type":"image\/jpeg"}],"author":"admin","twitter_card":"summary_large_image","twitter_misc":{"Escrito por":"admin","Tiempo de lectura":"1 minuto"},"schema":{"@context":"https:\/\/schema.org","@graph":[{"@type":"Article","@id":"https:\/\/volcanes.net\/?p=9133#article","isPartOf":{"@id":"https:\/\/volcanes.net\/?p=9133"},"author":{"name":"admin","@id":"https:\/\/volcanes.net\/#\/schema\/person\/4bf0f383940966a4abd53f5048c0e6b9"},"headline":"El parque Nacional Izta-Popo ser\u00e1 reabierto el pr\u00f3ximo 8 de noviembre","datePublished":"2020-11-04T19:57:40+00:00","mainEntityOfPage":{"@id":"https:\/\/volcanes.net\/?p=9133"},"wordCount":241,"commentCount":0,"publisher":{"@id":"https:\/\/volcanes.net\/#organization"},"image":{"@id":"https:\/\/volcanes.net\/?p=9133#primaryimage"},"thumbnailUrl":"https:\/\/volcanes.net\/wp-content\/uploads\/2020\/11\/17destinos_parquenacional_iztapopo1.jpg","keywords":["Amecameca"],"articleSection":["Municipales"],"inLanguage":"es","potentialAction":[{"@type":"CommentAction","name":"Comment","target":["https:\/\/volcanes.net\/?p=9133#respond"]}]},{"@type":"WebPage","@id":"https:\/\/volcanes.net\/?p=9133","url":"https:\/\/volcanes.net\/?p=9133","name":"El parque Nacional Izta-Popo ser\u00e1 reabierto el pr\u00f3ximo 8 de noviembre - Volcanes","isPartOf":{"@id":"https:\/\/volcanes.net\/#website"},"primaryImageOfPage":{"@id":"https:\/\/volcanes.net\/?p=9133#primaryimage"},"image":{"@id":"https:\/\/volcanes.net\/?p=9133#primaryimage"},"thumbnailUrl":"https:\/\/volcanes.net\/wp-content\/uploads\/2020\/11\/17destinos_parquenacional_iztapopo1.jpg","datePublished":"2020-11-04T19:57:40+00:00","breadcrumb":{"@id":"https:\/\/volcanes.net\/?p=9133#breadcrumb"},"inLanguage":"es","potentialAction":[{"@type":"ReadAction","target":["https:\/\/volcanes.net\/?p=9133"]}]},{"@type":"ImageObject","inLanguage":"es","@id":"https:\/\/volcanes.net\/?p=9133#primaryimage","url":"https:\/\/volcanes.net\/wp-content\/uploads\/2020\/11\/17destinos_parquenacional_iztapopo1.jpg","contentUrl":"https:\/\/volcanes.net\/wp-content\/uploads\/2020\/11\/17destinos_parquenacional_iztapopo1.jpg","width":1200,"height":630},{"@type":"BreadcrumbList","@id":"https:\/\/volcanes.net\/?p=9133#breadcrumb","itemListElement":[{"@type":"ListItem","position":1,"name":"Portada","item":"https:\/\/volcanes.net\/"},{"@type":"ListItem","position":2,"name":"El parque Nacional Izta-Popo ser\u00e1 reabierto el pr\u00f3ximo 8 de noviembre"}]},{"@type":"WebSite","@id":"https:\/\/volcanes.net\/#website","url":"https:\/\/volcanes.net\/","name":"Volcanes.Net","description":"Periodismo Profesional","publisher":{"@id":"https:\/\/volcanes.net\/#organization"},"potentialAction":[{"@type":"SearchAction","target":{"@type":"EntryPoint","urlTemplate":"https:\/\/volcanes.net\/?s={search_term_string}"},"query-input":{"@type":"PropertyValueSpecification","valueRequired":true,"valueName":"search_term_string"}}],"inLanguage":"es"},{"@type":"Organization","@id":"https:\/\/volcanes.net\/#organization","name":"Grupo Volcanes","url":"https:\/\/volcanes.net\/","logo":{"@type":"ImageObject","inLanguage":"es","@id":"https:\/\/volcanes.net\/#\/schema\/logo\/image\/","url":"http:\/\/volcanes.net\/wp-content\/uploads\/2017\/12\/Avatar2.jpg","contentUrl":"http:\/\/volcanes.net\/wp-content\/uploads\/2017\/12\/Avatar2.jpg","width":378,"height":378,"caption":"Grupo Volcanes"},"image":{"@id":"https:\/\/volcanes.net\/#\/schema\/logo\/image\/"},"sameAs":["https:\/\/www.facebook.com\/volcanes.net\/"]},{"@type":"Person","@id":"https:\/\/volcanes.net\/#\/schema\/person\/4bf0f383940966a4abd53f5048c0e6b9","name":"admin","image":{"@type":"ImageObject","inLanguage":"es","@id":"https:\/\/volcanes.net\/#\/schema\/person\/image\/","url":"https:\/\/secure.gravatar.com\/avatar\/ca004e6cba8462b8cb7abc86e382930c?s=96&d=mm&r=g","contentUrl":"https:\/\/secure.gravatar.com\/avatar\/ca004e6cba8462b8cb7abc86e382930c?s=96&d=mm&r=g","caption":"admin"}}]}},"_links":{"self":[{"href":"https:\/\/volcanes.net\/index.php?rest_route=\/wp\/v2\/posts\/9133"}],"collection":[{"href":"https:\/\/volcanes.net\/index.php?rest_route=\/wp\/v2\/posts"}],"about":[{"href":"https:\/\/volcanes.net\/index.php?rest_route=\/wp\/v2\/types\/post"}],"author":[{"embeddable":true,"href":"https:\/\/volcanes.net\/index.php?rest_route=\/wp\/v2\/users\/1"}],"replies":[{"embeddable":true,"href":"https:\/\/volcanes.net\/index.php?rest_route=%2Fwp%2Fv2%2Fcomments&post=9133"}],"version-history":[{"count":1,"href":"https:\/\/volcanes.net\/index.php?rest_route=\/wp\/v2\/posts\/9133\/revisions"}],"predecessor-version":[{"id":9135,"href":"https:\/\/volcanes.net\/index.php?rest_route=\/wp\/v2\/posts\/9133\/revisions\/9135"}],"wp:featuredmedia":[{"embeddable":true,"href":"https:\/\/volcanes.net\/index.php?rest_route=\/wp\/v2\/media\/9134"}],"wp:attachment":[{"href":"https:\/\/volcanes.net\/index.php?rest_route=%2Fwp%2Fv2%2Fmedia&parent=9133"}],"wp:term":[{"taxonomy":"category","embeddable":true,"href":"https:\/\/volcanes.net\/index.php?rest_route=%2Fwp%2Fv2%2Fcategories&post=9133"},{"taxonomy":"post_tag","embeddable":true,"href":"https:\/\/volcanes.net\/index.php?rest_route=%2Fwp%2Fv2%2Ftags&post=9133"}],"curies":[{"name":"wp","href":"https:\/\/api.w.org\/{rel}","templated":true}]}}