{"id":9136,"date":"2020-11-04T14:04:11","date_gmt":"2020-11-04T20:04:11","guid":{"rendered":"http:\/\/volcanes.net\/?p=9136"},"modified":"2020-11-04T14:04:11","modified_gmt":"2020-11-04T20:04:11","slug":"dan-banderazo-de-inicio-a-la-segunda-etapa-de-electrificacion-en-tenango-del-aire","status":"publish","type":"post","link":"https:\/\/volcanes.net\/?p=9136","title":{"rendered":"Dan banderazo de inicio a la segunda etapa de electrificaci\u00f3n en Tenango del Aire\u00a0"},"content":{"rendered":"<div style=\"margin-top: 0px; margin-bottom: 0px;\" class=\"sharethis-inline-share-buttons\" ><\/div><p style=\"text-align: justify;\">Tenango del Aire, Estado de M\u00e9xico.-\u00a0 Continua el progreso en este municipio mexiquense, luego de que el mun\u00edcipe Roberto \u00c1vila Ventura dieran banderazo de inicio de la segunda etapa de electrificaci\u00f3n, quien estuvo acompa\u00f1ado del cuerpo edilicio y en presencia de vecinos beneficiados de la delegaci\u00f3n de Santiago Tepopula.<\/p>\n<p style=\"text-align: justify;\">El alcalde\u00a0 \u00c1vila Ventura reafirm\u00f3 su compromiso con los tenanguenses de la calle Cayehualco y\u00a0 8 de septiembre en el callej\u00f3n Independencia con la colocaci\u00f3n de 8 postes de 12 metros de altura con un transformador trif\u00e1sico, acci\u00f3n de detona una proyecci\u00f3n econ\u00f3mica, de esta manera los beneficiados contar\u00e1n con la facilidad de conectar aparatos o motores trif\u00e1sicos y poder generar empleos para\u00a0 los habitantes del municipio, adem\u00e1s de que estos trabajos mejorar la calidad de vida de los pobladores.<\/p>\n<p style=\"text-align: justify;\">&#8220;Se colocar\u00e1n 8 luminarias suburbanas de 100 waths,\u00a0 est\u00e1s l\u00e1mparas ser\u00e1n de la misma tecnolog\u00eda de los super postes, de esta manera se concluir\u00e1 una necesidad de a\u00f1os de rezago&#8221; dijo el edil.<\/p>\n<p style=\"text-align: justify;\">\n","protected":false},"excerpt":{"rendered":"<p>Tenango del Aire, Estado de M\u00e9xico.-\u00a0 Continua el progreso en este municipio mexiquense, luego de<\/p>\n","protected":false},"author":1,"featured_media":9137,"comment_status":"open","ping_status":"open","sticky":false,"template":"","format":"standard","meta":{"footnotes":""},"categories":[1],"tags":[17],"class_list":["post-9136","post","type-post","status-publish","format-standard","has-post-thumbnail","hentry","category-municipales","tag-tenango-del-aire"],"yoast_head":"<!-- This site is optimized with the Yoast SEO plugin v25.3 - https:\/\/yoast.com\/wordpress\/plugins\/seo\/ -->\n<title>Dan banderazo de inicio a la segunda etapa de electrificaci\u00f3n en Tenango del Aire\u00a0 - Volcanes<\/title>\n<meta name=\"robots\" content=\"index, follow, max-snippet:-1, max-image-preview:large, max-video-preview:-1\" \/>\n<link rel=\"canonical\" href=\"https:\/\/volcanes.net\/?p=9136\" \/>\n<meta property=\"og:locale\" content=\"es_MX\" \/>\n<meta property=\"og:type\" content=\"article\" \/>\n<meta property=\"og:title\" content=\"Dan banderazo de inicio a la segunda etapa de electrificaci\u00f3n en Tenango del Aire\u00a0 - Volcanes\" \/>\n<meta property=\"og:description\" content=\"Tenango del Aire, Estado de M\u00e9xico.-\u00a0 Continua el progreso en este municipio mexiquense, luego de\" \/>\n<meta property=\"og:url\" content=\"https:\/\/volcanes.net\/?p=9136\" \/>\n<meta property=\"og:site_name\" content=\"Volcanes\" \/>\n<meta property=\"article:publisher\" content=\"https:\/\/www.facebook.com\/volcanes.net\/\" \/>\n<meta property=\"article:published_time\" content=\"2020-11-04T20:04:11+00:00\" \/>\n<meta property=\"og:image\" content=\"https:\/\/volcanes.net\/wp-content\/uploads\/2020\/11\/FB_IMG_1604507733795.jpg\" \/>\n\t<meta property=\"og:image:width\" content=\"720\" \/>\n\t<meta property=\"og:image:height\" content=\"410\" \/>\n\t<meta property=\"og:image:type\" content=\"image\/jpeg\" \/>\n<meta name=\"author\" content=\"admin\" \/>\n<meta name=\"twitter:card\" content=\"summary_large_image\" \/>\n<meta name=\"twitter:label1\" content=\"Escrito por\" \/>\n\t<meta name=\"twitter:data1\" content=\"admin\" \/>\n\t<meta name=\"twitter:label2\" content=\"Tiempo de lectura\" \/>\n\t<meta name=\"twitter:data2\" content=\"1 minuto\" \/>\n<script type=\"application\/ld+json\" class=\"yoast-schema-graph\">{\"@context\":\"https:\/\/schema.org\",\"@graph\":[{\"@type\":\"Article\",\"@id\":\"https:\/\/volcanes.net\/?p=9136#article\",\"isPartOf\":{\"@id\":\"https:\/\/volcanes.net\/?p=9136\"},\"author\":{\"name\":\"admin\",\"@id\":\"https:\/\/volcanes.net\/#\/schema\/person\/4bf0f383940966a4abd53f5048c0e6b9\"},\"headline\":\"Dan banderazo de inicio a la segunda etapa de electrificaci\u00f3n en Tenango del Aire\u00a0\",\"datePublished\":\"2020-11-04T20:04:11+00:00\",\"mainEntityOfPage\":{\"@id\":\"https:\/\/volcanes.net\/?p=9136\"},\"wordCount\":193,\"commentCount\":0,\"publisher\":{\"@id\":\"https:\/\/volcanes.net\/#organization\"},\"image\":{\"@id\":\"https:\/\/volcanes.net\/?p=9136#primaryimage\"},\"thumbnailUrl\":\"https:\/\/volcanes.net\/wp-content\/uploads\/2020\/11\/FB_IMG_1604507733795.jpg\",\"keywords\":[\"Tenango del Aire\"],\"articleSection\":[\"Municipales\"],\"inLanguage\":\"es\",\"potentialAction\":[{\"@type\":\"CommentAction\",\"name\":\"Comment\",\"target\":[\"https:\/\/volcanes.net\/?p=9136#respond\"]}]},{\"@type\":\"WebPage\",\"@id\":\"https:\/\/volcanes.net\/?p=9136\",\"url\":\"https:\/\/volcanes.net\/?p=9136\",\"name\":\"Dan banderazo de inicio a la segunda etapa de electrificaci\u00f3n en Tenango del Aire\u00a0 - Volcanes\",\"isPartOf\":{\"@id\":\"https:\/\/volcanes.net\/#website\"},\"primaryImageOfPage\":{\"@id\":\"https:\/\/volcanes.net\/?p=9136#primaryimage\"},\"image\":{\"@id\":\"https:\/\/volcanes.net\/?p=9136#primaryimage\"},\"thumbnailUrl\":\"https:\/\/volcanes.net\/wp-content\/uploads\/2020\/11\/FB_IMG_1604507733795.jpg\",\"datePublished\":\"2020-11-04T20:04:11+00:00\",\"breadcrumb\":{\"@id\":\"https:\/\/volcanes.net\/?p=9136#breadcrumb\"},\"inLanguage\":\"es\",\"potentialAction\":[{\"@type\":\"ReadAction\",\"target\":[\"https:\/\/volcanes.net\/?p=9136\"]}]},{\"@type\":\"ImageObject\",\"inLanguage\":\"es\",\"@id\":\"https:\/\/volcanes.net\/?p=9136#primaryimage\",\"url\":\"https:\/\/volcanes.net\/wp-content\/uploads\/2020\/11\/FB_IMG_1604507733795.jpg\",\"contentUrl\":\"https:\/\/volcanes.net\/wp-content\/uploads\/2020\/11\/FB_IMG_1604507733795.jpg\",\"width\":720,\"height\":410},{\"@type\":\"BreadcrumbList\",\"@id\":\"https:\/\/volcanes.net\/?p=9136#breadcrumb\",\"itemListElement\":[{\"@type\":\"ListItem\",\"position\":1,\"name\":\"Portada\",\"item\":\"https:\/\/volcanes.net\/\"},{\"@type\":\"ListItem\",\"position\":2,\"name\":\"Dan banderazo de inicio a la segunda etapa de electrificaci\u00f3n en Tenango del Aire\u00a0\"}]},{\"@type\":\"WebSite\",\"@id\":\"https:\/\/volcanes.net\/#website\",\"url\":\"https:\/\/volcanes.net\/\",\"name\":\"Volcanes.Net\",\"description\":\"Periodismo Profesional\",\"publisher\":{\"@id\":\"https:\/\/volcanes.net\/#organization\"},\"potentialAction\":[{\"@type\":\"SearchAction\",\"target\":{\"@type\":\"EntryPoint\",\"urlTemplate\":\"https:\/\/volcanes.net\/?s={search_term_string}\"},\"query-input\":{\"@type\":\"PropertyValueSpecification\",\"valueRequired\":true,\"valueName\":\"search_term_string\"}}],\"inLanguage\":\"es\"},{\"@type\":\"Organization\",\"@id\":\"https:\/\/volcanes.net\/#organization\",\"name\":\"Grupo Volcanes\",\"url\":\"https:\/\/volcanes.net\/\",\"logo\":{\"@type\":\"ImageObject\",\"inLanguage\":\"es\",\"@id\":\"https:\/\/volcanes.net\/#\/schema\/logo\/image\/\",\"url\":\"http:\/\/volcanes.net\/wp-content\/uploads\/2017\/12\/Avatar2.jpg\",\"contentUrl\":\"http:\/\/volcanes.net\/wp-content\/uploads\/2017\/12\/Avatar2.jpg\",\"width\":378,\"height\":378,\"caption\":\"Grupo Volcanes\"},\"image\":{\"@id\":\"https:\/\/volcanes.net\/#\/schema\/logo\/image\/\"},\"sameAs\":[\"https:\/\/www.facebook.com\/volcanes.net\/\"]},{\"@type\":\"Person\",\"@id\":\"https:\/\/volcanes.net\/#\/schema\/person\/4bf0f383940966a4abd53f5048c0e6b9\",\"name\":\"admin\",\"image\":{\"@type\":\"ImageObject\",\"inLanguage\":\"es\",\"@id\":\"https:\/\/volcanes.net\/#\/schema\/person\/image\/\",\"url\":\"https:\/\/secure.gravatar.com\/avatar\/ca004e6cba8462b8cb7abc86e382930c?s=96&d=mm&r=g\",\"contentUrl\":\"https:\/\/secure.gravatar.com\/avatar\/ca004e6cba8462b8cb7abc86e382930c?s=96&d=mm&r=g\",\"caption\":\"admin\"}}]}<\/script>\n<!-- \/ Yoast SEO plugin. -->","yoast_head_json":{"title":"Dan banderazo de inicio a la segunda etapa de electrificaci\u00f3n en Tenango del Aire\u00a0 - Volcanes","robots":{"index":"index","follow":"follow","max-snippet":"max-snippet:-1","max-image-preview":"max-image-preview:large","max-video-preview":"max-video-preview:-1"},"canonical":"https:\/\/volcanes.net\/?p=9136","og_locale":"es_MX","og_type":"article","og_title":"Dan banderazo de inicio a la segunda etapa de electrificaci\u00f3n en Tenango del Aire\u00a0 - Volcanes","og_description":"Tenango del Aire, Estado de M\u00e9xico.-\u00a0 Continua el progreso en este municipio mexiquense, luego de","og_url":"https:\/\/volcanes.net\/?p=9136","og_site_name":"Volcanes","article_publisher":"https:\/\/www.facebook.com\/volcanes.net\/","article_published_time":"2020-11-04T20:04:11+00:00","og_image":[{"width":720,"height":410,"url":"https:\/\/volcanes.net\/wp-content\/uploads\/2020\/11\/FB_IMG_1604507733795.jpg","type":"image\/jpeg"}],"author":"admin","twitter_card":"summary_large_image","twitter_misc":{"Escrito por":"admin","Tiempo de lectura":"1 minuto"},"schema":{"@context":"https:\/\/schema.org","@graph":[{"@type":"Article","@id":"https:\/\/volcanes.net\/?p=9136#article","isPartOf":{"@id":"https:\/\/volcanes.net\/?p=9136"},"author":{"name":"admin","@id":"https:\/\/volcanes.net\/#\/schema\/person\/4bf0f383940966a4abd53f5048c0e6b9"},"headline":"Dan banderazo de inicio a la segunda etapa de electrificaci\u00f3n en Tenango del Aire\u00a0","datePublished":"2020-11-04T20:04:11+00:00","mainEntityOfPage":{"@id":"https:\/\/volcanes.net\/?p=9136"},"wordCount":193,"commentCount":0,"publisher":{"@id":"https:\/\/volcanes.net\/#organization"},"image":{"@id":"https:\/\/volcanes.net\/?p=9136#primaryimage"},"thumbnailUrl":"https:\/\/volcanes.net\/wp-content\/uploads\/2020\/11\/FB_IMG_1604507733795.jpg","keywords":["Tenango del Aire"],"articleSection":["Municipales"],"inLanguage":"es","potentialAction":[{"@type":"CommentAction","name":"Comment","target":["https:\/\/volcanes.net\/?p=9136#respond"]}]},{"@type":"WebPage","@id":"https:\/\/volcanes.net\/?p=9136","url":"https:\/\/volcanes.net\/?p=9136","name":"Dan banderazo de inicio a la segunda etapa de electrificaci\u00f3n en Tenango del Aire\u00a0 - Volcanes","isPartOf":{"@id":"https:\/\/volcanes.net\/#website"},"primaryImageOfPage":{"@id":"https:\/\/volcanes.net\/?p=9136#primaryimage"},"image":{"@id":"https:\/\/volcanes.net\/?p=9136#primaryimage"},"thumbnailUrl":"https:\/\/volcanes.net\/wp-content\/uploads\/2020\/11\/FB_IMG_1604507733795.jpg","datePublished":"2020-11-04T20:04:11+00:00","breadcrumb":{"@id":"https:\/\/volcanes.net\/?p=9136#breadcrumb"},"inLanguage":"es","potentialAction":[{"@type":"ReadAction","target":["https:\/\/volcanes.net\/?p=9136"]}]},{"@type":"ImageObject","inLanguage":"es","@id":"https:\/\/volcanes.net\/?p=9136#primaryimage","url":"https:\/\/volcanes.net\/wp-content\/uploads\/2020\/11\/FB_IMG_1604507733795.jpg","contentUrl":"https:\/\/volcanes.net\/wp-content\/uploads\/2020\/11\/FB_IMG_1604507733795.jpg","width":720,"height":410},{"@type":"BreadcrumbList","@id":"https:\/\/volcanes.net\/?p=9136#breadcrumb","itemListElement":[{"@type":"ListItem","position":1,"name":"Portada","item":"https:\/\/volcanes.net\/"},{"@type":"ListItem","position":2,"name":"Dan banderazo de inicio a la segunda etapa de electrificaci\u00f3n en Tenango del Aire\u00a0"}]},{"@type":"WebSite","@id":"https:\/\/volcanes.net\/#website","url":"https:\/\/volcanes.net\/","name":"Volcanes.Net","description":"Periodismo Profesional","publisher":{"@id":"https:\/\/volcanes.net\/#organization"},"potentialAction":[{"@type":"SearchAction","target":{"@type":"EntryPoint","urlTemplate":"https:\/\/volcanes.net\/?s={search_term_string}"},"query-input":{"@type":"PropertyValueSpecification","valueRequired":true,"valueName":"search_term_string"}}],"inLanguage":"es"},{"@type":"Organization","@id":"https:\/\/volcanes.net\/#organization","name":"Grupo Volcanes","url":"https:\/\/volcanes.net\/","logo":{"@type":"ImageObject","inLanguage":"es","@id":"https:\/\/volcanes.net\/#\/schema\/logo\/image\/","url":"http:\/\/volcanes.net\/wp-content\/uploads\/2017\/12\/Avatar2.jpg","contentUrl":"http:\/\/volcanes.net\/wp-content\/uploads\/2017\/12\/Avatar2.jpg","width":378,"height":378,"caption":"Grupo Volcanes"},"image":{"@id":"https:\/\/volcanes.net\/#\/schema\/logo\/image\/"},"sameAs":["https:\/\/www.facebook.com\/volcanes.net\/"]},{"@type":"Person","@id":"https:\/\/volcanes.net\/#\/schema\/person\/4bf0f383940966a4abd53f5048c0e6b9","name":"admin","image":{"@type":"ImageObject","inLanguage":"es","@id":"https:\/\/volcanes.net\/#\/schema\/person\/image\/","url":"https:\/\/secure.gravatar.com\/avatar\/ca004e6cba8462b8cb7abc86e382930c?s=96&d=mm&r=g","contentUrl":"https:\/\/secure.gravatar.com\/avatar\/ca004e6cba8462b8cb7abc86e382930c?s=96&d=mm&r=g","caption":"admin"}}]}},"_links":{"self":[{"href":"https:\/\/volcanes.net\/index.php?rest_route=\/wp\/v2\/posts\/9136"}],"collection":[{"href":"https:\/\/volcanes.net\/index.php?rest_route=\/wp\/v2\/posts"}],"about":[{"href":"https:\/\/volcanes.net\/index.php?rest_route=\/wp\/v2\/types\/post"}],"author":[{"embeddable":true,"href":"https:\/\/volcanes.net\/index.php?rest_route=\/wp\/v2\/users\/1"}],"replies":[{"embeddable":true,"href":"https:\/\/volcanes.net\/index.php?rest_route=%2Fwp%2Fv2%2Fcomments&post=9136"}],"version-history":[{"count":1,"href":"https:\/\/volcanes.net\/index.php?rest_route=\/wp\/v2\/posts\/9136\/revisions"}],"predecessor-version":[{"id":9138,"href":"https:\/\/volcanes.net\/index.php?rest_route=\/wp\/v2\/posts\/9136\/revisions\/9138"}],"wp:featuredmedia":[{"embeddable":true,"href":"https:\/\/volcanes.net\/index.php?rest_route=\/wp\/v2\/media\/9137"}],"wp:attachment":[{"href":"https:\/\/volcanes.net\/index.php?rest_route=%2Fwp%2Fv2%2Fmedia&parent=9136"}],"wp:term":[{"taxonomy":"category","embeddable":true,"href":"https:\/\/volcanes.net\/index.php?rest_route=%2Fwp%2Fv2%2Fcategories&post=9136"},{"taxonomy":"post_tag","embeddable":true,"href":"https:\/\/volcanes.net\/index.php?rest_route=%2Fwp%2Fv2%2Ftags&post=9136"}],"curies":[{"name":"wp","href":"https:\/\/api.w.org\/{rel}","templated":true}]}}