{"id":9139,"date":"2020-11-04T15:27:30","date_gmt":"2020-11-04T21:27:30","guid":{"rendered":"http:\/\/volcanes.net\/?p=9139"},"modified":"2020-11-04T15:27:53","modified_gmt":"2020-11-04T21:27:53","slug":"anais-burgos-participa-en-la-comparecencia-del-secretario-de-salud-del-edomex","status":"publish","type":"post","link":"https:\/\/volcanes.net\/?p=9139","title":{"rendered":"Anais Burgos participa en la comparecencia del Secretario de Salud del Edomex"},"content":{"rendered":"<div style=\"margin-top: 0px; margin-bottom: 0px;\" class=\"sharethis-inline-share-buttons\" ><\/div><p>Toluca, Estado de M\u00e9xico.- La ma\u00f1ana de este mi\u00e9rcoles 04 de noviembre, \u00a0Ana\u00eds Miriam Burgos Hern\u00e1ndez, del grupo parlamentario de Morena y diputada local por el distrito 1, \u00a0particip\u00f3 en la comparecencia del Secretario de Salud, Gabriel O\u2019 Shea Cuevas en la c\u00e1mara de Diputados; Glosa del Tercer Informe de Gobierno, Primer Periodo Ordinario, 3er A\u00f1o, LX Legislatura Mexiquense, con el fin de mejorar de manera oportuna la atenci\u00f3n\u00a0 de las funciones que el pueblo requiere a favor de los mexiquenses.<\/p>\n<p>En su mensaje, el Secretario inform\u00f3 que la pandemia por COVID-19 ha representado un importante reto para el sector, por ello tras registrar el primer caso confirmado del nuevo coronavirus en la entidad, de inmediato se implement\u00f3 el protocolo de identificaci\u00f3n y rastreo de contactos, as\u00ed como la vigilancia activa en el Aeropuerto Internacional de la Ciudad de Toluca.<\/p>\n<p>Indic\u00f3 que por instrucciones del mandatario estatal se intensific\u00f3 la difusi\u00f3n de las medidas preventivas correspondientes y se fortaleci\u00f3 la operaci\u00f3n de la l\u00ednea telef\u00f3nica 800-900-3200 para brindar orientaci\u00f3n a la ciudadan\u00eda sobre el tema, servicio que actualmente ha acumulado m\u00e1s de 116 mil llamadas y canalizado a m\u00e1s de 3 mil pacientes para atenci\u00f3n m\u00e9dica.<\/p>\n<p>Por su parte la diputada, \u00a0An\u00eds Burgos, en su participaci\u00f3n en la comparecencia solicito al titular de Salud, \u00a0dar a conocer el porcentaje de enfermos de c\u00e1ncer que atiende el ISEM, as\u00ed como informar de los cu\u00e1ntos tratamientos oncol\u00f3gicos se suministran a pacientes del ISEM en el COE, ya que el Centro Oncol\u00f3gico Estatal ISSEMYM, (denominado COE) es uno de los mejores hospitales de especialidad que se tienen en el Estado.<\/p>\n<p>\u201cDesde el inicio de la presente administraci\u00f3n federal, se insiste en culpar al Gobierno, a trav\u00e9s del INSABI; por la falta de medicamentos oncol\u00f3gicos. Sin embargo, en \u00a0la m\u00e1xima Tribuna del Estado de M\u00e9xico, sostuvo frente a los presentes, as\u00ed como a todos los mexiquenses y a todos los enfermos de c\u00e1ncer del ISSEMyM y del ISEM, que existe un responsable, que en este momento no se cuente con el abasto adecuado de medicamentos en ambas instituciones y ese responsable es Usted, se\u00f1or Secretario\u201d, dijo Burgos Hern\u00e1ndez durante su participaci\u00f3n.<\/p>\n<p>Debido a que el Gobernador Alfredo del Mazo, firm\u00f3 los Acuerdos de Adhesi\u00f3n al INSABI, esto no quiere decir que la Secretar\u00eda a cargo de Gabriel O\u2019 Shea Cuevas podr\u00eda cruzarse de brazos y esperar a que la federaci\u00f3n resuelva el rezago y escases medicamentos en el sector salud. Por lo que dichos acuerdos obligan a esta Secretar\u00eda a trabajar de manera coordinada, no s\u00f3lo con la federaci\u00f3n, sino con todo el sistema de salud estatal.<\/p>\n<p>No obstante, Burgos, dio a conocer que \u00a0su Grupo Parlamentario, y particularmente, ella misma, han realizado \u00a0las gestiones necesarias ante el INSABI en la Direcci\u00f3n de General de Gesti\u00f3n de Servicios de Salud de la Comisi\u00f3n Nacional de Protecci\u00f3n Social en Salud, para que los medicamentos oncol\u00f3gicos comiencen a llegar al COE y cumpla con el acuerdo establecido, debido a que COE tiene desabasto de medicamentos para los tratamientos de los pacientes.<\/p>\n<p>\u201cQuiero informarles que mi grupo parlamentario ha logrado la gesti\u00f3n para la entrega de tres de ocho medicamentos como: Doxorribucina, Ciclofosfamida y Etoposido, important\u00edsimos para los tratamientos oncol\u00f3gicos\u201d concluy\u00f3.<\/p>\n","protected":false},"excerpt":{"rendered":"<p>Toluca, Estado de M\u00e9xico.- La ma\u00f1ana de este mi\u00e9rcoles 04 de noviembre, \u00a0Ana\u00eds Miriam Burgos<\/p>\n","protected":false},"author":1,"featured_media":9140,"comment_status":"open","ping_status":"open","sticky":false,"template":"","format":"standard","meta":{"footnotes":""},"categories":[1],"tags":[41],"class_list":["post-9139","post","type-post","status-publish","format-standard","has-post-thumbnail","hentry","category-municipales","tag-toluca"],"yoast_head":"<!-- This site is optimized with the Yoast SEO plugin v25.3 - https:\/\/yoast.com\/wordpress\/plugins\/seo\/ -->\n<title>Anais Burgos participa en la comparecencia del Secretario de Salud del Edomex - Volcanes<\/title>\n<meta name=\"robots\" content=\"index, follow, max-snippet:-1, max-image-preview:large, max-video-preview:-1\" \/>\n<link rel=\"canonical\" href=\"https:\/\/volcanes.net\/?p=9139\" \/>\n<meta property=\"og:locale\" content=\"es_MX\" \/>\n<meta property=\"og:type\" content=\"article\" \/>\n<meta property=\"og:title\" content=\"Anais Burgos participa en la comparecencia del Secretario de Salud del Edomex - Volcanes\" \/>\n<meta property=\"og:description\" content=\"Toluca, Estado de M\u00e9xico.- La ma\u00f1ana de este mi\u00e9rcoles 04 de noviembre, \u00a0Ana\u00eds Miriam Burgos\" \/>\n<meta property=\"og:url\" content=\"https:\/\/volcanes.net\/?p=9139\" \/>\n<meta property=\"og:site_name\" content=\"Volcanes\" \/>\n<meta property=\"article:publisher\" content=\"https:\/\/www.facebook.com\/volcanes.net\/\" \/>\n<meta property=\"article:published_time\" content=\"2020-11-04T21:27:30+00:00\" \/>\n<meta property=\"article:modified_time\" content=\"2020-11-04T21:27:53+00:00\" \/>\n<meta property=\"og:image\" content=\"https:\/\/volcanes.net\/wp-content\/uploads\/2020\/11\/71c0da37-4d2f-44f6-81df-db8f173a14c5.jpg\" \/>\n\t<meta property=\"og:image:width\" content=\"720\" \/>\n\t<meta property=\"og:image:height\" content=\"396\" \/>\n\t<meta property=\"og:image:type\" content=\"image\/jpeg\" \/>\n<meta name=\"author\" content=\"admin\" \/>\n<meta name=\"twitter:card\" content=\"summary_large_image\" \/>\n<meta name=\"twitter:label1\" content=\"Escrito por\" \/>\n\t<meta name=\"twitter:data1\" content=\"admin\" \/>\n\t<meta name=\"twitter:label2\" content=\"Tiempo de lectura\" \/>\n\t<meta name=\"twitter:data2\" content=\"3 minutos\" \/>\n<script type=\"application\/ld+json\" class=\"yoast-schema-graph\">{\"@context\":\"https:\/\/schema.org\",\"@graph\":[{\"@type\":\"Article\",\"@id\":\"https:\/\/volcanes.net\/?p=9139#article\",\"isPartOf\":{\"@id\":\"https:\/\/volcanes.net\/?p=9139\"},\"author\":{\"name\":\"admin\",\"@id\":\"https:\/\/volcanes.net\/#\/schema\/person\/4bf0f383940966a4abd53f5048c0e6b9\"},\"headline\":\"Anais Burgos participa en la comparecencia del Secretario de Salud del Edomex\",\"datePublished\":\"2020-11-04T21:27:30+00:00\",\"dateModified\":\"2020-11-04T21:27:53+00:00\",\"mainEntityOfPage\":{\"@id\":\"https:\/\/volcanes.net\/?p=9139\"},\"wordCount\":593,\"commentCount\":0,\"publisher\":{\"@id\":\"https:\/\/volcanes.net\/#organization\"},\"image\":{\"@id\":\"https:\/\/volcanes.net\/?p=9139#primaryimage\"},\"thumbnailUrl\":\"https:\/\/volcanes.net\/wp-content\/uploads\/2020\/11\/71c0da37-4d2f-44f6-81df-db8f173a14c5.jpg\",\"keywords\":[\"Toluca\"],\"articleSection\":[\"Municipales\"],\"inLanguage\":\"es\",\"potentialAction\":[{\"@type\":\"CommentAction\",\"name\":\"Comment\",\"target\":[\"https:\/\/volcanes.net\/?p=9139#respond\"]}]},{\"@type\":\"WebPage\",\"@id\":\"https:\/\/volcanes.net\/?p=9139\",\"url\":\"https:\/\/volcanes.net\/?p=9139\",\"name\":\"Anais Burgos participa en la comparecencia del Secretario de Salud del Edomex - Volcanes\",\"isPartOf\":{\"@id\":\"https:\/\/volcanes.net\/#website\"},\"primaryImageOfPage\":{\"@id\":\"https:\/\/volcanes.net\/?p=9139#primaryimage\"},\"image\":{\"@id\":\"https:\/\/volcanes.net\/?p=9139#primaryimage\"},\"thumbnailUrl\":\"https:\/\/volcanes.net\/wp-content\/uploads\/2020\/11\/71c0da37-4d2f-44f6-81df-db8f173a14c5.jpg\",\"datePublished\":\"2020-11-04T21:27:30+00:00\",\"dateModified\":\"2020-11-04T21:27:53+00:00\",\"breadcrumb\":{\"@id\":\"https:\/\/volcanes.net\/?p=9139#breadcrumb\"},\"inLanguage\":\"es\",\"potentialAction\":[{\"@type\":\"ReadAction\",\"target\":[\"https:\/\/volcanes.net\/?p=9139\"]}]},{\"@type\":\"ImageObject\",\"inLanguage\":\"es\",\"@id\":\"https:\/\/volcanes.net\/?p=9139#primaryimage\",\"url\":\"https:\/\/volcanes.net\/wp-content\/uploads\/2020\/11\/71c0da37-4d2f-44f6-81df-db8f173a14c5.jpg\",\"contentUrl\":\"https:\/\/volcanes.net\/wp-content\/uploads\/2020\/11\/71c0da37-4d2f-44f6-81df-db8f173a14c5.jpg\",\"width\":720,\"height\":396},{\"@type\":\"BreadcrumbList\",\"@id\":\"https:\/\/volcanes.net\/?p=9139#breadcrumb\",\"itemListElement\":[{\"@type\":\"ListItem\",\"position\":1,\"name\":\"Portada\",\"item\":\"https:\/\/volcanes.net\/\"},{\"@type\":\"ListItem\",\"position\":2,\"name\":\"Anais Burgos participa en la comparecencia del Secretario de Salud del Edomex\"}]},{\"@type\":\"WebSite\",\"@id\":\"https:\/\/volcanes.net\/#website\",\"url\":\"https:\/\/volcanes.net\/\",\"name\":\"Volcanes.Net\",\"description\":\"Periodismo Profesional\",\"publisher\":{\"@id\":\"https:\/\/volcanes.net\/#organization\"},\"potentialAction\":[{\"@type\":\"SearchAction\",\"target\":{\"@type\":\"EntryPoint\",\"urlTemplate\":\"https:\/\/volcanes.net\/?s={search_term_string}\"},\"query-input\":{\"@type\":\"PropertyValueSpecification\",\"valueRequired\":true,\"valueName\":\"search_term_string\"}}],\"inLanguage\":\"es\"},{\"@type\":\"Organization\",\"@id\":\"https:\/\/volcanes.net\/#organization\",\"name\":\"Grupo Volcanes\",\"url\":\"https:\/\/volcanes.net\/\",\"logo\":{\"@type\":\"ImageObject\",\"inLanguage\":\"es\",\"@id\":\"https:\/\/volcanes.net\/#\/schema\/logo\/image\/\",\"url\":\"http:\/\/volcanes.net\/wp-content\/uploads\/2017\/12\/Avatar2.jpg\",\"contentUrl\":\"http:\/\/volcanes.net\/wp-content\/uploads\/2017\/12\/Avatar2.jpg\",\"width\":378,\"height\":378,\"caption\":\"Grupo Volcanes\"},\"image\":{\"@id\":\"https:\/\/volcanes.net\/#\/schema\/logo\/image\/\"},\"sameAs\":[\"https:\/\/www.facebook.com\/volcanes.net\/\"]},{\"@type\":\"Person\",\"@id\":\"https:\/\/volcanes.net\/#\/schema\/person\/4bf0f383940966a4abd53f5048c0e6b9\",\"name\":\"admin\",\"image\":{\"@type\":\"ImageObject\",\"inLanguage\":\"es\",\"@id\":\"https:\/\/volcanes.net\/#\/schema\/person\/image\/\",\"url\":\"https:\/\/secure.gravatar.com\/avatar\/ca004e6cba8462b8cb7abc86e382930c?s=96&d=mm&r=g\",\"contentUrl\":\"https:\/\/secure.gravatar.com\/avatar\/ca004e6cba8462b8cb7abc86e382930c?s=96&d=mm&r=g\",\"caption\":\"admin\"}}]}<\/script>\n<!-- \/ Yoast SEO plugin. -->","yoast_head_json":{"title":"Anais Burgos participa en la comparecencia del Secretario de Salud del Edomex - Volcanes","robots":{"index":"index","follow":"follow","max-snippet":"max-snippet:-1","max-image-preview":"max-image-preview:large","max-video-preview":"max-video-preview:-1"},"canonical":"https:\/\/volcanes.net\/?p=9139","og_locale":"es_MX","og_type":"article","og_title":"Anais Burgos participa en la comparecencia del Secretario de Salud del Edomex - Volcanes","og_description":"Toluca, Estado de M\u00e9xico.- La ma\u00f1ana de este mi\u00e9rcoles 04 de noviembre, \u00a0Ana\u00eds Miriam Burgos","og_url":"https:\/\/volcanes.net\/?p=9139","og_site_name":"Volcanes","article_publisher":"https:\/\/www.facebook.com\/volcanes.net\/","article_published_time":"2020-11-04T21:27:30+00:00","article_modified_time":"2020-11-04T21:27:53+00:00","og_image":[{"width":720,"height":396,"url":"https:\/\/volcanes.net\/wp-content\/uploads\/2020\/11\/71c0da37-4d2f-44f6-81df-db8f173a14c5.jpg","type":"image\/jpeg"}],"author":"admin","twitter_card":"summary_large_image","twitter_misc":{"Escrito por":"admin","Tiempo de lectura":"3 minutos"},"schema":{"@context":"https:\/\/schema.org","@graph":[{"@type":"Article","@id":"https:\/\/volcanes.net\/?p=9139#article","isPartOf":{"@id":"https:\/\/volcanes.net\/?p=9139"},"author":{"name":"admin","@id":"https:\/\/volcanes.net\/#\/schema\/person\/4bf0f383940966a4abd53f5048c0e6b9"},"headline":"Anais Burgos participa en la comparecencia del Secretario de Salud del Edomex","datePublished":"2020-11-04T21:27:30+00:00","dateModified":"2020-11-04T21:27:53+00:00","mainEntityOfPage":{"@id":"https:\/\/volcanes.net\/?p=9139"},"wordCount":593,"commentCount":0,"publisher":{"@id":"https:\/\/volcanes.net\/#organization"},"image":{"@id":"https:\/\/volcanes.net\/?p=9139#primaryimage"},"thumbnailUrl":"https:\/\/volcanes.net\/wp-content\/uploads\/2020\/11\/71c0da37-4d2f-44f6-81df-db8f173a14c5.jpg","keywords":["Toluca"],"articleSection":["Municipales"],"inLanguage":"es","potentialAction":[{"@type":"CommentAction","name":"Comment","target":["https:\/\/volcanes.net\/?p=9139#respond"]}]},{"@type":"WebPage","@id":"https:\/\/volcanes.net\/?p=9139","url":"https:\/\/volcanes.net\/?p=9139","name":"Anais Burgos participa en la comparecencia del Secretario de Salud del Edomex - Volcanes","isPartOf":{"@id":"https:\/\/volcanes.net\/#website"},"primaryImageOfPage":{"@id":"https:\/\/volcanes.net\/?p=9139#primaryimage"},"image":{"@id":"https:\/\/volcanes.net\/?p=9139#primaryimage"},"thumbnailUrl":"https:\/\/volcanes.net\/wp-content\/uploads\/2020\/11\/71c0da37-4d2f-44f6-81df-db8f173a14c5.jpg","datePublished":"2020-11-04T21:27:30+00:00","dateModified":"2020-11-04T21:27:53+00:00","breadcrumb":{"@id":"https:\/\/volcanes.net\/?p=9139#breadcrumb"},"inLanguage":"es","potentialAction":[{"@type":"ReadAction","target":["https:\/\/volcanes.net\/?p=9139"]}]},{"@type":"ImageObject","inLanguage":"es","@id":"https:\/\/volcanes.net\/?p=9139#primaryimage","url":"https:\/\/volcanes.net\/wp-content\/uploads\/2020\/11\/71c0da37-4d2f-44f6-81df-db8f173a14c5.jpg","contentUrl":"https:\/\/volcanes.net\/wp-content\/uploads\/2020\/11\/71c0da37-4d2f-44f6-81df-db8f173a14c5.jpg","width":720,"height":396},{"@type":"BreadcrumbList","@id":"https:\/\/volcanes.net\/?p=9139#breadcrumb","itemListElement":[{"@type":"ListItem","position":1,"name":"Portada","item":"https:\/\/volcanes.net\/"},{"@type":"ListItem","position":2,"name":"Anais Burgos participa en la comparecencia del Secretario de Salud del Edomex"}]},{"@type":"WebSite","@id":"https:\/\/volcanes.net\/#website","url":"https:\/\/volcanes.net\/","name":"Volcanes.Net","description":"Periodismo Profesional","publisher":{"@id":"https:\/\/volcanes.net\/#organization"},"potentialAction":[{"@type":"SearchAction","target":{"@type":"EntryPoint","urlTemplate":"https:\/\/volcanes.net\/?s={search_term_string}"},"query-input":{"@type":"PropertyValueSpecification","valueRequired":true,"valueName":"search_term_string"}}],"inLanguage":"es"},{"@type":"Organization","@id":"https:\/\/volcanes.net\/#organization","name":"Grupo Volcanes","url":"https:\/\/volcanes.net\/","logo":{"@type":"ImageObject","inLanguage":"es","@id":"https:\/\/volcanes.net\/#\/schema\/logo\/image\/","url":"http:\/\/volcanes.net\/wp-content\/uploads\/2017\/12\/Avatar2.jpg","contentUrl":"http:\/\/volcanes.net\/wp-content\/uploads\/2017\/12\/Avatar2.jpg","width":378,"height":378,"caption":"Grupo Volcanes"},"image":{"@id":"https:\/\/volcanes.net\/#\/schema\/logo\/image\/"},"sameAs":["https:\/\/www.facebook.com\/volcanes.net\/"]},{"@type":"Person","@id":"https:\/\/volcanes.net\/#\/schema\/person\/4bf0f383940966a4abd53f5048c0e6b9","name":"admin","image":{"@type":"ImageObject","inLanguage":"es","@id":"https:\/\/volcanes.net\/#\/schema\/person\/image\/","url":"https:\/\/secure.gravatar.com\/avatar\/ca004e6cba8462b8cb7abc86e382930c?s=96&d=mm&r=g","contentUrl":"https:\/\/secure.gravatar.com\/avatar\/ca004e6cba8462b8cb7abc86e382930c?s=96&d=mm&r=g","caption":"admin"}}]}},"_links":{"self":[{"href":"https:\/\/volcanes.net\/index.php?rest_route=\/wp\/v2\/posts\/9139"}],"collection":[{"href":"https:\/\/volcanes.net\/index.php?rest_route=\/wp\/v2\/posts"}],"about":[{"href":"https:\/\/volcanes.net\/index.php?rest_route=\/wp\/v2\/types\/post"}],"author":[{"embeddable":true,"href":"https:\/\/volcanes.net\/index.php?rest_route=\/wp\/v2\/users\/1"}],"replies":[{"embeddable":true,"href":"https:\/\/volcanes.net\/index.php?rest_route=%2Fwp%2Fv2%2Fcomments&post=9139"}],"version-history":[{"count":1,"href":"https:\/\/volcanes.net\/index.php?rest_route=\/wp\/v2\/posts\/9139\/revisions"}],"predecessor-version":[{"id":9141,"href":"https:\/\/volcanes.net\/index.php?rest_route=\/wp\/v2\/posts\/9139\/revisions\/9141"}],"wp:featuredmedia":[{"embeddable":true,"href":"https:\/\/volcanes.net\/index.php?rest_route=\/wp\/v2\/media\/9140"}],"wp:attachment":[{"href":"https:\/\/volcanes.net\/index.php?rest_route=%2Fwp%2Fv2%2Fmedia&parent=9139"}],"wp:term":[{"taxonomy":"category","embeddable":true,"href":"https:\/\/volcanes.net\/index.php?rest_route=%2Fwp%2Fv2%2Fcategories&post=9139"},{"taxonomy":"post_tag","embeddable":true,"href":"https:\/\/volcanes.net\/index.php?rest_route=%2Fwp%2Fv2%2Ftags&post=9139"}],"curies":[{"name":"wp","href":"https:\/\/api.w.org\/{rel}","templated":true}]}}