{"id":920,"date":"2018-02-01T12:40:02","date_gmt":"2018-02-01T12:40:02","guid":{"rendered":"http:\/\/volcanes.net\/?p=920"},"modified":"2018-02-01T12:40:02","modified_gmt":"2018-02-01T12:40:02","slug":"epn-evalua-si-presenta-iniciativa-preferente-anp","status":"publish","type":"post","link":"https:\/\/volcanes.net\/?p=920","title":{"rendered":"EPN eval\u00faa si presenta iniciativa preferente: ANP"},"content":{"rendered":"<div style=\"margin-top: 0px; margin-bottom: 0px;\" class=\"sharethis-inline-share-buttons\" ><\/div><p>Javier B\u00e1rcenas<\/p>\n<p class=\"x_ydpced0d865MsoNormal\">El titular de la Secretar\u00eda de Gobernaci\u00f3n (Segob), Alfonso Navarrete Prida, dijo que el presidente Enrique Pe\u00f1a Nieto, eval\u00faa la posibilidad de presentar ante el Congreso de la Uni\u00f3n alguna iniciativa como preferente, al inicio del periodo ordinario de sesiones, que comienza este jueves 1 de febrero.<\/p>\n<p class=\"x_ydpced0d865MsoNormal\">El Ejecutivo federal \u201cest\u00e1 evaluando si hace uso de ese derecho\u201d relacionado con las iniciativas preferentes, dijo el secretario, en marco de la reuni\u00f3n plenaria del grupo parlamentario del PRI, en la que define su agencia legislativa.<\/p>\n<p class=\"x_ydpced0d865MsoNormal\">La iniciativa preferente, que el Ejecutivo puede enviar al Congreso de la Uni\u00f3n al inicio de cada periodo ordinario de sesiones, se debe procesar en un plazo de un mes en cada una de las c\u00e1maras.<\/p>\n<p class=\"x_ydpced0d865MsoNormal\">Navarrete Prida mencion\u00f3 que, entre las propuestas pendientes para ser analizadas por el Poder Legislativo, \u201chay un tema que tiene que ver con (la) consulta popular\u201d, para fortalecer la participaci\u00f3n ciudadana, y otro est\u00e1 relacionado \u201ccon la regulaci\u00f3n de asociaciones religiosas\u201d.<\/p>\n<p class=\"x_ydpced0d865MsoNormal\">Tambi\u00e9n coment\u00f3 que \u201cse est\u00e1 terminando de hacer la evaluaci\u00f3n y, sobre todo, ver con las bancadas\u201d de su partido, \u201cqu\u00e9 temas son los prioritarios que se tienen que analizar\u201d en este periodo ordinario de sesiones, ante el cierre de la administraci\u00f3n federal y lo establecido en el Plan Nacional de Desarrollo 2013-2018.<\/p>\n","protected":false},"excerpt":{"rendered":"<p>Javier B\u00e1rcenas El titular de la Secretar\u00eda de Gobernaci\u00f3n (Segob), Alfonso Navarrete Prida, dijo que<\/p>\n","protected":false},"author":1,"featured_media":912,"comment_status":"open","ping_status":"open","sticky":false,"template":"","format":"standard","meta":{"footnotes":""},"categories":[1],"tags":[58],"class_list":["post-920","post","type-post","status-publish","format-standard","has-post-thumbnail","hentry","category-municipales","tag-segob"],"yoast_head":"<!-- This site is optimized with the Yoast SEO plugin v25.3 - https:\/\/yoast.com\/wordpress\/plugins\/seo\/ -->\n<title>EPN eval\u00faa si presenta iniciativa preferente: ANP - Volcanes<\/title>\n<meta name=\"robots\" content=\"index, follow, max-snippet:-1, max-image-preview:large, max-video-preview:-1\" \/>\n<link rel=\"canonical\" href=\"https:\/\/volcanes.net\/?p=920\" \/>\n<meta property=\"og:locale\" content=\"es_MX\" \/>\n<meta property=\"og:type\" content=\"article\" \/>\n<meta property=\"og:title\" content=\"EPN eval\u00faa si presenta iniciativa preferente: ANP - Volcanes\" \/>\n<meta property=\"og:description\" content=\"Javier B\u00e1rcenas El titular de la Secretar\u00eda de Gobernaci\u00f3n (Segob), Alfonso Navarrete Prida, dijo que\" \/>\n<meta property=\"og:url\" content=\"https:\/\/volcanes.net\/?p=920\" \/>\n<meta property=\"og:site_name\" content=\"Volcanes\" \/>\n<meta property=\"article:publisher\" content=\"https:\/\/www.facebook.com\/volcanes.net\/\" \/>\n<meta property=\"article:published_time\" content=\"2018-02-01T12:40:02+00:00\" \/>\n<meta property=\"og:image\" content=\"https:\/\/volcanes.net\/wp-content\/uploads\/2018\/02\/navarrete-prida.jpg\" \/>\n\t<meta property=\"og:image:width\" content=\"400\" \/>\n\t<meta property=\"og:image:height\" content=\"200\" \/>\n\t<meta property=\"og:image:type\" content=\"image\/jpeg\" \/>\n<meta name=\"author\" content=\"admin\" \/>\n<meta name=\"twitter:card\" content=\"summary_large_image\" \/>\n<meta name=\"twitter:label1\" content=\"Escrito por\" \/>\n\t<meta name=\"twitter:data1\" content=\"admin\" \/>\n\t<meta name=\"twitter:label2\" content=\"Tiempo de lectura\" \/>\n\t<meta name=\"twitter:data2\" content=\"1 minuto\" \/>\n<script type=\"application\/ld+json\" class=\"yoast-schema-graph\">{\"@context\":\"https:\/\/schema.org\",\"@graph\":[{\"@type\":\"Article\",\"@id\":\"https:\/\/volcanes.net\/?p=920#article\",\"isPartOf\":{\"@id\":\"https:\/\/volcanes.net\/?p=920\"},\"author\":{\"name\":\"admin\",\"@id\":\"https:\/\/volcanes.net\/#\/schema\/person\/4bf0f383940966a4abd53f5048c0e6b9\"},\"headline\":\"EPN eval\u00faa si presenta iniciativa preferente: ANP\",\"datePublished\":\"2018-02-01T12:40:02+00:00\",\"mainEntityOfPage\":{\"@id\":\"https:\/\/volcanes.net\/?p=920\"},\"wordCount\":237,\"commentCount\":0,\"publisher\":{\"@id\":\"https:\/\/volcanes.net\/#organization\"},\"image\":{\"@id\":\"https:\/\/volcanes.net\/?p=920#primaryimage\"},\"thumbnailUrl\":\"https:\/\/volcanes.net\/wp-content\/uploads\/2018\/02\/navarrete-prida.jpg\",\"keywords\":[\"SEGOB\"],\"articleSection\":[\"Municipales\"],\"inLanguage\":\"es\",\"potentialAction\":[{\"@type\":\"CommentAction\",\"name\":\"Comment\",\"target\":[\"https:\/\/volcanes.net\/?p=920#respond\"]}]},{\"@type\":\"WebPage\",\"@id\":\"https:\/\/volcanes.net\/?p=920\",\"url\":\"https:\/\/volcanes.net\/?p=920\",\"name\":\"EPN eval\u00faa si presenta iniciativa preferente: ANP - Volcanes\",\"isPartOf\":{\"@id\":\"https:\/\/volcanes.net\/#website\"},\"primaryImageOfPage\":{\"@id\":\"https:\/\/volcanes.net\/?p=920#primaryimage\"},\"image\":{\"@id\":\"https:\/\/volcanes.net\/?p=920#primaryimage\"},\"thumbnailUrl\":\"https:\/\/volcanes.net\/wp-content\/uploads\/2018\/02\/navarrete-prida.jpg\",\"datePublished\":\"2018-02-01T12:40:02+00:00\",\"breadcrumb\":{\"@id\":\"https:\/\/volcanes.net\/?p=920#breadcrumb\"},\"inLanguage\":\"es\",\"potentialAction\":[{\"@type\":\"ReadAction\",\"target\":[\"https:\/\/volcanes.net\/?p=920\"]}]},{\"@type\":\"ImageObject\",\"inLanguage\":\"es\",\"@id\":\"https:\/\/volcanes.net\/?p=920#primaryimage\",\"url\":\"https:\/\/volcanes.net\/wp-content\/uploads\/2018\/02\/navarrete-prida.jpg\",\"contentUrl\":\"https:\/\/volcanes.net\/wp-content\/uploads\/2018\/02\/navarrete-prida.jpg\",\"width\":400,\"height\":200},{\"@type\":\"BreadcrumbList\",\"@id\":\"https:\/\/volcanes.net\/?p=920#breadcrumb\",\"itemListElement\":[{\"@type\":\"ListItem\",\"position\":1,\"name\":\"Portada\",\"item\":\"https:\/\/volcanes.net\/\"},{\"@type\":\"ListItem\",\"position\":2,\"name\":\"EPN eval\u00faa si presenta iniciativa preferente: ANP\"}]},{\"@type\":\"WebSite\",\"@id\":\"https:\/\/volcanes.net\/#website\",\"url\":\"https:\/\/volcanes.net\/\",\"name\":\"Volcanes.Net\",\"description\":\"Periodismo Profesional\",\"publisher\":{\"@id\":\"https:\/\/volcanes.net\/#organization\"},\"potentialAction\":[{\"@type\":\"SearchAction\",\"target\":{\"@type\":\"EntryPoint\",\"urlTemplate\":\"https:\/\/volcanes.net\/?s={search_term_string}\"},\"query-input\":{\"@type\":\"PropertyValueSpecification\",\"valueRequired\":true,\"valueName\":\"search_term_string\"}}],\"inLanguage\":\"es\"},{\"@type\":\"Organization\",\"@id\":\"https:\/\/volcanes.net\/#organization\",\"name\":\"Grupo Volcanes\",\"url\":\"https:\/\/volcanes.net\/\",\"logo\":{\"@type\":\"ImageObject\",\"inLanguage\":\"es\",\"@id\":\"https:\/\/volcanes.net\/#\/schema\/logo\/image\/\",\"url\":\"http:\/\/volcanes.net\/wp-content\/uploads\/2017\/12\/Avatar2.jpg\",\"contentUrl\":\"http:\/\/volcanes.net\/wp-content\/uploads\/2017\/12\/Avatar2.jpg\",\"width\":378,\"height\":378,\"caption\":\"Grupo Volcanes\"},\"image\":{\"@id\":\"https:\/\/volcanes.net\/#\/schema\/logo\/image\/\"},\"sameAs\":[\"https:\/\/www.facebook.com\/volcanes.net\/\"]},{\"@type\":\"Person\",\"@id\":\"https:\/\/volcanes.net\/#\/schema\/person\/4bf0f383940966a4abd53f5048c0e6b9\",\"name\":\"admin\",\"image\":{\"@type\":\"ImageObject\",\"inLanguage\":\"es\",\"@id\":\"https:\/\/volcanes.net\/#\/schema\/person\/image\/\",\"url\":\"https:\/\/secure.gravatar.com\/avatar\/ca004e6cba8462b8cb7abc86e382930c?s=96&d=mm&r=g\",\"contentUrl\":\"https:\/\/secure.gravatar.com\/avatar\/ca004e6cba8462b8cb7abc86e382930c?s=96&d=mm&r=g\",\"caption\":\"admin\"}}]}<\/script>\n<!-- \/ Yoast SEO plugin. -->","yoast_head_json":{"title":"EPN eval\u00faa si presenta iniciativa preferente: ANP - Volcanes","robots":{"index":"index","follow":"follow","max-snippet":"max-snippet:-1","max-image-preview":"max-image-preview:large","max-video-preview":"max-video-preview:-1"},"canonical":"https:\/\/volcanes.net\/?p=920","og_locale":"es_MX","og_type":"article","og_title":"EPN eval\u00faa si presenta iniciativa preferente: ANP - Volcanes","og_description":"Javier B\u00e1rcenas El titular de la Secretar\u00eda de Gobernaci\u00f3n (Segob), Alfonso Navarrete Prida, dijo que","og_url":"https:\/\/volcanes.net\/?p=920","og_site_name":"Volcanes","article_publisher":"https:\/\/www.facebook.com\/volcanes.net\/","article_published_time":"2018-02-01T12:40:02+00:00","og_image":[{"width":400,"height":200,"url":"https:\/\/volcanes.net\/wp-content\/uploads\/2018\/02\/navarrete-prida.jpg","type":"image\/jpeg"}],"author":"admin","twitter_card":"summary_large_image","twitter_misc":{"Escrito por":"admin","Tiempo de lectura":"1 minuto"},"schema":{"@context":"https:\/\/schema.org","@graph":[{"@type":"Article","@id":"https:\/\/volcanes.net\/?p=920#article","isPartOf":{"@id":"https:\/\/volcanes.net\/?p=920"},"author":{"name":"admin","@id":"https:\/\/volcanes.net\/#\/schema\/person\/4bf0f383940966a4abd53f5048c0e6b9"},"headline":"EPN eval\u00faa si presenta iniciativa preferente: ANP","datePublished":"2018-02-01T12:40:02+00:00","mainEntityOfPage":{"@id":"https:\/\/volcanes.net\/?p=920"},"wordCount":237,"commentCount":0,"publisher":{"@id":"https:\/\/volcanes.net\/#organization"},"image":{"@id":"https:\/\/volcanes.net\/?p=920#primaryimage"},"thumbnailUrl":"https:\/\/volcanes.net\/wp-content\/uploads\/2018\/02\/navarrete-prida.jpg","keywords":["SEGOB"],"articleSection":["Municipales"],"inLanguage":"es","potentialAction":[{"@type":"CommentAction","name":"Comment","target":["https:\/\/volcanes.net\/?p=920#respond"]}]},{"@type":"WebPage","@id":"https:\/\/volcanes.net\/?p=920","url":"https:\/\/volcanes.net\/?p=920","name":"EPN eval\u00faa si presenta iniciativa preferente: ANP - Volcanes","isPartOf":{"@id":"https:\/\/volcanes.net\/#website"},"primaryImageOfPage":{"@id":"https:\/\/volcanes.net\/?p=920#primaryimage"},"image":{"@id":"https:\/\/volcanes.net\/?p=920#primaryimage"},"thumbnailUrl":"https:\/\/volcanes.net\/wp-content\/uploads\/2018\/02\/navarrete-prida.jpg","datePublished":"2018-02-01T12:40:02+00:00","breadcrumb":{"@id":"https:\/\/volcanes.net\/?p=920#breadcrumb"},"inLanguage":"es","potentialAction":[{"@type":"ReadAction","target":["https:\/\/volcanes.net\/?p=920"]}]},{"@type":"ImageObject","inLanguage":"es","@id":"https:\/\/volcanes.net\/?p=920#primaryimage","url":"https:\/\/volcanes.net\/wp-content\/uploads\/2018\/02\/navarrete-prida.jpg","contentUrl":"https:\/\/volcanes.net\/wp-content\/uploads\/2018\/02\/navarrete-prida.jpg","width":400,"height":200},{"@type":"BreadcrumbList","@id":"https:\/\/volcanes.net\/?p=920#breadcrumb","itemListElement":[{"@type":"ListItem","position":1,"name":"Portada","item":"https:\/\/volcanes.net\/"},{"@type":"ListItem","position":2,"name":"EPN eval\u00faa si presenta iniciativa preferente: ANP"}]},{"@type":"WebSite","@id":"https:\/\/volcanes.net\/#website","url":"https:\/\/volcanes.net\/","name":"Volcanes.Net","description":"Periodismo Profesional","publisher":{"@id":"https:\/\/volcanes.net\/#organization"},"potentialAction":[{"@type":"SearchAction","target":{"@type":"EntryPoint","urlTemplate":"https:\/\/volcanes.net\/?s={search_term_string}"},"query-input":{"@type":"PropertyValueSpecification","valueRequired":true,"valueName":"search_term_string"}}],"inLanguage":"es"},{"@type":"Organization","@id":"https:\/\/volcanes.net\/#organization","name":"Grupo Volcanes","url":"https:\/\/volcanes.net\/","logo":{"@type":"ImageObject","inLanguage":"es","@id":"https:\/\/volcanes.net\/#\/schema\/logo\/image\/","url":"http:\/\/volcanes.net\/wp-content\/uploads\/2017\/12\/Avatar2.jpg","contentUrl":"http:\/\/volcanes.net\/wp-content\/uploads\/2017\/12\/Avatar2.jpg","width":378,"height":378,"caption":"Grupo Volcanes"},"image":{"@id":"https:\/\/volcanes.net\/#\/schema\/logo\/image\/"},"sameAs":["https:\/\/www.facebook.com\/volcanes.net\/"]},{"@type":"Person","@id":"https:\/\/volcanes.net\/#\/schema\/person\/4bf0f383940966a4abd53f5048c0e6b9","name":"admin","image":{"@type":"ImageObject","inLanguage":"es","@id":"https:\/\/volcanes.net\/#\/schema\/person\/image\/","url":"https:\/\/secure.gravatar.com\/avatar\/ca004e6cba8462b8cb7abc86e382930c?s=96&d=mm&r=g","contentUrl":"https:\/\/secure.gravatar.com\/avatar\/ca004e6cba8462b8cb7abc86e382930c?s=96&d=mm&r=g","caption":"admin"}}]}},"_links":{"self":[{"href":"https:\/\/volcanes.net\/index.php?rest_route=\/wp\/v2\/posts\/920"}],"collection":[{"href":"https:\/\/volcanes.net\/index.php?rest_route=\/wp\/v2\/posts"}],"about":[{"href":"https:\/\/volcanes.net\/index.php?rest_route=\/wp\/v2\/types\/post"}],"author":[{"embeddable":true,"href":"https:\/\/volcanes.net\/index.php?rest_route=\/wp\/v2\/users\/1"}],"replies":[{"embeddable":true,"href":"https:\/\/volcanes.net\/index.php?rest_route=%2Fwp%2Fv2%2Fcomments&post=920"}],"version-history":[{"count":1,"href":"https:\/\/volcanes.net\/index.php?rest_route=\/wp\/v2\/posts\/920\/revisions"}],"predecessor-version":[{"id":921,"href":"https:\/\/volcanes.net\/index.php?rest_route=\/wp\/v2\/posts\/920\/revisions\/921"}],"wp:featuredmedia":[{"embeddable":true,"href":"https:\/\/volcanes.net\/index.php?rest_route=\/wp\/v2\/media\/912"}],"wp:attachment":[{"href":"https:\/\/volcanes.net\/index.php?rest_route=%2Fwp%2Fv2%2Fmedia&parent=920"}],"wp:term":[{"taxonomy":"category","embeddable":true,"href":"https:\/\/volcanes.net\/index.php?rest_route=%2Fwp%2Fv2%2Fcategories&post=920"},{"taxonomy":"post_tag","embeddable":true,"href":"https:\/\/volcanes.net\/index.php?rest_route=%2Fwp%2Fv2%2Ftags&post=920"}],"curies":[{"name":"wp","href":"https:\/\/api.w.org\/{rel}","templated":true}]}}