{"id":9203,"date":"2020-11-10T08:08:28","date_gmt":"2020-11-10T14:08:28","guid":{"rendered":"http:\/\/volcanes.net\/?p=9203"},"modified":"2020-11-10T19:34:12","modified_gmt":"2020-11-11T01:34:12","slug":"invierte-gobierno-de-amecameca-mas-de-5-millones-en-pavimentaciones","status":"publish","type":"post","link":"https:\/\/volcanes.net\/?p=9203","title":{"rendered":"Invierte Gobierno de Amecameca m\u00e1s de 5 millones en pavimentaciones"},"content":{"rendered":"<div style=\"margin-top: 0px; margin-bottom: 0px;\" class=\"sharethis-inline-share-buttons\" ><\/div><p style=\"text-align: justify;\">Amecameca de Ju\u00e1rez, Estado de M\u00e9xico.- Con una inversi\u00f3n de m\u00e1s de 5 millones de pesos, el Gobierno Municipal pavimentar\u00e1 las calles Popocat\u00e9petl y Ocampo, en el centro del municipio, con lo cual se obtendr\u00e1n beneficios en materia de vialidad, seguridad y turismo; y con estas obras ser\u00e1n beneficiados m\u00e1s de treinta y cinco mil habitantes.<\/p>\n<p style=\"text-align: justify;\">El Presidente Municipal Miguel \u00c1ngel Salom\u00f3n Cort\u00e9s, acompa\u00f1ado de Integrantes del Ayuntamiento, dio el banderazo de arranque de ambas obras y destac\u00f3 la importancia de mejorar las principales vialidades del municipio, \u201cpara optimizar la movilidad de los habitantes y de los visitantes y mejorar en gran medida la seguridad al permitir el f\u00e1cil acceso a todo el centro de la localidad\u201d, precis\u00f3.<\/p>\n<p style=\"text-align: justify;\">Las obras consisten en la repavimentaci\u00f3n de la calle Ocampo, entre la calle El Rosario y Coronel Silvestre L\u00f3pez, la cual contar\u00e1, adem\u00e1s, con remodelaci\u00f3n de guarniciones y banquetas, drenaje sanitario y cambio de luminarias.<\/p>\n<p style=\"text-align: justify;\">As\u00ed mismo, se llevar\u00e1 a cabo la pavimentaci\u00f3n asf\u00e1ltica de la calle Popocat\u00e9petl entre el callej\u00f3n de la Escuela Secundaria \u201cVicente Guerrero\u201d hasta la calle Xicot\u00e9ncatl, en esta obra tambi\u00e9n se construir\u00e1n guarniciones y banquetas, adem\u00e1s del cambio del alumbrado p\u00fablico.<\/p>\n<p style=\"text-align: justify;\">Al finalizar los actos el Presidente Municipal hizo hincapi\u00e9 en que el Gobierno Municipal atiende las necesidades de las 8 Delegaciones y de la Cabecera Municipal, y refrend\u00f3 su compromiso de llevar a todas las zonas de Amecameca obras y acciones que permitan mejorar la calidad de vida de los habitantes, concluy\u00f3.<\/p>\n","protected":false},"excerpt":{"rendered":"<p>Amecameca de Ju\u00e1rez, Estado de M\u00e9xico.- Con una inversi\u00f3n de m\u00e1s de 5 millones de<\/p>\n","protected":false},"author":1,"featured_media":9204,"comment_status":"open","ping_status":"open","sticky":false,"template":"","format":"standard","meta":{"footnotes":""},"categories":[1],"tags":[7],"class_list":["post-9203","post","type-post","status-publish","format-standard","has-post-thumbnail","hentry","category-municipales","tag-amecameca"],"yoast_head":"<!-- This site is optimized with the Yoast SEO plugin v25.3 - https:\/\/yoast.com\/wordpress\/plugins\/seo\/ -->\n<title>Invierte Gobierno de Amecameca m\u00e1s de 5 millones en pavimentaciones - Volcanes<\/title>\n<meta name=\"robots\" content=\"index, follow, max-snippet:-1, max-image-preview:large, max-video-preview:-1\" \/>\n<link rel=\"canonical\" href=\"https:\/\/volcanes.net\/?p=9203\" \/>\n<meta property=\"og:locale\" content=\"es_MX\" \/>\n<meta property=\"og:type\" content=\"article\" \/>\n<meta property=\"og:title\" content=\"Invierte Gobierno de Amecameca m\u00e1s de 5 millones en pavimentaciones - Volcanes\" \/>\n<meta property=\"og:description\" content=\"Amecameca de Ju\u00e1rez, Estado de M\u00e9xico.- Con una inversi\u00f3n de m\u00e1s de 5 millones de\" \/>\n<meta property=\"og:url\" content=\"https:\/\/volcanes.net\/?p=9203\" \/>\n<meta property=\"og:site_name\" content=\"Volcanes\" \/>\n<meta property=\"article:publisher\" content=\"https:\/\/www.facebook.com\/volcanes.net\/\" \/>\n<meta property=\"article:published_time\" content=\"2020-11-10T14:08:28+00:00\" \/>\n<meta property=\"article:modified_time\" content=\"2020-11-11T01:34:12+00:00\" \/>\n<meta property=\"og:image\" content=\"https:\/\/volcanes.net\/wp-content\/uploads\/2020\/11\/FB_IMG_1605016913805.jpg\" \/>\n\t<meta property=\"og:image:width\" content=\"720\" \/>\n\t<meta property=\"og:image:height\" content=\"480\" \/>\n\t<meta property=\"og:image:type\" content=\"image\/jpeg\" \/>\n<meta name=\"author\" content=\"admin\" \/>\n<meta name=\"twitter:card\" content=\"summary_large_image\" \/>\n<meta name=\"twitter:label1\" content=\"Escrito por\" \/>\n\t<meta name=\"twitter:data1\" content=\"admin\" \/>\n\t<meta name=\"twitter:label2\" content=\"Tiempo de lectura\" \/>\n\t<meta name=\"twitter:data2\" content=\"1 minuto\" \/>\n<script type=\"application\/ld+json\" class=\"yoast-schema-graph\">{\"@context\":\"https:\/\/schema.org\",\"@graph\":[{\"@type\":\"Article\",\"@id\":\"https:\/\/volcanes.net\/?p=9203#article\",\"isPartOf\":{\"@id\":\"https:\/\/volcanes.net\/?p=9203\"},\"author\":{\"name\":\"admin\",\"@id\":\"https:\/\/volcanes.net\/#\/schema\/person\/4bf0f383940966a4abd53f5048c0e6b9\"},\"headline\":\"Invierte Gobierno de Amecameca m\u00e1s de 5 millones en pavimentaciones\",\"datePublished\":\"2020-11-10T14:08:28+00:00\",\"dateModified\":\"2020-11-11T01:34:12+00:00\",\"mainEntityOfPage\":{\"@id\":\"https:\/\/volcanes.net\/?p=9203\"},\"wordCount\":280,\"commentCount\":0,\"publisher\":{\"@id\":\"https:\/\/volcanes.net\/#organization\"},\"image\":{\"@id\":\"https:\/\/volcanes.net\/?p=9203#primaryimage\"},\"thumbnailUrl\":\"https:\/\/volcanes.net\/wp-content\/uploads\/2020\/11\/FB_IMG_1605016913805.jpg\",\"keywords\":[\"Amecameca\"],\"articleSection\":[\"Municipales\"],\"inLanguage\":\"es\",\"potentialAction\":[{\"@type\":\"CommentAction\",\"name\":\"Comment\",\"target\":[\"https:\/\/volcanes.net\/?p=9203#respond\"]}]},{\"@type\":\"WebPage\",\"@id\":\"https:\/\/volcanes.net\/?p=9203\",\"url\":\"https:\/\/volcanes.net\/?p=9203\",\"name\":\"Invierte Gobierno de Amecameca m\u00e1s de 5 millones en pavimentaciones - Volcanes\",\"isPartOf\":{\"@id\":\"https:\/\/volcanes.net\/#website\"},\"primaryImageOfPage\":{\"@id\":\"https:\/\/volcanes.net\/?p=9203#primaryimage\"},\"image\":{\"@id\":\"https:\/\/volcanes.net\/?p=9203#primaryimage\"},\"thumbnailUrl\":\"https:\/\/volcanes.net\/wp-content\/uploads\/2020\/11\/FB_IMG_1605016913805.jpg\",\"datePublished\":\"2020-11-10T14:08:28+00:00\",\"dateModified\":\"2020-11-11T01:34:12+00:00\",\"breadcrumb\":{\"@id\":\"https:\/\/volcanes.net\/?p=9203#breadcrumb\"},\"inLanguage\":\"es\",\"potentialAction\":[{\"@type\":\"ReadAction\",\"target\":[\"https:\/\/volcanes.net\/?p=9203\"]}]},{\"@type\":\"ImageObject\",\"inLanguage\":\"es\",\"@id\":\"https:\/\/volcanes.net\/?p=9203#primaryimage\",\"url\":\"https:\/\/volcanes.net\/wp-content\/uploads\/2020\/11\/FB_IMG_1605016913805.jpg\",\"contentUrl\":\"https:\/\/volcanes.net\/wp-content\/uploads\/2020\/11\/FB_IMG_1605016913805.jpg\",\"width\":720,\"height\":480},{\"@type\":\"BreadcrumbList\",\"@id\":\"https:\/\/volcanes.net\/?p=9203#breadcrumb\",\"itemListElement\":[{\"@type\":\"ListItem\",\"position\":1,\"name\":\"Portada\",\"item\":\"https:\/\/volcanes.net\/\"},{\"@type\":\"ListItem\",\"position\":2,\"name\":\"Invierte Gobierno de Amecameca m\u00e1s de 5 millones en pavimentaciones\"}]},{\"@type\":\"WebSite\",\"@id\":\"https:\/\/volcanes.net\/#website\",\"url\":\"https:\/\/volcanes.net\/\",\"name\":\"Volcanes.Net\",\"description\":\"Periodismo Profesional\",\"publisher\":{\"@id\":\"https:\/\/volcanes.net\/#organization\"},\"potentialAction\":[{\"@type\":\"SearchAction\",\"target\":{\"@type\":\"EntryPoint\",\"urlTemplate\":\"https:\/\/volcanes.net\/?s={search_term_string}\"},\"query-input\":{\"@type\":\"PropertyValueSpecification\",\"valueRequired\":true,\"valueName\":\"search_term_string\"}}],\"inLanguage\":\"es\"},{\"@type\":\"Organization\",\"@id\":\"https:\/\/volcanes.net\/#organization\",\"name\":\"Grupo Volcanes\",\"url\":\"https:\/\/volcanes.net\/\",\"logo\":{\"@type\":\"ImageObject\",\"inLanguage\":\"es\",\"@id\":\"https:\/\/volcanes.net\/#\/schema\/logo\/image\/\",\"url\":\"http:\/\/volcanes.net\/wp-content\/uploads\/2017\/12\/Avatar2.jpg\",\"contentUrl\":\"http:\/\/volcanes.net\/wp-content\/uploads\/2017\/12\/Avatar2.jpg\",\"width\":378,\"height\":378,\"caption\":\"Grupo Volcanes\"},\"image\":{\"@id\":\"https:\/\/volcanes.net\/#\/schema\/logo\/image\/\"},\"sameAs\":[\"https:\/\/www.facebook.com\/volcanes.net\/\"]},{\"@type\":\"Person\",\"@id\":\"https:\/\/volcanes.net\/#\/schema\/person\/4bf0f383940966a4abd53f5048c0e6b9\",\"name\":\"admin\",\"image\":{\"@type\":\"ImageObject\",\"inLanguage\":\"es\",\"@id\":\"https:\/\/volcanes.net\/#\/schema\/person\/image\/\",\"url\":\"https:\/\/secure.gravatar.com\/avatar\/ca004e6cba8462b8cb7abc86e382930c?s=96&d=mm&r=g\",\"contentUrl\":\"https:\/\/secure.gravatar.com\/avatar\/ca004e6cba8462b8cb7abc86e382930c?s=96&d=mm&r=g\",\"caption\":\"admin\"}}]}<\/script>\n<!-- \/ Yoast SEO plugin. -->","yoast_head_json":{"title":"Invierte Gobierno de Amecameca m\u00e1s de 5 millones en pavimentaciones - Volcanes","robots":{"index":"index","follow":"follow","max-snippet":"max-snippet:-1","max-image-preview":"max-image-preview:large","max-video-preview":"max-video-preview:-1"},"canonical":"https:\/\/volcanes.net\/?p=9203","og_locale":"es_MX","og_type":"article","og_title":"Invierte Gobierno de Amecameca m\u00e1s de 5 millones en pavimentaciones - Volcanes","og_description":"Amecameca de Ju\u00e1rez, Estado de M\u00e9xico.- Con una inversi\u00f3n de m\u00e1s de 5 millones de","og_url":"https:\/\/volcanes.net\/?p=9203","og_site_name":"Volcanes","article_publisher":"https:\/\/www.facebook.com\/volcanes.net\/","article_published_time":"2020-11-10T14:08:28+00:00","article_modified_time":"2020-11-11T01:34:12+00:00","og_image":[{"width":720,"height":480,"url":"https:\/\/volcanes.net\/wp-content\/uploads\/2020\/11\/FB_IMG_1605016913805.jpg","type":"image\/jpeg"}],"author":"admin","twitter_card":"summary_large_image","twitter_misc":{"Escrito por":"admin","Tiempo de lectura":"1 minuto"},"schema":{"@context":"https:\/\/schema.org","@graph":[{"@type":"Article","@id":"https:\/\/volcanes.net\/?p=9203#article","isPartOf":{"@id":"https:\/\/volcanes.net\/?p=9203"},"author":{"name":"admin","@id":"https:\/\/volcanes.net\/#\/schema\/person\/4bf0f383940966a4abd53f5048c0e6b9"},"headline":"Invierte Gobierno de Amecameca m\u00e1s de 5 millones en pavimentaciones","datePublished":"2020-11-10T14:08:28+00:00","dateModified":"2020-11-11T01:34:12+00:00","mainEntityOfPage":{"@id":"https:\/\/volcanes.net\/?p=9203"},"wordCount":280,"commentCount":0,"publisher":{"@id":"https:\/\/volcanes.net\/#organization"},"image":{"@id":"https:\/\/volcanes.net\/?p=9203#primaryimage"},"thumbnailUrl":"https:\/\/volcanes.net\/wp-content\/uploads\/2020\/11\/FB_IMG_1605016913805.jpg","keywords":["Amecameca"],"articleSection":["Municipales"],"inLanguage":"es","potentialAction":[{"@type":"CommentAction","name":"Comment","target":["https:\/\/volcanes.net\/?p=9203#respond"]}]},{"@type":"WebPage","@id":"https:\/\/volcanes.net\/?p=9203","url":"https:\/\/volcanes.net\/?p=9203","name":"Invierte Gobierno de Amecameca m\u00e1s de 5 millones en pavimentaciones - Volcanes","isPartOf":{"@id":"https:\/\/volcanes.net\/#website"},"primaryImageOfPage":{"@id":"https:\/\/volcanes.net\/?p=9203#primaryimage"},"image":{"@id":"https:\/\/volcanes.net\/?p=9203#primaryimage"},"thumbnailUrl":"https:\/\/volcanes.net\/wp-content\/uploads\/2020\/11\/FB_IMG_1605016913805.jpg","datePublished":"2020-11-10T14:08:28+00:00","dateModified":"2020-11-11T01:34:12+00:00","breadcrumb":{"@id":"https:\/\/volcanes.net\/?p=9203#breadcrumb"},"inLanguage":"es","potentialAction":[{"@type":"ReadAction","target":["https:\/\/volcanes.net\/?p=9203"]}]},{"@type":"ImageObject","inLanguage":"es","@id":"https:\/\/volcanes.net\/?p=9203#primaryimage","url":"https:\/\/volcanes.net\/wp-content\/uploads\/2020\/11\/FB_IMG_1605016913805.jpg","contentUrl":"https:\/\/volcanes.net\/wp-content\/uploads\/2020\/11\/FB_IMG_1605016913805.jpg","width":720,"height":480},{"@type":"BreadcrumbList","@id":"https:\/\/volcanes.net\/?p=9203#breadcrumb","itemListElement":[{"@type":"ListItem","position":1,"name":"Portada","item":"https:\/\/volcanes.net\/"},{"@type":"ListItem","position":2,"name":"Invierte Gobierno de Amecameca m\u00e1s de 5 millones en pavimentaciones"}]},{"@type":"WebSite","@id":"https:\/\/volcanes.net\/#website","url":"https:\/\/volcanes.net\/","name":"Volcanes.Net","description":"Periodismo Profesional","publisher":{"@id":"https:\/\/volcanes.net\/#organization"},"potentialAction":[{"@type":"SearchAction","target":{"@type":"EntryPoint","urlTemplate":"https:\/\/volcanes.net\/?s={search_term_string}"},"query-input":{"@type":"PropertyValueSpecification","valueRequired":true,"valueName":"search_term_string"}}],"inLanguage":"es"},{"@type":"Organization","@id":"https:\/\/volcanes.net\/#organization","name":"Grupo Volcanes","url":"https:\/\/volcanes.net\/","logo":{"@type":"ImageObject","inLanguage":"es","@id":"https:\/\/volcanes.net\/#\/schema\/logo\/image\/","url":"http:\/\/volcanes.net\/wp-content\/uploads\/2017\/12\/Avatar2.jpg","contentUrl":"http:\/\/volcanes.net\/wp-content\/uploads\/2017\/12\/Avatar2.jpg","width":378,"height":378,"caption":"Grupo Volcanes"},"image":{"@id":"https:\/\/volcanes.net\/#\/schema\/logo\/image\/"},"sameAs":["https:\/\/www.facebook.com\/volcanes.net\/"]},{"@type":"Person","@id":"https:\/\/volcanes.net\/#\/schema\/person\/4bf0f383940966a4abd53f5048c0e6b9","name":"admin","image":{"@type":"ImageObject","inLanguage":"es","@id":"https:\/\/volcanes.net\/#\/schema\/person\/image\/","url":"https:\/\/secure.gravatar.com\/avatar\/ca004e6cba8462b8cb7abc86e382930c?s=96&d=mm&r=g","contentUrl":"https:\/\/secure.gravatar.com\/avatar\/ca004e6cba8462b8cb7abc86e382930c?s=96&d=mm&r=g","caption":"admin"}}]}},"_links":{"self":[{"href":"https:\/\/volcanes.net\/index.php?rest_route=\/wp\/v2\/posts\/9203"}],"collection":[{"href":"https:\/\/volcanes.net\/index.php?rest_route=\/wp\/v2\/posts"}],"about":[{"href":"https:\/\/volcanes.net\/index.php?rest_route=\/wp\/v2\/types\/post"}],"author":[{"embeddable":true,"href":"https:\/\/volcanes.net\/index.php?rest_route=\/wp\/v2\/users\/1"}],"replies":[{"embeddable":true,"href":"https:\/\/volcanes.net\/index.php?rest_route=%2Fwp%2Fv2%2Fcomments&post=9203"}],"version-history":[{"count":2,"href":"https:\/\/volcanes.net\/index.php?rest_route=\/wp\/v2\/posts\/9203\/revisions"}],"predecessor-version":[{"id":9215,"href":"https:\/\/volcanes.net\/index.php?rest_route=\/wp\/v2\/posts\/9203\/revisions\/9215"}],"wp:featuredmedia":[{"embeddable":true,"href":"https:\/\/volcanes.net\/index.php?rest_route=\/wp\/v2\/media\/9204"}],"wp:attachment":[{"href":"https:\/\/volcanes.net\/index.php?rest_route=%2Fwp%2Fv2%2Fmedia&parent=9203"}],"wp:term":[{"taxonomy":"category","embeddable":true,"href":"https:\/\/volcanes.net\/index.php?rest_route=%2Fwp%2Fv2%2Fcategories&post=9203"},{"taxonomy":"post_tag","embeddable":true,"href":"https:\/\/volcanes.net\/index.php?rest_route=%2Fwp%2Fv2%2Ftags&post=9203"}],"curies":[{"name":"wp","href":"https:\/\/api.w.org\/{rel}","templated":true}]}}