{"id":922,"date":"2018-02-01T12:42:51","date_gmt":"2018-02-01T12:42:51","guid":{"rendered":"http:\/\/volcanes.net\/?p=922"},"modified":"2018-02-01T12:42:51","modified_gmt":"2018-02-01T12:42:51","slug":"frente-esta-en-contra-de-las-campanas-negras-anaya","status":"publish","type":"post","link":"https:\/\/volcanes.net\/?p=922","title":{"rendered":"Frente est\u00e1 en contra de las campa\u00f1as negras: Anaya"},"content":{"rendered":"<div style=\"margin-top: 0px; margin-bottom: 0px;\" class=\"sharethis-inline-share-buttons\" ><\/div><p class=\"x_ydp98236814MsoNormal\">CCONoticias.- La coalici\u00f3n Por M\u00e9xico al Frente (PAN-PRD-MC) est\u00e1 en contra de las \u201ccampa\u00f1as negras\u201d de desprestigio y rechaza el pragmatismo sin l\u00edmites en la pol\u00edtica, afirm\u00f3 su precandidato a la Presidencia de la Rep\u00fablica, Ricardo Anaya Cort\u00e9s.<\/p>\n<p class=\"x_ydp98236814MsoNormal\">\u201cYo me he pronunciado de manera contundente contra ese tipo de pr\u00e1cticas, de campa\u00f1as negras, y si ustedes revisan, el PRI y el sistema est\u00e1n tambi\u00e9n enderezando una campa\u00f1a en nuestra contra, pero no les est\u00e1 funcionando\u2026Nosotros no nos vamos a prestar a esas bajezas\u201d, dijo en declaraciones a la prensa.<\/p>\n<p class=\"x_ydp98236814MsoNormal\">Anaya Cort\u00e9s abord\u00f3 el tema a pregunta expresa sobre las afirmaciones de dirigentes de Morena de que hay una \u201ccampa\u00f1as negras\u201d contra el precandidato de la alianza Juntos Haremos Historia (Morena-PT-PES) a la Presidencia de la Rep\u00fablica, Andr\u00e9s Manuel L\u00f3pez Obrador.<\/p>\n<p class=\"x_ydp98236814MsoNormal\">Anaya Cort\u00e9s acudi\u00f3 al Palacio Legislativo de San L\u00e1zaro, para participar en un encuentro conjunto con diputados de estos tres partidos pol\u00edticos y sus dirigentes nacionales, en el marco de sus reuniones plenarias, que se llevaron a cabo por separado, con el fin de definir sus agendas legislativas para el periodo ordinario de sesiones que inicia este jueves, 1 de febrero.<\/p>\n<p class=\"x_ydp98236814MsoNormal\">El ex dirigente del PAN asever\u00f3 que tambi\u00e9n hay una \u201ccampa\u00f1a negra\u201d en su contra y que han interpuesto algunas quejas ante el Instituto Nacional Electoral (INE) porque han recopilado evidencia de que est\u00e1n pag\u00e1ndose videos en redes sociales, particularmente en YouTube y Facebook, para desprestigiarlo.<\/p>\n<p class=\"x_ydp98236814MsoNormal\">Respecto a la estrategia de Morena de incluir en sus filas a ex militantes de otros partidos y a personajes que han sido cuestionados por su actuaci\u00f3n p\u00fablica, Anaya Cort\u00e9s dijo que eso s\u00f3lo muestra un \u201cpragmatismo sin l\u00edmites que le hace much\u00edsimo da\u00f1o al pa\u00eds\u201d.<\/p>\n<p class=\"x_ydp98236814MsoNormal\">\u201cEl que \u00e9l tenga una alianza con Elba Esther Gordillo, que est\u00e9n con \u00e9l, el nieto, el yerno de Elba Esther, pues me parece que describe ese pragmatismo que no tiene l\u00edmites. Un pragmatismo rampante\u201d, asever\u00f3.<\/p>\n<p class=\"x_ydp98236814MsoNormal\">\u201cNosotros (en la coalici\u00f3n Por M\u00e9xico al Frente) lo que estamos buscando es postular a mujeres y hombres de bien, que puedan no solamente ganar las elecciones, sino desempe\u00f1arse con honestidad y con eficacia desde los cargos p\u00fablicos; ese va ser nuestro objetivo\u201d, subray\u00f3 el aspirante presidencial.<\/p>\n<p class=\"x_ydp98236814MsoNormal\">En declaraciones a la prensa, por separado, la precandidata de la coalici\u00f3n a la jefatura de gobierno de la Ciudad de M\u00e9xico por esa coalici\u00f3n, Alejandra Barrales Magdaleno, dijo que \u201cla gran mayor\u00eda\u201d de encuestas electorales colocan en franco crecimiento a la alianza PAN-PRD-MC, tanto en la capital como a nivel nacional.<\/p>\n<p class=\"x_ydp98236814MsoNormal\">\u201cLa competencia est\u00e1 empezando para nosotros a estas escasas semanas que se tomaron definiciones y ya los n\u00fameros, sobre todo la tendencia, nos es favorable, por eso estamos animados y convencidos de que no s\u00f3lo vamos a remontar, sino que tenemos toda la posibilidad de ganar la elecci\u00f3n\u201d, asegur\u00f3.<\/p>\n<p class=\"x_ydp98236814MsoNormal\">Cuestionada sobre si fue correcto que ella y Anaya Cort\u00e9s se reunieran con legisladores en el marco de sus plenarias, Barrales Magdaleno afirm\u00f3 que no s\u00f3lo fue correcto sino una obligaci\u00f3n.<\/p>\n<p class=\"x_ydp98236814MsoNormal\">\u201cNo s\u00f3lo nos parece correcto, nos parece obligado ponernos de acuerdo porque nuestro objetivo de cambiar el rumbo del pa\u00eds, en gran medida pasa por la C\u00e1mara de Diputados\u201d, concluy\u00f3.<\/p>\n","protected":false},"excerpt":{"rendered":"<p>CCONoticias.- La coalici\u00f3n Por M\u00e9xico al Frente (PAN-PRD-MC) est\u00e1 en contra de las \u201ccampa\u00f1as negras\u201d<\/p>\n","protected":false},"author":1,"featured_media":913,"comment_status":"open","ping_status":"open","sticky":false,"template":"","format":"standard","meta":{"footnotes":""},"categories":[1],"tags":[103,35,37],"class_list":["post-922","post","type-post","status-publish","format-standard","has-post-thumbnail","hentry","category-municipales","tag-movimiento-ciudadano","tag-pan","tag-prd"],"yoast_head":"<!-- This site is optimized with the Yoast SEO plugin v25.3 - https:\/\/yoast.com\/wordpress\/plugins\/seo\/ -->\n<title>Frente est\u00e1 en contra de las campa\u00f1as negras: Anaya - Volcanes<\/title>\n<meta name=\"robots\" content=\"index, follow, max-snippet:-1, max-image-preview:large, max-video-preview:-1\" \/>\n<link rel=\"canonical\" href=\"https:\/\/volcanes.net\/?p=922\" \/>\n<meta property=\"og:locale\" content=\"es_MX\" \/>\n<meta property=\"og:type\" content=\"article\" \/>\n<meta property=\"og:title\" content=\"Frente est\u00e1 en contra de las campa\u00f1as negras: Anaya - Volcanes\" \/>\n<meta property=\"og:description\" content=\"CCONoticias.- La coalici\u00f3n Por M\u00e9xico al Frente (PAN-PRD-MC) est\u00e1 en contra de las \u201ccampa\u00f1as negras\u201d\" \/>\n<meta property=\"og:url\" content=\"https:\/\/volcanes.net\/?p=922\" \/>\n<meta property=\"og:site_name\" content=\"Volcanes\" \/>\n<meta property=\"article:publisher\" content=\"https:\/\/www.facebook.com\/volcanes.net\/\" \/>\n<meta property=\"article:published_time\" content=\"2018-02-01T12:42:51+00:00\" \/>\n<meta property=\"og:image\" content=\"https:\/\/volcanes.net\/wp-content\/uploads\/2018\/02\/anaya.jpg\" \/>\n\t<meta property=\"og:image:width\" content=\"400\" \/>\n\t<meta property=\"og:image:height\" content=\"200\" \/>\n\t<meta property=\"og:image:type\" content=\"image\/jpeg\" \/>\n<meta name=\"author\" content=\"admin\" \/>\n<meta name=\"twitter:card\" content=\"summary_large_image\" \/>\n<meta name=\"twitter:label1\" content=\"Escrito por\" \/>\n\t<meta name=\"twitter:data1\" content=\"admin\" \/>\n\t<meta name=\"twitter:label2\" content=\"Tiempo de lectura\" \/>\n\t<meta name=\"twitter:data2\" content=\"3 minutos\" \/>\n<script type=\"application\/ld+json\" class=\"yoast-schema-graph\">{\"@context\":\"https:\/\/schema.org\",\"@graph\":[{\"@type\":\"Article\",\"@id\":\"https:\/\/volcanes.net\/?p=922#article\",\"isPartOf\":{\"@id\":\"https:\/\/volcanes.net\/?p=922\"},\"author\":{\"name\":\"admin\",\"@id\":\"https:\/\/volcanes.net\/#\/schema\/person\/4bf0f383940966a4abd53f5048c0e6b9\"},\"headline\":\"Frente est\u00e1 en contra de las campa\u00f1as negras: Anaya\",\"datePublished\":\"2018-02-01T12:42:51+00:00\",\"mainEntityOfPage\":{\"@id\":\"https:\/\/volcanes.net\/?p=922\"},\"wordCount\":590,\"commentCount\":0,\"publisher\":{\"@id\":\"https:\/\/volcanes.net\/#organization\"},\"image\":{\"@id\":\"https:\/\/volcanes.net\/?p=922#primaryimage\"},\"thumbnailUrl\":\"https:\/\/volcanes.net\/wp-content\/uploads\/2018\/02\/anaya.jpg\",\"keywords\":[\"Movimiento Ciudadano\",\"PAN\",\"PRD\"],\"articleSection\":[\"Municipales\"],\"inLanguage\":\"es\",\"potentialAction\":[{\"@type\":\"CommentAction\",\"name\":\"Comment\",\"target\":[\"https:\/\/volcanes.net\/?p=922#respond\"]}]},{\"@type\":\"WebPage\",\"@id\":\"https:\/\/volcanes.net\/?p=922\",\"url\":\"https:\/\/volcanes.net\/?p=922\",\"name\":\"Frente est\u00e1 en contra de las campa\u00f1as negras: Anaya - Volcanes\",\"isPartOf\":{\"@id\":\"https:\/\/volcanes.net\/#website\"},\"primaryImageOfPage\":{\"@id\":\"https:\/\/volcanes.net\/?p=922#primaryimage\"},\"image\":{\"@id\":\"https:\/\/volcanes.net\/?p=922#primaryimage\"},\"thumbnailUrl\":\"https:\/\/volcanes.net\/wp-content\/uploads\/2018\/02\/anaya.jpg\",\"datePublished\":\"2018-02-01T12:42:51+00:00\",\"breadcrumb\":{\"@id\":\"https:\/\/volcanes.net\/?p=922#breadcrumb\"},\"inLanguage\":\"es\",\"potentialAction\":[{\"@type\":\"ReadAction\",\"target\":[\"https:\/\/volcanes.net\/?p=922\"]}]},{\"@type\":\"ImageObject\",\"inLanguage\":\"es\",\"@id\":\"https:\/\/volcanes.net\/?p=922#primaryimage\",\"url\":\"https:\/\/volcanes.net\/wp-content\/uploads\/2018\/02\/anaya.jpg\",\"contentUrl\":\"https:\/\/volcanes.net\/wp-content\/uploads\/2018\/02\/anaya.jpg\",\"width\":400,\"height\":200},{\"@type\":\"BreadcrumbList\",\"@id\":\"https:\/\/volcanes.net\/?p=922#breadcrumb\",\"itemListElement\":[{\"@type\":\"ListItem\",\"position\":1,\"name\":\"Portada\",\"item\":\"https:\/\/volcanes.net\/\"},{\"@type\":\"ListItem\",\"position\":2,\"name\":\"Frente est\u00e1 en contra de las campa\u00f1as negras: Anaya\"}]},{\"@type\":\"WebSite\",\"@id\":\"https:\/\/volcanes.net\/#website\",\"url\":\"https:\/\/volcanes.net\/\",\"name\":\"Volcanes.Net\",\"description\":\"Periodismo Profesional\",\"publisher\":{\"@id\":\"https:\/\/volcanes.net\/#organization\"},\"potentialAction\":[{\"@type\":\"SearchAction\",\"target\":{\"@type\":\"EntryPoint\",\"urlTemplate\":\"https:\/\/volcanes.net\/?s={search_term_string}\"},\"query-input\":{\"@type\":\"PropertyValueSpecification\",\"valueRequired\":true,\"valueName\":\"search_term_string\"}}],\"inLanguage\":\"es\"},{\"@type\":\"Organization\",\"@id\":\"https:\/\/volcanes.net\/#organization\",\"name\":\"Grupo Volcanes\",\"url\":\"https:\/\/volcanes.net\/\",\"logo\":{\"@type\":\"ImageObject\",\"inLanguage\":\"es\",\"@id\":\"https:\/\/volcanes.net\/#\/schema\/logo\/image\/\",\"url\":\"http:\/\/volcanes.net\/wp-content\/uploads\/2017\/12\/Avatar2.jpg\",\"contentUrl\":\"http:\/\/volcanes.net\/wp-content\/uploads\/2017\/12\/Avatar2.jpg\",\"width\":378,\"height\":378,\"caption\":\"Grupo Volcanes\"},\"image\":{\"@id\":\"https:\/\/volcanes.net\/#\/schema\/logo\/image\/\"},\"sameAs\":[\"https:\/\/www.facebook.com\/volcanes.net\/\"]},{\"@type\":\"Person\",\"@id\":\"https:\/\/volcanes.net\/#\/schema\/person\/4bf0f383940966a4abd53f5048c0e6b9\",\"name\":\"admin\",\"image\":{\"@type\":\"ImageObject\",\"inLanguage\":\"es\",\"@id\":\"https:\/\/volcanes.net\/#\/schema\/person\/image\/\",\"url\":\"https:\/\/secure.gravatar.com\/avatar\/ca004e6cba8462b8cb7abc86e382930c?s=96&d=mm&r=g\",\"contentUrl\":\"https:\/\/secure.gravatar.com\/avatar\/ca004e6cba8462b8cb7abc86e382930c?s=96&d=mm&r=g\",\"caption\":\"admin\"}}]}<\/script>\n<!-- \/ Yoast SEO plugin. -->","yoast_head_json":{"title":"Frente est\u00e1 en contra de las campa\u00f1as negras: Anaya - Volcanes","robots":{"index":"index","follow":"follow","max-snippet":"max-snippet:-1","max-image-preview":"max-image-preview:large","max-video-preview":"max-video-preview:-1"},"canonical":"https:\/\/volcanes.net\/?p=922","og_locale":"es_MX","og_type":"article","og_title":"Frente est\u00e1 en contra de las campa\u00f1as negras: Anaya - Volcanes","og_description":"CCONoticias.- La coalici\u00f3n Por M\u00e9xico al Frente (PAN-PRD-MC) est\u00e1 en contra de las \u201ccampa\u00f1as negras\u201d","og_url":"https:\/\/volcanes.net\/?p=922","og_site_name":"Volcanes","article_publisher":"https:\/\/www.facebook.com\/volcanes.net\/","article_published_time":"2018-02-01T12:42:51+00:00","og_image":[{"width":400,"height":200,"url":"https:\/\/volcanes.net\/wp-content\/uploads\/2018\/02\/anaya.jpg","type":"image\/jpeg"}],"author":"admin","twitter_card":"summary_large_image","twitter_misc":{"Escrito por":"admin","Tiempo de lectura":"3 minutos"},"schema":{"@context":"https:\/\/schema.org","@graph":[{"@type":"Article","@id":"https:\/\/volcanes.net\/?p=922#article","isPartOf":{"@id":"https:\/\/volcanes.net\/?p=922"},"author":{"name":"admin","@id":"https:\/\/volcanes.net\/#\/schema\/person\/4bf0f383940966a4abd53f5048c0e6b9"},"headline":"Frente est\u00e1 en contra de las campa\u00f1as negras: Anaya","datePublished":"2018-02-01T12:42:51+00:00","mainEntityOfPage":{"@id":"https:\/\/volcanes.net\/?p=922"},"wordCount":590,"commentCount":0,"publisher":{"@id":"https:\/\/volcanes.net\/#organization"},"image":{"@id":"https:\/\/volcanes.net\/?p=922#primaryimage"},"thumbnailUrl":"https:\/\/volcanes.net\/wp-content\/uploads\/2018\/02\/anaya.jpg","keywords":["Movimiento Ciudadano","PAN","PRD"],"articleSection":["Municipales"],"inLanguage":"es","potentialAction":[{"@type":"CommentAction","name":"Comment","target":["https:\/\/volcanes.net\/?p=922#respond"]}]},{"@type":"WebPage","@id":"https:\/\/volcanes.net\/?p=922","url":"https:\/\/volcanes.net\/?p=922","name":"Frente est\u00e1 en contra de las campa\u00f1as negras: Anaya - Volcanes","isPartOf":{"@id":"https:\/\/volcanes.net\/#website"},"primaryImageOfPage":{"@id":"https:\/\/volcanes.net\/?p=922#primaryimage"},"image":{"@id":"https:\/\/volcanes.net\/?p=922#primaryimage"},"thumbnailUrl":"https:\/\/volcanes.net\/wp-content\/uploads\/2018\/02\/anaya.jpg","datePublished":"2018-02-01T12:42:51+00:00","breadcrumb":{"@id":"https:\/\/volcanes.net\/?p=922#breadcrumb"},"inLanguage":"es","potentialAction":[{"@type":"ReadAction","target":["https:\/\/volcanes.net\/?p=922"]}]},{"@type":"ImageObject","inLanguage":"es","@id":"https:\/\/volcanes.net\/?p=922#primaryimage","url":"https:\/\/volcanes.net\/wp-content\/uploads\/2018\/02\/anaya.jpg","contentUrl":"https:\/\/volcanes.net\/wp-content\/uploads\/2018\/02\/anaya.jpg","width":400,"height":200},{"@type":"BreadcrumbList","@id":"https:\/\/volcanes.net\/?p=922#breadcrumb","itemListElement":[{"@type":"ListItem","position":1,"name":"Portada","item":"https:\/\/volcanes.net\/"},{"@type":"ListItem","position":2,"name":"Frente est\u00e1 en contra de las campa\u00f1as negras: Anaya"}]},{"@type":"WebSite","@id":"https:\/\/volcanes.net\/#website","url":"https:\/\/volcanes.net\/","name":"Volcanes.Net","description":"Periodismo Profesional","publisher":{"@id":"https:\/\/volcanes.net\/#organization"},"potentialAction":[{"@type":"SearchAction","target":{"@type":"EntryPoint","urlTemplate":"https:\/\/volcanes.net\/?s={search_term_string}"},"query-input":{"@type":"PropertyValueSpecification","valueRequired":true,"valueName":"search_term_string"}}],"inLanguage":"es"},{"@type":"Organization","@id":"https:\/\/volcanes.net\/#organization","name":"Grupo Volcanes","url":"https:\/\/volcanes.net\/","logo":{"@type":"ImageObject","inLanguage":"es","@id":"https:\/\/volcanes.net\/#\/schema\/logo\/image\/","url":"http:\/\/volcanes.net\/wp-content\/uploads\/2017\/12\/Avatar2.jpg","contentUrl":"http:\/\/volcanes.net\/wp-content\/uploads\/2017\/12\/Avatar2.jpg","width":378,"height":378,"caption":"Grupo Volcanes"},"image":{"@id":"https:\/\/volcanes.net\/#\/schema\/logo\/image\/"},"sameAs":["https:\/\/www.facebook.com\/volcanes.net\/"]},{"@type":"Person","@id":"https:\/\/volcanes.net\/#\/schema\/person\/4bf0f383940966a4abd53f5048c0e6b9","name":"admin","image":{"@type":"ImageObject","inLanguage":"es","@id":"https:\/\/volcanes.net\/#\/schema\/person\/image\/","url":"https:\/\/secure.gravatar.com\/avatar\/ca004e6cba8462b8cb7abc86e382930c?s=96&d=mm&r=g","contentUrl":"https:\/\/secure.gravatar.com\/avatar\/ca004e6cba8462b8cb7abc86e382930c?s=96&d=mm&r=g","caption":"admin"}}]}},"_links":{"self":[{"href":"https:\/\/volcanes.net\/index.php?rest_route=\/wp\/v2\/posts\/922"}],"collection":[{"href":"https:\/\/volcanes.net\/index.php?rest_route=\/wp\/v2\/posts"}],"about":[{"href":"https:\/\/volcanes.net\/index.php?rest_route=\/wp\/v2\/types\/post"}],"author":[{"embeddable":true,"href":"https:\/\/volcanes.net\/index.php?rest_route=\/wp\/v2\/users\/1"}],"replies":[{"embeddable":true,"href":"https:\/\/volcanes.net\/index.php?rest_route=%2Fwp%2Fv2%2Fcomments&post=922"}],"version-history":[{"count":1,"href":"https:\/\/volcanes.net\/index.php?rest_route=\/wp\/v2\/posts\/922\/revisions"}],"predecessor-version":[{"id":923,"href":"https:\/\/volcanes.net\/index.php?rest_route=\/wp\/v2\/posts\/922\/revisions\/923"}],"wp:featuredmedia":[{"embeddable":true,"href":"https:\/\/volcanes.net\/index.php?rest_route=\/wp\/v2\/media\/913"}],"wp:attachment":[{"href":"https:\/\/volcanes.net\/index.php?rest_route=%2Fwp%2Fv2%2Fmedia&parent=922"}],"wp:term":[{"taxonomy":"category","embeddable":true,"href":"https:\/\/volcanes.net\/index.php?rest_route=%2Fwp%2Fv2%2Fcategories&post=922"},{"taxonomy":"post_tag","embeddable":true,"href":"https:\/\/volcanes.net\/index.php?rest_route=%2Fwp%2Fv2%2Ftags&post=922"}],"curies":[{"name":"wp","href":"https:\/\/api.w.org\/{rel}","templated":true}]}}