{"id":9229,"date":"2020-11-11T19:43:25","date_gmt":"2020-11-12T01:43:25","guid":{"rendered":"http:\/\/volcanes.net\/?p=9229"},"modified":"2020-11-12T16:45:16","modified_gmt":"2020-11-12T22:45:16","slug":"el-gobierno-municipal-de-atlautla-reactiva-economia-con-el-1er-bazar-navideno-2020","status":"publish","type":"post","link":"https:\/\/volcanes.net\/?p=9229","title":{"rendered":"El gobierno municipal de Atlautla reactiva econom\u00eda con el  \u201c1er Bazar Navide\u00f1o 2020\u201d"},"content":{"rendered":"<div style=\"margin-top: 0px; margin-bottom: 0px;\" class=\"sharethis-inline-share-buttons\" ><\/div><p style=\"text-align: justify;\">Atlautla, Estado de M\u00e9xico.- Con el objetivo de reactivar la econom\u00eda de este municipio mexiquense, que preside Hermenegildo Lozada Amaro, \u00a0a trav\u00e9s de la Coordinaci\u00f3n de Turismo llevar\u00e1n a cabo el \u00a0\u201c1er Bazar Navide\u00f1o Atlautla 2020\u201d, donde los productores y comerciantes locales tendr\u00e1n la oportunidad de poner a la venta sus productos.<\/p>\n<p style=\"text-align: justify;\">Ante ello, el gobierno municipal realiz\u00f3 una convocatoria para todos aquellos productores de \u00e1rboles de navidad, adornos, esferas, noche buenas, ect, y acudan a las oficinas de la Coordinaci\u00f3n de Turismo en donde se llevar\u00e1n a cabo el registro a fin de otorgarles un espacio.<\/p>\n<p style=\"text-align: justify;\">Cabe mencionar que el Bazar estar\u00e1 ubicado en la Carretera federal M\u00e9xico-Cuautla, kil\u00f3metro 67, ampliaci\u00f3n PopoPark, Atlautla, adem\u00e1s de que se realizar\u00e1 con todas recomendaciones sanitarias emitidas por la Secretar\u00eda de Salud con el fin de prevenir contagios por el virus COVID-19.<\/p>\n","protected":false},"excerpt":{"rendered":"<p>Atlautla, Estado de M\u00e9xico.- Con el objetivo de reactivar la econom\u00eda de este municipio mexiquense,<\/p>\n","protected":false},"author":1,"featured_media":9230,"comment_status":"open","ping_status":"open","sticky":false,"template":"","format":"standard","meta":{"footnotes":""},"categories":[1],"tags":[80],"class_list":["post-9229","post","type-post","status-publish","format-standard","has-post-thumbnail","hentry","category-municipales","tag-atlautla"],"yoast_head":"<!-- This site is optimized with the Yoast SEO plugin v25.3 - https:\/\/yoast.com\/wordpress\/plugins\/seo\/ -->\n<title>El gobierno municipal de Atlautla reactiva econom\u00eda con el \u201c1er Bazar Navide\u00f1o 2020\u201d - Volcanes<\/title>\n<meta name=\"robots\" content=\"index, follow, max-snippet:-1, max-image-preview:large, max-video-preview:-1\" \/>\n<link rel=\"canonical\" href=\"https:\/\/volcanes.net\/?p=9229\" \/>\n<meta property=\"og:locale\" content=\"es_MX\" \/>\n<meta property=\"og:type\" content=\"article\" \/>\n<meta property=\"og:title\" content=\"El gobierno municipal de Atlautla reactiva econom\u00eda con el \u201c1er Bazar Navide\u00f1o 2020\u201d - Volcanes\" \/>\n<meta property=\"og:description\" content=\"Atlautla, Estado de M\u00e9xico.- Con el objetivo de reactivar la econom\u00eda de este municipio mexiquense,\" \/>\n<meta property=\"og:url\" content=\"https:\/\/volcanes.net\/?p=9229\" \/>\n<meta property=\"og:site_name\" content=\"Volcanes\" \/>\n<meta property=\"article:publisher\" content=\"https:\/\/www.facebook.com\/volcanes.net\/\" \/>\n<meta property=\"article:published_time\" content=\"2020-11-12T01:43:25+00:00\" \/>\n<meta property=\"article:modified_time\" content=\"2020-11-12T22:45:16+00:00\" \/>\n<meta property=\"og:image\" content=\"https:\/\/volcanes.net\/wp-content\/uploads\/2020\/11\/Screenshot_2020-11-11-10-54-492.jpg\" \/>\n\t<meta property=\"og:image:width\" content=\"720\" \/>\n\t<meta property=\"og:image:height\" content=\"391\" \/>\n\t<meta property=\"og:image:type\" content=\"image\/jpeg\" \/>\n<meta name=\"author\" content=\"admin\" \/>\n<meta name=\"twitter:card\" content=\"summary_large_image\" \/>\n<meta name=\"twitter:label1\" content=\"Escrito por\" \/>\n\t<meta name=\"twitter:data1\" content=\"admin\" \/>\n\t<meta name=\"twitter:label2\" content=\"Tiempo de lectura\" \/>\n\t<meta name=\"twitter:data2\" content=\"1 minuto\" \/>\n<script type=\"application\/ld+json\" class=\"yoast-schema-graph\">{\"@context\":\"https:\/\/schema.org\",\"@graph\":[{\"@type\":\"Article\",\"@id\":\"https:\/\/volcanes.net\/?p=9229#article\",\"isPartOf\":{\"@id\":\"https:\/\/volcanes.net\/?p=9229\"},\"author\":{\"name\":\"admin\",\"@id\":\"https:\/\/volcanes.net\/#\/schema\/person\/4bf0f383940966a4abd53f5048c0e6b9\"},\"headline\":\"El gobierno municipal de Atlautla reactiva econom\u00eda con el \u201c1er Bazar Navide\u00f1o 2020\u201d\",\"datePublished\":\"2020-11-12T01:43:25+00:00\",\"dateModified\":\"2020-11-12T22:45:16+00:00\",\"mainEntityOfPage\":{\"@id\":\"https:\/\/volcanes.net\/?p=9229\"},\"wordCount\":166,\"commentCount\":0,\"publisher\":{\"@id\":\"https:\/\/volcanes.net\/#organization\"},\"image\":{\"@id\":\"https:\/\/volcanes.net\/?p=9229#primaryimage\"},\"thumbnailUrl\":\"https:\/\/volcanes.net\/wp-content\/uploads\/2020\/11\/Screenshot_2020-11-11-10-54-492.jpg\",\"keywords\":[\"Atlautla\"],\"articleSection\":[\"Municipales\"],\"inLanguage\":\"es\",\"potentialAction\":[{\"@type\":\"CommentAction\",\"name\":\"Comment\",\"target\":[\"https:\/\/volcanes.net\/?p=9229#respond\"]}]},{\"@type\":\"WebPage\",\"@id\":\"https:\/\/volcanes.net\/?p=9229\",\"url\":\"https:\/\/volcanes.net\/?p=9229\",\"name\":\"El gobierno municipal de Atlautla reactiva econom\u00eda con el \u201c1er Bazar Navide\u00f1o 2020\u201d - Volcanes\",\"isPartOf\":{\"@id\":\"https:\/\/volcanes.net\/#website\"},\"primaryImageOfPage\":{\"@id\":\"https:\/\/volcanes.net\/?p=9229#primaryimage\"},\"image\":{\"@id\":\"https:\/\/volcanes.net\/?p=9229#primaryimage\"},\"thumbnailUrl\":\"https:\/\/volcanes.net\/wp-content\/uploads\/2020\/11\/Screenshot_2020-11-11-10-54-492.jpg\",\"datePublished\":\"2020-11-12T01:43:25+00:00\",\"dateModified\":\"2020-11-12T22:45:16+00:00\",\"breadcrumb\":{\"@id\":\"https:\/\/volcanes.net\/?p=9229#breadcrumb\"},\"inLanguage\":\"es\",\"potentialAction\":[{\"@type\":\"ReadAction\",\"target\":[\"https:\/\/volcanes.net\/?p=9229\"]}]},{\"@type\":\"ImageObject\",\"inLanguage\":\"es\",\"@id\":\"https:\/\/volcanes.net\/?p=9229#primaryimage\",\"url\":\"https:\/\/volcanes.net\/wp-content\/uploads\/2020\/11\/Screenshot_2020-11-11-10-54-492.jpg\",\"contentUrl\":\"https:\/\/volcanes.net\/wp-content\/uploads\/2020\/11\/Screenshot_2020-11-11-10-54-492.jpg\",\"width\":720,\"height\":391},{\"@type\":\"BreadcrumbList\",\"@id\":\"https:\/\/volcanes.net\/?p=9229#breadcrumb\",\"itemListElement\":[{\"@type\":\"ListItem\",\"position\":1,\"name\":\"Portada\",\"item\":\"https:\/\/volcanes.net\/\"},{\"@type\":\"ListItem\",\"position\":2,\"name\":\"El gobierno municipal de Atlautla reactiva econom\u00eda con el \u201c1er Bazar Navide\u00f1o 2020\u201d\"}]},{\"@type\":\"WebSite\",\"@id\":\"https:\/\/volcanes.net\/#website\",\"url\":\"https:\/\/volcanes.net\/\",\"name\":\"Volcanes.Net\",\"description\":\"Periodismo Profesional\",\"publisher\":{\"@id\":\"https:\/\/volcanes.net\/#organization\"},\"potentialAction\":[{\"@type\":\"SearchAction\",\"target\":{\"@type\":\"EntryPoint\",\"urlTemplate\":\"https:\/\/volcanes.net\/?s={search_term_string}\"},\"query-input\":{\"@type\":\"PropertyValueSpecification\",\"valueRequired\":true,\"valueName\":\"search_term_string\"}}],\"inLanguage\":\"es\"},{\"@type\":\"Organization\",\"@id\":\"https:\/\/volcanes.net\/#organization\",\"name\":\"Grupo Volcanes\",\"url\":\"https:\/\/volcanes.net\/\",\"logo\":{\"@type\":\"ImageObject\",\"inLanguage\":\"es\",\"@id\":\"https:\/\/volcanes.net\/#\/schema\/logo\/image\/\",\"url\":\"http:\/\/volcanes.net\/wp-content\/uploads\/2017\/12\/Avatar2.jpg\",\"contentUrl\":\"http:\/\/volcanes.net\/wp-content\/uploads\/2017\/12\/Avatar2.jpg\",\"width\":378,\"height\":378,\"caption\":\"Grupo Volcanes\"},\"image\":{\"@id\":\"https:\/\/volcanes.net\/#\/schema\/logo\/image\/\"},\"sameAs\":[\"https:\/\/www.facebook.com\/volcanes.net\/\"]},{\"@type\":\"Person\",\"@id\":\"https:\/\/volcanes.net\/#\/schema\/person\/4bf0f383940966a4abd53f5048c0e6b9\",\"name\":\"admin\",\"image\":{\"@type\":\"ImageObject\",\"inLanguage\":\"es\",\"@id\":\"https:\/\/volcanes.net\/#\/schema\/person\/image\/\",\"url\":\"https:\/\/secure.gravatar.com\/avatar\/ca004e6cba8462b8cb7abc86e382930c?s=96&d=mm&r=g\",\"contentUrl\":\"https:\/\/secure.gravatar.com\/avatar\/ca004e6cba8462b8cb7abc86e382930c?s=96&d=mm&r=g\",\"caption\":\"admin\"}}]}<\/script>\n<!-- \/ Yoast SEO plugin. -->","yoast_head_json":{"title":"El gobierno municipal de Atlautla reactiva econom\u00eda con el \u201c1er Bazar Navide\u00f1o 2020\u201d - Volcanes","robots":{"index":"index","follow":"follow","max-snippet":"max-snippet:-1","max-image-preview":"max-image-preview:large","max-video-preview":"max-video-preview:-1"},"canonical":"https:\/\/volcanes.net\/?p=9229","og_locale":"es_MX","og_type":"article","og_title":"El gobierno municipal de Atlautla reactiva econom\u00eda con el \u201c1er Bazar Navide\u00f1o 2020\u201d - Volcanes","og_description":"Atlautla, Estado de M\u00e9xico.- Con el objetivo de reactivar la econom\u00eda de este municipio mexiquense,","og_url":"https:\/\/volcanes.net\/?p=9229","og_site_name":"Volcanes","article_publisher":"https:\/\/www.facebook.com\/volcanes.net\/","article_published_time":"2020-11-12T01:43:25+00:00","article_modified_time":"2020-11-12T22:45:16+00:00","og_image":[{"width":720,"height":391,"url":"https:\/\/volcanes.net\/wp-content\/uploads\/2020\/11\/Screenshot_2020-11-11-10-54-492.jpg","type":"image\/jpeg"}],"author":"admin","twitter_card":"summary_large_image","twitter_misc":{"Escrito por":"admin","Tiempo de lectura":"1 minuto"},"schema":{"@context":"https:\/\/schema.org","@graph":[{"@type":"Article","@id":"https:\/\/volcanes.net\/?p=9229#article","isPartOf":{"@id":"https:\/\/volcanes.net\/?p=9229"},"author":{"name":"admin","@id":"https:\/\/volcanes.net\/#\/schema\/person\/4bf0f383940966a4abd53f5048c0e6b9"},"headline":"El gobierno municipal de Atlautla reactiva econom\u00eda con el \u201c1er Bazar Navide\u00f1o 2020\u201d","datePublished":"2020-11-12T01:43:25+00:00","dateModified":"2020-11-12T22:45:16+00:00","mainEntityOfPage":{"@id":"https:\/\/volcanes.net\/?p=9229"},"wordCount":166,"commentCount":0,"publisher":{"@id":"https:\/\/volcanes.net\/#organization"},"image":{"@id":"https:\/\/volcanes.net\/?p=9229#primaryimage"},"thumbnailUrl":"https:\/\/volcanes.net\/wp-content\/uploads\/2020\/11\/Screenshot_2020-11-11-10-54-492.jpg","keywords":["Atlautla"],"articleSection":["Municipales"],"inLanguage":"es","potentialAction":[{"@type":"CommentAction","name":"Comment","target":["https:\/\/volcanes.net\/?p=9229#respond"]}]},{"@type":"WebPage","@id":"https:\/\/volcanes.net\/?p=9229","url":"https:\/\/volcanes.net\/?p=9229","name":"El gobierno municipal de Atlautla reactiva econom\u00eda con el \u201c1er Bazar Navide\u00f1o 2020\u201d - Volcanes","isPartOf":{"@id":"https:\/\/volcanes.net\/#website"},"primaryImageOfPage":{"@id":"https:\/\/volcanes.net\/?p=9229#primaryimage"},"image":{"@id":"https:\/\/volcanes.net\/?p=9229#primaryimage"},"thumbnailUrl":"https:\/\/volcanes.net\/wp-content\/uploads\/2020\/11\/Screenshot_2020-11-11-10-54-492.jpg","datePublished":"2020-11-12T01:43:25+00:00","dateModified":"2020-11-12T22:45:16+00:00","breadcrumb":{"@id":"https:\/\/volcanes.net\/?p=9229#breadcrumb"},"inLanguage":"es","potentialAction":[{"@type":"ReadAction","target":["https:\/\/volcanes.net\/?p=9229"]}]},{"@type":"ImageObject","inLanguage":"es","@id":"https:\/\/volcanes.net\/?p=9229#primaryimage","url":"https:\/\/volcanes.net\/wp-content\/uploads\/2020\/11\/Screenshot_2020-11-11-10-54-492.jpg","contentUrl":"https:\/\/volcanes.net\/wp-content\/uploads\/2020\/11\/Screenshot_2020-11-11-10-54-492.jpg","width":720,"height":391},{"@type":"BreadcrumbList","@id":"https:\/\/volcanes.net\/?p=9229#breadcrumb","itemListElement":[{"@type":"ListItem","position":1,"name":"Portada","item":"https:\/\/volcanes.net\/"},{"@type":"ListItem","position":2,"name":"El gobierno municipal de Atlautla reactiva econom\u00eda con el \u201c1er Bazar Navide\u00f1o 2020\u201d"}]},{"@type":"WebSite","@id":"https:\/\/volcanes.net\/#website","url":"https:\/\/volcanes.net\/","name":"Volcanes.Net","description":"Periodismo Profesional","publisher":{"@id":"https:\/\/volcanes.net\/#organization"},"potentialAction":[{"@type":"SearchAction","target":{"@type":"EntryPoint","urlTemplate":"https:\/\/volcanes.net\/?s={search_term_string}"},"query-input":{"@type":"PropertyValueSpecification","valueRequired":true,"valueName":"search_term_string"}}],"inLanguage":"es"},{"@type":"Organization","@id":"https:\/\/volcanes.net\/#organization","name":"Grupo Volcanes","url":"https:\/\/volcanes.net\/","logo":{"@type":"ImageObject","inLanguage":"es","@id":"https:\/\/volcanes.net\/#\/schema\/logo\/image\/","url":"http:\/\/volcanes.net\/wp-content\/uploads\/2017\/12\/Avatar2.jpg","contentUrl":"http:\/\/volcanes.net\/wp-content\/uploads\/2017\/12\/Avatar2.jpg","width":378,"height":378,"caption":"Grupo Volcanes"},"image":{"@id":"https:\/\/volcanes.net\/#\/schema\/logo\/image\/"},"sameAs":["https:\/\/www.facebook.com\/volcanes.net\/"]},{"@type":"Person","@id":"https:\/\/volcanes.net\/#\/schema\/person\/4bf0f383940966a4abd53f5048c0e6b9","name":"admin","image":{"@type":"ImageObject","inLanguage":"es","@id":"https:\/\/volcanes.net\/#\/schema\/person\/image\/","url":"https:\/\/secure.gravatar.com\/avatar\/ca004e6cba8462b8cb7abc86e382930c?s=96&d=mm&r=g","contentUrl":"https:\/\/secure.gravatar.com\/avatar\/ca004e6cba8462b8cb7abc86e382930c?s=96&d=mm&r=g","caption":"admin"}}]}},"_links":{"self":[{"href":"https:\/\/volcanes.net\/index.php?rest_route=\/wp\/v2\/posts\/9229"}],"collection":[{"href":"https:\/\/volcanes.net\/index.php?rest_route=\/wp\/v2\/posts"}],"about":[{"href":"https:\/\/volcanes.net\/index.php?rest_route=\/wp\/v2\/types\/post"}],"author":[{"embeddable":true,"href":"https:\/\/volcanes.net\/index.php?rest_route=\/wp\/v2\/users\/1"}],"replies":[{"embeddable":true,"href":"https:\/\/volcanes.net\/index.php?rest_route=%2Fwp%2Fv2%2Fcomments&post=9229"}],"version-history":[{"count":2,"href":"https:\/\/volcanes.net\/index.php?rest_route=\/wp\/v2\/posts\/9229\/revisions"}],"predecessor-version":[{"id":9240,"href":"https:\/\/volcanes.net\/index.php?rest_route=\/wp\/v2\/posts\/9229\/revisions\/9240"}],"wp:featuredmedia":[{"embeddable":true,"href":"https:\/\/volcanes.net\/index.php?rest_route=\/wp\/v2\/media\/9230"}],"wp:attachment":[{"href":"https:\/\/volcanes.net\/index.php?rest_route=%2Fwp%2Fv2%2Fmedia&parent=9229"}],"wp:term":[{"taxonomy":"category","embeddable":true,"href":"https:\/\/volcanes.net\/index.php?rest_route=%2Fwp%2Fv2%2Fcategories&post=9229"},{"taxonomy":"post_tag","embeddable":true,"href":"https:\/\/volcanes.net\/index.php?rest_route=%2Fwp%2Fv2%2Ftags&post=9229"}],"curies":[{"name":"wp","href":"https:\/\/api.w.org\/{rel}","templated":true}]}}