{"id":9252,"date":"2020-11-12T16:59:18","date_gmt":"2020-11-12T22:59:18","guid":{"rendered":"http:\/\/volcanes.net\/?p=9252"},"modified":"2020-11-13T08:56:44","modified_gmt":"2020-11-13T14:56:44","slug":"vinculan-a-proceso-a-presunto-asaltante-de-transporte-publico-en-valle-de-chalco","status":"publish","type":"post","link":"https:\/\/volcanes.net\/?p=9252","title":{"rendered":"Vinculan a proceso a presunto asaltante de transporte p\u00fablico en Valle de Chalco"},"content":{"rendered":"<div style=\"margin-top: 0px; margin-bottom: 0px;\" class=\"sharethis-inline-share-buttons\" ><\/div><p style=\"text-align: justify;\">Valle de Chalco, Estado de M\u00e9xico.- Un joven identificado como Fernando \u201cN\u201d, de 19 a\u00f1os de edad, fue vinculado a proceso por\u00a0 el Agente del Ministerio P\u00fablico de la Fiscal\u00eda Regional de Amecameca de esta Fiscal\u00eda General de Justicia Estatal (FGJEM), luego de que el pasado 3 de noviembre habr\u00eda asaltado a usuarios de una unidad de transporte p\u00fablico, en la Autopista M\u00e9xico-Puebla, en la colonia San Isidro de este municipio mexiquense.<\/p>\n<p style=\"text-align: justify;\">Luego de revisar los elementos de prueba recabados y aportados por esta Representaci\u00f3n Social, un Juez con sede en Chalco determin\u00f3 iniciar un proceso legal en contra de este individuo por el delito de robo con violencia, adem\u00e1s estableci\u00f3 una medida cautelar de prisi\u00f3n preventiva y un plazo de un mes para el cierre de investigaci\u00f3n complementaria.<\/p>\n<p style=\"text-align: justify;\">Cabe mencionar que el il\u00edcito por el cual es investigado ocurri\u00f3 el d\u00eda 3 de noviembre pasado, cuando Fernando \u201cN\u201d, y otro sujeto se hicieron pasar por pasajeros y viajando a bordo de una combi de transporte p\u00fablico, sacaron un arma de fuego con la que habr\u00edan amagado a los usuarios, a quienes robaron sus pertenencias y dinero.<\/p>\n<p style=\"text-align: justify;\">Estos hechos fueron captados por una c\u00e1mara de dicho veh\u00edculo de transporte p\u00fablico y posteriormente fueron dados a conocer mediante redes sociales y medios de comunicaci\u00f3n.<\/p>\n<p style=\"text-align: justify;\">En el video se aprecia c\u00f3mo los dos sujetos amenazan a las v\u00edctimas e incluso se escucha la detonaci\u00f3n del arma de fuego que portaban, aunado a ello al momento en que estos individuos descienden de la unidad automotora fueron seguidos por una de las v\u00edctimas.<\/p>\n<p style=\"text-align: justify;\">Esta persona fue auxiliada por vecinos de la zona, quienes lograron detener a Fernando \u201cN\u201d, quien posteriormente fue presentado ante el Agente del Ministerio P\u00fablico, autoridad que integr\u00f3 la carpeta de investigaci\u00f3n respectiva por este robo.<\/p>\n<p style=\"text-align: justify;\">El detenido luego fue ingresado al Centro Penitenciario y de Reinserci\u00f3n Social de Chalco, donde qued\u00f3 a disposici\u00f3n de un Juez, quien calific\u00f3 como legal su detenci\u00f3n y tras revisar las pruebas aportados por el MP determin\u00f3 vincular a proceso a este sujeto.<\/p>\n","protected":false},"excerpt":{"rendered":"<p>Valle de Chalco, Estado de M\u00e9xico.- Un joven identificado como Fernando \u201cN\u201d, de 19 a\u00f1os<\/p>\n","protected":false},"author":1,"featured_media":9258,"comment_status":"open","ping_status":"open","sticky":false,"template":"","format":"standard","meta":{"footnotes":""},"categories":[1],"tags":[5],"class_list":["post-9252","post","type-post","status-publish","format-standard","has-post-thumbnail","hentry","category-municipales","tag-valle-de-chalco"],"yoast_head":"<!-- This site is optimized with the Yoast SEO plugin v25.3 - https:\/\/yoast.com\/wordpress\/plugins\/seo\/ -->\n<title>Vinculan a proceso a presunto asaltante de transporte p\u00fablico en Valle de Chalco - Volcanes<\/title>\n<meta name=\"robots\" content=\"index, follow, max-snippet:-1, max-image-preview:large, max-video-preview:-1\" \/>\n<link rel=\"canonical\" href=\"https:\/\/volcanes.net\/?p=9252\" \/>\n<meta property=\"og:locale\" content=\"es_MX\" \/>\n<meta property=\"og:type\" content=\"article\" \/>\n<meta property=\"og:title\" content=\"Vinculan a proceso a presunto asaltante de transporte p\u00fablico en Valle de Chalco - Volcanes\" \/>\n<meta property=\"og:description\" content=\"Valle de Chalco, Estado de M\u00e9xico.- Un joven identificado como Fernando \u201cN\u201d, de 19 a\u00f1os\" \/>\n<meta property=\"og:url\" content=\"https:\/\/volcanes.net\/?p=9252\" \/>\n<meta property=\"og:site_name\" content=\"Volcanes\" \/>\n<meta property=\"article:publisher\" content=\"https:\/\/www.facebook.com\/volcanes.net\/\" \/>\n<meta property=\"article:published_time\" content=\"2020-11-12T22:59:18+00:00\" \/>\n<meta property=\"article:modified_time\" content=\"2020-11-13T14:56:44+00:00\" \/>\n<meta property=\"og:image\" content=\"https:\/\/volcanes.net\/wp-content\/uploads\/2020\/11\/FB_IMG_1605192727249-1.jpg\" \/>\n\t<meta property=\"og:image:width\" content=\"500\" \/>\n\t<meta property=\"og:image:height\" content=\"685\" \/>\n\t<meta property=\"og:image:type\" content=\"image\/jpeg\" \/>\n<meta name=\"author\" content=\"admin\" \/>\n<meta name=\"twitter:card\" content=\"summary_large_image\" \/>\n<meta name=\"twitter:label1\" content=\"Escrito por\" \/>\n\t<meta name=\"twitter:data1\" content=\"admin\" \/>\n\t<meta name=\"twitter:label2\" content=\"Tiempo de lectura\" \/>\n\t<meta name=\"twitter:data2\" content=\"2 minutos\" \/>\n<script type=\"application\/ld+json\" class=\"yoast-schema-graph\">{\"@context\":\"https:\/\/schema.org\",\"@graph\":[{\"@type\":\"Article\",\"@id\":\"https:\/\/volcanes.net\/?p=9252#article\",\"isPartOf\":{\"@id\":\"https:\/\/volcanes.net\/?p=9252\"},\"author\":{\"name\":\"admin\",\"@id\":\"https:\/\/volcanes.net\/#\/schema\/person\/4bf0f383940966a4abd53f5048c0e6b9\"},\"headline\":\"Vinculan a proceso a presunto asaltante de transporte p\u00fablico en Valle de Chalco\",\"datePublished\":\"2020-11-12T22:59:18+00:00\",\"dateModified\":\"2020-11-13T14:56:44+00:00\",\"mainEntityOfPage\":{\"@id\":\"https:\/\/volcanes.net\/?p=9252\"},\"wordCount\":379,\"commentCount\":0,\"publisher\":{\"@id\":\"https:\/\/volcanes.net\/#organization\"},\"image\":{\"@id\":\"https:\/\/volcanes.net\/?p=9252#primaryimage\"},\"thumbnailUrl\":\"https:\/\/volcanes.net\/wp-content\/uploads\/2020\/11\/FB_IMG_1605192727249-1.jpg\",\"keywords\":[\"Valle de Chalco\"],\"articleSection\":[\"Municipales\"],\"inLanguage\":\"es\",\"potentialAction\":[{\"@type\":\"CommentAction\",\"name\":\"Comment\",\"target\":[\"https:\/\/volcanes.net\/?p=9252#respond\"]}]},{\"@type\":\"WebPage\",\"@id\":\"https:\/\/volcanes.net\/?p=9252\",\"url\":\"https:\/\/volcanes.net\/?p=9252\",\"name\":\"Vinculan a proceso a presunto asaltante de transporte p\u00fablico en Valle de Chalco - Volcanes\",\"isPartOf\":{\"@id\":\"https:\/\/volcanes.net\/#website\"},\"primaryImageOfPage\":{\"@id\":\"https:\/\/volcanes.net\/?p=9252#primaryimage\"},\"image\":{\"@id\":\"https:\/\/volcanes.net\/?p=9252#primaryimage\"},\"thumbnailUrl\":\"https:\/\/volcanes.net\/wp-content\/uploads\/2020\/11\/FB_IMG_1605192727249-1.jpg\",\"datePublished\":\"2020-11-12T22:59:18+00:00\",\"dateModified\":\"2020-11-13T14:56:44+00:00\",\"breadcrumb\":{\"@id\":\"https:\/\/volcanes.net\/?p=9252#breadcrumb\"},\"inLanguage\":\"es\",\"potentialAction\":[{\"@type\":\"ReadAction\",\"target\":[\"https:\/\/volcanes.net\/?p=9252\"]}]},{\"@type\":\"ImageObject\",\"inLanguage\":\"es\",\"@id\":\"https:\/\/volcanes.net\/?p=9252#primaryimage\",\"url\":\"https:\/\/volcanes.net\/wp-content\/uploads\/2020\/11\/FB_IMG_1605192727249-1.jpg\",\"contentUrl\":\"https:\/\/volcanes.net\/wp-content\/uploads\/2020\/11\/FB_IMG_1605192727249-1.jpg\",\"width\":500,\"height\":685},{\"@type\":\"BreadcrumbList\",\"@id\":\"https:\/\/volcanes.net\/?p=9252#breadcrumb\",\"itemListElement\":[{\"@type\":\"ListItem\",\"position\":1,\"name\":\"Portada\",\"item\":\"https:\/\/volcanes.net\/\"},{\"@type\":\"ListItem\",\"position\":2,\"name\":\"Vinculan a proceso a presunto asaltante de transporte p\u00fablico en Valle de Chalco\"}]},{\"@type\":\"WebSite\",\"@id\":\"https:\/\/volcanes.net\/#website\",\"url\":\"https:\/\/volcanes.net\/\",\"name\":\"Volcanes.Net\",\"description\":\"Periodismo Profesional\",\"publisher\":{\"@id\":\"https:\/\/volcanes.net\/#organization\"},\"potentialAction\":[{\"@type\":\"SearchAction\",\"target\":{\"@type\":\"EntryPoint\",\"urlTemplate\":\"https:\/\/volcanes.net\/?s={search_term_string}\"},\"query-input\":{\"@type\":\"PropertyValueSpecification\",\"valueRequired\":true,\"valueName\":\"search_term_string\"}}],\"inLanguage\":\"es\"},{\"@type\":\"Organization\",\"@id\":\"https:\/\/volcanes.net\/#organization\",\"name\":\"Grupo Volcanes\",\"url\":\"https:\/\/volcanes.net\/\",\"logo\":{\"@type\":\"ImageObject\",\"inLanguage\":\"es\",\"@id\":\"https:\/\/volcanes.net\/#\/schema\/logo\/image\/\",\"url\":\"http:\/\/volcanes.net\/wp-content\/uploads\/2017\/12\/Avatar2.jpg\",\"contentUrl\":\"http:\/\/volcanes.net\/wp-content\/uploads\/2017\/12\/Avatar2.jpg\",\"width\":378,\"height\":378,\"caption\":\"Grupo Volcanes\"},\"image\":{\"@id\":\"https:\/\/volcanes.net\/#\/schema\/logo\/image\/\"},\"sameAs\":[\"https:\/\/www.facebook.com\/volcanes.net\/\"]},{\"@type\":\"Person\",\"@id\":\"https:\/\/volcanes.net\/#\/schema\/person\/4bf0f383940966a4abd53f5048c0e6b9\",\"name\":\"admin\",\"image\":{\"@type\":\"ImageObject\",\"inLanguage\":\"es\",\"@id\":\"https:\/\/volcanes.net\/#\/schema\/person\/image\/\",\"url\":\"https:\/\/secure.gravatar.com\/avatar\/ca004e6cba8462b8cb7abc86e382930c?s=96&d=mm&r=g\",\"contentUrl\":\"https:\/\/secure.gravatar.com\/avatar\/ca004e6cba8462b8cb7abc86e382930c?s=96&d=mm&r=g\",\"caption\":\"admin\"}}]}<\/script>\n<!-- \/ Yoast SEO plugin. -->","yoast_head_json":{"title":"Vinculan a proceso a presunto asaltante de transporte p\u00fablico en Valle de Chalco - Volcanes","robots":{"index":"index","follow":"follow","max-snippet":"max-snippet:-1","max-image-preview":"max-image-preview:large","max-video-preview":"max-video-preview:-1"},"canonical":"https:\/\/volcanes.net\/?p=9252","og_locale":"es_MX","og_type":"article","og_title":"Vinculan a proceso a presunto asaltante de transporte p\u00fablico en Valle de Chalco - Volcanes","og_description":"Valle de Chalco, Estado de M\u00e9xico.- Un joven identificado como Fernando \u201cN\u201d, de 19 a\u00f1os","og_url":"https:\/\/volcanes.net\/?p=9252","og_site_name":"Volcanes","article_publisher":"https:\/\/www.facebook.com\/volcanes.net\/","article_published_time":"2020-11-12T22:59:18+00:00","article_modified_time":"2020-11-13T14:56:44+00:00","og_image":[{"width":500,"height":685,"url":"https:\/\/volcanes.net\/wp-content\/uploads\/2020\/11\/FB_IMG_1605192727249-1.jpg","type":"image\/jpeg"}],"author":"admin","twitter_card":"summary_large_image","twitter_misc":{"Escrito por":"admin","Tiempo de lectura":"2 minutos"},"schema":{"@context":"https:\/\/schema.org","@graph":[{"@type":"Article","@id":"https:\/\/volcanes.net\/?p=9252#article","isPartOf":{"@id":"https:\/\/volcanes.net\/?p=9252"},"author":{"name":"admin","@id":"https:\/\/volcanes.net\/#\/schema\/person\/4bf0f383940966a4abd53f5048c0e6b9"},"headline":"Vinculan a proceso a presunto asaltante de transporte p\u00fablico en Valle de Chalco","datePublished":"2020-11-12T22:59:18+00:00","dateModified":"2020-11-13T14:56:44+00:00","mainEntityOfPage":{"@id":"https:\/\/volcanes.net\/?p=9252"},"wordCount":379,"commentCount":0,"publisher":{"@id":"https:\/\/volcanes.net\/#organization"},"image":{"@id":"https:\/\/volcanes.net\/?p=9252#primaryimage"},"thumbnailUrl":"https:\/\/volcanes.net\/wp-content\/uploads\/2020\/11\/FB_IMG_1605192727249-1.jpg","keywords":["Valle de Chalco"],"articleSection":["Municipales"],"inLanguage":"es","potentialAction":[{"@type":"CommentAction","name":"Comment","target":["https:\/\/volcanes.net\/?p=9252#respond"]}]},{"@type":"WebPage","@id":"https:\/\/volcanes.net\/?p=9252","url":"https:\/\/volcanes.net\/?p=9252","name":"Vinculan a proceso a presunto asaltante de transporte p\u00fablico en Valle de Chalco - Volcanes","isPartOf":{"@id":"https:\/\/volcanes.net\/#website"},"primaryImageOfPage":{"@id":"https:\/\/volcanes.net\/?p=9252#primaryimage"},"image":{"@id":"https:\/\/volcanes.net\/?p=9252#primaryimage"},"thumbnailUrl":"https:\/\/volcanes.net\/wp-content\/uploads\/2020\/11\/FB_IMG_1605192727249-1.jpg","datePublished":"2020-11-12T22:59:18+00:00","dateModified":"2020-11-13T14:56:44+00:00","breadcrumb":{"@id":"https:\/\/volcanes.net\/?p=9252#breadcrumb"},"inLanguage":"es","potentialAction":[{"@type":"ReadAction","target":["https:\/\/volcanes.net\/?p=9252"]}]},{"@type":"ImageObject","inLanguage":"es","@id":"https:\/\/volcanes.net\/?p=9252#primaryimage","url":"https:\/\/volcanes.net\/wp-content\/uploads\/2020\/11\/FB_IMG_1605192727249-1.jpg","contentUrl":"https:\/\/volcanes.net\/wp-content\/uploads\/2020\/11\/FB_IMG_1605192727249-1.jpg","width":500,"height":685},{"@type":"BreadcrumbList","@id":"https:\/\/volcanes.net\/?p=9252#breadcrumb","itemListElement":[{"@type":"ListItem","position":1,"name":"Portada","item":"https:\/\/volcanes.net\/"},{"@type":"ListItem","position":2,"name":"Vinculan a proceso a presunto asaltante de transporte p\u00fablico en Valle de Chalco"}]},{"@type":"WebSite","@id":"https:\/\/volcanes.net\/#website","url":"https:\/\/volcanes.net\/","name":"Volcanes.Net","description":"Periodismo Profesional","publisher":{"@id":"https:\/\/volcanes.net\/#organization"},"potentialAction":[{"@type":"SearchAction","target":{"@type":"EntryPoint","urlTemplate":"https:\/\/volcanes.net\/?s={search_term_string}"},"query-input":{"@type":"PropertyValueSpecification","valueRequired":true,"valueName":"search_term_string"}}],"inLanguage":"es"},{"@type":"Organization","@id":"https:\/\/volcanes.net\/#organization","name":"Grupo Volcanes","url":"https:\/\/volcanes.net\/","logo":{"@type":"ImageObject","inLanguage":"es","@id":"https:\/\/volcanes.net\/#\/schema\/logo\/image\/","url":"http:\/\/volcanes.net\/wp-content\/uploads\/2017\/12\/Avatar2.jpg","contentUrl":"http:\/\/volcanes.net\/wp-content\/uploads\/2017\/12\/Avatar2.jpg","width":378,"height":378,"caption":"Grupo Volcanes"},"image":{"@id":"https:\/\/volcanes.net\/#\/schema\/logo\/image\/"},"sameAs":["https:\/\/www.facebook.com\/volcanes.net\/"]},{"@type":"Person","@id":"https:\/\/volcanes.net\/#\/schema\/person\/4bf0f383940966a4abd53f5048c0e6b9","name":"admin","image":{"@type":"ImageObject","inLanguage":"es","@id":"https:\/\/volcanes.net\/#\/schema\/person\/image\/","url":"https:\/\/secure.gravatar.com\/avatar\/ca004e6cba8462b8cb7abc86e382930c?s=96&d=mm&r=g","contentUrl":"https:\/\/secure.gravatar.com\/avatar\/ca004e6cba8462b8cb7abc86e382930c?s=96&d=mm&r=g","caption":"admin"}}]}},"_links":{"self":[{"href":"https:\/\/volcanes.net\/index.php?rest_route=\/wp\/v2\/posts\/9252"}],"collection":[{"href":"https:\/\/volcanes.net\/index.php?rest_route=\/wp\/v2\/posts"}],"about":[{"href":"https:\/\/volcanes.net\/index.php?rest_route=\/wp\/v2\/types\/post"}],"author":[{"embeddable":true,"href":"https:\/\/volcanes.net\/index.php?rest_route=\/wp\/v2\/users\/1"}],"replies":[{"embeddable":true,"href":"https:\/\/volcanes.net\/index.php?rest_route=%2Fwp%2Fv2%2Fcomments&post=9252"}],"version-history":[{"count":1,"href":"https:\/\/volcanes.net\/index.php?rest_route=\/wp\/v2\/posts\/9252\/revisions"}],"predecessor-version":[{"id":9254,"href":"https:\/\/volcanes.net\/index.php?rest_route=\/wp\/v2\/posts\/9252\/revisions\/9254"}],"wp:featuredmedia":[{"embeddable":true,"href":"https:\/\/volcanes.net\/index.php?rest_route=\/wp\/v2\/media\/9258"}],"wp:attachment":[{"href":"https:\/\/volcanes.net\/index.php?rest_route=%2Fwp%2Fv2%2Fmedia&parent=9252"}],"wp:term":[{"taxonomy":"category","embeddable":true,"href":"https:\/\/volcanes.net\/index.php?rest_route=%2Fwp%2Fv2%2Fcategories&post=9252"},{"taxonomy":"post_tag","embeddable":true,"href":"https:\/\/volcanes.net\/index.php?rest_route=%2Fwp%2Fv2%2Ftags&post=9252"}],"curies":[{"name":"wp","href":"https:\/\/api.w.org\/{rel}","templated":true}]}}