{"id":9277,"date":"2020-11-17T11:41:49","date_gmt":"2020-11-17T17:41:49","guid":{"rendered":"http:\/\/volcanes.net\/?p=9277"},"modified":"2020-11-17T11:41:49","modified_gmt":"2020-11-17T17:41:49","slug":"fuerte-choque-en-juchitepec-cobra-la-vida-de-una-persona","status":"publish","type":"post","link":"https:\/\/volcanes.net\/?p=9277","title":{"rendered":"Fuerte choque en Juchitepec cobra la vida de una persona"},"content":{"rendered":"<div style=\"margin-top: 0px; margin-bottom: 0px;\" class=\"sharethis-inline-share-buttons\" ><\/div><p style=\"text-align: justify;\">Juchitepec, Estado de M\u00e9xico.- Recientemente en las redes sociales circula un v\u00eddeo en el que se observa el momento exacto de un fuerte accidente, donde un cami\u00f3n denominado materialistas o de volteo se qued\u00f3 sin frenos, hecho que ocasion\u00f3 que el conductor perdiera\u00a0 el control de la pesada unidad, chocando con un autob\u00fas de transporte p\u00fablico, al embestirlo las dos unidades\u00a0 impactaron y detuvieron su camino contra una casa.<\/p>\n<p style=\"text-align: justify;\">De acuerdo con los primeros reportes los hechos se registraron el pasado 13 de noviembre del a\u00f1o en curso, cerca de las 16:20 horas sobre la avenida Gustavo Baz, esquina con tierra Blanca, en la delegaci\u00f3n de San Mat\u00edas Cuijingo, Municipio de Juchitepec.<\/p>\n<p style=\"text-align: justify;\">Ante ellos, testigos que presenciaron el accidente, refieren que al momento que el cami\u00f3n de carga se impact\u00f3 contra el autob\u00fas de servicio p\u00fablico, conocidos como Estrella Blanca, de este sali\u00f3 proyect\u00e1do un pasajero, que lamentablemente perdi\u00f3 la vida al instante, al ser aplastado por el cami\u00f3n materialista.<\/p>\n<p style=\"text-align: justify;\">Mientras que el conductor del cami\u00f3n de carga, quien fue identificado como\u00a0 Isaac Mart\u00ednez &#8220;N&#8221;\u00a0 de 30 a\u00f1os de edad se habr\u00eda dado a la fuga,\u00a0 sin embargo, gracias a las c\u00e1maras de video vigilancia y el oportuno apoyo de la polic\u00eda estatal, minutos despu\u00e9s fue capturado y presentado ante el ministerio p\u00fablico.<\/p>\n","protected":false},"excerpt":{"rendered":"<p>Juchitepec, Estado de M\u00e9xico.- Recientemente en las redes sociales circula un v\u00eddeo en el que<\/p>\n","protected":false},"author":1,"featured_media":9278,"comment_status":"open","ping_status":"open","sticky":false,"template":"","format":"standard","meta":{"footnotes":""},"categories":[1],"tags":[179],"class_list":["post-9277","post","type-post","status-publish","format-standard","has-post-thumbnail","hentry","category-municipales","tag-juchitepec"],"yoast_head":"<!-- This site is optimized with the Yoast SEO plugin v25.3 - https:\/\/yoast.com\/wordpress\/plugins\/seo\/ -->\n<title>Fuerte choque en Juchitepec cobra la vida de una persona - Volcanes<\/title>\n<meta name=\"robots\" content=\"index, follow, max-snippet:-1, max-image-preview:large, max-video-preview:-1\" \/>\n<link rel=\"canonical\" href=\"https:\/\/volcanes.net\/?p=9277\" \/>\n<meta property=\"og:locale\" content=\"es_MX\" \/>\n<meta property=\"og:type\" content=\"article\" \/>\n<meta property=\"og:title\" content=\"Fuerte choque en Juchitepec cobra la vida de una persona - Volcanes\" \/>\n<meta property=\"og:description\" content=\"Juchitepec, Estado de M\u00e9xico.- Recientemente en las redes sociales circula un v\u00eddeo en el que\" \/>\n<meta property=\"og:url\" content=\"https:\/\/volcanes.net\/?p=9277\" \/>\n<meta property=\"og:site_name\" content=\"Volcanes\" \/>\n<meta property=\"article:publisher\" content=\"https:\/\/www.facebook.com\/volcanes.net\/\" \/>\n<meta property=\"article:published_time\" content=\"2020-11-17T17:41:49+00:00\" \/>\n<meta property=\"og:image\" content=\"https:\/\/volcanes.net\/wp-content\/uploads\/2020\/11\/6c3977b9-aa44-47a9-baeb-a5ab21783433.jpg\" \/>\n\t<meta property=\"og:image:width\" content=\"936\" \/>\n\t<meta property=\"og:image:height\" content=\"566\" \/>\n\t<meta property=\"og:image:type\" content=\"image\/jpeg\" \/>\n<meta name=\"author\" content=\"admin\" \/>\n<meta name=\"twitter:card\" content=\"summary_large_image\" \/>\n<meta name=\"twitter:label1\" content=\"Escrito por\" \/>\n\t<meta name=\"twitter:data1\" content=\"admin\" \/>\n\t<meta name=\"twitter:label2\" content=\"Tiempo de lectura\" \/>\n\t<meta name=\"twitter:data2\" content=\"1 minuto\" \/>\n<script type=\"application\/ld+json\" class=\"yoast-schema-graph\">{\"@context\":\"https:\/\/schema.org\",\"@graph\":[{\"@type\":\"Article\",\"@id\":\"https:\/\/volcanes.net\/?p=9277#article\",\"isPartOf\":{\"@id\":\"https:\/\/volcanes.net\/?p=9277\"},\"author\":{\"name\":\"admin\",\"@id\":\"https:\/\/volcanes.net\/#\/schema\/person\/4bf0f383940966a4abd53f5048c0e6b9\"},\"headline\":\"Fuerte choque en Juchitepec cobra la vida de una persona\",\"datePublished\":\"2020-11-17T17:41:49+00:00\",\"mainEntityOfPage\":{\"@id\":\"https:\/\/volcanes.net\/?p=9277\"},\"wordCount\":242,\"commentCount\":0,\"publisher\":{\"@id\":\"https:\/\/volcanes.net\/#organization\"},\"image\":{\"@id\":\"https:\/\/volcanes.net\/?p=9277#primaryimage\"},\"thumbnailUrl\":\"https:\/\/volcanes.net\/wp-content\/uploads\/2020\/11\/6c3977b9-aa44-47a9-baeb-a5ab21783433.jpg\",\"keywords\":[\"Juchitepec\"],\"articleSection\":[\"Municipales\"],\"inLanguage\":\"es\",\"potentialAction\":[{\"@type\":\"CommentAction\",\"name\":\"Comment\",\"target\":[\"https:\/\/volcanes.net\/?p=9277#respond\"]}]},{\"@type\":\"WebPage\",\"@id\":\"https:\/\/volcanes.net\/?p=9277\",\"url\":\"https:\/\/volcanes.net\/?p=9277\",\"name\":\"Fuerte choque en Juchitepec cobra la vida de una persona - Volcanes\",\"isPartOf\":{\"@id\":\"https:\/\/volcanes.net\/#website\"},\"primaryImageOfPage\":{\"@id\":\"https:\/\/volcanes.net\/?p=9277#primaryimage\"},\"image\":{\"@id\":\"https:\/\/volcanes.net\/?p=9277#primaryimage\"},\"thumbnailUrl\":\"https:\/\/volcanes.net\/wp-content\/uploads\/2020\/11\/6c3977b9-aa44-47a9-baeb-a5ab21783433.jpg\",\"datePublished\":\"2020-11-17T17:41:49+00:00\",\"breadcrumb\":{\"@id\":\"https:\/\/volcanes.net\/?p=9277#breadcrumb\"},\"inLanguage\":\"es\",\"potentialAction\":[{\"@type\":\"ReadAction\",\"target\":[\"https:\/\/volcanes.net\/?p=9277\"]}]},{\"@type\":\"ImageObject\",\"inLanguage\":\"es\",\"@id\":\"https:\/\/volcanes.net\/?p=9277#primaryimage\",\"url\":\"https:\/\/volcanes.net\/wp-content\/uploads\/2020\/11\/6c3977b9-aa44-47a9-baeb-a5ab21783433.jpg\",\"contentUrl\":\"https:\/\/volcanes.net\/wp-content\/uploads\/2020\/11\/6c3977b9-aa44-47a9-baeb-a5ab21783433.jpg\",\"width\":936,\"height\":566},{\"@type\":\"BreadcrumbList\",\"@id\":\"https:\/\/volcanes.net\/?p=9277#breadcrumb\",\"itemListElement\":[{\"@type\":\"ListItem\",\"position\":1,\"name\":\"Portada\",\"item\":\"https:\/\/volcanes.net\/\"},{\"@type\":\"ListItem\",\"position\":2,\"name\":\"Fuerte choque en Juchitepec cobra la vida de una persona\"}]},{\"@type\":\"WebSite\",\"@id\":\"https:\/\/volcanes.net\/#website\",\"url\":\"https:\/\/volcanes.net\/\",\"name\":\"Volcanes.Net\",\"description\":\"Periodismo Profesional\",\"publisher\":{\"@id\":\"https:\/\/volcanes.net\/#organization\"},\"potentialAction\":[{\"@type\":\"SearchAction\",\"target\":{\"@type\":\"EntryPoint\",\"urlTemplate\":\"https:\/\/volcanes.net\/?s={search_term_string}\"},\"query-input\":{\"@type\":\"PropertyValueSpecification\",\"valueRequired\":true,\"valueName\":\"search_term_string\"}}],\"inLanguage\":\"es\"},{\"@type\":\"Organization\",\"@id\":\"https:\/\/volcanes.net\/#organization\",\"name\":\"Grupo Volcanes\",\"url\":\"https:\/\/volcanes.net\/\",\"logo\":{\"@type\":\"ImageObject\",\"inLanguage\":\"es\",\"@id\":\"https:\/\/volcanes.net\/#\/schema\/logo\/image\/\",\"url\":\"http:\/\/volcanes.net\/wp-content\/uploads\/2017\/12\/Avatar2.jpg\",\"contentUrl\":\"http:\/\/volcanes.net\/wp-content\/uploads\/2017\/12\/Avatar2.jpg\",\"width\":378,\"height\":378,\"caption\":\"Grupo Volcanes\"},\"image\":{\"@id\":\"https:\/\/volcanes.net\/#\/schema\/logo\/image\/\"},\"sameAs\":[\"https:\/\/www.facebook.com\/volcanes.net\/\"]},{\"@type\":\"Person\",\"@id\":\"https:\/\/volcanes.net\/#\/schema\/person\/4bf0f383940966a4abd53f5048c0e6b9\",\"name\":\"admin\",\"image\":{\"@type\":\"ImageObject\",\"inLanguage\":\"es\",\"@id\":\"https:\/\/volcanes.net\/#\/schema\/person\/image\/\",\"url\":\"https:\/\/secure.gravatar.com\/avatar\/ca004e6cba8462b8cb7abc86e382930c?s=96&d=mm&r=g\",\"contentUrl\":\"https:\/\/secure.gravatar.com\/avatar\/ca004e6cba8462b8cb7abc86e382930c?s=96&d=mm&r=g\",\"caption\":\"admin\"}}]}<\/script>\n<!-- \/ Yoast SEO plugin. -->","yoast_head_json":{"title":"Fuerte choque en Juchitepec cobra la vida de una persona - Volcanes","robots":{"index":"index","follow":"follow","max-snippet":"max-snippet:-1","max-image-preview":"max-image-preview:large","max-video-preview":"max-video-preview:-1"},"canonical":"https:\/\/volcanes.net\/?p=9277","og_locale":"es_MX","og_type":"article","og_title":"Fuerte choque en Juchitepec cobra la vida de una persona - Volcanes","og_description":"Juchitepec, Estado de M\u00e9xico.- Recientemente en las redes sociales circula un v\u00eddeo en el que","og_url":"https:\/\/volcanes.net\/?p=9277","og_site_name":"Volcanes","article_publisher":"https:\/\/www.facebook.com\/volcanes.net\/","article_published_time":"2020-11-17T17:41:49+00:00","og_image":[{"width":936,"height":566,"url":"https:\/\/volcanes.net\/wp-content\/uploads\/2020\/11\/6c3977b9-aa44-47a9-baeb-a5ab21783433.jpg","type":"image\/jpeg"}],"author":"admin","twitter_card":"summary_large_image","twitter_misc":{"Escrito por":"admin","Tiempo de lectura":"1 minuto"},"schema":{"@context":"https:\/\/schema.org","@graph":[{"@type":"Article","@id":"https:\/\/volcanes.net\/?p=9277#article","isPartOf":{"@id":"https:\/\/volcanes.net\/?p=9277"},"author":{"name":"admin","@id":"https:\/\/volcanes.net\/#\/schema\/person\/4bf0f383940966a4abd53f5048c0e6b9"},"headline":"Fuerte choque en Juchitepec cobra la vida de una persona","datePublished":"2020-11-17T17:41:49+00:00","mainEntityOfPage":{"@id":"https:\/\/volcanes.net\/?p=9277"},"wordCount":242,"commentCount":0,"publisher":{"@id":"https:\/\/volcanes.net\/#organization"},"image":{"@id":"https:\/\/volcanes.net\/?p=9277#primaryimage"},"thumbnailUrl":"https:\/\/volcanes.net\/wp-content\/uploads\/2020\/11\/6c3977b9-aa44-47a9-baeb-a5ab21783433.jpg","keywords":["Juchitepec"],"articleSection":["Municipales"],"inLanguage":"es","potentialAction":[{"@type":"CommentAction","name":"Comment","target":["https:\/\/volcanes.net\/?p=9277#respond"]}]},{"@type":"WebPage","@id":"https:\/\/volcanes.net\/?p=9277","url":"https:\/\/volcanes.net\/?p=9277","name":"Fuerte choque en Juchitepec cobra la vida de una persona - Volcanes","isPartOf":{"@id":"https:\/\/volcanes.net\/#website"},"primaryImageOfPage":{"@id":"https:\/\/volcanes.net\/?p=9277#primaryimage"},"image":{"@id":"https:\/\/volcanes.net\/?p=9277#primaryimage"},"thumbnailUrl":"https:\/\/volcanes.net\/wp-content\/uploads\/2020\/11\/6c3977b9-aa44-47a9-baeb-a5ab21783433.jpg","datePublished":"2020-11-17T17:41:49+00:00","breadcrumb":{"@id":"https:\/\/volcanes.net\/?p=9277#breadcrumb"},"inLanguage":"es","potentialAction":[{"@type":"ReadAction","target":["https:\/\/volcanes.net\/?p=9277"]}]},{"@type":"ImageObject","inLanguage":"es","@id":"https:\/\/volcanes.net\/?p=9277#primaryimage","url":"https:\/\/volcanes.net\/wp-content\/uploads\/2020\/11\/6c3977b9-aa44-47a9-baeb-a5ab21783433.jpg","contentUrl":"https:\/\/volcanes.net\/wp-content\/uploads\/2020\/11\/6c3977b9-aa44-47a9-baeb-a5ab21783433.jpg","width":936,"height":566},{"@type":"BreadcrumbList","@id":"https:\/\/volcanes.net\/?p=9277#breadcrumb","itemListElement":[{"@type":"ListItem","position":1,"name":"Portada","item":"https:\/\/volcanes.net\/"},{"@type":"ListItem","position":2,"name":"Fuerte choque en Juchitepec cobra la vida de una persona"}]},{"@type":"WebSite","@id":"https:\/\/volcanes.net\/#website","url":"https:\/\/volcanes.net\/","name":"Volcanes.Net","description":"Periodismo Profesional","publisher":{"@id":"https:\/\/volcanes.net\/#organization"},"potentialAction":[{"@type":"SearchAction","target":{"@type":"EntryPoint","urlTemplate":"https:\/\/volcanes.net\/?s={search_term_string}"},"query-input":{"@type":"PropertyValueSpecification","valueRequired":true,"valueName":"search_term_string"}}],"inLanguage":"es"},{"@type":"Organization","@id":"https:\/\/volcanes.net\/#organization","name":"Grupo Volcanes","url":"https:\/\/volcanes.net\/","logo":{"@type":"ImageObject","inLanguage":"es","@id":"https:\/\/volcanes.net\/#\/schema\/logo\/image\/","url":"http:\/\/volcanes.net\/wp-content\/uploads\/2017\/12\/Avatar2.jpg","contentUrl":"http:\/\/volcanes.net\/wp-content\/uploads\/2017\/12\/Avatar2.jpg","width":378,"height":378,"caption":"Grupo Volcanes"},"image":{"@id":"https:\/\/volcanes.net\/#\/schema\/logo\/image\/"},"sameAs":["https:\/\/www.facebook.com\/volcanes.net\/"]},{"@type":"Person","@id":"https:\/\/volcanes.net\/#\/schema\/person\/4bf0f383940966a4abd53f5048c0e6b9","name":"admin","image":{"@type":"ImageObject","inLanguage":"es","@id":"https:\/\/volcanes.net\/#\/schema\/person\/image\/","url":"https:\/\/secure.gravatar.com\/avatar\/ca004e6cba8462b8cb7abc86e382930c?s=96&d=mm&r=g","contentUrl":"https:\/\/secure.gravatar.com\/avatar\/ca004e6cba8462b8cb7abc86e382930c?s=96&d=mm&r=g","caption":"admin"}}]}},"_links":{"self":[{"href":"https:\/\/volcanes.net\/index.php?rest_route=\/wp\/v2\/posts\/9277"}],"collection":[{"href":"https:\/\/volcanes.net\/index.php?rest_route=\/wp\/v2\/posts"}],"about":[{"href":"https:\/\/volcanes.net\/index.php?rest_route=\/wp\/v2\/types\/post"}],"author":[{"embeddable":true,"href":"https:\/\/volcanes.net\/index.php?rest_route=\/wp\/v2\/users\/1"}],"replies":[{"embeddable":true,"href":"https:\/\/volcanes.net\/index.php?rest_route=%2Fwp%2Fv2%2Fcomments&post=9277"}],"version-history":[{"count":1,"href":"https:\/\/volcanes.net\/index.php?rest_route=\/wp\/v2\/posts\/9277\/revisions"}],"predecessor-version":[{"id":9279,"href":"https:\/\/volcanes.net\/index.php?rest_route=\/wp\/v2\/posts\/9277\/revisions\/9279"}],"wp:featuredmedia":[{"embeddable":true,"href":"https:\/\/volcanes.net\/index.php?rest_route=\/wp\/v2\/media\/9278"}],"wp:attachment":[{"href":"https:\/\/volcanes.net\/index.php?rest_route=%2Fwp%2Fv2%2Fmedia&parent=9277"}],"wp:term":[{"taxonomy":"category","embeddable":true,"href":"https:\/\/volcanes.net\/index.php?rest_route=%2Fwp%2Fv2%2Fcategories&post=9277"},{"taxonomy":"post_tag","embeddable":true,"href":"https:\/\/volcanes.net\/index.php?rest_route=%2Fwp%2Fv2%2Ftags&post=9277"}],"curies":[{"name":"wp","href":"https:\/\/api.w.org\/{rel}","templated":true}]}}