{"id":930,"date":"2018-02-01T12:49:39","date_gmt":"2018-02-01T12:49:39","guid":{"rendered":"http:\/\/volcanes.net\/?p=930"},"modified":"2018-02-01T12:49:39","modified_gmt":"2018-02-01T12:49:39","slug":"capacitan-a-defensores-para-mejorar-atencion-a-victimas-en-el-estado-de-mexico","status":"publish","type":"post","link":"https:\/\/volcanes.net\/?p=930","title":{"rendered":"Capacitan a Defensores para mejorar atenci\u00f3n a v\u00edctimas, EN EL Estado de M\u00e9xico"},"content":{"rendered":"<div style=\"margin-top: 0px; margin-bottom: 0px;\" class=\"sharethis-inline-share-buttons\" ><\/div><p>Abogados del Instituto de la Defensor\u00eda P\u00fablica y de la Comisi\u00f3n Ejecutiva de Atenci\u00f3n a V\u00edctimas reciben capacitaci\u00f3n en materia de juicios orales como parte del proyecto \u201cVoz de las V\u00edctimas\u201d.<\/p>\n<p>&nbsp;<\/p>\n<p>Con ello, la Secretar\u00eda de Justicia y Derechos Humanos busca mejorar la atenci\u00f3n que brinda a los mexiquenses a trav\u00e9s de estas \u00e1reas.<\/p>\n<p>&nbsp;<\/p>\n<p>El proyecto es desarrollado en coordinaci\u00f3n con el Tecnol\u00f3gico de Monterrey y el Sandra Day O\u2019Connor College of Law de la Universidad de Arizona.<\/p>\n<p>&nbsp;<\/p>\n<p>\u201cEs un paso muy importante en la implementaci\u00f3n del sistema nuevo aqu\u00ed en M\u00e9xico, es importante que cada sector del sistema de justicia tenga el conocimiento de los cambios del sistema y las habilidades en juicios orales\u201d, explic\u00f3 Tim Nelson, Director del Programa de Capacitaciones de la Universidad de Arizona.<\/p>\n<p>&nbsp;<\/p>\n<p>En el curso, los servidores p\u00fablicos conocen la teor\u00eda del desarrollo de los juicios orales a trav\u00e9s del estudio de un caso, lo revisan en equipo, aprenden a incorporar evidencia y a realizar declaraciones de apertura.<\/p>\n<p>&nbsp;<\/p>\n<p>Adem\u00e1s, se especializan en interrogatorios de testigos, objeciones, evidencia de contradicciones y alegatos.<\/p>\n<p>&nbsp;<\/p>\n<p>\u201cEs una forma de retroalimentar y capacitar a los servidores p\u00fablicos que se encargan de procurar y administrar justicia. La relevancia para las v\u00edctimas es que se incorpore de manera correcta, adecuada el material que fue objeto del delito, para que se persiga el delito\u201d, detall\u00f3 el Doctor en Derecho, H\u00e9ctor Martiniano Aparicio, catedr\u00e1tico del Tecnol\u00f3gico de Monterrey.<\/p>\n<p>&nbsp;<\/p>\n<p>El proceso de capacitaci\u00f3n arranc\u00f3 esta semana con un total de 25 servidores p\u00fablicos adscritos a la Secretar\u00eda de Justicia y Derechos Humanos y continuar\u00e1 en seis sesiones m\u00e1s para garantizar el compromiso de mejorar la atenci\u00f3n a los ciudadanos a trav\u00e9s de la especializaci\u00f3n en el nuevo sistema penal acusatorio y el trato a v\u00edctimas.<\/p>\n","protected":false},"excerpt":{"rendered":"<p>Abogados del Instituto de la Defensor\u00eda P\u00fablica y de la Comisi\u00f3n Ejecutiva de Atenci\u00f3n a<\/p>\n","protected":false},"author":1,"featured_media":931,"comment_status":"open","ping_status":"open","sticky":false,"template":"","format":"standard","meta":{"footnotes":""},"categories":[3],"tags":[4],"class_list":["post-930","post","type-post","status-publish","format-standard","has-post-thumbnail","hentry","category-estatales","tag-gobierno-del-estado-de-mexico"],"yoast_head":"<!-- This site is optimized with the Yoast SEO plugin v25.3 - https:\/\/yoast.com\/wordpress\/plugins\/seo\/ -->\n<title>Capacitan a Defensores para mejorar atenci\u00f3n a v\u00edctimas, EN EL Estado de M\u00e9xico - Volcanes<\/title>\n<meta name=\"robots\" content=\"index, follow, max-snippet:-1, max-image-preview:large, max-video-preview:-1\" \/>\n<link rel=\"canonical\" href=\"https:\/\/volcanes.net\/?p=930\" \/>\n<meta property=\"og:locale\" content=\"es_MX\" \/>\n<meta property=\"og:type\" content=\"article\" \/>\n<meta property=\"og:title\" content=\"Capacitan a Defensores para mejorar atenci\u00f3n a v\u00edctimas, EN EL Estado de M\u00e9xico - Volcanes\" \/>\n<meta property=\"og:description\" content=\"Abogados del Instituto de la Defensor\u00eda P\u00fablica y de la Comisi\u00f3n Ejecutiva de Atenci\u00f3n a\" \/>\n<meta property=\"og:url\" content=\"https:\/\/volcanes.net\/?p=930\" \/>\n<meta property=\"og:site_name\" content=\"Volcanes\" \/>\n<meta property=\"article:publisher\" content=\"https:\/\/www.facebook.com\/volcanes.net\/\" \/>\n<meta property=\"article:published_time\" content=\"2018-02-01T12:49:39+00:00\" \/>\n<meta property=\"og:image\" content=\"https:\/\/volcanes.net\/wp-content\/uploads\/2018\/02\/009_capacitaciocc81n_02.jpg\" \/>\n\t<meta property=\"og:image:width\" content=\"400\" \/>\n\t<meta property=\"og:image:height\" content=\"200\" \/>\n\t<meta property=\"og:image:type\" content=\"image\/jpeg\" \/>\n<meta name=\"author\" content=\"admin\" \/>\n<meta name=\"twitter:card\" content=\"summary_large_image\" \/>\n<meta name=\"twitter:label1\" content=\"Escrito por\" \/>\n\t<meta name=\"twitter:data1\" content=\"admin\" \/>\n\t<meta name=\"twitter:label2\" content=\"Tiempo de lectura\" \/>\n\t<meta name=\"twitter:data2\" content=\"2 minutos\" \/>\n<script type=\"application\/ld+json\" class=\"yoast-schema-graph\">{\"@context\":\"https:\/\/schema.org\",\"@graph\":[{\"@type\":\"Article\",\"@id\":\"https:\/\/volcanes.net\/?p=930#article\",\"isPartOf\":{\"@id\":\"https:\/\/volcanes.net\/?p=930\"},\"author\":{\"name\":\"admin\",\"@id\":\"https:\/\/volcanes.net\/#\/schema\/person\/4bf0f383940966a4abd53f5048c0e6b9\"},\"headline\":\"Capacitan a Defensores para mejorar atenci\u00f3n a v\u00edctimas, EN EL Estado de M\u00e9xico\",\"datePublished\":\"2018-02-01T12:49:39+00:00\",\"mainEntityOfPage\":{\"@id\":\"https:\/\/volcanes.net\/?p=930\"},\"wordCount\":345,\"commentCount\":0,\"publisher\":{\"@id\":\"https:\/\/volcanes.net\/#organization\"},\"image\":{\"@id\":\"https:\/\/volcanes.net\/?p=930#primaryimage\"},\"thumbnailUrl\":\"https:\/\/volcanes.net\/wp-content\/uploads\/2018\/02\/009_capacitaciocc81n_02.jpg\",\"keywords\":[\"Gobierno del Estado de M\u00e9xico\"],\"articleSection\":[\"Estatales\"],\"inLanguage\":\"es\",\"potentialAction\":[{\"@type\":\"CommentAction\",\"name\":\"Comment\",\"target\":[\"https:\/\/volcanes.net\/?p=930#respond\"]}]},{\"@type\":\"WebPage\",\"@id\":\"https:\/\/volcanes.net\/?p=930\",\"url\":\"https:\/\/volcanes.net\/?p=930\",\"name\":\"Capacitan a Defensores para mejorar atenci\u00f3n a v\u00edctimas, EN EL Estado de M\u00e9xico - Volcanes\",\"isPartOf\":{\"@id\":\"https:\/\/volcanes.net\/#website\"},\"primaryImageOfPage\":{\"@id\":\"https:\/\/volcanes.net\/?p=930#primaryimage\"},\"image\":{\"@id\":\"https:\/\/volcanes.net\/?p=930#primaryimage\"},\"thumbnailUrl\":\"https:\/\/volcanes.net\/wp-content\/uploads\/2018\/02\/009_capacitaciocc81n_02.jpg\",\"datePublished\":\"2018-02-01T12:49:39+00:00\",\"breadcrumb\":{\"@id\":\"https:\/\/volcanes.net\/?p=930#breadcrumb\"},\"inLanguage\":\"es\",\"potentialAction\":[{\"@type\":\"ReadAction\",\"target\":[\"https:\/\/volcanes.net\/?p=930\"]}]},{\"@type\":\"ImageObject\",\"inLanguage\":\"es\",\"@id\":\"https:\/\/volcanes.net\/?p=930#primaryimage\",\"url\":\"https:\/\/volcanes.net\/wp-content\/uploads\/2018\/02\/009_capacitaciocc81n_02.jpg\",\"contentUrl\":\"https:\/\/volcanes.net\/wp-content\/uploads\/2018\/02\/009_capacitaciocc81n_02.jpg\",\"width\":400,\"height\":200},{\"@type\":\"BreadcrumbList\",\"@id\":\"https:\/\/volcanes.net\/?p=930#breadcrumb\",\"itemListElement\":[{\"@type\":\"ListItem\",\"position\":1,\"name\":\"Portada\",\"item\":\"https:\/\/volcanes.net\/\"},{\"@type\":\"ListItem\",\"position\":2,\"name\":\"Capacitan a Defensores para mejorar atenci\u00f3n a v\u00edctimas, EN EL Estado de M\u00e9xico\"}]},{\"@type\":\"WebSite\",\"@id\":\"https:\/\/volcanes.net\/#website\",\"url\":\"https:\/\/volcanes.net\/\",\"name\":\"Volcanes.Net\",\"description\":\"Periodismo Profesional\",\"publisher\":{\"@id\":\"https:\/\/volcanes.net\/#organization\"},\"potentialAction\":[{\"@type\":\"SearchAction\",\"target\":{\"@type\":\"EntryPoint\",\"urlTemplate\":\"https:\/\/volcanes.net\/?s={search_term_string}\"},\"query-input\":{\"@type\":\"PropertyValueSpecification\",\"valueRequired\":true,\"valueName\":\"search_term_string\"}}],\"inLanguage\":\"es\"},{\"@type\":\"Organization\",\"@id\":\"https:\/\/volcanes.net\/#organization\",\"name\":\"Grupo Volcanes\",\"url\":\"https:\/\/volcanes.net\/\",\"logo\":{\"@type\":\"ImageObject\",\"inLanguage\":\"es\",\"@id\":\"https:\/\/volcanes.net\/#\/schema\/logo\/image\/\",\"url\":\"http:\/\/volcanes.net\/wp-content\/uploads\/2017\/12\/Avatar2.jpg\",\"contentUrl\":\"http:\/\/volcanes.net\/wp-content\/uploads\/2017\/12\/Avatar2.jpg\",\"width\":378,\"height\":378,\"caption\":\"Grupo Volcanes\"},\"image\":{\"@id\":\"https:\/\/volcanes.net\/#\/schema\/logo\/image\/\"},\"sameAs\":[\"https:\/\/www.facebook.com\/volcanes.net\/\"]},{\"@type\":\"Person\",\"@id\":\"https:\/\/volcanes.net\/#\/schema\/person\/4bf0f383940966a4abd53f5048c0e6b9\",\"name\":\"admin\",\"image\":{\"@type\":\"ImageObject\",\"inLanguage\":\"es\",\"@id\":\"https:\/\/volcanes.net\/#\/schema\/person\/image\/\",\"url\":\"https:\/\/secure.gravatar.com\/avatar\/ca004e6cba8462b8cb7abc86e382930c?s=96&d=mm&r=g\",\"contentUrl\":\"https:\/\/secure.gravatar.com\/avatar\/ca004e6cba8462b8cb7abc86e382930c?s=96&d=mm&r=g\",\"caption\":\"admin\"}}]}<\/script>\n<!-- \/ Yoast SEO plugin. -->","yoast_head_json":{"title":"Capacitan a Defensores para mejorar atenci\u00f3n a v\u00edctimas, EN EL Estado de M\u00e9xico - Volcanes","robots":{"index":"index","follow":"follow","max-snippet":"max-snippet:-1","max-image-preview":"max-image-preview:large","max-video-preview":"max-video-preview:-1"},"canonical":"https:\/\/volcanes.net\/?p=930","og_locale":"es_MX","og_type":"article","og_title":"Capacitan a Defensores para mejorar atenci\u00f3n a v\u00edctimas, EN EL Estado de M\u00e9xico - Volcanes","og_description":"Abogados del Instituto de la Defensor\u00eda P\u00fablica y de la Comisi\u00f3n Ejecutiva de Atenci\u00f3n a","og_url":"https:\/\/volcanes.net\/?p=930","og_site_name":"Volcanes","article_publisher":"https:\/\/www.facebook.com\/volcanes.net\/","article_published_time":"2018-02-01T12:49:39+00:00","og_image":[{"width":400,"height":200,"url":"https:\/\/volcanes.net\/wp-content\/uploads\/2018\/02\/009_capacitaciocc81n_02.jpg","type":"image\/jpeg"}],"author":"admin","twitter_card":"summary_large_image","twitter_misc":{"Escrito por":"admin","Tiempo de lectura":"2 minutos"},"schema":{"@context":"https:\/\/schema.org","@graph":[{"@type":"Article","@id":"https:\/\/volcanes.net\/?p=930#article","isPartOf":{"@id":"https:\/\/volcanes.net\/?p=930"},"author":{"name":"admin","@id":"https:\/\/volcanes.net\/#\/schema\/person\/4bf0f383940966a4abd53f5048c0e6b9"},"headline":"Capacitan a Defensores para mejorar atenci\u00f3n a v\u00edctimas, EN EL Estado de M\u00e9xico","datePublished":"2018-02-01T12:49:39+00:00","mainEntityOfPage":{"@id":"https:\/\/volcanes.net\/?p=930"},"wordCount":345,"commentCount":0,"publisher":{"@id":"https:\/\/volcanes.net\/#organization"},"image":{"@id":"https:\/\/volcanes.net\/?p=930#primaryimage"},"thumbnailUrl":"https:\/\/volcanes.net\/wp-content\/uploads\/2018\/02\/009_capacitaciocc81n_02.jpg","keywords":["Gobierno del Estado de M\u00e9xico"],"articleSection":["Estatales"],"inLanguage":"es","potentialAction":[{"@type":"CommentAction","name":"Comment","target":["https:\/\/volcanes.net\/?p=930#respond"]}]},{"@type":"WebPage","@id":"https:\/\/volcanes.net\/?p=930","url":"https:\/\/volcanes.net\/?p=930","name":"Capacitan a Defensores para mejorar atenci\u00f3n a v\u00edctimas, EN EL Estado de M\u00e9xico - Volcanes","isPartOf":{"@id":"https:\/\/volcanes.net\/#website"},"primaryImageOfPage":{"@id":"https:\/\/volcanes.net\/?p=930#primaryimage"},"image":{"@id":"https:\/\/volcanes.net\/?p=930#primaryimage"},"thumbnailUrl":"https:\/\/volcanes.net\/wp-content\/uploads\/2018\/02\/009_capacitaciocc81n_02.jpg","datePublished":"2018-02-01T12:49:39+00:00","breadcrumb":{"@id":"https:\/\/volcanes.net\/?p=930#breadcrumb"},"inLanguage":"es","potentialAction":[{"@type":"ReadAction","target":["https:\/\/volcanes.net\/?p=930"]}]},{"@type":"ImageObject","inLanguage":"es","@id":"https:\/\/volcanes.net\/?p=930#primaryimage","url":"https:\/\/volcanes.net\/wp-content\/uploads\/2018\/02\/009_capacitaciocc81n_02.jpg","contentUrl":"https:\/\/volcanes.net\/wp-content\/uploads\/2018\/02\/009_capacitaciocc81n_02.jpg","width":400,"height":200},{"@type":"BreadcrumbList","@id":"https:\/\/volcanes.net\/?p=930#breadcrumb","itemListElement":[{"@type":"ListItem","position":1,"name":"Portada","item":"https:\/\/volcanes.net\/"},{"@type":"ListItem","position":2,"name":"Capacitan a Defensores para mejorar atenci\u00f3n a v\u00edctimas, EN EL Estado de M\u00e9xico"}]},{"@type":"WebSite","@id":"https:\/\/volcanes.net\/#website","url":"https:\/\/volcanes.net\/","name":"Volcanes.Net","description":"Periodismo Profesional","publisher":{"@id":"https:\/\/volcanes.net\/#organization"},"potentialAction":[{"@type":"SearchAction","target":{"@type":"EntryPoint","urlTemplate":"https:\/\/volcanes.net\/?s={search_term_string}"},"query-input":{"@type":"PropertyValueSpecification","valueRequired":true,"valueName":"search_term_string"}}],"inLanguage":"es"},{"@type":"Organization","@id":"https:\/\/volcanes.net\/#organization","name":"Grupo Volcanes","url":"https:\/\/volcanes.net\/","logo":{"@type":"ImageObject","inLanguage":"es","@id":"https:\/\/volcanes.net\/#\/schema\/logo\/image\/","url":"http:\/\/volcanes.net\/wp-content\/uploads\/2017\/12\/Avatar2.jpg","contentUrl":"http:\/\/volcanes.net\/wp-content\/uploads\/2017\/12\/Avatar2.jpg","width":378,"height":378,"caption":"Grupo Volcanes"},"image":{"@id":"https:\/\/volcanes.net\/#\/schema\/logo\/image\/"},"sameAs":["https:\/\/www.facebook.com\/volcanes.net\/"]},{"@type":"Person","@id":"https:\/\/volcanes.net\/#\/schema\/person\/4bf0f383940966a4abd53f5048c0e6b9","name":"admin","image":{"@type":"ImageObject","inLanguage":"es","@id":"https:\/\/volcanes.net\/#\/schema\/person\/image\/","url":"https:\/\/secure.gravatar.com\/avatar\/ca004e6cba8462b8cb7abc86e382930c?s=96&d=mm&r=g","contentUrl":"https:\/\/secure.gravatar.com\/avatar\/ca004e6cba8462b8cb7abc86e382930c?s=96&d=mm&r=g","caption":"admin"}}]}},"_links":{"self":[{"href":"https:\/\/volcanes.net\/index.php?rest_route=\/wp\/v2\/posts\/930"}],"collection":[{"href":"https:\/\/volcanes.net\/index.php?rest_route=\/wp\/v2\/posts"}],"about":[{"href":"https:\/\/volcanes.net\/index.php?rest_route=\/wp\/v2\/types\/post"}],"author":[{"embeddable":true,"href":"https:\/\/volcanes.net\/index.php?rest_route=\/wp\/v2\/users\/1"}],"replies":[{"embeddable":true,"href":"https:\/\/volcanes.net\/index.php?rest_route=%2Fwp%2Fv2%2Fcomments&post=930"}],"version-history":[{"count":1,"href":"https:\/\/volcanes.net\/index.php?rest_route=\/wp\/v2\/posts\/930\/revisions"}],"predecessor-version":[{"id":932,"href":"https:\/\/volcanes.net\/index.php?rest_route=\/wp\/v2\/posts\/930\/revisions\/932"}],"wp:featuredmedia":[{"embeddable":true,"href":"https:\/\/volcanes.net\/index.php?rest_route=\/wp\/v2\/media\/931"}],"wp:attachment":[{"href":"https:\/\/volcanes.net\/index.php?rest_route=%2Fwp%2Fv2%2Fmedia&parent=930"}],"wp:term":[{"taxonomy":"category","embeddable":true,"href":"https:\/\/volcanes.net\/index.php?rest_route=%2Fwp%2Fv2%2Fcategories&post=930"},{"taxonomy":"post_tag","embeddable":true,"href":"https:\/\/volcanes.net\/index.php?rest_route=%2Fwp%2Fv2%2Ftags&post=930"}],"curies":[{"name":"wp","href":"https:\/\/api.w.org\/{rel}","templated":true}]}}