{"id":935,"date":"2018-02-01T12:53:00","date_gmt":"2018-02-01T12:53:00","guid":{"rendered":"http:\/\/volcanes.net\/?p=935"},"modified":"2018-02-01T12:53:00","modified_gmt":"2018-02-01T12:53:00","slug":"pvem-y-pri-pondran-a-candidato-de-chiapas-sin-conflictos-sesma","status":"publish","type":"post","link":"https:\/\/volcanes.net\/?p=935","title":{"rendered":"PVEM y PRI pondr\u00e1n a candidato de Chiapas sin conflictos: Sesma"},"content":{"rendered":"<div style=\"margin-top: 0px; margin-bottom: 0px;\" class=\"sharethis-inline-share-buttons\" ><\/div><p class=\"x_ydp98236814MsoNormal\">CCONoticias.- El coordinador de los diputados del PVEM, Jes\u00fas Sesma Su\u00e1rez, afirm\u00f3 que el proceso para elegir con el PRI a un candidato com\u00fan al gobierno de Chiapas se realizar\u00e1 con tranquilidad, d\u00e1ndole la independencia a los comit\u00e9s ejecutivos estatales, \u201cporque ellos son los que determinan\u201d.<\/p>\n<p class=\"x_ydp98236814MsoNormal\">El PVEM no tiene conflicto en Chiapas con sus aliados del PRI, de cara a los comicios del julio pr\u00f3ximo, indic\u00f3 en declaraciones a la prensa en el marco de la reuni\u00f3n plenaria de los diputados del PVEM, en la que establecieron su agenda legislativa para el periodo ordinario de sesiones que inicia este jueves.<\/p>\n<p class=\"x_ydp98236814MsoNormal\">Record\u00f3 que la coalici\u00f3n que mantienen en esa entidad (PRI-PVEM-NA-Mover a Chiapas-Chiapas Unidos) abri\u00f3 un proceso para determinar el m\u00e9todo para nombrar a su candidato al gobierno del estado, luego de diferencias por propuestas unilaterales que abrieron la posible salida de militantes del PVEM.<\/p>\n<p class=\"x_ydp98236814MsoNormal\">\u201cCon tranquilidad y con seguridad les puedo decir que en el Partido Verde no tenemos ning\u00fan conflicto con nuestros aliados del PRI. Es m\u00e1s, sabemos de la importancia de poder ir coaligados en la entidad\u201d, expuso Sesma Su\u00e1rez.<\/p>\n","protected":false},"excerpt":{"rendered":"<p>CCONoticias.- El coordinador de los diputados del PVEM, Jes\u00fas Sesma Su\u00e1rez, afirm\u00f3 que el proceso<\/p>\n","protected":false},"author":1,"featured_media":918,"comment_status":"open","ping_status":"open","sticky":false,"template":"","format":"standard","meta":{"footnotes":""},"categories":[1],"tags":[10,95],"class_list":["post-935","post","type-post","status-publish","format-standard","has-post-thumbnail","hentry","category-municipales","tag-pri","tag-pvem"],"yoast_head":"<!-- This site is optimized with the Yoast SEO plugin v25.3 - https:\/\/yoast.com\/wordpress\/plugins\/seo\/ -->\n<title>PVEM y PRI pondr\u00e1n a candidato de Chiapas sin conflictos: Sesma - Volcanes<\/title>\n<meta name=\"robots\" content=\"index, follow, max-snippet:-1, max-image-preview:large, max-video-preview:-1\" \/>\n<link rel=\"canonical\" href=\"https:\/\/volcanes.net\/?p=935\" \/>\n<meta property=\"og:locale\" content=\"es_MX\" \/>\n<meta property=\"og:type\" content=\"article\" \/>\n<meta property=\"og:title\" content=\"PVEM y PRI pondr\u00e1n a candidato de Chiapas sin conflictos: Sesma - Volcanes\" \/>\n<meta property=\"og:description\" content=\"CCONoticias.- El coordinador de los diputados del PVEM, Jes\u00fas Sesma Su\u00e1rez, afirm\u00f3 que el proceso\" \/>\n<meta property=\"og:url\" content=\"https:\/\/volcanes.net\/?p=935\" \/>\n<meta property=\"og:site_name\" content=\"Volcanes\" \/>\n<meta property=\"article:publisher\" content=\"https:\/\/www.facebook.com\/volcanes.net\/\" \/>\n<meta property=\"article:published_time\" content=\"2018-02-01T12:53:00+00:00\" \/>\n<meta property=\"og:image\" content=\"https:\/\/volcanes.net\/wp-content\/uploads\/2018\/02\/jesc3bas-sesma-suc3a1rez.jpg\" \/>\n\t<meta property=\"og:image:width\" content=\"400\" \/>\n\t<meta property=\"og:image:height\" content=\"200\" \/>\n\t<meta property=\"og:image:type\" content=\"image\/jpeg\" \/>\n<meta name=\"author\" content=\"admin\" \/>\n<meta name=\"twitter:card\" content=\"summary_large_image\" \/>\n<meta name=\"twitter:label1\" content=\"Escrito por\" \/>\n\t<meta name=\"twitter:data1\" content=\"admin\" \/>\n\t<meta name=\"twitter:label2\" content=\"Tiempo de lectura\" \/>\n\t<meta name=\"twitter:data2\" content=\"1 minuto\" \/>\n<script type=\"application\/ld+json\" class=\"yoast-schema-graph\">{\"@context\":\"https:\/\/schema.org\",\"@graph\":[{\"@type\":\"Article\",\"@id\":\"https:\/\/volcanes.net\/?p=935#article\",\"isPartOf\":{\"@id\":\"https:\/\/volcanes.net\/?p=935\"},\"author\":{\"name\":\"admin\",\"@id\":\"https:\/\/volcanes.net\/#\/schema\/person\/4bf0f383940966a4abd53f5048c0e6b9\"},\"headline\":\"PVEM y PRI pondr\u00e1n a candidato de Chiapas sin conflictos: Sesma\",\"datePublished\":\"2018-02-01T12:53:00+00:00\",\"mainEntityOfPage\":{\"@id\":\"https:\/\/volcanes.net\/?p=935\"},\"wordCount\":208,\"commentCount\":0,\"publisher\":{\"@id\":\"https:\/\/volcanes.net\/#organization\"},\"image\":{\"@id\":\"https:\/\/volcanes.net\/?p=935#primaryimage\"},\"thumbnailUrl\":\"https:\/\/volcanes.net\/wp-content\/uploads\/2018\/02\/jesc3bas-sesma-suc3a1rez.jpg\",\"keywords\":[\"PRI\",\"PVEM\"],\"articleSection\":[\"Municipales\"],\"inLanguage\":\"es\",\"potentialAction\":[{\"@type\":\"CommentAction\",\"name\":\"Comment\",\"target\":[\"https:\/\/volcanes.net\/?p=935#respond\"]}]},{\"@type\":\"WebPage\",\"@id\":\"https:\/\/volcanes.net\/?p=935\",\"url\":\"https:\/\/volcanes.net\/?p=935\",\"name\":\"PVEM y PRI pondr\u00e1n a candidato de Chiapas sin conflictos: Sesma - Volcanes\",\"isPartOf\":{\"@id\":\"https:\/\/volcanes.net\/#website\"},\"primaryImageOfPage\":{\"@id\":\"https:\/\/volcanes.net\/?p=935#primaryimage\"},\"image\":{\"@id\":\"https:\/\/volcanes.net\/?p=935#primaryimage\"},\"thumbnailUrl\":\"https:\/\/volcanes.net\/wp-content\/uploads\/2018\/02\/jesc3bas-sesma-suc3a1rez.jpg\",\"datePublished\":\"2018-02-01T12:53:00+00:00\",\"breadcrumb\":{\"@id\":\"https:\/\/volcanes.net\/?p=935#breadcrumb\"},\"inLanguage\":\"es\",\"potentialAction\":[{\"@type\":\"ReadAction\",\"target\":[\"https:\/\/volcanes.net\/?p=935\"]}]},{\"@type\":\"ImageObject\",\"inLanguage\":\"es\",\"@id\":\"https:\/\/volcanes.net\/?p=935#primaryimage\",\"url\":\"https:\/\/volcanes.net\/wp-content\/uploads\/2018\/02\/jesc3bas-sesma-suc3a1rez.jpg\",\"contentUrl\":\"https:\/\/volcanes.net\/wp-content\/uploads\/2018\/02\/jesc3bas-sesma-suc3a1rez.jpg\",\"width\":400,\"height\":200,\"caption\":\"60 cc color por favor Urgeeeee\"},{\"@type\":\"BreadcrumbList\",\"@id\":\"https:\/\/volcanes.net\/?p=935#breadcrumb\",\"itemListElement\":[{\"@type\":\"ListItem\",\"position\":1,\"name\":\"Portada\",\"item\":\"https:\/\/volcanes.net\/\"},{\"@type\":\"ListItem\",\"position\":2,\"name\":\"PVEM y PRI pondr\u00e1n a candidato de Chiapas sin conflictos: Sesma\"}]},{\"@type\":\"WebSite\",\"@id\":\"https:\/\/volcanes.net\/#website\",\"url\":\"https:\/\/volcanes.net\/\",\"name\":\"Volcanes.Net\",\"description\":\"Periodismo Profesional\",\"publisher\":{\"@id\":\"https:\/\/volcanes.net\/#organization\"},\"potentialAction\":[{\"@type\":\"SearchAction\",\"target\":{\"@type\":\"EntryPoint\",\"urlTemplate\":\"https:\/\/volcanes.net\/?s={search_term_string}\"},\"query-input\":{\"@type\":\"PropertyValueSpecification\",\"valueRequired\":true,\"valueName\":\"search_term_string\"}}],\"inLanguage\":\"es\"},{\"@type\":\"Organization\",\"@id\":\"https:\/\/volcanes.net\/#organization\",\"name\":\"Grupo Volcanes\",\"url\":\"https:\/\/volcanes.net\/\",\"logo\":{\"@type\":\"ImageObject\",\"inLanguage\":\"es\",\"@id\":\"https:\/\/volcanes.net\/#\/schema\/logo\/image\/\",\"url\":\"http:\/\/volcanes.net\/wp-content\/uploads\/2017\/12\/Avatar2.jpg\",\"contentUrl\":\"http:\/\/volcanes.net\/wp-content\/uploads\/2017\/12\/Avatar2.jpg\",\"width\":378,\"height\":378,\"caption\":\"Grupo Volcanes\"},\"image\":{\"@id\":\"https:\/\/volcanes.net\/#\/schema\/logo\/image\/\"},\"sameAs\":[\"https:\/\/www.facebook.com\/volcanes.net\/\"]},{\"@type\":\"Person\",\"@id\":\"https:\/\/volcanes.net\/#\/schema\/person\/4bf0f383940966a4abd53f5048c0e6b9\",\"name\":\"admin\",\"image\":{\"@type\":\"ImageObject\",\"inLanguage\":\"es\",\"@id\":\"https:\/\/volcanes.net\/#\/schema\/person\/image\/\",\"url\":\"https:\/\/secure.gravatar.com\/avatar\/ca004e6cba8462b8cb7abc86e382930c?s=96&d=mm&r=g\",\"contentUrl\":\"https:\/\/secure.gravatar.com\/avatar\/ca004e6cba8462b8cb7abc86e382930c?s=96&d=mm&r=g\",\"caption\":\"admin\"}}]}<\/script>\n<!-- \/ Yoast SEO plugin. -->","yoast_head_json":{"title":"PVEM y PRI pondr\u00e1n a candidato de Chiapas sin conflictos: Sesma - Volcanes","robots":{"index":"index","follow":"follow","max-snippet":"max-snippet:-1","max-image-preview":"max-image-preview:large","max-video-preview":"max-video-preview:-1"},"canonical":"https:\/\/volcanes.net\/?p=935","og_locale":"es_MX","og_type":"article","og_title":"PVEM y PRI pondr\u00e1n a candidato de Chiapas sin conflictos: Sesma - Volcanes","og_description":"CCONoticias.- El coordinador de los diputados del PVEM, Jes\u00fas Sesma Su\u00e1rez, afirm\u00f3 que el proceso","og_url":"https:\/\/volcanes.net\/?p=935","og_site_name":"Volcanes","article_publisher":"https:\/\/www.facebook.com\/volcanes.net\/","article_published_time":"2018-02-01T12:53:00+00:00","og_image":[{"width":400,"height":200,"url":"https:\/\/volcanes.net\/wp-content\/uploads\/2018\/02\/jesc3bas-sesma-suc3a1rez.jpg","type":"image\/jpeg"}],"author":"admin","twitter_card":"summary_large_image","twitter_misc":{"Escrito por":"admin","Tiempo de lectura":"1 minuto"},"schema":{"@context":"https:\/\/schema.org","@graph":[{"@type":"Article","@id":"https:\/\/volcanes.net\/?p=935#article","isPartOf":{"@id":"https:\/\/volcanes.net\/?p=935"},"author":{"name":"admin","@id":"https:\/\/volcanes.net\/#\/schema\/person\/4bf0f383940966a4abd53f5048c0e6b9"},"headline":"PVEM y PRI pondr\u00e1n a candidato de Chiapas sin conflictos: Sesma","datePublished":"2018-02-01T12:53:00+00:00","mainEntityOfPage":{"@id":"https:\/\/volcanes.net\/?p=935"},"wordCount":208,"commentCount":0,"publisher":{"@id":"https:\/\/volcanes.net\/#organization"},"image":{"@id":"https:\/\/volcanes.net\/?p=935#primaryimage"},"thumbnailUrl":"https:\/\/volcanes.net\/wp-content\/uploads\/2018\/02\/jesc3bas-sesma-suc3a1rez.jpg","keywords":["PRI","PVEM"],"articleSection":["Municipales"],"inLanguage":"es","potentialAction":[{"@type":"CommentAction","name":"Comment","target":["https:\/\/volcanes.net\/?p=935#respond"]}]},{"@type":"WebPage","@id":"https:\/\/volcanes.net\/?p=935","url":"https:\/\/volcanes.net\/?p=935","name":"PVEM y PRI pondr\u00e1n a candidato de Chiapas sin conflictos: Sesma - Volcanes","isPartOf":{"@id":"https:\/\/volcanes.net\/#website"},"primaryImageOfPage":{"@id":"https:\/\/volcanes.net\/?p=935#primaryimage"},"image":{"@id":"https:\/\/volcanes.net\/?p=935#primaryimage"},"thumbnailUrl":"https:\/\/volcanes.net\/wp-content\/uploads\/2018\/02\/jesc3bas-sesma-suc3a1rez.jpg","datePublished":"2018-02-01T12:53:00+00:00","breadcrumb":{"@id":"https:\/\/volcanes.net\/?p=935#breadcrumb"},"inLanguage":"es","potentialAction":[{"@type":"ReadAction","target":["https:\/\/volcanes.net\/?p=935"]}]},{"@type":"ImageObject","inLanguage":"es","@id":"https:\/\/volcanes.net\/?p=935#primaryimage","url":"https:\/\/volcanes.net\/wp-content\/uploads\/2018\/02\/jesc3bas-sesma-suc3a1rez.jpg","contentUrl":"https:\/\/volcanes.net\/wp-content\/uploads\/2018\/02\/jesc3bas-sesma-suc3a1rez.jpg","width":400,"height":200,"caption":"60 cc color por favor Urgeeeee"},{"@type":"BreadcrumbList","@id":"https:\/\/volcanes.net\/?p=935#breadcrumb","itemListElement":[{"@type":"ListItem","position":1,"name":"Portada","item":"https:\/\/volcanes.net\/"},{"@type":"ListItem","position":2,"name":"PVEM y PRI pondr\u00e1n a candidato de Chiapas sin conflictos: Sesma"}]},{"@type":"WebSite","@id":"https:\/\/volcanes.net\/#website","url":"https:\/\/volcanes.net\/","name":"Volcanes.Net","description":"Periodismo Profesional","publisher":{"@id":"https:\/\/volcanes.net\/#organization"},"potentialAction":[{"@type":"SearchAction","target":{"@type":"EntryPoint","urlTemplate":"https:\/\/volcanes.net\/?s={search_term_string}"},"query-input":{"@type":"PropertyValueSpecification","valueRequired":true,"valueName":"search_term_string"}}],"inLanguage":"es"},{"@type":"Organization","@id":"https:\/\/volcanes.net\/#organization","name":"Grupo Volcanes","url":"https:\/\/volcanes.net\/","logo":{"@type":"ImageObject","inLanguage":"es","@id":"https:\/\/volcanes.net\/#\/schema\/logo\/image\/","url":"http:\/\/volcanes.net\/wp-content\/uploads\/2017\/12\/Avatar2.jpg","contentUrl":"http:\/\/volcanes.net\/wp-content\/uploads\/2017\/12\/Avatar2.jpg","width":378,"height":378,"caption":"Grupo Volcanes"},"image":{"@id":"https:\/\/volcanes.net\/#\/schema\/logo\/image\/"},"sameAs":["https:\/\/www.facebook.com\/volcanes.net\/"]},{"@type":"Person","@id":"https:\/\/volcanes.net\/#\/schema\/person\/4bf0f383940966a4abd53f5048c0e6b9","name":"admin","image":{"@type":"ImageObject","inLanguage":"es","@id":"https:\/\/volcanes.net\/#\/schema\/person\/image\/","url":"https:\/\/secure.gravatar.com\/avatar\/ca004e6cba8462b8cb7abc86e382930c?s=96&d=mm&r=g","contentUrl":"https:\/\/secure.gravatar.com\/avatar\/ca004e6cba8462b8cb7abc86e382930c?s=96&d=mm&r=g","caption":"admin"}}]}},"_links":{"self":[{"href":"https:\/\/volcanes.net\/index.php?rest_route=\/wp\/v2\/posts\/935"}],"collection":[{"href":"https:\/\/volcanes.net\/index.php?rest_route=\/wp\/v2\/posts"}],"about":[{"href":"https:\/\/volcanes.net\/index.php?rest_route=\/wp\/v2\/types\/post"}],"author":[{"embeddable":true,"href":"https:\/\/volcanes.net\/index.php?rest_route=\/wp\/v2\/users\/1"}],"replies":[{"embeddable":true,"href":"https:\/\/volcanes.net\/index.php?rest_route=%2Fwp%2Fv2%2Fcomments&post=935"}],"version-history":[{"count":1,"href":"https:\/\/volcanes.net\/index.php?rest_route=\/wp\/v2\/posts\/935\/revisions"}],"predecessor-version":[{"id":936,"href":"https:\/\/volcanes.net\/index.php?rest_route=\/wp\/v2\/posts\/935\/revisions\/936"}],"wp:featuredmedia":[{"embeddable":true,"href":"https:\/\/volcanes.net\/index.php?rest_route=\/wp\/v2\/media\/918"}],"wp:attachment":[{"href":"https:\/\/volcanes.net\/index.php?rest_route=%2Fwp%2Fv2%2Fmedia&parent=935"}],"wp:term":[{"taxonomy":"category","embeddable":true,"href":"https:\/\/volcanes.net\/index.php?rest_route=%2Fwp%2Fv2%2Fcategories&post=935"},{"taxonomy":"post_tag","embeddable":true,"href":"https:\/\/volcanes.net\/index.php?rest_route=%2Fwp%2Fv2%2Ftags&post=935"}],"curies":[{"name":"wp","href":"https:\/\/api.w.org\/{rel}","templated":true}]}}