{"id":9370,"date":"2020-11-27T10:53:12","date_gmt":"2020-11-27T16:53:12","guid":{"rendered":"http:\/\/volcanes.net\/?p=9370"},"modified":"2020-11-27T10:53:12","modified_gmt":"2020-11-27T16:53:12","slug":"se-llevaran-a-cabo-16-dias-de-actividades-para-erradicar-violencia-de-genero-en-ixtapaluca","status":"publish","type":"post","link":"https:\/\/volcanes.net\/?p=9370","title":{"rendered":"Se llevar\u00e1n a cabo 16 d\u00edas de actividades para erradicar violencia de g\u00e9nero en Ixtapaluca"},"content":{"rendered":"<div style=\"margin-top: 0px; margin-bottom: 0px;\" class=\"sharethis-inline-share-buttons\" ><\/div><p style=\"text-align: justify;\">Ixtapaluca, Estado de M\u00e9xico.-\u00a0 Con el fin de sensibilizar a la poblaci\u00f3n para prevenir, atender, sancionar y erradicar la violencia de g\u00e9nero se llevar\u00e1n a cabo 16 d\u00edas de actividades, as\u00ed como la entrega de equipamiento a la polic\u00eda municipal, es como Ixtapaluca conmemor\u00f3 el 25 de Noviembre D\u00eda Internacional de la Violencia Contra la Mujer.<\/p>\n<p style=\"text-align: justify;\">Ante ello, el Ayuntamiento de Ixtapaluca, hizo entrega de patrullas para elementos de la c\u00e9lula de b\u00fasqueda y uniformes a la polic\u00eda de g\u00e9nero, ello en el marco de dicha fecha que tiene su origen en 1960 tras el asesinato de las hermanas Mirabal, activistas pol\u00edticas de Rep\u00fablica Dominicana.<\/p>\n<p style=\"text-align: justify;\">Con la participaci\u00f3n del personal del Ayuntamiento, el Instituto para la Protecci\u00f3n de los Derechos de las Mujeres (IPDM), encabezado por Rosario Arias, realiz\u00f3 un mega list\u00f3n humano color naranja en la explanada municipal como s\u00edmbolo de rechazo a la violencia contra la mujer. Ah\u00ed se ratific\u00f3 el compromiso de la alcaldesa Maricela Serrano de impulsar pol\u00edticas p\u00fablicas integrales y acciones afirmativas en beneficio de este g\u00e9nero.<\/p>\n<p style=\"text-align: justify;\">Acompa\u00f1ada por el s\u00edndico municipal, Enrique Granados, regidores y regidoras, reconoci\u00f3 la labor de los elementos de la polic\u00eda de g\u00e9nero por la capacitaci\u00f3n permanente en competencia laboral y del est\u00e1ndar de competencia, que consiste en la atenci\u00f3n presencial en primer contacto a mujeres v\u00edctimas de violencia de g\u00e9nero.<\/p>\n<p style=\"text-align: justify;\">Arias Castro destac\u00f3 que Ixtapaluca cuenta con un bot\u00f3n de p\u00e1nico en donde con solo apretar durante 4 segundos la aplicaci\u00f3n desde el dispositivo m\u00f3vil, la polic\u00eda de g\u00e9nero acude al lugar en donde se encuentra la v\u00edctima.\u00a0 A esta acci\u00f3n se suma la campa\u00f1a permanente Ellas Merecen Protecci\u00f3n encaminada a informar sobre los tipos de violencia, c\u00f3mo atenderla y a d\u00f3nde acudir.<\/p>\n<p style=\"text-align: justify;\">Adem\u00e1s, precis\u00f3, de contar con una Agencia del Ministerio P\u00fablico Especializada en Violencia Familiar Sexual y de G\u00e9nero.<\/p>\n<p style=\"text-align: justify;\">Como parte de las actividades para sensibilizar a las y los ixtapalquenses se llev\u00f3 a cabo una conferencia con el tema \u201cD\u00eda naranja, 25 de noviembre\u201d en donde la ponente explic\u00f3 la historia de este d\u00eda. Dichas actividades culminar\u00e1n el 10 de diciembre, D\u00eda de los Derechos Humanos.<\/p>\n<p style=\"text-align: justify;\">Las autoridades municipales resaltaron que Ixtapaluca es el primer municipio, de 14, que cumple con la recomendaci\u00f3n 1\/2018, respecto al tema de violencia de g\u00e9nero y feminicidio que solicit\u00f3 la Comisi\u00f3n de los Derechos Humanos del Estado de M\u00e9xico (CODHEM).<\/p>\n","protected":false},"excerpt":{"rendered":"<p>Ixtapaluca, Estado de M\u00e9xico.-\u00a0 Con el fin de sensibilizar a la poblaci\u00f3n para prevenir, atender,<\/p>\n","protected":false},"author":1,"featured_media":9371,"comment_status":"open","ping_status":"open","sticky":false,"template":"","format":"standard","meta":{"footnotes":""},"categories":[1],"tags":[6],"class_list":["post-9370","post","type-post","status-publish","format-standard","has-post-thumbnail","hentry","category-municipales","tag-ixtapaluca"],"yoast_head":"<!-- This site is optimized with the Yoast SEO plugin v25.3 - https:\/\/yoast.com\/wordpress\/plugins\/seo\/ -->\n<title>Se llevar\u00e1n a cabo 16 d\u00edas de actividades para erradicar violencia de g\u00e9nero en Ixtapaluca - Volcanes<\/title>\n<meta name=\"robots\" content=\"index, follow, max-snippet:-1, max-image-preview:large, max-video-preview:-1\" \/>\n<link rel=\"canonical\" href=\"https:\/\/volcanes.net\/?p=9370\" \/>\n<meta property=\"og:locale\" content=\"es_MX\" \/>\n<meta property=\"og:type\" content=\"article\" \/>\n<meta property=\"og:title\" content=\"Se llevar\u00e1n a cabo 16 d\u00edas de actividades para erradicar violencia de g\u00e9nero en Ixtapaluca - Volcanes\" \/>\n<meta property=\"og:description\" content=\"Ixtapaluca, Estado de M\u00e9xico.-\u00a0 Con el fin de sensibilizar a la poblaci\u00f3n para prevenir, atender,\" \/>\n<meta property=\"og:url\" content=\"https:\/\/volcanes.net\/?p=9370\" \/>\n<meta property=\"og:site_name\" content=\"Volcanes\" \/>\n<meta property=\"article:publisher\" content=\"https:\/\/www.facebook.com\/volcanes.net\/\" \/>\n<meta property=\"article:published_time\" content=\"2020-11-27T16:53:12+00:00\" \/>\n<meta property=\"og:image\" content=\"https:\/\/volcanes.net\/wp-content\/uploads\/2020\/11\/FB_IMG_1606487564503.jpg\" \/>\n\t<meta property=\"og:image:width\" content=\"640\" \/>\n\t<meta property=\"og:image:height\" content=\"402\" \/>\n\t<meta property=\"og:image:type\" content=\"image\/jpeg\" \/>\n<meta name=\"author\" content=\"admin\" \/>\n<meta name=\"twitter:card\" content=\"summary_large_image\" \/>\n<meta name=\"twitter:label1\" content=\"Escrito por\" \/>\n\t<meta name=\"twitter:data1\" content=\"admin\" \/>\n\t<meta name=\"twitter:label2\" content=\"Tiempo de lectura\" \/>\n\t<meta name=\"twitter:data2\" content=\"2 minutos\" \/>\n<script type=\"application\/ld+json\" class=\"yoast-schema-graph\">{\"@context\":\"https:\/\/schema.org\",\"@graph\":[{\"@type\":\"Article\",\"@id\":\"https:\/\/volcanes.net\/?p=9370#article\",\"isPartOf\":{\"@id\":\"https:\/\/volcanes.net\/?p=9370\"},\"author\":{\"name\":\"admin\",\"@id\":\"https:\/\/volcanes.net\/#\/schema\/person\/4bf0f383940966a4abd53f5048c0e6b9\"},\"headline\":\"Se llevar\u00e1n a cabo 16 d\u00edas de actividades para erradicar violencia de g\u00e9nero en Ixtapaluca\",\"datePublished\":\"2020-11-27T16:53:12+00:00\",\"mainEntityOfPage\":{\"@id\":\"https:\/\/volcanes.net\/?p=9370\"},\"wordCount\":452,\"commentCount\":0,\"publisher\":{\"@id\":\"https:\/\/volcanes.net\/#organization\"},\"image\":{\"@id\":\"https:\/\/volcanes.net\/?p=9370#primaryimage\"},\"thumbnailUrl\":\"https:\/\/volcanes.net\/wp-content\/uploads\/2020\/11\/FB_IMG_1606487564503.jpg\",\"keywords\":[\"Ixtapaluca\"],\"articleSection\":[\"Municipales\"],\"inLanguage\":\"es\",\"potentialAction\":[{\"@type\":\"CommentAction\",\"name\":\"Comment\",\"target\":[\"https:\/\/volcanes.net\/?p=9370#respond\"]}]},{\"@type\":\"WebPage\",\"@id\":\"https:\/\/volcanes.net\/?p=9370\",\"url\":\"https:\/\/volcanes.net\/?p=9370\",\"name\":\"Se llevar\u00e1n a cabo 16 d\u00edas de actividades para erradicar violencia de g\u00e9nero en Ixtapaluca - Volcanes\",\"isPartOf\":{\"@id\":\"https:\/\/volcanes.net\/#website\"},\"primaryImageOfPage\":{\"@id\":\"https:\/\/volcanes.net\/?p=9370#primaryimage\"},\"image\":{\"@id\":\"https:\/\/volcanes.net\/?p=9370#primaryimage\"},\"thumbnailUrl\":\"https:\/\/volcanes.net\/wp-content\/uploads\/2020\/11\/FB_IMG_1606487564503.jpg\",\"datePublished\":\"2020-11-27T16:53:12+00:00\",\"breadcrumb\":{\"@id\":\"https:\/\/volcanes.net\/?p=9370#breadcrumb\"},\"inLanguage\":\"es\",\"potentialAction\":[{\"@type\":\"ReadAction\",\"target\":[\"https:\/\/volcanes.net\/?p=9370\"]}]},{\"@type\":\"ImageObject\",\"inLanguage\":\"es\",\"@id\":\"https:\/\/volcanes.net\/?p=9370#primaryimage\",\"url\":\"https:\/\/volcanes.net\/wp-content\/uploads\/2020\/11\/FB_IMG_1606487564503.jpg\",\"contentUrl\":\"https:\/\/volcanes.net\/wp-content\/uploads\/2020\/11\/FB_IMG_1606487564503.jpg\",\"width\":640,\"height\":402},{\"@type\":\"BreadcrumbList\",\"@id\":\"https:\/\/volcanes.net\/?p=9370#breadcrumb\",\"itemListElement\":[{\"@type\":\"ListItem\",\"position\":1,\"name\":\"Portada\",\"item\":\"https:\/\/volcanes.net\/\"},{\"@type\":\"ListItem\",\"position\":2,\"name\":\"Se llevar\u00e1n a cabo 16 d\u00edas de actividades para erradicar violencia de g\u00e9nero en Ixtapaluca\"}]},{\"@type\":\"WebSite\",\"@id\":\"https:\/\/volcanes.net\/#website\",\"url\":\"https:\/\/volcanes.net\/\",\"name\":\"Volcanes.Net\",\"description\":\"Periodismo Profesional\",\"publisher\":{\"@id\":\"https:\/\/volcanes.net\/#organization\"},\"potentialAction\":[{\"@type\":\"SearchAction\",\"target\":{\"@type\":\"EntryPoint\",\"urlTemplate\":\"https:\/\/volcanes.net\/?s={search_term_string}\"},\"query-input\":{\"@type\":\"PropertyValueSpecification\",\"valueRequired\":true,\"valueName\":\"search_term_string\"}}],\"inLanguage\":\"es\"},{\"@type\":\"Organization\",\"@id\":\"https:\/\/volcanes.net\/#organization\",\"name\":\"Grupo Volcanes\",\"url\":\"https:\/\/volcanes.net\/\",\"logo\":{\"@type\":\"ImageObject\",\"inLanguage\":\"es\",\"@id\":\"https:\/\/volcanes.net\/#\/schema\/logo\/image\/\",\"url\":\"http:\/\/volcanes.net\/wp-content\/uploads\/2017\/12\/Avatar2.jpg\",\"contentUrl\":\"http:\/\/volcanes.net\/wp-content\/uploads\/2017\/12\/Avatar2.jpg\",\"width\":378,\"height\":378,\"caption\":\"Grupo Volcanes\"},\"image\":{\"@id\":\"https:\/\/volcanes.net\/#\/schema\/logo\/image\/\"},\"sameAs\":[\"https:\/\/www.facebook.com\/volcanes.net\/\"]},{\"@type\":\"Person\",\"@id\":\"https:\/\/volcanes.net\/#\/schema\/person\/4bf0f383940966a4abd53f5048c0e6b9\",\"name\":\"admin\",\"image\":{\"@type\":\"ImageObject\",\"inLanguage\":\"es\",\"@id\":\"https:\/\/volcanes.net\/#\/schema\/person\/image\/\",\"url\":\"https:\/\/secure.gravatar.com\/avatar\/ca004e6cba8462b8cb7abc86e382930c?s=96&d=mm&r=g\",\"contentUrl\":\"https:\/\/secure.gravatar.com\/avatar\/ca004e6cba8462b8cb7abc86e382930c?s=96&d=mm&r=g\",\"caption\":\"admin\"}}]}<\/script>\n<!-- \/ Yoast SEO plugin. -->","yoast_head_json":{"title":"Se llevar\u00e1n a cabo 16 d\u00edas de actividades para erradicar violencia de g\u00e9nero en Ixtapaluca - Volcanes","robots":{"index":"index","follow":"follow","max-snippet":"max-snippet:-1","max-image-preview":"max-image-preview:large","max-video-preview":"max-video-preview:-1"},"canonical":"https:\/\/volcanes.net\/?p=9370","og_locale":"es_MX","og_type":"article","og_title":"Se llevar\u00e1n a cabo 16 d\u00edas de actividades para erradicar violencia de g\u00e9nero en Ixtapaluca - Volcanes","og_description":"Ixtapaluca, Estado de M\u00e9xico.-\u00a0 Con el fin de sensibilizar a la poblaci\u00f3n para prevenir, atender,","og_url":"https:\/\/volcanes.net\/?p=9370","og_site_name":"Volcanes","article_publisher":"https:\/\/www.facebook.com\/volcanes.net\/","article_published_time":"2020-11-27T16:53:12+00:00","og_image":[{"width":640,"height":402,"url":"https:\/\/volcanes.net\/wp-content\/uploads\/2020\/11\/FB_IMG_1606487564503.jpg","type":"image\/jpeg"}],"author":"admin","twitter_card":"summary_large_image","twitter_misc":{"Escrito por":"admin","Tiempo de lectura":"2 minutos"},"schema":{"@context":"https:\/\/schema.org","@graph":[{"@type":"Article","@id":"https:\/\/volcanes.net\/?p=9370#article","isPartOf":{"@id":"https:\/\/volcanes.net\/?p=9370"},"author":{"name":"admin","@id":"https:\/\/volcanes.net\/#\/schema\/person\/4bf0f383940966a4abd53f5048c0e6b9"},"headline":"Se llevar\u00e1n a cabo 16 d\u00edas de actividades para erradicar violencia de g\u00e9nero en Ixtapaluca","datePublished":"2020-11-27T16:53:12+00:00","mainEntityOfPage":{"@id":"https:\/\/volcanes.net\/?p=9370"},"wordCount":452,"commentCount":0,"publisher":{"@id":"https:\/\/volcanes.net\/#organization"},"image":{"@id":"https:\/\/volcanes.net\/?p=9370#primaryimage"},"thumbnailUrl":"https:\/\/volcanes.net\/wp-content\/uploads\/2020\/11\/FB_IMG_1606487564503.jpg","keywords":["Ixtapaluca"],"articleSection":["Municipales"],"inLanguage":"es","potentialAction":[{"@type":"CommentAction","name":"Comment","target":["https:\/\/volcanes.net\/?p=9370#respond"]}]},{"@type":"WebPage","@id":"https:\/\/volcanes.net\/?p=9370","url":"https:\/\/volcanes.net\/?p=9370","name":"Se llevar\u00e1n a cabo 16 d\u00edas de actividades para erradicar violencia de g\u00e9nero en Ixtapaluca - Volcanes","isPartOf":{"@id":"https:\/\/volcanes.net\/#website"},"primaryImageOfPage":{"@id":"https:\/\/volcanes.net\/?p=9370#primaryimage"},"image":{"@id":"https:\/\/volcanes.net\/?p=9370#primaryimage"},"thumbnailUrl":"https:\/\/volcanes.net\/wp-content\/uploads\/2020\/11\/FB_IMG_1606487564503.jpg","datePublished":"2020-11-27T16:53:12+00:00","breadcrumb":{"@id":"https:\/\/volcanes.net\/?p=9370#breadcrumb"},"inLanguage":"es","potentialAction":[{"@type":"ReadAction","target":["https:\/\/volcanes.net\/?p=9370"]}]},{"@type":"ImageObject","inLanguage":"es","@id":"https:\/\/volcanes.net\/?p=9370#primaryimage","url":"https:\/\/volcanes.net\/wp-content\/uploads\/2020\/11\/FB_IMG_1606487564503.jpg","contentUrl":"https:\/\/volcanes.net\/wp-content\/uploads\/2020\/11\/FB_IMG_1606487564503.jpg","width":640,"height":402},{"@type":"BreadcrumbList","@id":"https:\/\/volcanes.net\/?p=9370#breadcrumb","itemListElement":[{"@type":"ListItem","position":1,"name":"Portada","item":"https:\/\/volcanes.net\/"},{"@type":"ListItem","position":2,"name":"Se llevar\u00e1n a cabo 16 d\u00edas de actividades para erradicar violencia de g\u00e9nero en Ixtapaluca"}]},{"@type":"WebSite","@id":"https:\/\/volcanes.net\/#website","url":"https:\/\/volcanes.net\/","name":"Volcanes.Net","description":"Periodismo Profesional","publisher":{"@id":"https:\/\/volcanes.net\/#organization"},"potentialAction":[{"@type":"SearchAction","target":{"@type":"EntryPoint","urlTemplate":"https:\/\/volcanes.net\/?s={search_term_string}"},"query-input":{"@type":"PropertyValueSpecification","valueRequired":true,"valueName":"search_term_string"}}],"inLanguage":"es"},{"@type":"Organization","@id":"https:\/\/volcanes.net\/#organization","name":"Grupo Volcanes","url":"https:\/\/volcanes.net\/","logo":{"@type":"ImageObject","inLanguage":"es","@id":"https:\/\/volcanes.net\/#\/schema\/logo\/image\/","url":"http:\/\/volcanes.net\/wp-content\/uploads\/2017\/12\/Avatar2.jpg","contentUrl":"http:\/\/volcanes.net\/wp-content\/uploads\/2017\/12\/Avatar2.jpg","width":378,"height":378,"caption":"Grupo Volcanes"},"image":{"@id":"https:\/\/volcanes.net\/#\/schema\/logo\/image\/"},"sameAs":["https:\/\/www.facebook.com\/volcanes.net\/"]},{"@type":"Person","@id":"https:\/\/volcanes.net\/#\/schema\/person\/4bf0f383940966a4abd53f5048c0e6b9","name":"admin","image":{"@type":"ImageObject","inLanguage":"es","@id":"https:\/\/volcanes.net\/#\/schema\/person\/image\/","url":"https:\/\/secure.gravatar.com\/avatar\/ca004e6cba8462b8cb7abc86e382930c?s=96&d=mm&r=g","contentUrl":"https:\/\/secure.gravatar.com\/avatar\/ca004e6cba8462b8cb7abc86e382930c?s=96&d=mm&r=g","caption":"admin"}}]}},"_links":{"self":[{"href":"https:\/\/volcanes.net\/index.php?rest_route=\/wp\/v2\/posts\/9370"}],"collection":[{"href":"https:\/\/volcanes.net\/index.php?rest_route=\/wp\/v2\/posts"}],"about":[{"href":"https:\/\/volcanes.net\/index.php?rest_route=\/wp\/v2\/types\/post"}],"author":[{"embeddable":true,"href":"https:\/\/volcanes.net\/index.php?rest_route=\/wp\/v2\/users\/1"}],"replies":[{"embeddable":true,"href":"https:\/\/volcanes.net\/index.php?rest_route=%2Fwp%2Fv2%2Fcomments&post=9370"}],"version-history":[{"count":1,"href":"https:\/\/volcanes.net\/index.php?rest_route=\/wp\/v2\/posts\/9370\/revisions"}],"predecessor-version":[{"id":9372,"href":"https:\/\/volcanes.net\/index.php?rest_route=\/wp\/v2\/posts\/9370\/revisions\/9372"}],"wp:featuredmedia":[{"embeddable":true,"href":"https:\/\/volcanes.net\/index.php?rest_route=\/wp\/v2\/media\/9371"}],"wp:attachment":[{"href":"https:\/\/volcanes.net\/index.php?rest_route=%2Fwp%2Fv2%2Fmedia&parent=9370"}],"wp:term":[{"taxonomy":"category","embeddable":true,"href":"https:\/\/volcanes.net\/index.php?rest_route=%2Fwp%2Fv2%2Fcategories&post=9370"},{"taxonomy":"post_tag","embeddable":true,"href":"https:\/\/volcanes.net\/index.php?rest_route=%2Fwp%2Fv2%2Ftags&post=9370"}],"curies":[{"name":"wp","href":"https:\/\/api.w.org\/{rel}","templated":true}]}}