{"id":9379,"date":"2020-11-28T19:20:43","date_gmt":"2020-11-29T01:20:43","guid":{"rendered":"http:\/\/volcanes.net\/?p=9379"},"modified":"2020-11-28T19:20:43","modified_gmt":"2020-11-29T01:20:43","slug":"gobierno-municipal-de-amecameca-se-reune-con-tianguistas-del-bazar-navideno-para-prevenir-contagios-por-covid-19","status":"publish","type":"post","link":"https:\/\/volcanes.net\/?p=9379","title":{"rendered":"Gobierno municipal de Amecameca se re\u00fane con tianguistas del &#8220;Bazar Navide\u00f1o&#8221; para prevenir contagios por COVID-19"},"content":{"rendered":"<div style=\"margin-top: 0px; margin-bottom: 0px;\" class=\"sharethis-inline-share-buttons\" ><\/div><p style=\"text-align: justify;\">Amecameca de Ju\u00e1rez, Estado de M\u00e9xico.- Con el prop\u00f3sito de reforzar las medidas sanitarias durante la temporada navide\u00f1a, el Ayuntamiento de Amecameca realiz\u00f3 una pl\u00e1tica de prevenci\u00f3n sanitaria con los comerciantes que compondr\u00e1n el Bazar Navide\u00f1o ubicado en las inmediaciones de la Explanada Municipal, en la que estuvieron presentes las direcciones de Protecci\u00f3n Civil, Educaci\u00f3n, Cultura, Tradiciones y Turismo, Movilidad y Vialidad y Desarrollo Econ\u00f3mico y Comercio.<\/p>\n<p style=\"text-align: justify;\">La reuni\u00f3n tuvo como prop\u00f3sito reafirmar las medidas sanitarias que deben acatar los comerciantes que se instalar\u00e1n en el espacio del Bazar Navide\u00f1o, as\u00ed como informar las acciones que realizar\u00e1 el Gobierno Municipal, las cuales consistir\u00e1n en un filtro preventivo en las entradas del bazar, as\u00ed mismo se estableci\u00f3 un horario de apertura y cierre del bazar, as\u00ed como la sanitizaci\u00f3n de los pasillos.<\/p>\n<p style=\"text-align: justify;\">Finalmente, el Director de Protecci\u00f3n Civil Jos\u00e9 Hugo S\u00e1nchez L\u00f3pez, record\u00f3 a los presentes \u201cacatar las medidas preventivas de forma adecuada, no bajar la guardia y apoyarnos entre todos para evitar contagios&#8221;.<\/p>\n","protected":false},"excerpt":{"rendered":"<p>Amecameca de Ju\u00e1rez, Estado de M\u00e9xico.- Con el prop\u00f3sito de reforzar las medidas sanitarias durante<\/p>\n","protected":false},"author":1,"featured_media":9380,"comment_status":"open","ping_status":"open","sticky":false,"template":"","format":"standard","meta":{"footnotes":""},"categories":[1],"tags":[],"class_list":["post-9379","post","type-post","status-publish","format-standard","has-post-thumbnail","hentry","category-municipales"],"yoast_head":"<!-- This site is optimized with the Yoast SEO plugin v25.3 - https:\/\/yoast.com\/wordpress\/plugins\/seo\/ -->\n<title>Gobierno municipal de Amecameca se re\u00fane con tianguistas del &quot;Bazar Navide\u00f1o&quot; para prevenir contagios por COVID-19 - Volcanes<\/title>\n<meta name=\"robots\" content=\"index, follow, max-snippet:-1, max-image-preview:large, max-video-preview:-1\" \/>\n<link rel=\"canonical\" href=\"https:\/\/volcanes.net\/?p=9379\" \/>\n<meta property=\"og:locale\" content=\"es_MX\" \/>\n<meta property=\"og:type\" content=\"article\" \/>\n<meta property=\"og:title\" content=\"Gobierno municipal de Amecameca se re\u00fane con tianguistas del &quot;Bazar Navide\u00f1o&quot; para prevenir contagios por COVID-19 - Volcanes\" \/>\n<meta property=\"og:description\" content=\"Amecameca de Ju\u00e1rez, Estado de M\u00e9xico.- Con el prop\u00f3sito de reforzar las medidas sanitarias durante\" \/>\n<meta property=\"og:url\" content=\"https:\/\/volcanes.net\/?p=9379\" \/>\n<meta property=\"og:site_name\" content=\"Volcanes\" \/>\n<meta property=\"article:publisher\" content=\"https:\/\/www.facebook.com\/volcanes.net\/\" \/>\n<meta property=\"article:published_time\" content=\"2020-11-29T01:20:43+00:00\" \/>\n<meta property=\"og:image\" content=\"https:\/\/volcanes.net\/wp-content\/uploads\/2020\/11\/FB_IMG_1606576848275.jpg\" \/>\n\t<meta property=\"og:image:width\" content=\"720\" \/>\n\t<meta property=\"og:image:height\" content=\"485\" \/>\n\t<meta property=\"og:image:type\" content=\"image\/jpeg\" \/>\n<meta name=\"author\" content=\"admin\" \/>\n<meta name=\"twitter:card\" content=\"summary_large_image\" \/>\n<meta name=\"twitter:label1\" content=\"Escrito por\" \/>\n\t<meta name=\"twitter:data1\" content=\"admin\" \/>\n\t<meta name=\"twitter:label2\" content=\"Tiempo de lectura\" \/>\n\t<meta name=\"twitter:data2\" content=\"1 minuto\" \/>\n<script type=\"application\/ld+json\" class=\"yoast-schema-graph\">{\"@context\":\"https:\/\/schema.org\",\"@graph\":[{\"@type\":\"Article\",\"@id\":\"https:\/\/volcanes.net\/?p=9379#article\",\"isPartOf\":{\"@id\":\"https:\/\/volcanes.net\/?p=9379\"},\"author\":{\"name\":\"admin\",\"@id\":\"https:\/\/volcanes.net\/#\/schema\/person\/4bf0f383940966a4abd53f5048c0e6b9\"},\"headline\":\"Gobierno municipal de Amecameca se re\u00fane con tianguistas del &#8220;Bazar Navide\u00f1o&#8221; para prevenir contagios por COVID-19\",\"datePublished\":\"2020-11-29T01:20:43+00:00\",\"mainEntityOfPage\":{\"@id\":\"https:\/\/volcanes.net\/?p=9379\"},\"wordCount\":202,\"commentCount\":0,\"publisher\":{\"@id\":\"https:\/\/volcanes.net\/#organization\"},\"image\":{\"@id\":\"https:\/\/volcanes.net\/?p=9379#primaryimage\"},\"thumbnailUrl\":\"https:\/\/volcanes.net\/wp-content\/uploads\/2020\/11\/FB_IMG_1606576848275.jpg\",\"articleSection\":[\"Municipales\"],\"inLanguage\":\"es\",\"potentialAction\":[{\"@type\":\"CommentAction\",\"name\":\"Comment\",\"target\":[\"https:\/\/volcanes.net\/?p=9379#respond\"]}]},{\"@type\":\"WebPage\",\"@id\":\"https:\/\/volcanes.net\/?p=9379\",\"url\":\"https:\/\/volcanes.net\/?p=9379\",\"name\":\"Gobierno municipal de Amecameca se re\u00fane con tianguistas del \\\"Bazar Navide\u00f1o\\\" para prevenir contagios por COVID-19 - Volcanes\",\"isPartOf\":{\"@id\":\"https:\/\/volcanes.net\/#website\"},\"primaryImageOfPage\":{\"@id\":\"https:\/\/volcanes.net\/?p=9379#primaryimage\"},\"image\":{\"@id\":\"https:\/\/volcanes.net\/?p=9379#primaryimage\"},\"thumbnailUrl\":\"https:\/\/volcanes.net\/wp-content\/uploads\/2020\/11\/FB_IMG_1606576848275.jpg\",\"datePublished\":\"2020-11-29T01:20:43+00:00\",\"breadcrumb\":{\"@id\":\"https:\/\/volcanes.net\/?p=9379#breadcrumb\"},\"inLanguage\":\"es\",\"potentialAction\":[{\"@type\":\"ReadAction\",\"target\":[\"https:\/\/volcanes.net\/?p=9379\"]}]},{\"@type\":\"ImageObject\",\"inLanguage\":\"es\",\"@id\":\"https:\/\/volcanes.net\/?p=9379#primaryimage\",\"url\":\"https:\/\/volcanes.net\/wp-content\/uploads\/2020\/11\/FB_IMG_1606576848275.jpg\",\"contentUrl\":\"https:\/\/volcanes.net\/wp-content\/uploads\/2020\/11\/FB_IMG_1606576848275.jpg\",\"width\":720,\"height\":485},{\"@type\":\"BreadcrumbList\",\"@id\":\"https:\/\/volcanes.net\/?p=9379#breadcrumb\",\"itemListElement\":[{\"@type\":\"ListItem\",\"position\":1,\"name\":\"Portada\",\"item\":\"https:\/\/volcanes.net\/\"},{\"@type\":\"ListItem\",\"position\":2,\"name\":\"Gobierno municipal de Amecameca se re\u00fane con tianguistas del &#8220;Bazar Navide\u00f1o&#8221; para prevenir contagios por COVID-19\"}]},{\"@type\":\"WebSite\",\"@id\":\"https:\/\/volcanes.net\/#website\",\"url\":\"https:\/\/volcanes.net\/\",\"name\":\"Volcanes.Net\",\"description\":\"Periodismo Profesional\",\"publisher\":{\"@id\":\"https:\/\/volcanes.net\/#organization\"},\"potentialAction\":[{\"@type\":\"SearchAction\",\"target\":{\"@type\":\"EntryPoint\",\"urlTemplate\":\"https:\/\/volcanes.net\/?s={search_term_string}\"},\"query-input\":{\"@type\":\"PropertyValueSpecification\",\"valueRequired\":true,\"valueName\":\"search_term_string\"}}],\"inLanguage\":\"es\"},{\"@type\":\"Organization\",\"@id\":\"https:\/\/volcanes.net\/#organization\",\"name\":\"Grupo Volcanes\",\"url\":\"https:\/\/volcanes.net\/\",\"logo\":{\"@type\":\"ImageObject\",\"inLanguage\":\"es\",\"@id\":\"https:\/\/volcanes.net\/#\/schema\/logo\/image\/\",\"url\":\"http:\/\/volcanes.net\/wp-content\/uploads\/2017\/12\/Avatar2.jpg\",\"contentUrl\":\"http:\/\/volcanes.net\/wp-content\/uploads\/2017\/12\/Avatar2.jpg\",\"width\":378,\"height\":378,\"caption\":\"Grupo Volcanes\"},\"image\":{\"@id\":\"https:\/\/volcanes.net\/#\/schema\/logo\/image\/\"},\"sameAs\":[\"https:\/\/www.facebook.com\/volcanes.net\/\"]},{\"@type\":\"Person\",\"@id\":\"https:\/\/volcanes.net\/#\/schema\/person\/4bf0f383940966a4abd53f5048c0e6b9\",\"name\":\"admin\",\"image\":{\"@type\":\"ImageObject\",\"inLanguage\":\"es\",\"@id\":\"https:\/\/volcanes.net\/#\/schema\/person\/image\/\",\"url\":\"https:\/\/secure.gravatar.com\/avatar\/ca004e6cba8462b8cb7abc86e382930c?s=96&d=mm&r=g\",\"contentUrl\":\"https:\/\/secure.gravatar.com\/avatar\/ca004e6cba8462b8cb7abc86e382930c?s=96&d=mm&r=g\",\"caption\":\"admin\"}}]}<\/script>\n<!-- \/ Yoast SEO plugin. -->","yoast_head_json":{"title":"Gobierno municipal de Amecameca se re\u00fane con tianguistas del \"Bazar Navide\u00f1o\" para prevenir contagios por COVID-19 - Volcanes","robots":{"index":"index","follow":"follow","max-snippet":"max-snippet:-1","max-image-preview":"max-image-preview:large","max-video-preview":"max-video-preview:-1"},"canonical":"https:\/\/volcanes.net\/?p=9379","og_locale":"es_MX","og_type":"article","og_title":"Gobierno municipal de Amecameca se re\u00fane con tianguistas del \"Bazar Navide\u00f1o\" para prevenir contagios por COVID-19 - Volcanes","og_description":"Amecameca de Ju\u00e1rez, Estado de M\u00e9xico.- Con el prop\u00f3sito de reforzar las medidas sanitarias durante","og_url":"https:\/\/volcanes.net\/?p=9379","og_site_name":"Volcanes","article_publisher":"https:\/\/www.facebook.com\/volcanes.net\/","article_published_time":"2020-11-29T01:20:43+00:00","og_image":[{"width":720,"height":485,"url":"https:\/\/volcanes.net\/wp-content\/uploads\/2020\/11\/FB_IMG_1606576848275.jpg","type":"image\/jpeg"}],"author":"admin","twitter_card":"summary_large_image","twitter_misc":{"Escrito por":"admin","Tiempo de lectura":"1 minuto"},"schema":{"@context":"https:\/\/schema.org","@graph":[{"@type":"Article","@id":"https:\/\/volcanes.net\/?p=9379#article","isPartOf":{"@id":"https:\/\/volcanes.net\/?p=9379"},"author":{"name":"admin","@id":"https:\/\/volcanes.net\/#\/schema\/person\/4bf0f383940966a4abd53f5048c0e6b9"},"headline":"Gobierno municipal de Amecameca se re\u00fane con tianguistas del &#8220;Bazar Navide\u00f1o&#8221; para prevenir contagios por COVID-19","datePublished":"2020-11-29T01:20:43+00:00","mainEntityOfPage":{"@id":"https:\/\/volcanes.net\/?p=9379"},"wordCount":202,"commentCount":0,"publisher":{"@id":"https:\/\/volcanes.net\/#organization"},"image":{"@id":"https:\/\/volcanes.net\/?p=9379#primaryimage"},"thumbnailUrl":"https:\/\/volcanes.net\/wp-content\/uploads\/2020\/11\/FB_IMG_1606576848275.jpg","articleSection":["Municipales"],"inLanguage":"es","potentialAction":[{"@type":"CommentAction","name":"Comment","target":["https:\/\/volcanes.net\/?p=9379#respond"]}]},{"@type":"WebPage","@id":"https:\/\/volcanes.net\/?p=9379","url":"https:\/\/volcanes.net\/?p=9379","name":"Gobierno municipal de Amecameca se re\u00fane con tianguistas del \"Bazar Navide\u00f1o\" para prevenir contagios por COVID-19 - Volcanes","isPartOf":{"@id":"https:\/\/volcanes.net\/#website"},"primaryImageOfPage":{"@id":"https:\/\/volcanes.net\/?p=9379#primaryimage"},"image":{"@id":"https:\/\/volcanes.net\/?p=9379#primaryimage"},"thumbnailUrl":"https:\/\/volcanes.net\/wp-content\/uploads\/2020\/11\/FB_IMG_1606576848275.jpg","datePublished":"2020-11-29T01:20:43+00:00","breadcrumb":{"@id":"https:\/\/volcanes.net\/?p=9379#breadcrumb"},"inLanguage":"es","potentialAction":[{"@type":"ReadAction","target":["https:\/\/volcanes.net\/?p=9379"]}]},{"@type":"ImageObject","inLanguage":"es","@id":"https:\/\/volcanes.net\/?p=9379#primaryimage","url":"https:\/\/volcanes.net\/wp-content\/uploads\/2020\/11\/FB_IMG_1606576848275.jpg","contentUrl":"https:\/\/volcanes.net\/wp-content\/uploads\/2020\/11\/FB_IMG_1606576848275.jpg","width":720,"height":485},{"@type":"BreadcrumbList","@id":"https:\/\/volcanes.net\/?p=9379#breadcrumb","itemListElement":[{"@type":"ListItem","position":1,"name":"Portada","item":"https:\/\/volcanes.net\/"},{"@type":"ListItem","position":2,"name":"Gobierno municipal de Amecameca se re\u00fane con tianguistas del &#8220;Bazar Navide\u00f1o&#8221; para prevenir contagios por COVID-19"}]},{"@type":"WebSite","@id":"https:\/\/volcanes.net\/#website","url":"https:\/\/volcanes.net\/","name":"Volcanes.Net","description":"Periodismo Profesional","publisher":{"@id":"https:\/\/volcanes.net\/#organization"},"potentialAction":[{"@type":"SearchAction","target":{"@type":"EntryPoint","urlTemplate":"https:\/\/volcanes.net\/?s={search_term_string}"},"query-input":{"@type":"PropertyValueSpecification","valueRequired":true,"valueName":"search_term_string"}}],"inLanguage":"es"},{"@type":"Organization","@id":"https:\/\/volcanes.net\/#organization","name":"Grupo Volcanes","url":"https:\/\/volcanes.net\/","logo":{"@type":"ImageObject","inLanguage":"es","@id":"https:\/\/volcanes.net\/#\/schema\/logo\/image\/","url":"http:\/\/volcanes.net\/wp-content\/uploads\/2017\/12\/Avatar2.jpg","contentUrl":"http:\/\/volcanes.net\/wp-content\/uploads\/2017\/12\/Avatar2.jpg","width":378,"height":378,"caption":"Grupo Volcanes"},"image":{"@id":"https:\/\/volcanes.net\/#\/schema\/logo\/image\/"},"sameAs":["https:\/\/www.facebook.com\/volcanes.net\/"]},{"@type":"Person","@id":"https:\/\/volcanes.net\/#\/schema\/person\/4bf0f383940966a4abd53f5048c0e6b9","name":"admin","image":{"@type":"ImageObject","inLanguage":"es","@id":"https:\/\/volcanes.net\/#\/schema\/person\/image\/","url":"https:\/\/secure.gravatar.com\/avatar\/ca004e6cba8462b8cb7abc86e382930c?s=96&d=mm&r=g","contentUrl":"https:\/\/secure.gravatar.com\/avatar\/ca004e6cba8462b8cb7abc86e382930c?s=96&d=mm&r=g","caption":"admin"}}]}},"_links":{"self":[{"href":"https:\/\/volcanes.net\/index.php?rest_route=\/wp\/v2\/posts\/9379"}],"collection":[{"href":"https:\/\/volcanes.net\/index.php?rest_route=\/wp\/v2\/posts"}],"about":[{"href":"https:\/\/volcanes.net\/index.php?rest_route=\/wp\/v2\/types\/post"}],"author":[{"embeddable":true,"href":"https:\/\/volcanes.net\/index.php?rest_route=\/wp\/v2\/users\/1"}],"replies":[{"embeddable":true,"href":"https:\/\/volcanes.net\/index.php?rest_route=%2Fwp%2Fv2%2Fcomments&post=9379"}],"version-history":[{"count":1,"href":"https:\/\/volcanes.net\/index.php?rest_route=\/wp\/v2\/posts\/9379\/revisions"}],"predecessor-version":[{"id":9381,"href":"https:\/\/volcanes.net\/index.php?rest_route=\/wp\/v2\/posts\/9379\/revisions\/9381"}],"wp:featuredmedia":[{"embeddable":true,"href":"https:\/\/volcanes.net\/index.php?rest_route=\/wp\/v2\/media\/9380"}],"wp:attachment":[{"href":"https:\/\/volcanes.net\/index.php?rest_route=%2Fwp%2Fv2%2Fmedia&parent=9379"}],"wp:term":[{"taxonomy":"category","embeddable":true,"href":"https:\/\/volcanes.net\/index.php?rest_route=%2Fwp%2Fv2%2Fcategories&post=9379"},{"taxonomy":"post_tag","embeddable":true,"href":"https:\/\/volcanes.net\/index.php?rest_route=%2Fwp%2Fv2%2Ftags&post=9379"}],"curies":[{"name":"wp","href":"https:\/\/api.w.org\/{rel}","templated":true}]}}