{"id":9401,"date":"2020-11-30T12:22:29","date_gmt":"2020-11-30T18:22:29","guid":{"rendered":"http:\/\/volcanes.net\/?p=9401"},"modified":"2020-11-30T12:22:29","modified_gmt":"2020-11-30T18:22:29","slug":"vinculan-a-proceso-a-sujeto-por-el-homicidio-de-una-persona-y-por-lesiones-a-dos-mas-en-ecatzingo","status":"publish","type":"post","link":"https:\/\/volcanes.net\/?p=9401","title":{"rendered":"Vinculan a proceso a sujeto por el homicidio de una persona y por  lesiones a dos m\u00e1s en Ecatzingo"},"content":{"rendered":"<div style=\"margin-top: 0px; margin-bottom: 0px;\" class=\"sharethis-inline-share-buttons\" ><\/div><p style=\"text-align: justify;\">Ecatzingo, Estado de M\u00e9xico.- Pablo \u201cN\u201d, fue vinculado a proceso, luego de que elementos del Ministerio P\u00fablico de la Fiscal\u00eda Regional de Amecameca de esta Fiscal\u00eda General de Justicia Estatal (FGJEM), acreditaran su probable participaci\u00f3n en los delitos de homicidio calificado y homicidio calificado en grado de tentativa.<\/p>\n<p style=\"text-align: justify;\">Este sujeto habr\u00eda disparado en contra de tres personas con quienes manten\u00eda problemas, y que se encontraban afuera de un inmueble en la carretera San Juan Tlacotompa, en este municipio mexiquense. Dos de las v\u00edctimas resultaron lesionadas, en tanto que una falleci\u00f3.<\/p>\n<p style=\"text-align: justify;\">Los hechos se registraron el pasado 20 de octubre, cuando un hombre adulto se encontraba en compa\u00f1\u00eda de su nieto y la novia de \u00e9ste, en el lugar referido, al cual arrib\u00f3 Pablo \u201cN\u201d, a bordo de una camioneta, tipo Urvan. Este individuo portaba un arma de fuego tipo escopeta, la cual habr\u00eda accionado en contra de las v\u00edctimas y despu\u00e9s huy\u00f3.<\/p>\n<p style=\"text-align: justify;\">Ante ello, las tres personas fueron trasladadas a un hospital de la zona, en donde recibieron atenci\u00f3n m\u00e9dica, sin embargo, el hombre adulto perdi\u00f3 la vida.<\/p>\n<p style=\"text-align: justify;\">De estos hechos tuvo conocimiento el Representante Social de esta Instituci\u00f3n, por lo que fue iniciada una investigaci\u00f3n y posteriormente fue detenido el probable part\u00edcipe, mismo que despu\u00e9s fue ingresado al Penal de Chalco, en donde un Juez determin\u00f3 iniciarle un proceso legal por ambos delitos, fij\u00f3 un plazo para el cierre de investigaci\u00f3n complementaria de dos meses y una medida cautelar de prisi\u00f3n preventiva.<\/p>\n<p style=\"text-align: justify;\">Cabe mencionar que a este sujeto debe ser considerado inocente hasta que sea dictada una sentencia condenatoria en su contra.<\/p>\n","protected":false},"excerpt":{"rendered":"<p>Ecatzingo, Estado de M\u00e9xico.- Pablo \u201cN\u201d, fue vinculado a proceso, luego de que elementos del<\/p>\n","protected":false},"author":1,"featured_media":9402,"comment_status":"open","ping_status":"open","sticky":false,"template":"","format":"standard","meta":{"footnotes":""},"categories":[1],"tags":[15],"class_list":["post-9401","post","type-post","status-publish","format-standard","has-post-thumbnail","hentry","category-municipales","tag-ecatzingo"],"yoast_head":"<!-- This site is optimized with the Yoast SEO plugin v25.3 - https:\/\/yoast.com\/wordpress\/plugins\/seo\/ -->\n<title>Vinculan a proceso a sujeto por el homicidio de una persona y por lesiones a dos m\u00e1s en Ecatzingo - Volcanes<\/title>\n<meta name=\"robots\" content=\"index, follow, max-snippet:-1, max-image-preview:large, max-video-preview:-1\" \/>\n<link rel=\"canonical\" href=\"https:\/\/volcanes.net\/?p=9401\" \/>\n<meta property=\"og:locale\" content=\"es_MX\" \/>\n<meta property=\"og:type\" content=\"article\" \/>\n<meta property=\"og:title\" content=\"Vinculan a proceso a sujeto por el homicidio de una persona y por lesiones a dos m\u00e1s en Ecatzingo - Volcanes\" \/>\n<meta property=\"og:description\" content=\"Ecatzingo, Estado de M\u00e9xico.- Pablo \u201cN\u201d, fue vinculado a proceso, luego de que elementos del\" \/>\n<meta property=\"og:url\" content=\"https:\/\/volcanes.net\/?p=9401\" \/>\n<meta property=\"og:site_name\" content=\"Volcanes\" \/>\n<meta property=\"article:publisher\" content=\"https:\/\/www.facebook.com\/volcanes.net\/\" \/>\n<meta property=\"article:published_time\" content=\"2020-11-30T18:22:29+00:00\" \/>\n<meta property=\"og:image\" content=\"https:\/\/volcanes.net\/wp-content\/uploads\/2020\/11\/Detenido-3.jpeg\" \/>\n\t<meta property=\"og:image:width\" content=\"426\" \/>\n\t<meta property=\"og:image:height\" content=\"456\" \/>\n\t<meta property=\"og:image:type\" content=\"image\/jpeg\" \/>\n<meta name=\"author\" content=\"admin\" \/>\n<meta name=\"twitter:card\" content=\"summary_large_image\" \/>\n<meta name=\"twitter:label1\" content=\"Escrito por\" \/>\n\t<meta name=\"twitter:data1\" content=\"admin\" \/>\n\t<meta name=\"twitter:label2\" content=\"Tiempo de lectura\" \/>\n\t<meta name=\"twitter:data2\" content=\"1 minuto\" \/>\n<script type=\"application\/ld+json\" class=\"yoast-schema-graph\">{\"@context\":\"https:\/\/schema.org\",\"@graph\":[{\"@type\":\"Article\",\"@id\":\"https:\/\/volcanes.net\/?p=9401#article\",\"isPartOf\":{\"@id\":\"https:\/\/volcanes.net\/?p=9401\"},\"author\":{\"name\":\"admin\",\"@id\":\"https:\/\/volcanes.net\/#\/schema\/person\/4bf0f383940966a4abd53f5048c0e6b9\"},\"headline\":\"Vinculan a proceso a sujeto por el homicidio de una persona y por lesiones a dos m\u00e1s en Ecatzingo\",\"datePublished\":\"2020-11-30T18:22:29+00:00\",\"mainEntityOfPage\":{\"@id\":\"https:\/\/volcanes.net\/?p=9401\"},\"wordCount\":303,\"commentCount\":0,\"publisher\":{\"@id\":\"https:\/\/volcanes.net\/#organization\"},\"image\":{\"@id\":\"https:\/\/volcanes.net\/?p=9401#primaryimage\"},\"thumbnailUrl\":\"https:\/\/volcanes.net\/wp-content\/uploads\/2020\/11\/Detenido-3.jpeg\",\"keywords\":[\"Ecatzingo\"],\"articleSection\":[\"Municipales\"],\"inLanguage\":\"es\",\"potentialAction\":[{\"@type\":\"CommentAction\",\"name\":\"Comment\",\"target\":[\"https:\/\/volcanes.net\/?p=9401#respond\"]}]},{\"@type\":\"WebPage\",\"@id\":\"https:\/\/volcanes.net\/?p=9401\",\"url\":\"https:\/\/volcanes.net\/?p=9401\",\"name\":\"Vinculan a proceso a sujeto por el homicidio de una persona y por lesiones a dos m\u00e1s en Ecatzingo - Volcanes\",\"isPartOf\":{\"@id\":\"https:\/\/volcanes.net\/#website\"},\"primaryImageOfPage\":{\"@id\":\"https:\/\/volcanes.net\/?p=9401#primaryimage\"},\"image\":{\"@id\":\"https:\/\/volcanes.net\/?p=9401#primaryimage\"},\"thumbnailUrl\":\"https:\/\/volcanes.net\/wp-content\/uploads\/2020\/11\/Detenido-3.jpeg\",\"datePublished\":\"2020-11-30T18:22:29+00:00\",\"breadcrumb\":{\"@id\":\"https:\/\/volcanes.net\/?p=9401#breadcrumb\"},\"inLanguage\":\"es\",\"potentialAction\":[{\"@type\":\"ReadAction\",\"target\":[\"https:\/\/volcanes.net\/?p=9401\"]}]},{\"@type\":\"ImageObject\",\"inLanguage\":\"es\",\"@id\":\"https:\/\/volcanes.net\/?p=9401#primaryimage\",\"url\":\"https:\/\/volcanes.net\/wp-content\/uploads\/2020\/11\/Detenido-3.jpeg\",\"contentUrl\":\"https:\/\/volcanes.net\/wp-content\/uploads\/2020\/11\/Detenido-3.jpeg\",\"width\":426,\"height\":456},{\"@type\":\"BreadcrumbList\",\"@id\":\"https:\/\/volcanes.net\/?p=9401#breadcrumb\",\"itemListElement\":[{\"@type\":\"ListItem\",\"position\":1,\"name\":\"Portada\",\"item\":\"https:\/\/volcanes.net\/\"},{\"@type\":\"ListItem\",\"position\":2,\"name\":\"Vinculan a proceso a sujeto por el homicidio de una persona y por lesiones a dos m\u00e1s en Ecatzingo\"}]},{\"@type\":\"WebSite\",\"@id\":\"https:\/\/volcanes.net\/#website\",\"url\":\"https:\/\/volcanes.net\/\",\"name\":\"Volcanes.Net\",\"description\":\"Periodismo Profesional\",\"publisher\":{\"@id\":\"https:\/\/volcanes.net\/#organization\"},\"potentialAction\":[{\"@type\":\"SearchAction\",\"target\":{\"@type\":\"EntryPoint\",\"urlTemplate\":\"https:\/\/volcanes.net\/?s={search_term_string}\"},\"query-input\":{\"@type\":\"PropertyValueSpecification\",\"valueRequired\":true,\"valueName\":\"search_term_string\"}}],\"inLanguage\":\"es\"},{\"@type\":\"Organization\",\"@id\":\"https:\/\/volcanes.net\/#organization\",\"name\":\"Grupo Volcanes\",\"url\":\"https:\/\/volcanes.net\/\",\"logo\":{\"@type\":\"ImageObject\",\"inLanguage\":\"es\",\"@id\":\"https:\/\/volcanes.net\/#\/schema\/logo\/image\/\",\"url\":\"http:\/\/volcanes.net\/wp-content\/uploads\/2017\/12\/Avatar2.jpg\",\"contentUrl\":\"http:\/\/volcanes.net\/wp-content\/uploads\/2017\/12\/Avatar2.jpg\",\"width\":378,\"height\":378,\"caption\":\"Grupo Volcanes\"},\"image\":{\"@id\":\"https:\/\/volcanes.net\/#\/schema\/logo\/image\/\"},\"sameAs\":[\"https:\/\/www.facebook.com\/volcanes.net\/\"]},{\"@type\":\"Person\",\"@id\":\"https:\/\/volcanes.net\/#\/schema\/person\/4bf0f383940966a4abd53f5048c0e6b9\",\"name\":\"admin\",\"image\":{\"@type\":\"ImageObject\",\"inLanguage\":\"es\",\"@id\":\"https:\/\/volcanes.net\/#\/schema\/person\/image\/\",\"url\":\"https:\/\/secure.gravatar.com\/avatar\/ca004e6cba8462b8cb7abc86e382930c?s=96&d=mm&r=g\",\"contentUrl\":\"https:\/\/secure.gravatar.com\/avatar\/ca004e6cba8462b8cb7abc86e382930c?s=96&d=mm&r=g\",\"caption\":\"admin\"}}]}<\/script>\n<!-- \/ Yoast SEO plugin. -->","yoast_head_json":{"title":"Vinculan a proceso a sujeto por el homicidio de una persona y por lesiones a dos m\u00e1s en Ecatzingo - Volcanes","robots":{"index":"index","follow":"follow","max-snippet":"max-snippet:-1","max-image-preview":"max-image-preview:large","max-video-preview":"max-video-preview:-1"},"canonical":"https:\/\/volcanes.net\/?p=9401","og_locale":"es_MX","og_type":"article","og_title":"Vinculan a proceso a sujeto por el homicidio de una persona y por lesiones a dos m\u00e1s en Ecatzingo - Volcanes","og_description":"Ecatzingo, Estado de M\u00e9xico.- Pablo \u201cN\u201d, fue vinculado a proceso, luego de que elementos del","og_url":"https:\/\/volcanes.net\/?p=9401","og_site_name":"Volcanes","article_publisher":"https:\/\/www.facebook.com\/volcanes.net\/","article_published_time":"2020-11-30T18:22:29+00:00","og_image":[{"width":426,"height":456,"url":"https:\/\/volcanes.net\/wp-content\/uploads\/2020\/11\/Detenido-3.jpeg","type":"image\/jpeg"}],"author":"admin","twitter_card":"summary_large_image","twitter_misc":{"Escrito por":"admin","Tiempo de lectura":"1 minuto"},"schema":{"@context":"https:\/\/schema.org","@graph":[{"@type":"Article","@id":"https:\/\/volcanes.net\/?p=9401#article","isPartOf":{"@id":"https:\/\/volcanes.net\/?p=9401"},"author":{"name":"admin","@id":"https:\/\/volcanes.net\/#\/schema\/person\/4bf0f383940966a4abd53f5048c0e6b9"},"headline":"Vinculan a proceso a sujeto por el homicidio de una persona y por lesiones a dos m\u00e1s en Ecatzingo","datePublished":"2020-11-30T18:22:29+00:00","mainEntityOfPage":{"@id":"https:\/\/volcanes.net\/?p=9401"},"wordCount":303,"commentCount":0,"publisher":{"@id":"https:\/\/volcanes.net\/#organization"},"image":{"@id":"https:\/\/volcanes.net\/?p=9401#primaryimage"},"thumbnailUrl":"https:\/\/volcanes.net\/wp-content\/uploads\/2020\/11\/Detenido-3.jpeg","keywords":["Ecatzingo"],"articleSection":["Municipales"],"inLanguage":"es","potentialAction":[{"@type":"CommentAction","name":"Comment","target":["https:\/\/volcanes.net\/?p=9401#respond"]}]},{"@type":"WebPage","@id":"https:\/\/volcanes.net\/?p=9401","url":"https:\/\/volcanes.net\/?p=9401","name":"Vinculan a proceso a sujeto por el homicidio de una persona y por lesiones a dos m\u00e1s en Ecatzingo - Volcanes","isPartOf":{"@id":"https:\/\/volcanes.net\/#website"},"primaryImageOfPage":{"@id":"https:\/\/volcanes.net\/?p=9401#primaryimage"},"image":{"@id":"https:\/\/volcanes.net\/?p=9401#primaryimage"},"thumbnailUrl":"https:\/\/volcanes.net\/wp-content\/uploads\/2020\/11\/Detenido-3.jpeg","datePublished":"2020-11-30T18:22:29+00:00","breadcrumb":{"@id":"https:\/\/volcanes.net\/?p=9401#breadcrumb"},"inLanguage":"es","potentialAction":[{"@type":"ReadAction","target":["https:\/\/volcanes.net\/?p=9401"]}]},{"@type":"ImageObject","inLanguage":"es","@id":"https:\/\/volcanes.net\/?p=9401#primaryimage","url":"https:\/\/volcanes.net\/wp-content\/uploads\/2020\/11\/Detenido-3.jpeg","contentUrl":"https:\/\/volcanes.net\/wp-content\/uploads\/2020\/11\/Detenido-3.jpeg","width":426,"height":456},{"@type":"BreadcrumbList","@id":"https:\/\/volcanes.net\/?p=9401#breadcrumb","itemListElement":[{"@type":"ListItem","position":1,"name":"Portada","item":"https:\/\/volcanes.net\/"},{"@type":"ListItem","position":2,"name":"Vinculan a proceso a sujeto por el homicidio de una persona y por lesiones a dos m\u00e1s en Ecatzingo"}]},{"@type":"WebSite","@id":"https:\/\/volcanes.net\/#website","url":"https:\/\/volcanes.net\/","name":"Volcanes.Net","description":"Periodismo Profesional","publisher":{"@id":"https:\/\/volcanes.net\/#organization"},"potentialAction":[{"@type":"SearchAction","target":{"@type":"EntryPoint","urlTemplate":"https:\/\/volcanes.net\/?s={search_term_string}"},"query-input":{"@type":"PropertyValueSpecification","valueRequired":true,"valueName":"search_term_string"}}],"inLanguage":"es"},{"@type":"Organization","@id":"https:\/\/volcanes.net\/#organization","name":"Grupo Volcanes","url":"https:\/\/volcanes.net\/","logo":{"@type":"ImageObject","inLanguage":"es","@id":"https:\/\/volcanes.net\/#\/schema\/logo\/image\/","url":"http:\/\/volcanes.net\/wp-content\/uploads\/2017\/12\/Avatar2.jpg","contentUrl":"http:\/\/volcanes.net\/wp-content\/uploads\/2017\/12\/Avatar2.jpg","width":378,"height":378,"caption":"Grupo Volcanes"},"image":{"@id":"https:\/\/volcanes.net\/#\/schema\/logo\/image\/"},"sameAs":["https:\/\/www.facebook.com\/volcanes.net\/"]},{"@type":"Person","@id":"https:\/\/volcanes.net\/#\/schema\/person\/4bf0f383940966a4abd53f5048c0e6b9","name":"admin","image":{"@type":"ImageObject","inLanguage":"es","@id":"https:\/\/volcanes.net\/#\/schema\/person\/image\/","url":"https:\/\/secure.gravatar.com\/avatar\/ca004e6cba8462b8cb7abc86e382930c?s=96&d=mm&r=g","contentUrl":"https:\/\/secure.gravatar.com\/avatar\/ca004e6cba8462b8cb7abc86e382930c?s=96&d=mm&r=g","caption":"admin"}}]}},"_links":{"self":[{"href":"https:\/\/volcanes.net\/index.php?rest_route=\/wp\/v2\/posts\/9401"}],"collection":[{"href":"https:\/\/volcanes.net\/index.php?rest_route=\/wp\/v2\/posts"}],"about":[{"href":"https:\/\/volcanes.net\/index.php?rest_route=\/wp\/v2\/types\/post"}],"author":[{"embeddable":true,"href":"https:\/\/volcanes.net\/index.php?rest_route=\/wp\/v2\/users\/1"}],"replies":[{"embeddable":true,"href":"https:\/\/volcanes.net\/index.php?rest_route=%2Fwp%2Fv2%2Fcomments&post=9401"}],"version-history":[{"count":1,"href":"https:\/\/volcanes.net\/index.php?rest_route=\/wp\/v2\/posts\/9401\/revisions"}],"predecessor-version":[{"id":9403,"href":"https:\/\/volcanes.net\/index.php?rest_route=\/wp\/v2\/posts\/9401\/revisions\/9403"}],"wp:featuredmedia":[{"embeddable":true,"href":"https:\/\/volcanes.net\/index.php?rest_route=\/wp\/v2\/media\/9402"}],"wp:attachment":[{"href":"https:\/\/volcanes.net\/index.php?rest_route=%2Fwp%2Fv2%2Fmedia&parent=9401"}],"wp:term":[{"taxonomy":"category","embeddable":true,"href":"https:\/\/volcanes.net\/index.php?rest_route=%2Fwp%2Fv2%2Fcategories&post=9401"},{"taxonomy":"post_tag","embeddable":true,"href":"https:\/\/volcanes.net\/index.php?rest_route=%2Fwp%2Fv2%2Ftags&post=9401"}],"curies":[{"name":"wp","href":"https:\/\/api.w.org\/{rel}","templated":true}]}}