{"id":9404,"date":"2020-12-01T10:26:59","date_gmt":"2020-12-01T16:26:59","guid":{"rendered":"http:\/\/volcanes.net\/?p=9404"},"modified":"2020-12-01T10:26:59","modified_gmt":"2020-12-01T16:26:59","slug":"edil-de-ozumba-dio-banderazo-de-inicio-a-la-construccion-de-la-techumbre-en-la-telesecundaria-15-de-septiembre","status":"publish","type":"post","link":"https:\/\/volcanes.net\/?p=9404","title":{"rendered":"Edil de Ozumba dio banderazo de inicio a la construcci\u00f3n\u00a0de la Techumbre en la Telesecundaria &#8220;15 de Septiembre&#8221;"},"content":{"rendered":"<div style=\"margin-top: 0px; margin-bottom: 0px;\" class=\"sharethis-inline-share-buttons\" ><\/div><p style=\"text-align: justify;\">Ozumba, Estado de M\u00e9xico.- El presidente de este municipio mexiquense, Valent\u00edn Mart\u00ednez Castillo, en compa\u00f1\u00eda de Regidores dieron banderazo de inicio a la construcci\u00f3n\u00a0de la Techumbre en la Telesecundaria &#8220;15 de Septiembre&#8221; en la Delegaci\u00f3n de San Jos\u00e9 Tlacotitl\u00e1n.<\/p>\n<p style=\"text-align: justify;\">Claudia Gabriela Rodr\u00edguez P\u00e9rez, Directora de la Telesecundaria, agradeci\u00f3 el apoyo por parte del Gobierno de los Pueblos en materia de educaci\u00f3n, ya que este trabajo beneficiar\u00e1 a los estudiantes, principalmente\u00a0 cuando requieran realizar alguna actividad al aire libre, coment\u00f3.<\/p>\n<p style=\"text-align: justify;\">Por si parte el munic\u00edpe reconoci\u00f3 que si es indispensable que se realice la construcci\u00f3n de la techumbre, a fin de que los estudiantes no tengan ning\u00fan inconveniente al realizar actividades recreativas al aire libre, esto luego de que mejore la situaci\u00f3n de la contingencia sanitaria por el virus COVID-19, y el sem\u00e1foro de alerta epidemiolog\u00eda, cambi\u00e9.<\/p>\n<p style=\"text-align: justify;\">Mart\u00ednez Castillo, asegur\u00f3 que la techumbre ser\u00e1 realizada de buena calidad, por lo que se trabajar\u00e1 en un arcotecho.<\/p>\n","protected":false},"excerpt":{"rendered":"<p>Ozumba, Estado de M\u00e9xico.- El presidente de este municipio mexiquense, Valent\u00edn Mart\u00ednez Castillo, en compa\u00f1\u00eda<\/p>\n","protected":false},"author":1,"featured_media":9405,"comment_status":"open","ping_status":"open","sticky":false,"template":"","format":"standard","meta":{"footnotes":""},"categories":[1],"tags":[14],"class_list":["post-9404","post","type-post","status-publish","format-standard","has-post-thumbnail","hentry","category-municipales","tag-ozumba"],"yoast_head":"<!-- This site is optimized with the Yoast SEO plugin v25.3 - https:\/\/yoast.com\/wordpress\/plugins\/seo\/ -->\n<title>Edil de Ozumba dio banderazo de inicio a la construcci\u00f3n\u00a0de la Techumbre en la Telesecundaria &quot;15 de Septiembre&quot; - Volcanes<\/title>\n<meta name=\"robots\" content=\"index, follow, max-snippet:-1, max-image-preview:large, max-video-preview:-1\" \/>\n<link rel=\"canonical\" href=\"https:\/\/volcanes.net\/?p=9404\" \/>\n<meta property=\"og:locale\" content=\"es_MX\" \/>\n<meta property=\"og:type\" content=\"article\" \/>\n<meta property=\"og:title\" content=\"Edil de Ozumba dio banderazo de inicio a la construcci\u00f3n\u00a0de la Techumbre en la Telesecundaria &quot;15 de Septiembre&quot; - Volcanes\" \/>\n<meta property=\"og:description\" content=\"Ozumba, Estado de M\u00e9xico.- El presidente de este municipio mexiquense, Valent\u00edn Mart\u00ednez Castillo, en compa\u00f1\u00eda\" \/>\n<meta property=\"og:url\" content=\"https:\/\/volcanes.net\/?p=9404\" \/>\n<meta property=\"og:site_name\" content=\"Volcanes\" \/>\n<meta property=\"article:publisher\" content=\"https:\/\/www.facebook.com\/volcanes.net\/\" \/>\n<meta property=\"article:published_time\" content=\"2020-12-01T16:26:59+00:00\" \/>\n<meta property=\"og:image\" content=\"https:\/\/volcanes.net\/wp-content\/uploads\/2020\/12\/Screenshot_2020-12-01-09-22-312.jpg\" \/>\n\t<meta property=\"og:image:width\" content=\"720\" \/>\n\t<meta property=\"og:image:height\" content=\"395\" \/>\n\t<meta property=\"og:image:type\" content=\"image\/jpeg\" \/>\n<meta name=\"author\" content=\"admin\" \/>\n<meta name=\"twitter:card\" content=\"summary_large_image\" \/>\n<meta name=\"twitter:label1\" content=\"Escrito por\" \/>\n\t<meta name=\"twitter:data1\" content=\"admin\" \/>\n\t<meta name=\"twitter:label2\" content=\"Tiempo de lectura\" \/>\n\t<meta name=\"twitter:data2\" content=\"1 minuto\" \/>\n<script type=\"application\/ld+json\" class=\"yoast-schema-graph\">{\"@context\":\"https:\/\/schema.org\",\"@graph\":[{\"@type\":\"Article\",\"@id\":\"https:\/\/volcanes.net\/?p=9404#article\",\"isPartOf\":{\"@id\":\"https:\/\/volcanes.net\/?p=9404\"},\"author\":{\"name\":\"admin\",\"@id\":\"https:\/\/volcanes.net\/#\/schema\/person\/4bf0f383940966a4abd53f5048c0e6b9\"},\"headline\":\"Edil de Ozumba dio banderazo de inicio a la construcci\u00f3n\u00a0de la Techumbre en la Telesecundaria &#8220;15 de Septiembre&#8221;\",\"datePublished\":\"2020-12-01T16:26:59+00:00\",\"mainEntityOfPage\":{\"@id\":\"https:\/\/volcanes.net\/?p=9404\"},\"wordCount\":192,\"commentCount\":0,\"publisher\":{\"@id\":\"https:\/\/volcanes.net\/#organization\"},\"image\":{\"@id\":\"https:\/\/volcanes.net\/?p=9404#primaryimage\"},\"thumbnailUrl\":\"https:\/\/volcanes.net\/wp-content\/uploads\/2020\/12\/Screenshot_2020-12-01-09-22-312.jpg\",\"keywords\":[\"Ozumba\"],\"articleSection\":[\"Municipales\"],\"inLanguage\":\"es\",\"potentialAction\":[{\"@type\":\"CommentAction\",\"name\":\"Comment\",\"target\":[\"https:\/\/volcanes.net\/?p=9404#respond\"]}]},{\"@type\":\"WebPage\",\"@id\":\"https:\/\/volcanes.net\/?p=9404\",\"url\":\"https:\/\/volcanes.net\/?p=9404\",\"name\":\"Edil de Ozumba dio banderazo de inicio a la construcci\u00f3n\u00a0de la Techumbre en la Telesecundaria \\\"15 de Septiembre\\\" - Volcanes\",\"isPartOf\":{\"@id\":\"https:\/\/volcanes.net\/#website\"},\"primaryImageOfPage\":{\"@id\":\"https:\/\/volcanes.net\/?p=9404#primaryimage\"},\"image\":{\"@id\":\"https:\/\/volcanes.net\/?p=9404#primaryimage\"},\"thumbnailUrl\":\"https:\/\/volcanes.net\/wp-content\/uploads\/2020\/12\/Screenshot_2020-12-01-09-22-312.jpg\",\"datePublished\":\"2020-12-01T16:26:59+00:00\",\"breadcrumb\":{\"@id\":\"https:\/\/volcanes.net\/?p=9404#breadcrumb\"},\"inLanguage\":\"es\",\"potentialAction\":[{\"@type\":\"ReadAction\",\"target\":[\"https:\/\/volcanes.net\/?p=9404\"]}]},{\"@type\":\"ImageObject\",\"inLanguage\":\"es\",\"@id\":\"https:\/\/volcanes.net\/?p=9404#primaryimage\",\"url\":\"https:\/\/volcanes.net\/wp-content\/uploads\/2020\/12\/Screenshot_2020-12-01-09-22-312.jpg\",\"contentUrl\":\"https:\/\/volcanes.net\/wp-content\/uploads\/2020\/12\/Screenshot_2020-12-01-09-22-312.jpg\",\"width\":720,\"height\":395},{\"@type\":\"BreadcrumbList\",\"@id\":\"https:\/\/volcanes.net\/?p=9404#breadcrumb\",\"itemListElement\":[{\"@type\":\"ListItem\",\"position\":1,\"name\":\"Portada\",\"item\":\"https:\/\/volcanes.net\/\"},{\"@type\":\"ListItem\",\"position\":2,\"name\":\"Edil de Ozumba dio banderazo de inicio a la construcci\u00f3n\u00a0de la Techumbre en la Telesecundaria &#8220;15 de Septiembre&#8221;\"}]},{\"@type\":\"WebSite\",\"@id\":\"https:\/\/volcanes.net\/#website\",\"url\":\"https:\/\/volcanes.net\/\",\"name\":\"Volcanes.Net\",\"description\":\"Periodismo Profesional\",\"publisher\":{\"@id\":\"https:\/\/volcanes.net\/#organization\"},\"potentialAction\":[{\"@type\":\"SearchAction\",\"target\":{\"@type\":\"EntryPoint\",\"urlTemplate\":\"https:\/\/volcanes.net\/?s={search_term_string}\"},\"query-input\":{\"@type\":\"PropertyValueSpecification\",\"valueRequired\":true,\"valueName\":\"search_term_string\"}}],\"inLanguage\":\"es\"},{\"@type\":\"Organization\",\"@id\":\"https:\/\/volcanes.net\/#organization\",\"name\":\"Grupo Volcanes\",\"url\":\"https:\/\/volcanes.net\/\",\"logo\":{\"@type\":\"ImageObject\",\"inLanguage\":\"es\",\"@id\":\"https:\/\/volcanes.net\/#\/schema\/logo\/image\/\",\"url\":\"http:\/\/volcanes.net\/wp-content\/uploads\/2017\/12\/Avatar2.jpg\",\"contentUrl\":\"http:\/\/volcanes.net\/wp-content\/uploads\/2017\/12\/Avatar2.jpg\",\"width\":378,\"height\":378,\"caption\":\"Grupo Volcanes\"},\"image\":{\"@id\":\"https:\/\/volcanes.net\/#\/schema\/logo\/image\/\"},\"sameAs\":[\"https:\/\/www.facebook.com\/volcanes.net\/\"]},{\"@type\":\"Person\",\"@id\":\"https:\/\/volcanes.net\/#\/schema\/person\/4bf0f383940966a4abd53f5048c0e6b9\",\"name\":\"admin\",\"image\":{\"@type\":\"ImageObject\",\"inLanguage\":\"es\",\"@id\":\"https:\/\/volcanes.net\/#\/schema\/person\/image\/\",\"url\":\"https:\/\/secure.gravatar.com\/avatar\/ca004e6cba8462b8cb7abc86e382930c?s=96&d=mm&r=g\",\"contentUrl\":\"https:\/\/secure.gravatar.com\/avatar\/ca004e6cba8462b8cb7abc86e382930c?s=96&d=mm&r=g\",\"caption\":\"admin\"}}]}<\/script>\n<!-- \/ Yoast SEO plugin. -->","yoast_head_json":{"title":"Edil de Ozumba dio banderazo de inicio a la construcci\u00f3n\u00a0de la Techumbre en la Telesecundaria \"15 de Septiembre\" - Volcanes","robots":{"index":"index","follow":"follow","max-snippet":"max-snippet:-1","max-image-preview":"max-image-preview:large","max-video-preview":"max-video-preview:-1"},"canonical":"https:\/\/volcanes.net\/?p=9404","og_locale":"es_MX","og_type":"article","og_title":"Edil de Ozumba dio banderazo de inicio a la construcci\u00f3n\u00a0de la Techumbre en la Telesecundaria \"15 de Septiembre\" - Volcanes","og_description":"Ozumba, Estado de M\u00e9xico.- El presidente de este municipio mexiquense, Valent\u00edn Mart\u00ednez Castillo, en compa\u00f1\u00eda","og_url":"https:\/\/volcanes.net\/?p=9404","og_site_name":"Volcanes","article_publisher":"https:\/\/www.facebook.com\/volcanes.net\/","article_published_time":"2020-12-01T16:26:59+00:00","og_image":[{"width":720,"height":395,"url":"https:\/\/volcanes.net\/wp-content\/uploads\/2020\/12\/Screenshot_2020-12-01-09-22-312.jpg","type":"image\/jpeg"}],"author":"admin","twitter_card":"summary_large_image","twitter_misc":{"Escrito por":"admin","Tiempo de lectura":"1 minuto"},"schema":{"@context":"https:\/\/schema.org","@graph":[{"@type":"Article","@id":"https:\/\/volcanes.net\/?p=9404#article","isPartOf":{"@id":"https:\/\/volcanes.net\/?p=9404"},"author":{"name":"admin","@id":"https:\/\/volcanes.net\/#\/schema\/person\/4bf0f383940966a4abd53f5048c0e6b9"},"headline":"Edil de Ozumba dio banderazo de inicio a la construcci\u00f3n\u00a0de la Techumbre en la Telesecundaria &#8220;15 de Septiembre&#8221;","datePublished":"2020-12-01T16:26:59+00:00","mainEntityOfPage":{"@id":"https:\/\/volcanes.net\/?p=9404"},"wordCount":192,"commentCount":0,"publisher":{"@id":"https:\/\/volcanes.net\/#organization"},"image":{"@id":"https:\/\/volcanes.net\/?p=9404#primaryimage"},"thumbnailUrl":"https:\/\/volcanes.net\/wp-content\/uploads\/2020\/12\/Screenshot_2020-12-01-09-22-312.jpg","keywords":["Ozumba"],"articleSection":["Municipales"],"inLanguage":"es","potentialAction":[{"@type":"CommentAction","name":"Comment","target":["https:\/\/volcanes.net\/?p=9404#respond"]}]},{"@type":"WebPage","@id":"https:\/\/volcanes.net\/?p=9404","url":"https:\/\/volcanes.net\/?p=9404","name":"Edil de Ozumba dio banderazo de inicio a la construcci\u00f3n\u00a0de la Techumbre en la Telesecundaria \"15 de Septiembre\" - Volcanes","isPartOf":{"@id":"https:\/\/volcanes.net\/#website"},"primaryImageOfPage":{"@id":"https:\/\/volcanes.net\/?p=9404#primaryimage"},"image":{"@id":"https:\/\/volcanes.net\/?p=9404#primaryimage"},"thumbnailUrl":"https:\/\/volcanes.net\/wp-content\/uploads\/2020\/12\/Screenshot_2020-12-01-09-22-312.jpg","datePublished":"2020-12-01T16:26:59+00:00","breadcrumb":{"@id":"https:\/\/volcanes.net\/?p=9404#breadcrumb"},"inLanguage":"es","potentialAction":[{"@type":"ReadAction","target":["https:\/\/volcanes.net\/?p=9404"]}]},{"@type":"ImageObject","inLanguage":"es","@id":"https:\/\/volcanes.net\/?p=9404#primaryimage","url":"https:\/\/volcanes.net\/wp-content\/uploads\/2020\/12\/Screenshot_2020-12-01-09-22-312.jpg","contentUrl":"https:\/\/volcanes.net\/wp-content\/uploads\/2020\/12\/Screenshot_2020-12-01-09-22-312.jpg","width":720,"height":395},{"@type":"BreadcrumbList","@id":"https:\/\/volcanes.net\/?p=9404#breadcrumb","itemListElement":[{"@type":"ListItem","position":1,"name":"Portada","item":"https:\/\/volcanes.net\/"},{"@type":"ListItem","position":2,"name":"Edil de Ozumba dio banderazo de inicio a la construcci\u00f3n\u00a0de la Techumbre en la Telesecundaria &#8220;15 de Septiembre&#8221;"}]},{"@type":"WebSite","@id":"https:\/\/volcanes.net\/#website","url":"https:\/\/volcanes.net\/","name":"Volcanes.Net","description":"Periodismo Profesional","publisher":{"@id":"https:\/\/volcanes.net\/#organization"},"potentialAction":[{"@type":"SearchAction","target":{"@type":"EntryPoint","urlTemplate":"https:\/\/volcanes.net\/?s={search_term_string}"},"query-input":{"@type":"PropertyValueSpecification","valueRequired":true,"valueName":"search_term_string"}}],"inLanguage":"es"},{"@type":"Organization","@id":"https:\/\/volcanes.net\/#organization","name":"Grupo Volcanes","url":"https:\/\/volcanes.net\/","logo":{"@type":"ImageObject","inLanguage":"es","@id":"https:\/\/volcanes.net\/#\/schema\/logo\/image\/","url":"http:\/\/volcanes.net\/wp-content\/uploads\/2017\/12\/Avatar2.jpg","contentUrl":"http:\/\/volcanes.net\/wp-content\/uploads\/2017\/12\/Avatar2.jpg","width":378,"height":378,"caption":"Grupo Volcanes"},"image":{"@id":"https:\/\/volcanes.net\/#\/schema\/logo\/image\/"},"sameAs":["https:\/\/www.facebook.com\/volcanes.net\/"]},{"@type":"Person","@id":"https:\/\/volcanes.net\/#\/schema\/person\/4bf0f383940966a4abd53f5048c0e6b9","name":"admin","image":{"@type":"ImageObject","inLanguage":"es","@id":"https:\/\/volcanes.net\/#\/schema\/person\/image\/","url":"https:\/\/secure.gravatar.com\/avatar\/ca004e6cba8462b8cb7abc86e382930c?s=96&d=mm&r=g","contentUrl":"https:\/\/secure.gravatar.com\/avatar\/ca004e6cba8462b8cb7abc86e382930c?s=96&d=mm&r=g","caption":"admin"}}]}},"_links":{"self":[{"href":"https:\/\/volcanes.net\/index.php?rest_route=\/wp\/v2\/posts\/9404"}],"collection":[{"href":"https:\/\/volcanes.net\/index.php?rest_route=\/wp\/v2\/posts"}],"about":[{"href":"https:\/\/volcanes.net\/index.php?rest_route=\/wp\/v2\/types\/post"}],"author":[{"embeddable":true,"href":"https:\/\/volcanes.net\/index.php?rest_route=\/wp\/v2\/users\/1"}],"replies":[{"embeddable":true,"href":"https:\/\/volcanes.net\/index.php?rest_route=%2Fwp%2Fv2%2Fcomments&post=9404"}],"version-history":[{"count":1,"href":"https:\/\/volcanes.net\/index.php?rest_route=\/wp\/v2\/posts\/9404\/revisions"}],"predecessor-version":[{"id":9406,"href":"https:\/\/volcanes.net\/index.php?rest_route=\/wp\/v2\/posts\/9404\/revisions\/9406"}],"wp:featuredmedia":[{"embeddable":true,"href":"https:\/\/volcanes.net\/index.php?rest_route=\/wp\/v2\/media\/9405"}],"wp:attachment":[{"href":"https:\/\/volcanes.net\/index.php?rest_route=%2Fwp%2Fv2%2Fmedia&parent=9404"}],"wp:term":[{"taxonomy":"category","embeddable":true,"href":"https:\/\/volcanes.net\/index.php?rest_route=%2Fwp%2Fv2%2Fcategories&post=9404"},{"taxonomy":"post_tag","embeddable":true,"href":"https:\/\/volcanes.net\/index.php?rest_route=%2Fwp%2Fv2%2Ftags&post=9404"}],"curies":[{"name":"wp","href":"https:\/\/api.w.org\/{rel}","templated":true}]}}