{"id":9418,"date":"2020-12-02T13:27:02","date_gmt":"2020-12-02T19:27:02","guid":{"rendered":"http:\/\/volcanes.net\/?p=9418"},"modified":"2020-12-02T13:27:42","modified_gmt":"2020-12-02T19:27:42","slug":"una-bala-perdida-lesiona-a-una-abuelita-en-cocotitlan","status":"publish","type":"post","link":"https:\/\/volcanes.net\/?p=9418","title":{"rendered":"Una bala perdida lesiona a una abuelita en Cocotitl\u00e1n"},"content":{"rendered":"<div style=\"margin-top: 0px; margin-bottom: 0px;\" class=\"sharethis-inline-share-buttons\" ><\/div><p style=\"text-align: justify;\">Cocotitl\u00e1n, Estado de M\u00e9xico.- Durante la madrugada del lunes, una balacera despert\u00f3 a una abuelita, qui\u00e9n fue identificada como Florentina Guti\u00e9rrez Hern\u00e1ndez, de 60 a\u00f1os de edad, quien, despu\u00e9s de las detonaciones, un agudo dolor en el brazo la hizo levantarse y darse cuenta que una bala perdida la hab\u00eda herido.<\/p>\n<p style=\"text-align: justify;\">De acuerdo con los primeros reportes, los hechos se registraron en la calle Palma s\/n poblado de San Andr\u00e9s Metla, en el municipio de Cocotitl\u00e1n, d\u00f3nde la se\u00f1ora Florentina, descansaba en su domicilio, alcanz\u00f3 a escuchar las detonaciones de arma de fuego pero solo se acurruc\u00f3 m\u00e1s en su cama.<\/p>\n<p style=\"text-align: justify;\">Pero enseguida, un fuerte dolor en el brazo izquierdo la hizo levantarse y al prender la luz, solo para darse cuenta que una bala perdida se hab\u00eda incrustado en su cuerpo.<\/p>\n<p style=\"text-align: justify;\">De inmediato solicit\u00f3 el apoyo m\u00e9dico, por lo que al lugar arribaron elementos de Protecci\u00f3n Civil que se encargaron de trasladar a la mujer lesionada al Hospital General de Chalco, donde recibi\u00f3 atenci\u00f3n m\u00e9dica que impidi\u00f3 que su herida evolucionara.<\/p>\n<p style=\"text-align: justify;\">Hasta el momento se desconoce el motivo de la balacera o qui\u00e9nes fueron los responsables, aunque no es la primera vez que este tipo de hechos se presentan por disparar en\u00a0 zonas habitacionales.<\/p>\n<p style=\"text-align: justify;\">Uno de los hechos m\u00e1s recientes fue el que sucedi\u00f3 en Chimalhuac\u00e1n, en d\u00f3nde un menor de dorm\u00eda con su abuelita recibi\u00f3 un balazo en la cabeza tras un tiroteo.<\/p>\n","protected":false},"excerpt":{"rendered":"<p>Cocotitl\u00e1n, Estado de M\u00e9xico.- Durante la madrugada del lunes, una balacera despert\u00f3 a una abuelita,<\/p>\n","protected":false},"author":1,"featured_media":9420,"comment_status":"open","ping_status":"open","sticky":false,"template":"","format":"standard","meta":{"footnotes":""},"categories":[1],"tags":[13],"class_list":["post-9418","post","type-post","status-publish","format-standard","has-post-thumbnail","hentry","category-municipales","tag-cocotitlan"],"yoast_head":"<!-- This site is optimized with the Yoast SEO plugin v25.3 - https:\/\/yoast.com\/wordpress\/plugins\/seo\/ -->\n<title>Una bala perdida lesiona a una abuelita en Cocotitl\u00e1n - Volcanes<\/title>\n<meta name=\"robots\" content=\"index, follow, max-snippet:-1, max-image-preview:large, max-video-preview:-1\" \/>\n<link rel=\"canonical\" href=\"https:\/\/volcanes.net\/?p=9418\" \/>\n<meta property=\"og:locale\" content=\"es_MX\" \/>\n<meta property=\"og:type\" content=\"article\" \/>\n<meta property=\"og:title\" content=\"Una bala perdida lesiona a una abuelita en Cocotitl\u00e1n - Volcanes\" \/>\n<meta property=\"og:description\" content=\"Cocotitl\u00e1n, Estado de M\u00e9xico.- Durante la madrugada del lunes, una balacera despert\u00f3 a una abuelita,\" \/>\n<meta property=\"og:url\" content=\"https:\/\/volcanes.net\/?p=9418\" \/>\n<meta property=\"og:site_name\" content=\"Volcanes\" \/>\n<meta property=\"article:publisher\" content=\"https:\/\/www.facebook.com\/volcanes.net\/\" \/>\n<meta property=\"article:published_time\" content=\"2020-12-02T19:27:02+00:00\" \/>\n<meta property=\"article:modified_time\" content=\"2020-12-02T19:27:42+00:00\" \/>\n<meta property=\"og:image\" content=\"https:\/\/volcanes.net\/wp-content\/uploads\/2020\/12\/IMG-20201202-WA0000.jpg\" \/>\n\t<meta property=\"og:image:width\" content=\"720\" \/>\n\t<meta property=\"og:image:height\" content=\"556\" \/>\n\t<meta property=\"og:image:type\" content=\"image\/jpeg\" \/>\n<meta name=\"author\" content=\"admin\" \/>\n<meta name=\"twitter:card\" content=\"summary_large_image\" \/>\n<meta name=\"twitter:label1\" content=\"Escrito por\" \/>\n\t<meta name=\"twitter:data1\" content=\"admin\" \/>\n\t<meta name=\"twitter:label2\" content=\"Tiempo de lectura\" \/>\n\t<meta name=\"twitter:data2\" content=\"1 minuto\" \/>\n<script type=\"application\/ld+json\" class=\"yoast-schema-graph\">{\"@context\":\"https:\/\/schema.org\",\"@graph\":[{\"@type\":\"Article\",\"@id\":\"https:\/\/volcanes.net\/?p=9418#article\",\"isPartOf\":{\"@id\":\"https:\/\/volcanes.net\/?p=9418\"},\"author\":{\"name\":\"admin\",\"@id\":\"https:\/\/volcanes.net\/#\/schema\/person\/4bf0f383940966a4abd53f5048c0e6b9\"},\"headline\":\"Una bala perdida lesiona a una abuelita en Cocotitl\u00e1n\",\"datePublished\":\"2020-12-02T19:27:02+00:00\",\"dateModified\":\"2020-12-02T19:27:42+00:00\",\"mainEntityOfPage\":{\"@id\":\"https:\/\/volcanes.net\/?p=9418\"},\"wordCount\":269,\"commentCount\":0,\"publisher\":{\"@id\":\"https:\/\/volcanes.net\/#organization\"},\"image\":{\"@id\":\"https:\/\/volcanes.net\/?p=9418#primaryimage\"},\"thumbnailUrl\":\"https:\/\/volcanes.net\/wp-content\/uploads\/2020\/12\/IMG-20201202-WA0000.jpg\",\"keywords\":[\"Cocotitl\u00e1n\"],\"articleSection\":[\"Municipales\"],\"inLanguage\":\"es\",\"potentialAction\":[{\"@type\":\"CommentAction\",\"name\":\"Comment\",\"target\":[\"https:\/\/volcanes.net\/?p=9418#respond\"]}]},{\"@type\":\"WebPage\",\"@id\":\"https:\/\/volcanes.net\/?p=9418\",\"url\":\"https:\/\/volcanes.net\/?p=9418\",\"name\":\"Una bala perdida lesiona a una abuelita en Cocotitl\u00e1n - Volcanes\",\"isPartOf\":{\"@id\":\"https:\/\/volcanes.net\/#website\"},\"primaryImageOfPage\":{\"@id\":\"https:\/\/volcanes.net\/?p=9418#primaryimage\"},\"image\":{\"@id\":\"https:\/\/volcanes.net\/?p=9418#primaryimage\"},\"thumbnailUrl\":\"https:\/\/volcanes.net\/wp-content\/uploads\/2020\/12\/IMG-20201202-WA0000.jpg\",\"datePublished\":\"2020-12-02T19:27:02+00:00\",\"dateModified\":\"2020-12-02T19:27:42+00:00\",\"breadcrumb\":{\"@id\":\"https:\/\/volcanes.net\/?p=9418#breadcrumb\"},\"inLanguage\":\"es\",\"potentialAction\":[{\"@type\":\"ReadAction\",\"target\":[\"https:\/\/volcanes.net\/?p=9418\"]}]},{\"@type\":\"ImageObject\",\"inLanguage\":\"es\",\"@id\":\"https:\/\/volcanes.net\/?p=9418#primaryimage\",\"url\":\"https:\/\/volcanes.net\/wp-content\/uploads\/2020\/12\/IMG-20201202-WA0000.jpg\",\"contentUrl\":\"https:\/\/volcanes.net\/wp-content\/uploads\/2020\/12\/IMG-20201202-WA0000.jpg\",\"width\":720,\"height\":556},{\"@type\":\"BreadcrumbList\",\"@id\":\"https:\/\/volcanes.net\/?p=9418#breadcrumb\",\"itemListElement\":[{\"@type\":\"ListItem\",\"position\":1,\"name\":\"Portada\",\"item\":\"https:\/\/volcanes.net\/\"},{\"@type\":\"ListItem\",\"position\":2,\"name\":\"Una bala perdida lesiona a una abuelita en Cocotitl\u00e1n\"}]},{\"@type\":\"WebSite\",\"@id\":\"https:\/\/volcanes.net\/#website\",\"url\":\"https:\/\/volcanes.net\/\",\"name\":\"Volcanes.Net\",\"description\":\"Periodismo Profesional\",\"publisher\":{\"@id\":\"https:\/\/volcanes.net\/#organization\"},\"potentialAction\":[{\"@type\":\"SearchAction\",\"target\":{\"@type\":\"EntryPoint\",\"urlTemplate\":\"https:\/\/volcanes.net\/?s={search_term_string}\"},\"query-input\":{\"@type\":\"PropertyValueSpecification\",\"valueRequired\":true,\"valueName\":\"search_term_string\"}}],\"inLanguage\":\"es\"},{\"@type\":\"Organization\",\"@id\":\"https:\/\/volcanes.net\/#organization\",\"name\":\"Grupo Volcanes\",\"url\":\"https:\/\/volcanes.net\/\",\"logo\":{\"@type\":\"ImageObject\",\"inLanguage\":\"es\",\"@id\":\"https:\/\/volcanes.net\/#\/schema\/logo\/image\/\",\"url\":\"http:\/\/volcanes.net\/wp-content\/uploads\/2017\/12\/Avatar2.jpg\",\"contentUrl\":\"http:\/\/volcanes.net\/wp-content\/uploads\/2017\/12\/Avatar2.jpg\",\"width\":378,\"height\":378,\"caption\":\"Grupo Volcanes\"},\"image\":{\"@id\":\"https:\/\/volcanes.net\/#\/schema\/logo\/image\/\"},\"sameAs\":[\"https:\/\/www.facebook.com\/volcanes.net\/\"]},{\"@type\":\"Person\",\"@id\":\"https:\/\/volcanes.net\/#\/schema\/person\/4bf0f383940966a4abd53f5048c0e6b9\",\"name\":\"admin\",\"image\":{\"@type\":\"ImageObject\",\"inLanguage\":\"es\",\"@id\":\"https:\/\/volcanes.net\/#\/schema\/person\/image\/\",\"url\":\"https:\/\/secure.gravatar.com\/avatar\/ca004e6cba8462b8cb7abc86e382930c?s=96&d=mm&r=g\",\"contentUrl\":\"https:\/\/secure.gravatar.com\/avatar\/ca004e6cba8462b8cb7abc86e382930c?s=96&d=mm&r=g\",\"caption\":\"admin\"}}]}<\/script>\n<!-- \/ Yoast SEO plugin. -->","yoast_head_json":{"title":"Una bala perdida lesiona a una abuelita en Cocotitl\u00e1n - Volcanes","robots":{"index":"index","follow":"follow","max-snippet":"max-snippet:-1","max-image-preview":"max-image-preview:large","max-video-preview":"max-video-preview:-1"},"canonical":"https:\/\/volcanes.net\/?p=9418","og_locale":"es_MX","og_type":"article","og_title":"Una bala perdida lesiona a una abuelita en Cocotitl\u00e1n - Volcanes","og_description":"Cocotitl\u00e1n, Estado de M\u00e9xico.- Durante la madrugada del lunes, una balacera despert\u00f3 a una abuelita,","og_url":"https:\/\/volcanes.net\/?p=9418","og_site_name":"Volcanes","article_publisher":"https:\/\/www.facebook.com\/volcanes.net\/","article_published_time":"2020-12-02T19:27:02+00:00","article_modified_time":"2020-12-02T19:27:42+00:00","og_image":[{"width":720,"height":556,"url":"https:\/\/volcanes.net\/wp-content\/uploads\/2020\/12\/IMG-20201202-WA0000.jpg","type":"image\/jpeg"}],"author":"admin","twitter_card":"summary_large_image","twitter_misc":{"Escrito por":"admin","Tiempo de lectura":"1 minuto"},"schema":{"@context":"https:\/\/schema.org","@graph":[{"@type":"Article","@id":"https:\/\/volcanes.net\/?p=9418#article","isPartOf":{"@id":"https:\/\/volcanes.net\/?p=9418"},"author":{"name":"admin","@id":"https:\/\/volcanes.net\/#\/schema\/person\/4bf0f383940966a4abd53f5048c0e6b9"},"headline":"Una bala perdida lesiona a una abuelita en Cocotitl\u00e1n","datePublished":"2020-12-02T19:27:02+00:00","dateModified":"2020-12-02T19:27:42+00:00","mainEntityOfPage":{"@id":"https:\/\/volcanes.net\/?p=9418"},"wordCount":269,"commentCount":0,"publisher":{"@id":"https:\/\/volcanes.net\/#organization"},"image":{"@id":"https:\/\/volcanes.net\/?p=9418#primaryimage"},"thumbnailUrl":"https:\/\/volcanes.net\/wp-content\/uploads\/2020\/12\/IMG-20201202-WA0000.jpg","keywords":["Cocotitl\u00e1n"],"articleSection":["Municipales"],"inLanguage":"es","potentialAction":[{"@type":"CommentAction","name":"Comment","target":["https:\/\/volcanes.net\/?p=9418#respond"]}]},{"@type":"WebPage","@id":"https:\/\/volcanes.net\/?p=9418","url":"https:\/\/volcanes.net\/?p=9418","name":"Una bala perdida lesiona a una abuelita en Cocotitl\u00e1n - Volcanes","isPartOf":{"@id":"https:\/\/volcanes.net\/#website"},"primaryImageOfPage":{"@id":"https:\/\/volcanes.net\/?p=9418#primaryimage"},"image":{"@id":"https:\/\/volcanes.net\/?p=9418#primaryimage"},"thumbnailUrl":"https:\/\/volcanes.net\/wp-content\/uploads\/2020\/12\/IMG-20201202-WA0000.jpg","datePublished":"2020-12-02T19:27:02+00:00","dateModified":"2020-12-02T19:27:42+00:00","breadcrumb":{"@id":"https:\/\/volcanes.net\/?p=9418#breadcrumb"},"inLanguage":"es","potentialAction":[{"@type":"ReadAction","target":["https:\/\/volcanes.net\/?p=9418"]}]},{"@type":"ImageObject","inLanguage":"es","@id":"https:\/\/volcanes.net\/?p=9418#primaryimage","url":"https:\/\/volcanes.net\/wp-content\/uploads\/2020\/12\/IMG-20201202-WA0000.jpg","contentUrl":"https:\/\/volcanes.net\/wp-content\/uploads\/2020\/12\/IMG-20201202-WA0000.jpg","width":720,"height":556},{"@type":"BreadcrumbList","@id":"https:\/\/volcanes.net\/?p=9418#breadcrumb","itemListElement":[{"@type":"ListItem","position":1,"name":"Portada","item":"https:\/\/volcanes.net\/"},{"@type":"ListItem","position":2,"name":"Una bala perdida lesiona a una abuelita en Cocotitl\u00e1n"}]},{"@type":"WebSite","@id":"https:\/\/volcanes.net\/#website","url":"https:\/\/volcanes.net\/","name":"Volcanes.Net","description":"Periodismo Profesional","publisher":{"@id":"https:\/\/volcanes.net\/#organization"},"potentialAction":[{"@type":"SearchAction","target":{"@type":"EntryPoint","urlTemplate":"https:\/\/volcanes.net\/?s={search_term_string}"},"query-input":{"@type":"PropertyValueSpecification","valueRequired":true,"valueName":"search_term_string"}}],"inLanguage":"es"},{"@type":"Organization","@id":"https:\/\/volcanes.net\/#organization","name":"Grupo Volcanes","url":"https:\/\/volcanes.net\/","logo":{"@type":"ImageObject","inLanguage":"es","@id":"https:\/\/volcanes.net\/#\/schema\/logo\/image\/","url":"http:\/\/volcanes.net\/wp-content\/uploads\/2017\/12\/Avatar2.jpg","contentUrl":"http:\/\/volcanes.net\/wp-content\/uploads\/2017\/12\/Avatar2.jpg","width":378,"height":378,"caption":"Grupo Volcanes"},"image":{"@id":"https:\/\/volcanes.net\/#\/schema\/logo\/image\/"},"sameAs":["https:\/\/www.facebook.com\/volcanes.net\/"]},{"@type":"Person","@id":"https:\/\/volcanes.net\/#\/schema\/person\/4bf0f383940966a4abd53f5048c0e6b9","name":"admin","image":{"@type":"ImageObject","inLanguage":"es","@id":"https:\/\/volcanes.net\/#\/schema\/person\/image\/","url":"https:\/\/secure.gravatar.com\/avatar\/ca004e6cba8462b8cb7abc86e382930c?s=96&d=mm&r=g","contentUrl":"https:\/\/secure.gravatar.com\/avatar\/ca004e6cba8462b8cb7abc86e382930c?s=96&d=mm&r=g","caption":"admin"}}]}},"_links":{"self":[{"href":"https:\/\/volcanes.net\/index.php?rest_route=\/wp\/v2\/posts\/9418"}],"collection":[{"href":"https:\/\/volcanes.net\/index.php?rest_route=\/wp\/v2\/posts"}],"about":[{"href":"https:\/\/volcanes.net\/index.php?rest_route=\/wp\/v2\/types\/post"}],"author":[{"embeddable":true,"href":"https:\/\/volcanes.net\/index.php?rest_route=\/wp\/v2\/users\/1"}],"replies":[{"embeddable":true,"href":"https:\/\/volcanes.net\/index.php?rest_route=%2Fwp%2Fv2%2Fcomments&post=9418"}],"version-history":[{"count":1,"href":"https:\/\/volcanes.net\/index.php?rest_route=\/wp\/v2\/posts\/9418\/revisions"}],"predecessor-version":[{"id":9421,"href":"https:\/\/volcanes.net\/index.php?rest_route=\/wp\/v2\/posts\/9418\/revisions\/9421"}],"wp:featuredmedia":[{"embeddable":true,"href":"https:\/\/volcanes.net\/index.php?rest_route=\/wp\/v2\/media\/9420"}],"wp:attachment":[{"href":"https:\/\/volcanes.net\/index.php?rest_route=%2Fwp%2Fv2%2Fmedia&parent=9418"}],"wp:term":[{"taxonomy":"category","embeddable":true,"href":"https:\/\/volcanes.net\/index.php?rest_route=%2Fwp%2Fv2%2Fcategories&post=9418"},{"taxonomy":"post_tag","embeddable":true,"href":"https:\/\/volcanes.net\/index.php?rest_route=%2Fwp%2Fv2%2Ftags&post=9418"}],"curies":[{"name":"wp","href":"https:\/\/api.w.org\/{rel}","templated":true}]}}