{"id":9439,"date":"2020-12-07T11:14:04","date_gmt":"2020-12-07T17:14:04","guid":{"rendered":"http:\/\/volcanes.net\/?p=9439"},"modified":"2020-12-07T11:14:04","modified_gmt":"2020-12-07T17:14:04","slug":"el-presidente-de-atlautla-rindio-su-segundo-informe-de-gobierno","status":"publish","type":"post","link":"https:\/\/volcanes.net\/?p=9439","title":{"rendered":"El presidente de Atlautla rindi\u00f3 su Segundo Informe de Gobierno"},"content":{"rendered":"<div style=\"margin-top: 0px; margin-bottom: 0px;\" class=\"sharethis-inline-share-buttons\" ><\/div><p dir=\"ltr\" style=\"text-align: justify;\">Atlautla, Estado de M\u00e9xico.- Al\u00a0presentar su Segundo Informe de labores, el Presidente municipal de Atlautla, Hermenegildo Lozada Amaro resalt\u00f3 el gasto que se ha realizado en obra p\u00fablica en el presente a\u00f1o.<\/p>\n<p dir=\"ltr\" style=\"text-align: justify;\">Por lo que dijo que en este a\u00f1o el gobierno municipal invertir\u00e1 52 millones de pesos, correspondientes al Fondo de Infraestructura Social Municipal 2020, y al Fondo Estatal de Fortalecimiento a los municipios, en 32 obras que incluyen construcci\u00f3n de un aula, pavimentaci\u00f3n, introducci\u00f3n de drenaje, rehabilitaci\u00f3n de sistemas de bombeo y operaci\u00f3n de pozos, mantenimiento de aulas, rehabilitaci\u00f3n de l\u00ednea de agua potable, entre otros.<\/p>\n<p dir=\"ltr\" style=\"text-align: justify;\">\u00a0Asimismo reafirm\u00f3 su compromiso con el sector agropecuario, benefici\u00e1ndolos con la entrega de 5,120 plantas de aguacate con un subsidio del 30%; 378 paquetes de fertilizante, de forma gratuita; la entrega de 1,600 rollos de acolchado con un subsidio del 40% a 200 productores del campo con recursos propios.<\/p>\n<p style=\"text-align: justify;\">Agradeciendo la presencia de la representante del Gobierno del Estado de M\u00e9xico, Sylbeth Garc\u00eda Boone, Directora General de Coordinaci\u00f3n con Organismos operadores de la CAEM, Graciela S\u00e1nchez Ort\u00edz, Diputada Federal del distrito 21, Adolfo de la Cruz, Delegado Federal de Bienestar del Gobierno de M\u00e9xico, Roc\u00edo Sol\u00eds Robles, Presidenta Municipal de Ecatzingo y de Juan Martin Orozpe P\u00e9rez, Presidente municipal de Temamatla.<\/p>\n<p style=\"text-align: justify;\">Cabe mencionar que el alcalde se comprometi\u00f3 a seguir trabajando siempre en beneficio de los habitantes del municipio.<\/p>\n","protected":false},"excerpt":{"rendered":"<p>Atlautla, Estado de M\u00e9xico.- Al\u00a0presentar su Segundo Informe de labores, el Presidente municipal de Atlautla,<\/p>\n","protected":false},"author":1,"featured_media":9440,"comment_status":"open","ping_status":"open","sticky":false,"template":"","format":"standard","meta":{"footnotes":""},"categories":[1],"tags":[80],"class_list":["post-9439","post","type-post","status-publish","format-standard","has-post-thumbnail","hentry","category-municipales","tag-atlautla"],"yoast_head":"<!-- This site is optimized with the Yoast SEO plugin v25.3 - https:\/\/yoast.com\/wordpress\/plugins\/seo\/ -->\n<title>El presidente de Atlautla rindi\u00f3 su Segundo Informe de Gobierno - Volcanes<\/title>\n<meta name=\"robots\" content=\"index, follow, max-snippet:-1, max-image-preview:large, max-video-preview:-1\" \/>\n<link rel=\"canonical\" href=\"https:\/\/volcanes.net\/?p=9439\" \/>\n<meta property=\"og:locale\" content=\"es_MX\" \/>\n<meta property=\"og:type\" content=\"article\" \/>\n<meta property=\"og:title\" content=\"El presidente de Atlautla rindi\u00f3 su Segundo Informe de Gobierno - Volcanes\" \/>\n<meta property=\"og:description\" content=\"Atlautla, Estado de M\u00e9xico.- Al\u00a0presentar su Segundo Informe de labores, el Presidente municipal de Atlautla,\" \/>\n<meta property=\"og:url\" content=\"https:\/\/volcanes.net\/?p=9439\" \/>\n<meta property=\"og:site_name\" content=\"Volcanes\" \/>\n<meta property=\"article:publisher\" content=\"https:\/\/www.facebook.com\/volcanes.net\/\" \/>\n<meta property=\"article:published_time\" content=\"2020-12-07T17:14:04+00:00\" \/>\n<meta property=\"og:image\" content=\"https:\/\/volcanes.net\/wp-content\/uploads\/2020\/12\/FB_IMG_1607350752336.jpg\" \/>\n\t<meta property=\"og:image:width\" content=\"720\" \/>\n\t<meta property=\"og:image:height\" content=\"480\" \/>\n\t<meta property=\"og:image:type\" content=\"image\/jpeg\" \/>\n<meta name=\"author\" content=\"admin\" \/>\n<meta name=\"twitter:card\" content=\"summary_large_image\" \/>\n<meta name=\"twitter:label1\" content=\"Escrito por\" \/>\n\t<meta name=\"twitter:data1\" content=\"admin\" \/>\n\t<meta name=\"twitter:label2\" content=\"Tiempo de lectura\" \/>\n\t<meta name=\"twitter:data2\" content=\"1 minuto\" \/>\n<script type=\"application\/ld+json\" class=\"yoast-schema-graph\">{\"@context\":\"https:\/\/schema.org\",\"@graph\":[{\"@type\":\"Article\",\"@id\":\"https:\/\/volcanes.net\/?p=9439#article\",\"isPartOf\":{\"@id\":\"https:\/\/volcanes.net\/?p=9439\"},\"author\":{\"name\":\"admin\",\"@id\":\"https:\/\/volcanes.net\/#\/schema\/person\/4bf0f383940966a4abd53f5048c0e6b9\"},\"headline\":\"El presidente de Atlautla rindi\u00f3 su Segundo Informe de Gobierno\",\"datePublished\":\"2020-12-07T17:14:04+00:00\",\"mainEntityOfPage\":{\"@id\":\"https:\/\/volcanes.net\/?p=9439\"},\"wordCount\":250,\"commentCount\":0,\"publisher\":{\"@id\":\"https:\/\/volcanes.net\/#organization\"},\"image\":{\"@id\":\"https:\/\/volcanes.net\/?p=9439#primaryimage\"},\"thumbnailUrl\":\"https:\/\/volcanes.net\/wp-content\/uploads\/2020\/12\/FB_IMG_1607350752336.jpg\",\"keywords\":[\"Atlautla\"],\"articleSection\":[\"Municipales\"],\"inLanguage\":\"es\",\"potentialAction\":[{\"@type\":\"CommentAction\",\"name\":\"Comment\",\"target\":[\"https:\/\/volcanes.net\/?p=9439#respond\"]}]},{\"@type\":\"WebPage\",\"@id\":\"https:\/\/volcanes.net\/?p=9439\",\"url\":\"https:\/\/volcanes.net\/?p=9439\",\"name\":\"El presidente de Atlautla rindi\u00f3 su Segundo Informe de Gobierno - Volcanes\",\"isPartOf\":{\"@id\":\"https:\/\/volcanes.net\/#website\"},\"primaryImageOfPage\":{\"@id\":\"https:\/\/volcanes.net\/?p=9439#primaryimage\"},\"image\":{\"@id\":\"https:\/\/volcanes.net\/?p=9439#primaryimage\"},\"thumbnailUrl\":\"https:\/\/volcanes.net\/wp-content\/uploads\/2020\/12\/FB_IMG_1607350752336.jpg\",\"datePublished\":\"2020-12-07T17:14:04+00:00\",\"breadcrumb\":{\"@id\":\"https:\/\/volcanes.net\/?p=9439#breadcrumb\"},\"inLanguage\":\"es\",\"potentialAction\":[{\"@type\":\"ReadAction\",\"target\":[\"https:\/\/volcanes.net\/?p=9439\"]}]},{\"@type\":\"ImageObject\",\"inLanguage\":\"es\",\"@id\":\"https:\/\/volcanes.net\/?p=9439#primaryimage\",\"url\":\"https:\/\/volcanes.net\/wp-content\/uploads\/2020\/12\/FB_IMG_1607350752336.jpg\",\"contentUrl\":\"https:\/\/volcanes.net\/wp-content\/uploads\/2020\/12\/FB_IMG_1607350752336.jpg\",\"width\":720,\"height\":480},{\"@type\":\"BreadcrumbList\",\"@id\":\"https:\/\/volcanes.net\/?p=9439#breadcrumb\",\"itemListElement\":[{\"@type\":\"ListItem\",\"position\":1,\"name\":\"Portada\",\"item\":\"https:\/\/volcanes.net\/\"},{\"@type\":\"ListItem\",\"position\":2,\"name\":\"El presidente de Atlautla rindi\u00f3 su Segundo Informe de Gobierno\"}]},{\"@type\":\"WebSite\",\"@id\":\"https:\/\/volcanes.net\/#website\",\"url\":\"https:\/\/volcanes.net\/\",\"name\":\"Volcanes.Net\",\"description\":\"Periodismo Profesional\",\"publisher\":{\"@id\":\"https:\/\/volcanes.net\/#organization\"},\"potentialAction\":[{\"@type\":\"SearchAction\",\"target\":{\"@type\":\"EntryPoint\",\"urlTemplate\":\"https:\/\/volcanes.net\/?s={search_term_string}\"},\"query-input\":{\"@type\":\"PropertyValueSpecification\",\"valueRequired\":true,\"valueName\":\"search_term_string\"}}],\"inLanguage\":\"es\"},{\"@type\":\"Organization\",\"@id\":\"https:\/\/volcanes.net\/#organization\",\"name\":\"Grupo Volcanes\",\"url\":\"https:\/\/volcanes.net\/\",\"logo\":{\"@type\":\"ImageObject\",\"inLanguage\":\"es\",\"@id\":\"https:\/\/volcanes.net\/#\/schema\/logo\/image\/\",\"url\":\"http:\/\/volcanes.net\/wp-content\/uploads\/2017\/12\/Avatar2.jpg\",\"contentUrl\":\"http:\/\/volcanes.net\/wp-content\/uploads\/2017\/12\/Avatar2.jpg\",\"width\":378,\"height\":378,\"caption\":\"Grupo Volcanes\"},\"image\":{\"@id\":\"https:\/\/volcanes.net\/#\/schema\/logo\/image\/\"},\"sameAs\":[\"https:\/\/www.facebook.com\/volcanes.net\/\"]},{\"@type\":\"Person\",\"@id\":\"https:\/\/volcanes.net\/#\/schema\/person\/4bf0f383940966a4abd53f5048c0e6b9\",\"name\":\"admin\",\"image\":{\"@type\":\"ImageObject\",\"inLanguage\":\"es\",\"@id\":\"https:\/\/volcanes.net\/#\/schema\/person\/image\/\",\"url\":\"https:\/\/secure.gravatar.com\/avatar\/ca004e6cba8462b8cb7abc86e382930c?s=96&d=mm&r=g\",\"contentUrl\":\"https:\/\/secure.gravatar.com\/avatar\/ca004e6cba8462b8cb7abc86e382930c?s=96&d=mm&r=g\",\"caption\":\"admin\"}}]}<\/script>\n<!-- \/ Yoast SEO plugin. -->","yoast_head_json":{"title":"El presidente de Atlautla rindi\u00f3 su Segundo Informe de Gobierno - Volcanes","robots":{"index":"index","follow":"follow","max-snippet":"max-snippet:-1","max-image-preview":"max-image-preview:large","max-video-preview":"max-video-preview:-1"},"canonical":"https:\/\/volcanes.net\/?p=9439","og_locale":"es_MX","og_type":"article","og_title":"El presidente de Atlautla rindi\u00f3 su Segundo Informe de Gobierno - Volcanes","og_description":"Atlautla, Estado de M\u00e9xico.- Al\u00a0presentar su Segundo Informe de labores, el Presidente municipal de Atlautla,","og_url":"https:\/\/volcanes.net\/?p=9439","og_site_name":"Volcanes","article_publisher":"https:\/\/www.facebook.com\/volcanes.net\/","article_published_time":"2020-12-07T17:14:04+00:00","og_image":[{"width":720,"height":480,"url":"https:\/\/volcanes.net\/wp-content\/uploads\/2020\/12\/FB_IMG_1607350752336.jpg","type":"image\/jpeg"}],"author":"admin","twitter_card":"summary_large_image","twitter_misc":{"Escrito por":"admin","Tiempo de lectura":"1 minuto"},"schema":{"@context":"https:\/\/schema.org","@graph":[{"@type":"Article","@id":"https:\/\/volcanes.net\/?p=9439#article","isPartOf":{"@id":"https:\/\/volcanes.net\/?p=9439"},"author":{"name":"admin","@id":"https:\/\/volcanes.net\/#\/schema\/person\/4bf0f383940966a4abd53f5048c0e6b9"},"headline":"El presidente de Atlautla rindi\u00f3 su Segundo Informe de Gobierno","datePublished":"2020-12-07T17:14:04+00:00","mainEntityOfPage":{"@id":"https:\/\/volcanes.net\/?p=9439"},"wordCount":250,"commentCount":0,"publisher":{"@id":"https:\/\/volcanes.net\/#organization"},"image":{"@id":"https:\/\/volcanes.net\/?p=9439#primaryimage"},"thumbnailUrl":"https:\/\/volcanes.net\/wp-content\/uploads\/2020\/12\/FB_IMG_1607350752336.jpg","keywords":["Atlautla"],"articleSection":["Municipales"],"inLanguage":"es","potentialAction":[{"@type":"CommentAction","name":"Comment","target":["https:\/\/volcanes.net\/?p=9439#respond"]}]},{"@type":"WebPage","@id":"https:\/\/volcanes.net\/?p=9439","url":"https:\/\/volcanes.net\/?p=9439","name":"El presidente de Atlautla rindi\u00f3 su Segundo Informe de Gobierno - Volcanes","isPartOf":{"@id":"https:\/\/volcanes.net\/#website"},"primaryImageOfPage":{"@id":"https:\/\/volcanes.net\/?p=9439#primaryimage"},"image":{"@id":"https:\/\/volcanes.net\/?p=9439#primaryimage"},"thumbnailUrl":"https:\/\/volcanes.net\/wp-content\/uploads\/2020\/12\/FB_IMG_1607350752336.jpg","datePublished":"2020-12-07T17:14:04+00:00","breadcrumb":{"@id":"https:\/\/volcanes.net\/?p=9439#breadcrumb"},"inLanguage":"es","potentialAction":[{"@type":"ReadAction","target":["https:\/\/volcanes.net\/?p=9439"]}]},{"@type":"ImageObject","inLanguage":"es","@id":"https:\/\/volcanes.net\/?p=9439#primaryimage","url":"https:\/\/volcanes.net\/wp-content\/uploads\/2020\/12\/FB_IMG_1607350752336.jpg","contentUrl":"https:\/\/volcanes.net\/wp-content\/uploads\/2020\/12\/FB_IMG_1607350752336.jpg","width":720,"height":480},{"@type":"BreadcrumbList","@id":"https:\/\/volcanes.net\/?p=9439#breadcrumb","itemListElement":[{"@type":"ListItem","position":1,"name":"Portada","item":"https:\/\/volcanes.net\/"},{"@type":"ListItem","position":2,"name":"El presidente de Atlautla rindi\u00f3 su Segundo Informe de Gobierno"}]},{"@type":"WebSite","@id":"https:\/\/volcanes.net\/#website","url":"https:\/\/volcanes.net\/","name":"Volcanes.Net","description":"Periodismo Profesional","publisher":{"@id":"https:\/\/volcanes.net\/#organization"},"potentialAction":[{"@type":"SearchAction","target":{"@type":"EntryPoint","urlTemplate":"https:\/\/volcanes.net\/?s={search_term_string}"},"query-input":{"@type":"PropertyValueSpecification","valueRequired":true,"valueName":"search_term_string"}}],"inLanguage":"es"},{"@type":"Organization","@id":"https:\/\/volcanes.net\/#organization","name":"Grupo Volcanes","url":"https:\/\/volcanes.net\/","logo":{"@type":"ImageObject","inLanguage":"es","@id":"https:\/\/volcanes.net\/#\/schema\/logo\/image\/","url":"http:\/\/volcanes.net\/wp-content\/uploads\/2017\/12\/Avatar2.jpg","contentUrl":"http:\/\/volcanes.net\/wp-content\/uploads\/2017\/12\/Avatar2.jpg","width":378,"height":378,"caption":"Grupo Volcanes"},"image":{"@id":"https:\/\/volcanes.net\/#\/schema\/logo\/image\/"},"sameAs":["https:\/\/www.facebook.com\/volcanes.net\/"]},{"@type":"Person","@id":"https:\/\/volcanes.net\/#\/schema\/person\/4bf0f383940966a4abd53f5048c0e6b9","name":"admin","image":{"@type":"ImageObject","inLanguage":"es","@id":"https:\/\/volcanes.net\/#\/schema\/person\/image\/","url":"https:\/\/secure.gravatar.com\/avatar\/ca004e6cba8462b8cb7abc86e382930c?s=96&d=mm&r=g","contentUrl":"https:\/\/secure.gravatar.com\/avatar\/ca004e6cba8462b8cb7abc86e382930c?s=96&d=mm&r=g","caption":"admin"}}]}},"_links":{"self":[{"href":"https:\/\/volcanes.net\/index.php?rest_route=\/wp\/v2\/posts\/9439"}],"collection":[{"href":"https:\/\/volcanes.net\/index.php?rest_route=\/wp\/v2\/posts"}],"about":[{"href":"https:\/\/volcanes.net\/index.php?rest_route=\/wp\/v2\/types\/post"}],"author":[{"embeddable":true,"href":"https:\/\/volcanes.net\/index.php?rest_route=\/wp\/v2\/users\/1"}],"replies":[{"embeddable":true,"href":"https:\/\/volcanes.net\/index.php?rest_route=%2Fwp%2Fv2%2Fcomments&post=9439"}],"version-history":[{"count":1,"href":"https:\/\/volcanes.net\/index.php?rest_route=\/wp\/v2\/posts\/9439\/revisions"}],"predecessor-version":[{"id":9441,"href":"https:\/\/volcanes.net\/index.php?rest_route=\/wp\/v2\/posts\/9439\/revisions\/9441"}],"wp:featuredmedia":[{"embeddable":true,"href":"https:\/\/volcanes.net\/index.php?rest_route=\/wp\/v2\/media\/9440"}],"wp:attachment":[{"href":"https:\/\/volcanes.net\/index.php?rest_route=%2Fwp%2Fv2%2Fmedia&parent=9439"}],"wp:term":[{"taxonomy":"category","embeddable":true,"href":"https:\/\/volcanes.net\/index.php?rest_route=%2Fwp%2Fv2%2Fcategories&post=9439"},{"taxonomy":"post_tag","embeddable":true,"href":"https:\/\/volcanes.net\/index.php?rest_route=%2Fwp%2Fv2%2Ftags&post=9439"}],"curies":[{"name":"wp","href":"https:\/\/api.w.org\/{rel}","templated":true}]}}