{"id":944,"date":"2018-02-01T12:59:42","date_gmt":"2018-02-01T12:59:42","guid":{"rendered":"http:\/\/volcanes.net\/?p=944"},"modified":"2018-02-01T12:59:42","modified_gmt":"2018-02-01T12:59:42","slug":"sentencian-a-60-anos-de-carcel-a-un-secuestrador","status":"publish","type":"post","link":"https:\/\/volcanes.net\/?p=944","title":{"rendered":"Sentencian a 60 a\u00f1os de c\u00e1rcel a un secuestrador"},"content":{"rendered":"<div style=\"margin-top: 0px; margin-bottom: 0px;\" class=\"sharethis-inline-share-buttons\" ><\/div><p>La Autoridad Judicial con sede en Lerma dict\u00f3 una condena de 60 a\u00f1os de prisi\u00f3n para Julio C\u00e9sar Oca\u00f1a Mora, luego de que el Representante Social de la Fiscal\u00eda General de Justicia del Estado de M\u00e9xico (FGJEM) acredit\u00f3 su participaci\u00f3n en el delito de secuestro.<\/p>\n<p>Los hechos por los cuales fue condenado se registraron en el mes de octubre del a\u00f1o 2016, en el Paraje La Marquesa, en el municipio de Ocoyoacac, donde la v\u00edctima se encontraba en compa\u00f1\u00eda de un amigo suyo, y al ingresar en una zona boscosa, fueron interceptados por el ahora sentenciado y tres sujetos m\u00e1s.<\/p>\n<p>Los secuestradores sometieron a la v\u00edctima, la amenazaron con armas de fuego, y por la fuerza la subieron a un veh\u00edculo compacto, a bordo del cual la trasladaron al municipio de El Oro. Luego lo despojaron de sus pertenencias, as\u00ed como tarjetas bancarias de las cuales retiraron efectivo, adem\u00e1s se comunicaron con sus familiares a quienes les exigieron dinero a cambio de liberarlo. Un d\u00eda despu\u00e9s la v\u00edctima fue liberada y detenido este individuo, mediante un operativo realizado por elementos de la polic\u00eda estatal en el Barrio Gigante, de la localidad Santa Rosa de Lima, en el municipio de El Oro.<\/p>\n<p>Este individuo fue presentado ante el agente del Ministerio P\u00fablico, quien inici\u00f3 la carpeta de investigaci\u00f3n respectiva por el delito de secuestro, y luego lo remiti\u00f3 ante un Juez, autoridad que previo proceso legal, le dict\u00f3 la sentencia respectiva, y le fij\u00f3 multas de 332 mil 250 pesos, y 237 mil pesos como reparaci\u00f3n del da\u00f1o, aunado a que sus derechos civiles y pol\u00edticos quedaron suspendidos.<\/p>\n","protected":false},"excerpt":{"rendered":"<p>La Autoridad Judicial con sede en Lerma dict\u00f3 una condena de 60 a\u00f1os de prisi\u00f3n<\/p>\n","protected":false},"author":1,"featured_media":941,"comment_status":"open","ping_status":"open","sticky":false,"template":"","format":"standard","meta":{"footnotes":""},"categories":[1],"tags":[104],"class_list":["post-944","post","type-post","status-publish","format-standard","has-post-thumbnail","hentry","category-municipales","tag-el-oro"],"yoast_head":"<!-- This site is optimized with the Yoast SEO plugin v25.3 - https:\/\/yoast.com\/wordpress\/plugins\/seo\/ -->\n<title>Sentencian a 60 a\u00f1os de c\u00e1rcel a un secuestrador - Volcanes<\/title>\n<meta name=\"robots\" content=\"index, follow, max-snippet:-1, max-image-preview:large, max-video-preview:-1\" \/>\n<link rel=\"canonical\" href=\"https:\/\/volcanes.net\/?p=944\" \/>\n<meta property=\"og:locale\" content=\"es_MX\" \/>\n<meta property=\"og:type\" content=\"article\" \/>\n<meta property=\"og:title\" content=\"Sentencian a 60 a\u00f1os de c\u00e1rcel a un secuestrador - Volcanes\" \/>\n<meta property=\"og:description\" content=\"La Autoridad Judicial con sede en Lerma dict\u00f3 una condena de 60 a\u00f1os de prisi\u00f3n\" \/>\n<meta property=\"og:url\" content=\"https:\/\/volcanes.net\/?p=944\" \/>\n<meta property=\"og:site_name\" content=\"Volcanes\" \/>\n<meta property=\"article:publisher\" content=\"https:\/\/www.facebook.com\/volcanes.net\/\" \/>\n<meta property=\"article:published_time\" content=\"2018-02-01T12:59:42+00:00\" \/>\n<meta property=\"og:image\" content=\"https:\/\/volcanes.net\/wp-content\/uploads\/2018\/02\/FOTO-C101-2.jpg\" \/>\n\t<meta property=\"og:image:width\" content=\"325\" \/>\n\t<meta property=\"og:image:height\" content=\"445\" \/>\n\t<meta property=\"og:image:type\" content=\"image\/jpeg\" \/>\n<meta name=\"author\" content=\"admin\" \/>\n<meta name=\"twitter:card\" content=\"summary_large_image\" \/>\n<meta name=\"twitter:label1\" content=\"Escrito por\" \/>\n\t<meta name=\"twitter:data1\" content=\"admin\" \/>\n\t<meta name=\"twitter:label2\" content=\"Tiempo de lectura\" \/>\n\t<meta name=\"twitter:data2\" content=\"1 minuto\" \/>\n<script type=\"application\/ld+json\" class=\"yoast-schema-graph\">{\"@context\":\"https:\/\/schema.org\",\"@graph\":[{\"@type\":\"Article\",\"@id\":\"https:\/\/volcanes.net\/?p=944#article\",\"isPartOf\":{\"@id\":\"https:\/\/volcanes.net\/?p=944\"},\"author\":{\"name\":\"admin\",\"@id\":\"https:\/\/volcanes.net\/#\/schema\/person\/4bf0f383940966a4abd53f5048c0e6b9\"},\"headline\":\"Sentencian a 60 a\u00f1os de c\u00e1rcel a un secuestrador\",\"datePublished\":\"2018-02-01T12:59:42+00:00\",\"mainEntityOfPage\":{\"@id\":\"https:\/\/volcanes.net\/?p=944\"},\"wordCount\":295,\"commentCount\":0,\"publisher\":{\"@id\":\"https:\/\/volcanes.net\/#organization\"},\"image\":{\"@id\":\"https:\/\/volcanes.net\/?p=944#primaryimage\"},\"thumbnailUrl\":\"https:\/\/volcanes.net\/wp-content\/uploads\/2018\/02\/FOTO-C101-2.jpg\",\"keywords\":[\"El Oro\"],\"articleSection\":[\"Municipales\"],\"inLanguage\":\"es\",\"potentialAction\":[{\"@type\":\"CommentAction\",\"name\":\"Comment\",\"target\":[\"https:\/\/volcanes.net\/?p=944#respond\"]}]},{\"@type\":\"WebPage\",\"@id\":\"https:\/\/volcanes.net\/?p=944\",\"url\":\"https:\/\/volcanes.net\/?p=944\",\"name\":\"Sentencian a 60 a\u00f1os de c\u00e1rcel a un secuestrador - Volcanes\",\"isPartOf\":{\"@id\":\"https:\/\/volcanes.net\/#website\"},\"primaryImageOfPage\":{\"@id\":\"https:\/\/volcanes.net\/?p=944#primaryimage\"},\"image\":{\"@id\":\"https:\/\/volcanes.net\/?p=944#primaryimage\"},\"thumbnailUrl\":\"https:\/\/volcanes.net\/wp-content\/uploads\/2018\/02\/FOTO-C101-2.jpg\",\"datePublished\":\"2018-02-01T12:59:42+00:00\",\"breadcrumb\":{\"@id\":\"https:\/\/volcanes.net\/?p=944#breadcrumb\"},\"inLanguage\":\"es\",\"potentialAction\":[{\"@type\":\"ReadAction\",\"target\":[\"https:\/\/volcanes.net\/?p=944\"]}]},{\"@type\":\"ImageObject\",\"inLanguage\":\"es\",\"@id\":\"https:\/\/volcanes.net\/?p=944#primaryimage\",\"url\":\"https:\/\/volcanes.net\/wp-content\/uploads\/2018\/02\/FOTO-C101-2.jpg\",\"contentUrl\":\"https:\/\/volcanes.net\/wp-content\/uploads\/2018\/02\/FOTO-C101-2.jpg\",\"width\":325,\"height\":445},{\"@type\":\"BreadcrumbList\",\"@id\":\"https:\/\/volcanes.net\/?p=944#breadcrumb\",\"itemListElement\":[{\"@type\":\"ListItem\",\"position\":1,\"name\":\"Portada\",\"item\":\"https:\/\/volcanes.net\/\"},{\"@type\":\"ListItem\",\"position\":2,\"name\":\"Sentencian a 60 a\u00f1os de c\u00e1rcel a un secuestrador\"}]},{\"@type\":\"WebSite\",\"@id\":\"https:\/\/volcanes.net\/#website\",\"url\":\"https:\/\/volcanes.net\/\",\"name\":\"Volcanes.Net\",\"description\":\"Periodismo Profesional\",\"publisher\":{\"@id\":\"https:\/\/volcanes.net\/#organization\"},\"potentialAction\":[{\"@type\":\"SearchAction\",\"target\":{\"@type\":\"EntryPoint\",\"urlTemplate\":\"https:\/\/volcanes.net\/?s={search_term_string}\"},\"query-input\":{\"@type\":\"PropertyValueSpecification\",\"valueRequired\":true,\"valueName\":\"search_term_string\"}}],\"inLanguage\":\"es\"},{\"@type\":\"Organization\",\"@id\":\"https:\/\/volcanes.net\/#organization\",\"name\":\"Grupo Volcanes\",\"url\":\"https:\/\/volcanes.net\/\",\"logo\":{\"@type\":\"ImageObject\",\"inLanguage\":\"es\",\"@id\":\"https:\/\/volcanes.net\/#\/schema\/logo\/image\/\",\"url\":\"http:\/\/volcanes.net\/wp-content\/uploads\/2017\/12\/Avatar2.jpg\",\"contentUrl\":\"http:\/\/volcanes.net\/wp-content\/uploads\/2017\/12\/Avatar2.jpg\",\"width\":378,\"height\":378,\"caption\":\"Grupo Volcanes\"},\"image\":{\"@id\":\"https:\/\/volcanes.net\/#\/schema\/logo\/image\/\"},\"sameAs\":[\"https:\/\/www.facebook.com\/volcanes.net\/\"]},{\"@type\":\"Person\",\"@id\":\"https:\/\/volcanes.net\/#\/schema\/person\/4bf0f383940966a4abd53f5048c0e6b9\",\"name\":\"admin\",\"image\":{\"@type\":\"ImageObject\",\"inLanguage\":\"es\",\"@id\":\"https:\/\/volcanes.net\/#\/schema\/person\/image\/\",\"url\":\"https:\/\/secure.gravatar.com\/avatar\/ca004e6cba8462b8cb7abc86e382930c?s=96&d=mm&r=g\",\"contentUrl\":\"https:\/\/secure.gravatar.com\/avatar\/ca004e6cba8462b8cb7abc86e382930c?s=96&d=mm&r=g\",\"caption\":\"admin\"}}]}<\/script>\n<!-- \/ Yoast SEO plugin. -->","yoast_head_json":{"title":"Sentencian a 60 a\u00f1os de c\u00e1rcel a un secuestrador - Volcanes","robots":{"index":"index","follow":"follow","max-snippet":"max-snippet:-1","max-image-preview":"max-image-preview:large","max-video-preview":"max-video-preview:-1"},"canonical":"https:\/\/volcanes.net\/?p=944","og_locale":"es_MX","og_type":"article","og_title":"Sentencian a 60 a\u00f1os de c\u00e1rcel a un secuestrador - Volcanes","og_description":"La Autoridad Judicial con sede en Lerma dict\u00f3 una condena de 60 a\u00f1os de prisi\u00f3n","og_url":"https:\/\/volcanes.net\/?p=944","og_site_name":"Volcanes","article_publisher":"https:\/\/www.facebook.com\/volcanes.net\/","article_published_time":"2018-02-01T12:59:42+00:00","og_image":[{"width":325,"height":445,"url":"https:\/\/volcanes.net\/wp-content\/uploads\/2018\/02\/FOTO-C101-2.jpg","type":"image\/jpeg"}],"author":"admin","twitter_card":"summary_large_image","twitter_misc":{"Escrito por":"admin","Tiempo de lectura":"1 minuto"},"schema":{"@context":"https:\/\/schema.org","@graph":[{"@type":"Article","@id":"https:\/\/volcanes.net\/?p=944#article","isPartOf":{"@id":"https:\/\/volcanes.net\/?p=944"},"author":{"name":"admin","@id":"https:\/\/volcanes.net\/#\/schema\/person\/4bf0f383940966a4abd53f5048c0e6b9"},"headline":"Sentencian a 60 a\u00f1os de c\u00e1rcel a un secuestrador","datePublished":"2018-02-01T12:59:42+00:00","mainEntityOfPage":{"@id":"https:\/\/volcanes.net\/?p=944"},"wordCount":295,"commentCount":0,"publisher":{"@id":"https:\/\/volcanes.net\/#organization"},"image":{"@id":"https:\/\/volcanes.net\/?p=944#primaryimage"},"thumbnailUrl":"https:\/\/volcanes.net\/wp-content\/uploads\/2018\/02\/FOTO-C101-2.jpg","keywords":["El Oro"],"articleSection":["Municipales"],"inLanguage":"es","potentialAction":[{"@type":"CommentAction","name":"Comment","target":["https:\/\/volcanes.net\/?p=944#respond"]}]},{"@type":"WebPage","@id":"https:\/\/volcanes.net\/?p=944","url":"https:\/\/volcanes.net\/?p=944","name":"Sentencian a 60 a\u00f1os de c\u00e1rcel a un secuestrador - Volcanes","isPartOf":{"@id":"https:\/\/volcanes.net\/#website"},"primaryImageOfPage":{"@id":"https:\/\/volcanes.net\/?p=944#primaryimage"},"image":{"@id":"https:\/\/volcanes.net\/?p=944#primaryimage"},"thumbnailUrl":"https:\/\/volcanes.net\/wp-content\/uploads\/2018\/02\/FOTO-C101-2.jpg","datePublished":"2018-02-01T12:59:42+00:00","breadcrumb":{"@id":"https:\/\/volcanes.net\/?p=944#breadcrumb"},"inLanguage":"es","potentialAction":[{"@type":"ReadAction","target":["https:\/\/volcanes.net\/?p=944"]}]},{"@type":"ImageObject","inLanguage":"es","@id":"https:\/\/volcanes.net\/?p=944#primaryimage","url":"https:\/\/volcanes.net\/wp-content\/uploads\/2018\/02\/FOTO-C101-2.jpg","contentUrl":"https:\/\/volcanes.net\/wp-content\/uploads\/2018\/02\/FOTO-C101-2.jpg","width":325,"height":445},{"@type":"BreadcrumbList","@id":"https:\/\/volcanes.net\/?p=944#breadcrumb","itemListElement":[{"@type":"ListItem","position":1,"name":"Portada","item":"https:\/\/volcanes.net\/"},{"@type":"ListItem","position":2,"name":"Sentencian a 60 a\u00f1os de c\u00e1rcel a un secuestrador"}]},{"@type":"WebSite","@id":"https:\/\/volcanes.net\/#website","url":"https:\/\/volcanes.net\/","name":"Volcanes.Net","description":"Periodismo Profesional","publisher":{"@id":"https:\/\/volcanes.net\/#organization"},"potentialAction":[{"@type":"SearchAction","target":{"@type":"EntryPoint","urlTemplate":"https:\/\/volcanes.net\/?s={search_term_string}"},"query-input":{"@type":"PropertyValueSpecification","valueRequired":true,"valueName":"search_term_string"}}],"inLanguage":"es"},{"@type":"Organization","@id":"https:\/\/volcanes.net\/#organization","name":"Grupo Volcanes","url":"https:\/\/volcanes.net\/","logo":{"@type":"ImageObject","inLanguage":"es","@id":"https:\/\/volcanes.net\/#\/schema\/logo\/image\/","url":"http:\/\/volcanes.net\/wp-content\/uploads\/2017\/12\/Avatar2.jpg","contentUrl":"http:\/\/volcanes.net\/wp-content\/uploads\/2017\/12\/Avatar2.jpg","width":378,"height":378,"caption":"Grupo Volcanes"},"image":{"@id":"https:\/\/volcanes.net\/#\/schema\/logo\/image\/"},"sameAs":["https:\/\/www.facebook.com\/volcanes.net\/"]},{"@type":"Person","@id":"https:\/\/volcanes.net\/#\/schema\/person\/4bf0f383940966a4abd53f5048c0e6b9","name":"admin","image":{"@type":"ImageObject","inLanguage":"es","@id":"https:\/\/volcanes.net\/#\/schema\/person\/image\/","url":"https:\/\/secure.gravatar.com\/avatar\/ca004e6cba8462b8cb7abc86e382930c?s=96&d=mm&r=g","contentUrl":"https:\/\/secure.gravatar.com\/avatar\/ca004e6cba8462b8cb7abc86e382930c?s=96&d=mm&r=g","caption":"admin"}}]}},"_links":{"self":[{"href":"https:\/\/volcanes.net\/index.php?rest_route=\/wp\/v2\/posts\/944"}],"collection":[{"href":"https:\/\/volcanes.net\/index.php?rest_route=\/wp\/v2\/posts"}],"about":[{"href":"https:\/\/volcanes.net\/index.php?rest_route=\/wp\/v2\/types\/post"}],"author":[{"embeddable":true,"href":"https:\/\/volcanes.net\/index.php?rest_route=\/wp\/v2\/users\/1"}],"replies":[{"embeddable":true,"href":"https:\/\/volcanes.net\/index.php?rest_route=%2Fwp%2Fv2%2Fcomments&post=944"}],"version-history":[{"count":1,"href":"https:\/\/volcanes.net\/index.php?rest_route=\/wp\/v2\/posts\/944\/revisions"}],"predecessor-version":[{"id":945,"href":"https:\/\/volcanes.net\/index.php?rest_route=\/wp\/v2\/posts\/944\/revisions\/945"}],"wp:featuredmedia":[{"embeddable":true,"href":"https:\/\/volcanes.net\/index.php?rest_route=\/wp\/v2\/media\/941"}],"wp:attachment":[{"href":"https:\/\/volcanes.net\/index.php?rest_route=%2Fwp%2Fv2%2Fmedia&parent=944"}],"wp:term":[{"taxonomy":"category","embeddable":true,"href":"https:\/\/volcanes.net\/index.php?rest_route=%2Fwp%2Fv2%2Fcategories&post=944"},{"taxonomy":"post_tag","embeddable":true,"href":"https:\/\/volcanes.net\/index.php?rest_route=%2Fwp%2Fv2%2Ftags&post=944"}],"curies":[{"name":"wp","href":"https:\/\/api.w.org\/{rel}","templated":true}]}}