{"id":9446,"date":"2020-12-07T22:55:24","date_gmt":"2020-12-08T04:55:24","guid":{"rendered":"http:\/\/volcanes.net\/?p=9446"},"modified":"2020-12-07T22:55:24","modified_gmt":"2020-12-08T04:55:24","slug":"edil-de-temamatla-pidio-durante-su-2do-informe-de-gobierno-la-reintegracion-de-los-recursos-recortados-debido-a-la-pandemia","status":"publish","type":"post","link":"https:\/\/volcanes.net\/?p=9446","title":{"rendered":"Edil de Temamatla pidi\u00f3 durante su 2do Informe de Gobierno la reintegraci\u00f3n de los recursos recortados debido a la pandemia"},"content":{"rendered":"<div style=\"margin-top: 0px; margin-bottom: 0px;\" class=\"sharethis-inline-share-buttons\" ><\/div><p style=\"text-align: justify;\">Temamatla, Estado de M\u00e9xico.- &#8220;Que el Estado nos reintegre el presupuesto que nos recortaron para seguir trabajando&#8221; dijo Juan Mart\u00edn Orozpe P\u00e9rez, presidente de este municipio mexiquense, durante su segundo informe de gobierno.<\/p>\n<p style=\"text-align: justify;\">As\u00ed mismo, coment\u00f3 que debido a la pandemia por el virus SARS-Cov-2, se les recort\u00f3 su presupuesto para ejecutar obras y acciones a favor de la poblaci\u00f3n, &#8220;No pudimos llevar a cabo muchas obras debido a que nos recortaron nuestro presupuesto, lo que afect\u00f3 las obras que se realizar\u00edan en la localidad, por lo que pidi\u00f3 que se contemple reintegrar dichos recursos, debido a que, por tal motivo, no se realiz\u00f3 todo lo que se hab\u00eda programado&#8221; dijo el edil.<\/p>\n<p style=\"text-align: justify;\">Destac\u00f3 que durante la pandemia han llevado a cabo acciones a favor de la poblaci\u00f3n, como campa\u00f1as de concientizaci\u00f3n con el uso de cubrebocas, se convers\u00f3 con comerciantes, taxistas y l\u00edderes de transporte p\u00fablico para lograr la sanitizacion de las unidades y que en el tianguis se use el cubre bocas y gel, adem\u00e1s, el munic\u00edpe recalc\u00f3 que no dan permiso para fiestas, con el fin de evitar posibles contagios.<\/p>\n<p style=\"text-align: justify;\">El edil destac\u00f3 que se hicieron obras y acciones a favor de la poblaci\u00f3n, &#8220;hicimos la donaci\u00f3n de un mes de salario para un programa que denominamos <em>&#8220;Juntos comemos todos&#8221;<\/em>, para apoyar a la poblaci\u00f3n que se qued\u00f3 sin fuente de ingresos y para evitar que se quedar\u00e1n sin alimentos, un programa que dur\u00f3 mes y medio, entregamos apoyos alimentarios porque era necesario&#8221;.<\/p>\n<p style=\"text-align: justify;\">El edil asever\u00f3 que se han hecho acciones en las escuelas, como la apertura de la biblioteca digital d\u00f3nde ni\u00f1os y j\u00f3venes puedan acceder al Internet, adas de apoyar a la cultura\u00bb.<\/p>\n<p style=\"text-align: justify;\">Orozpe P\u00e9rez concluy\u00f3 su informe diciendo que su gobierno seguir\u00e1 trabajando con el objetivo de mejorar las condiciones de vida de los habitantes y de la infraestructura del municipio.<\/p>\n","protected":false},"excerpt":{"rendered":"<p>Temamatla, Estado de M\u00e9xico.- &#8220;Que el Estado nos reintegre el presupuesto que nos recortaron para<\/p>\n","protected":false},"author":1,"featured_media":9447,"comment_status":"open","ping_status":"open","sticky":false,"template":"","format":"standard","meta":{"footnotes":""},"categories":[1],"tags":[236],"class_list":["post-9446","post","type-post","status-publish","format-standard","has-post-thumbnail","hentry","category-municipales","tag-temamatla"],"yoast_head":"<!-- This site is optimized with the Yoast SEO plugin v25.3 - https:\/\/yoast.com\/wordpress\/plugins\/seo\/ -->\n<title>Edil de Temamatla pidi\u00f3 durante su 2do Informe de Gobierno la reintegraci\u00f3n de los recursos recortados debido a la pandemia - Volcanes<\/title>\n<meta name=\"robots\" content=\"index, follow, max-snippet:-1, max-image-preview:large, max-video-preview:-1\" \/>\n<link rel=\"canonical\" href=\"https:\/\/volcanes.net\/?p=9446\" \/>\n<meta property=\"og:locale\" content=\"es_MX\" \/>\n<meta property=\"og:type\" content=\"article\" \/>\n<meta property=\"og:title\" content=\"Edil de Temamatla pidi\u00f3 durante su 2do Informe de Gobierno la reintegraci\u00f3n de los recursos recortados debido a la pandemia - Volcanes\" \/>\n<meta property=\"og:description\" content=\"Temamatla, Estado de M\u00e9xico.- &#8220;Que el Estado nos reintegre el presupuesto que nos recortaron para\" \/>\n<meta property=\"og:url\" content=\"https:\/\/volcanes.net\/?p=9446\" \/>\n<meta property=\"og:site_name\" content=\"Volcanes\" \/>\n<meta property=\"article:publisher\" content=\"https:\/\/www.facebook.com\/volcanes.net\/\" \/>\n<meta property=\"article:published_time\" content=\"2020-12-08T04:55:24+00:00\" \/>\n<meta property=\"og:image\" content=\"https:\/\/volcanes.net\/wp-content\/uploads\/2020\/12\/FB_IMG_1607321928122.jpg\" \/>\n\t<meta property=\"og:image:width\" content=\"720\" \/>\n\t<meta property=\"og:image:height\" content=\"480\" \/>\n\t<meta property=\"og:image:type\" content=\"image\/jpeg\" \/>\n<meta name=\"author\" content=\"admin\" \/>\n<meta name=\"twitter:card\" content=\"summary_large_image\" \/>\n<meta name=\"twitter:label1\" content=\"Escrito por\" \/>\n\t<meta name=\"twitter:data1\" content=\"admin\" \/>\n\t<meta name=\"twitter:label2\" content=\"Tiempo de lectura\" \/>\n\t<meta name=\"twitter:data2\" content=\"2 minutos\" \/>\n<script type=\"application\/ld+json\" class=\"yoast-schema-graph\">{\"@context\":\"https:\/\/schema.org\",\"@graph\":[{\"@type\":\"Article\",\"@id\":\"https:\/\/volcanes.net\/?p=9446#article\",\"isPartOf\":{\"@id\":\"https:\/\/volcanes.net\/?p=9446\"},\"author\":{\"name\":\"admin\",\"@id\":\"https:\/\/volcanes.net\/#\/schema\/person\/4bf0f383940966a4abd53f5048c0e6b9\"},\"headline\":\"Edil de Temamatla pidi\u00f3 durante su 2do Informe de Gobierno la reintegraci\u00f3n de los recursos recortados debido a la pandemia\",\"datePublished\":\"2020-12-08T04:55:24+00:00\",\"mainEntityOfPage\":{\"@id\":\"https:\/\/volcanes.net\/?p=9446\"},\"wordCount\":350,\"commentCount\":0,\"publisher\":{\"@id\":\"https:\/\/volcanes.net\/#organization\"},\"image\":{\"@id\":\"https:\/\/volcanes.net\/?p=9446#primaryimage\"},\"thumbnailUrl\":\"https:\/\/volcanes.net\/wp-content\/uploads\/2020\/12\/FB_IMG_1607321928122.jpg\",\"keywords\":[\"Temamatla\"],\"articleSection\":[\"Municipales\"],\"inLanguage\":\"es\",\"potentialAction\":[{\"@type\":\"CommentAction\",\"name\":\"Comment\",\"target\":[\"https:\/\/volcanes.net\/?p=9446#respond\"]}]},{\"@type\":\"WebPage\",\"@id\":\"https:\/\/volcanes.net\/?p=9446\",\"url\":\"https:\/\/volcanes.net\/?p=9446\",\"name\":\"Edil de Temamatla pidi\u00f3 durante su 2do Informe de Gobierno la reintegraci\u00f3n de los recursos recortados debido a la pandemia - Volcanes\",\"isPartOf\":{\"@id\":\"https:\/\/volcanes.net\/#website\"},\"primaryImageOfPage\":{\"@id\":\"https:\/\/volcanes.net\/?p=9446#primaryimage\"},\"image\":{\"@id\":\"https:\/\/volcanes.net\/?p=9446#primaryimage\"},\"thumbnailUrl\":\"https:\/\/volcanes.net\/wp-content\/uploads\/2020\/12\/FB_IMG_1607321928122.jpg\",\"datePublished\":\"2020-12-08T04:55:24+00:00\",\"breadcrumb\":{\"@id\":\"https:\/\/volcanes.net\/?p=9446#breadcrumb\"},\"inLanguage\":\"es\",\"potentialAction\":[{\"@type\":\"ReadAction\",\"target\":[\"https:\/\/volcanes.net\/?p=9446\"]}]},{\"@type\":\"ImageObject\",\"inLanguage\":\"es\",\"@id\":\"https:\/\/volcanes.net\/?p=9446#primaryimage\",\"url\":\"https:\/\/volcanes.net\/wp-content\/uploads\/2020\/12\/FB_IMG_1607321928122.jpg\",\"contentUrl\":\"https:\/\/volcanes.net\/wp-content\/uploads\/2020\/12\/FB_IMG_1607321928122.jpg\",\"width\":720,\"height\":480},{\"@type\":\"BreadcrumbList\",\"@id\":\"https:\/\/volcanes.net\/?p=9446#breadcrumb\",\"itemListElement\":[{\"@type\":\"ListItem\",\"position\":1,\"name\":\"Portada\",\"item\":\"https:\/\/volcanes.net\/\"},{\"@type\":\"ListItem\",\"position\":2,\"name\":\"Edil de Temamatla pidi\u00f3 durante su 2do Informe de Gobierno la reintegraci\u00f3n de los recursos recortados debido a la pandemia\"}]},{\"@type\":\"WebSite\",\"@id\":\"https:\/\/volcanes.net\/#website\",\"url\":\"https:\/\/volcanes.net\/\",\"name\":\"Volcanes.Net\",\"description\":\"Periodismo Profesional\",\"publisher\":{\"@id\":\"https:\/\/volcanes.net\/#organization\"},\"potentialAction\":[{\"@type\":\"SearchAction\",\"target\":{\"@type\":\"EntryPoint\",\"urlTemplate\":\"https:\/\/volcanes.net\/?s={search_term_string}\"},\"query-input\":{\"@type\":\"PropertyValueSpecification\",\"valueRequired\":true,\"valueName\":\"search_term_string\"}}],\"inLanguage\":\"es\"},{\"@type\":\"Organization\",\"@id\":\"https:\/\/volcanes.net\/#organization\",\"name\":\"Grupo Volcanes\",\"url\":\"https:\/\/volcanes.net\/\",\"logo\":{\"@type\":\"ImageObject\",\"inLanguage\":\"es\",\"@id\":\"https:\/\/volcanes.net\/#\/schema\/logo\/image\/\",\"url\":\"http:\/\/volcanes.net\/wp-content\/uploads\/2017\/12\/Avatar2.jpg\",\"contentUrl\":\"http:\/\/volcanes.net\/wp-content\/uploads\/2017\/12\/Avatar2.jpg\",\"width\":378,\"height\":378,\"caption\":\"Grupo Volcanes\"},\"image\":{\"@id\":\"https:\/\/volcanes.net\/#\/schema\/logo\/image\/\"},\"sameAs\":[\"https:\/\/www.facebook.com\/volcanes.net\/\"]},{\"@type\":\"Person\",\"@id\":\"https:\/\/volcanes.net\/#\/schema\/person\/4bf0f383940966a4abd53f5048c0e6b9\",\"name\":\"admin\",\"image\":{\"@type\":\"ImageObject\",\"inLanguage\":\"es\",\"@id\":\"https:\/\/volcanes.net\/#\/schema\/person\/image\/\",\"url\":\"https:\/\/secure.gravatar.com\/avatar\/ca004e6cba8462b8cb7abc86e382930c?s=96&d=mm&r=g\",\"contentUrl\":\"https:\/\/secure.gravatar.com\/avatar\/ca004e6cba8462b8cb7abc86e382930c?s=96&d=mm&r=g\",\"caption\":\"admin\"}}]}<\/script>\n<!-- \/ Yoast SEO plugin. -->","yoast_head_json":{"title":"Edil de Temamatla pidi\u00f3 durante su 2do Informe de Gobierno la reintegraci\u00f3n de los recursos recortados debido a la pandemia - Volcanes","robots":{"index":"index","follow":"follow","max-snippet":"max-snippet:-1","max-image-preview":"max-image-preview:large","max-video-preview":"max-video-preview:-1"},"canonical":"https:\/\/volcanes.net\/?p=9446","og_locale":"es_MX","og_type":"article","og_title":"Edil de Temamatla pidi\u00f3 durante su 2do Informe de Gobierno la reintegraci\u00f3n de los recursos recortados debido a la pandemia - Volcanes","og_description":"Temamatla, Estado de M\u00e9xico.- &#8220;Que el Estado nos reintegre el presupuesto que nos recortaron para","og_url":"https:\/\/volcanes.net\/?p=9446","og_site_name":"Volcanes","article_publisher":"https:\/\/www.facebook.com\/volcanes.net\/","article_published_time":"2020-12-08T04:55:24+00:00","og_image":[{"width":720,"height":480,"url":"https:\/\/volcanes.net\/wp-content\/uploads\/2020\/12\/FB_IMG_1607321928122.jpg","type":"image\/jpeg"}],"author":"admin","twitter_card":"summary_large_image","twitter_misc":{"Escrito por":"admin","Tiempo de lectura":"2 minutos"},"schema":{"@context":"https:\/\/schema.org","@graph":[{"@type":"Article","@id":"https:\/\/volcanes.net\/?p=9446#article","isPartOf":{"@id":"https:\/\/volcanes.net\/?p=9446"},"author":{"name":"admin","@id":"https:\/\/volcanes.net\/#\/schema\/person\/4bf0f383940966a4abd53f5048c0e6b9"},"headline":"Edil de Temamatla pidi\u00f3 durante su 2do Informe de Gobierno la reintegraci\u00f3n de los recursos recortados debido a la pandemia","datePublished":"2020-12-08T04:55:24+00:00","mainEntityOfPage":{"@id":"https:\/\/volcanes.net\/?p=9446"},"wordCount":350,"commentCount":0,"publisher":{"@id":"https:\/\/volcanes.net\/#organization"},"image":{"@id":"https:\/\/volcanes.net\/?p=9446#primaryimage"},"thumbnailUrl":"https:\/\/volcanes.net\/wp-content\/uploads\/2020\/12\/FB_IMG_1607321928122.jpg","keywords":["Temamatla"],"articleSection":["Municipales"],"inLanguage":"es","potentialAction":[{"@type":"CommentAction","name":"Comment","target":["https:\/\/volcanes.net\/?p=9446#respond"]}]},{"@type":"WebPage","@id":"https:\/\/volcanes.net\/?p=9446","url":"https:\/\/volcanes.net\/?p=9446","name":"Edil de Temamatla pidi\u00f3 durante su 2do Informe de Gobierno la reintegraci\u00f3n de los recursos recortados debido a la pandemia - Volcanes","isPartOf":{"@id":"https:\/\/volcanes.net\/#website"},"primaryImageOfPage":{"@id":"https:\/\/volcanes.net\/?p=9446#primaryimage"},"image":{"@id":"https:\/\/volcanes.net\/?p=9446#primaryimage"},"thumbnailUrl":"https:\/\/volcanes.net\/wp-content\/uploads\/2020\/12\/FB_IMG_1607321928122.jpg","datePublished":"2020-12-08T04:55:24+00:00","breadcrumb":{"@id":"https:\/\/volcanes.net\/?p=9446#breadcrumb"},"inLanguage":"es","potentialAction":[{"@type":"ReadAction","target":["https:\/\/volcanes.net\/?p=9446"]}]},{"@type":"ImageObject","inLanguage":"es","@id":"https:\/\/volcanes.net\/?p=9446#primaryimage","url":"https:\/\/volcanes.net\/wp-content\/uploads\/2020\/12\/FB_IMG_1607321928122.jpg","contentUrl":"https:\/\/volcanes.net\/wp-content\/uploads\/2020\/12\/FB_IMG_1607321928122.jpg","width":720,"height":480},{"@type":"BreadcrumbList","@id":"https:\/\/volcanes.net\/?p=9446#breadcrumb","itemListElement":[{"@type":"ListItem","position":1,"name":"Portada","item":"https:\/\/volcanes.net\/"},{"@type":"ListItem","position":2,"name":"Edil de Temamatla pidi\u00f3 durante su 2do Informe de Gobierno la reintegraci\u00f3n de los recursos recortados debido a la pandemia"}]},{"@type":"WebSite","@id":"https:\/\/volcanes.net\/#website","url":"https:\/\/volcanes.net\/","name":"Volcanes.Net","description":"Periodismo Profesional","publisher":{"@id":"https:\/\/volcanes.net\/#organization"},"potentialAction":[{"@type":"SearchAction","target":{"@type":"EntryPoint","urlTemplate":"https:\/\/volcanes.net\/?s={search_term_string}"},"query-input":{"@type":"PropertyValueSpecification","valueRequired":true,"valueName":"search_term_string"}}],"inLanguage":"es"},{"@type":"Organization","@id":"https:\/\/volcanes.net\/#organization","name":"Grupo Volcanes","url":"https:\/\/volcanes.net\/","logo":{"@type":"ImageObject","inLanguage":"es","@id":"https:\/\/volcanes.net\/#\/schema\/logo\/image\/","url":"http:\/\/volcanes.net\/wp-content\/uploads\/2017\/12\/Avatar2.jpg","contentUrl":"http:\/\/volcanes.net\/wp-content\/uploads\/2017\/12\/Avatar2.jpg","width":378,"height":378,"caption":"Grupo Volcanes"},"image":{"@id":"https:\/\/volcanes.net\/#\/schema\/logo\/image\/"},"sameAs":["https:\/\/www.facebook.com\/volcanes.net\/"]},{"@type":"Person","@id":"https:\/\/volcanes.net\/#\/schema\/person\/4bf0f383940966a4abd53f5048c0e6b9","name":"admin","image":{"@type":"ImageObject","inLanguage":"es","@id":"https:\/\/volcanes.net\/#\/schema\/person\/image\/","url":"https:\/\/secure.gravatar.com\/avatar\/ca004e6cba8462b8cb7abc86e382930c?s=96&d=mm&r=g","contentUrl":"https:\/\/secure.gravatar.com\/avatar\/ca004e6cba8462b8cb7abc86e382930c?s=96&d=mm&r=g","caption":"admin"}}]}},"_links":{"self":[{"href":"https:\/\/volcanes.net\/index.php?rest_route=\/wp\/v2\/posts\/9446"}],"collection":[{"href":"https:\/\/volcanes.net\/index.php?rest_route=\/wp\/v2\/posts"}],"about":[{"href":"https:\/\/volcanes.net\/index.php?rest_route=\/wp\/v2\/types\/post"}],"author":[{"embeddable":true,"href":"https:\/\/volcanes.net\/index.php?rest_route=\/wp\/v2\/users\/1"}],"replies":[{"embeddable":true,"href":"https:\/\/volcanes.net\/index.php?rest_route=%2Fwp%2Fv2%2Fcomments&post=9446"}],"version-history":[{"count":1,"href":"https:\/\/volcanes.net\/index.php?rest_route=\/wp\/v2\/posts\/9446\/revisions"}],"predecessor-version":[{"id":9448,"href":"https:\/\/volcanes.net\/index.php?rest_route=\/wp\/v2\/posts\/9446\/revisions\/9448"}],"wp:featuredmedia":[{"embeddable":true,"href":"https:\/\/volcanes.net\/index.php?rest_route=\/wp\/v2\/media\/9447"}],"wp:attachment":[{"href":"https:\/\/volcanes.net\/index.php?rest_route=%2Fwp%2Fv2%2Fmedia&parent=9446"}],"wp:term":[{"taxonomy":"category","embeddable":true,"href":"https:\/\/volcanes.net\/index.php?rest_route=%2Fwp%2Fv2%2Fcategories&post=9446"},{"taxonomy":"post_tag","embeddable":true,"href":"https:\/\/volcanes.net\/index.php?rest_route=%2Fwp%2Fv2%2Ftags&post=9446"}],"curies":[{"name":"wp","href":"https:\/\/api.w.org\/{rel}","templated":true}]}}