{"id":9449,"date":"2020-12-08T10:24:04","date_gmt":"2020-12-08T16:24:04","guid":{"rendered":"http:\/\/volcanes.net\/?p=9449"},"modified":"2020-12-08T10:24:41","modified_gmt":"2020-12-08T16:24:41","slug":"los-recuerdos-del-2021-quedaran-etiquetados-en-obras-miguel-gutierrez","status":"publish","type":"post","link":"https:\/\/volcanes.net\/?p=9449","title":{"rendered":"Los recuerdos del 2021 quedar\u00e1n etiquetados en obras; Miguel Guti\u00e9rrez"},"content":{"rendered":"<div style=\"margin-top: 0px; margin-bottom: 0px;\" class=\"sharethis-inline-share-buttons\" ><\/div><p style=\"text-align: justify;\">Chalco, Estado de M\u00e9xico.-\u00a0 &#8220;No habr\u00e1 a\u00f1o de Hidalgo, todos los recursos para el 2021, quedar\u00e1n etiquetados para obras y acciones durante el mes de febrero&#8221;, dijo Miguel Guti\u00e9rrez Morales, presidente municipal de Chalco, durante su segundo informe de labores.<\/p>\n<p style=\"text-align: justify;\">El mun\u00edcipe reconoci\u00f3 que la reducci\u00f3n en materia de gastos personales ha provocado que se tenga un ahorro de dos millones de pesos, &#8220;no tenemos autos rentados y no podemos darles ning\u00fan auto a los regidores ni arrentar nada, ya no podemos pagar porque debemos ahorrar&#8221;.<\/p>\n<p style=\"text-align: justify;\">Dijo que se ha reducido el \u00edndice de violencia, por la estrategia que ha impulsado su administraci\u00f3n y la presencia de la guardia nacional con los dos cuarteles que hay en la localidad.<\/p>\n<p style=\"text-align: justify;\">Asever\u00f3 que para apoyar a los chalquenses en est\u00e1s \u00e9pocas de crisis, \u00absometer\u00e9 a consideraci\u00f3n del ayuntamiento la propuesta y, en su caso, aprobaci\u00f3n del programa denominado: &#8220;Borr\u00f3n y Cuenta Nueva\u201d del impuesto predial, como apoyo a los ciudadanos de Chalco, durante esta pandemia&#8221; agreg\u00f3 Guti\u00e9rrez Morales.<\/p>\n<p style=\"text-align: justify;\">El alcalde dijo que s\u00ed gobierno es transparente y se tiene todo en orden por eso los reconocimientos que ha crecibido por ser uno de los gobiernos con buenas finanzas, p\u00e1gina amigable para los pobladores.<\/p>\n<p style=\"text-align: justify;\">Se\u00f1al\u00f3 que agradece al gobierno del Estado de M\u00e9xico, por las obras en beneficio de la p\u00f3blacion, &#8220;agradezco las atenciones del gobierno estatal y gobierno de M\u00e9xico por el programa Mi M\u00e9xico Late por haber invertido m\u00e1s $3 188 millones en la modificaci\u00f3n del centro hist\u00f3rico de Chalco, y la construcci\u00f3n de parques deportivos en las delegaciones de la entidad, y que nos hayan ayudado con la remodelaci\u00f3n del CRIS y que se abrir\u00e1 en cuanto nos den la se\u00f1al para reabrirlo&#8221;.<\/p>\n<p style=\"text-align: justify;\">Reconoci\u00f3 la labor de hombres y mujeres que trabajan d\u00eda a d\u00eda para salir adelante y que Chalco sea un mejor lugar para vivir, &#8220;se han hecho obras que en otras administraciones no se hab\u00edan realizado como el pozo de agua y drenaje en San Pablo Atlazalpan, la inversi\u00f3n fue superior, por ello seguiremos trabajando&#8221;.<\/p>\n<p style=\"text-align: justify;\">El mun\u00edcipe asegur\u00f3 que continuar\u00e1n realizando obras para apoyar a la poblaci\u00f3n y asegur\u00f3 que continuar\u00e1n con la austeridad y ahorrar dinero para seguir trabando a a favor de los que menos tienen.<\/p>\n<p style=\"text-align: justify;\">\n","protected":false},"excerpt":{"rendered":"<p>Chalco, Estado de M\u00e9xico.-\u00a0 &#8220;No habr\u00e1 a\u00f1o de Hidalgo, todos los recursos para el 2021,<\/p>\n","protected":false},"author":1,"featured_media":9450,"comment_status":"open","ping_status":"open","sticky":false,"template":"","format":"standard","meta":{"footnotes":""},"categories":[1],"tags":[9],"class_list":["post-9449","post","type-post","status-publish","format-standard","has-post-thumbnail","hentry","category-municipales","tag-chalco"],"yoast_head":"<!-- This site is optimized with the Yoast SEO plugin v25.3 - https:\/\/yoast.com\/wordpress\/plugins\/seo\/ -->\n<title>Los recuerdos del 2021 quedar\u00e1n etiquetados en obras; Miguel Guti\u00e9rrez - Volcanes<\/title>\n<meta name=\"robots\" content=\"index, follow, max-snippet:-1, max-image-preview:large, max-video-preview:-1\" \/>\n<link rel=\"canonical\" href=\"https:\/\/volcanes.net\/?p=9449\" \/>\n<meta property=\"og:locale\" content=\"es_MX\" \/>\n<meta property=\"og:type\" content=\"article\" \/>\n<meta property=\"og:title\" content=\"Los recuerdos del 2021 quedar\u00e1n etiquetados en obras; Miguel Guti\u00e9rrez - Volcanes\" \/>\n<meta property=\"og:description\" content=\"Chalco, Estado de M\u00e9xico.-\u00a0 &#8220;No habr\u00e1 a\u00f1o de Hidalgo, todos los recursos para el 2021,\" \/>\n<meta property=\"og:url\" content=\"https:\/\/volcanes.net\/?p=9449\" \/>\n<meta property=\"og:site_name\" content=\"Volcanes\" \/>\n<meta property=\"article:publisher\" content=\"https:\/\/www.facebook.com\/volcanes.net\/\" \/>\n<meta property=\"article:published_time\" content=\"2020-12-08T16:24:04+00:00\" \/>\n<meta property=\"article:modified_time\" content=\"2020-12-08T16:24:41+00:00\" \/>\n<meta property=\"og:image\" content=\"https:\/\/volcanes.net\/wp-content\/uploads\/2020\/12\/FB_IMG_1607438045758.jpg\" \/>\n\t<meta property=\"og:image:width\" content=\"721\" \/>\n\t<meta property=\"og:image:height\" content=\"480\" \/>\n\t<meta property=\"og:image:type\" content=\"image\/jpeg\" \/>\n<meta name=\"author\" content=\"admin\" \/>\n<meta name=\"twitter:card\" content=\"summary_large_image\" \/>\n<meta name=\"twitter:label1\" content=\"Escrito por\" \/>\n\t<meta name=\"twitter:data1\" content=\"admin\" \/>\n\t<meta name=\"twitter:label2\" content=\"Tiempo de lectura\" \/>\n\t<meta name=\"twitter:data2\" content=\"2 minutos\" \/>\n<script type=\"application\/ld+json\" class=\"yoast-schema-graph\">{\"@context\":\"https:\/\/schema.org\",\"@graph\":[{\"@type\":\"Article\",\"@id\":\"https:\/\/volcanes.net\/?p=9449#article\",\"isPartOf\":{\"@id\":\"https:\/\/volcanes.net\/?p=9449\"},\"author\":{\"name\":\"admin\",\"@id\":\"https:\/\/volcanes.net\/#\/schema\/person\/4bf0f383940966a4abd53f5048c0e6b9\"},\"headline\":\"Los recuerdos del 2021 quedar\u00e1n etiquetados en obras; Miguel Guti\u00e9rrez\",\"datePublished\":\"2020-12-08T16:24:04+00:00\",\"dateModified\":\"2020-12-08T16:24:41+00:00\",\"mainEntityOfPage\":{\"@id\":\"https:\/\/volcanes.net\/?p=9449\"},\"wordCount\":413,\"commentCount\":0,\"publisher\":{\"@id\":\"https:\/\/volcanes.net\/#organization\"},\"image\":{\"@id\":\"https:\/\/volcanes.net\/?p=9449#primaryimage\"},\"thumbnailUrl\":\"https:\/\/volcanes.net\/wp-content\/uploads\/2020\/12\/FB_IMG_1607438045758.jpg\",\"keywords\":[\"Chalco\"],\"articleSection\":[\"Municipales\"],\"inLanguage\":\"es\",\"potentialAction\":[{\"@type\":\"CommentAction\",\"name\":\"Comment\",\"target\":[\"https:\/\/volcanes.net\/?p=9449#respond\"]}]},{\"@type\":\"WebPage\",\"@id\":\"https:\/\/volcanes.net\/?p=9449\",\"url\":\"https:\/\/volcanes.net\/?p=9449\",\"name\":\"Los recuerdos del 2021 quedar\u00e1n etiquetados en obras; Miguel Guti\u00e9rrez - Volcanes\",\"isPartOf\":{\"@id\":\"https:\/\/volcanes.net\/#website\"},\"primaryImageOfPage\":{\"@id\":\"https:\/\/volcanes.net\/?p=9449#primaryimage\"},\"image\":{\"@id\":\"https:\/\/volcanes.net\/?p=9449#primaryimage\"},\"thumbnailUrl\":\"https:\/\/volcanes.net\/wp-content\/uploads\/2020\/12\/FB_IMG_1607438045758.jpg\",\"datePublished\":\"2020-12-08T16:24:04+00:00\",\"dateModified\":\"2020-12-08T16:24:41+00:00\",\"breadcrumb\":{\"@id\":\"https:\/\/volcanes.net\/?p=9449#breadcrumb\"},\"inLanguage\":\"es\",\"potentialAction\":[{\"@type\":\"ReadAction\",\"target\":[\"https:\/\/volcanes.net\/?p=9449\"]}]},{\"@type\":\"ImageObject\",\"inLanguage\":\"es\",\"@id\":\"https:\/\/volcanes.net\/?p=9449#primaryimage\",\"url\":\"https:\/\/volcanes.net\/wp-content\/uploads\/2020\/12\/FB_IMG_1607438045758.jpg\",\"contentUrl\":\"https:\/\/volcanes.net\/wp-content\/uploads\/2020\/12\/FB_IMG_1607438045758.jpg\",\"width\":721,\"height\":480},{\"@type\":\"BreadcrumbList\",\"@id\":\"https:\/\/volcanes.net\/?p=9449#breadcrumb\",\"itemListElement\":[{\"@type\":\"ListItem\",\"position\":1,\"name\":\"Portada\",\"item\":\"https:\/\/volcanes.net\/\"},{\"@type\":\"ListItem\",\"position\":2,\"name\":\"Los recuerdos del 2021 quedar\u00e1n etiquetados en obras; Miguel Guti\u00e9rrez\"}]},{\"@type\":\"WebSite\",\"@id\":\"https:\/\/volcanes.net\/#website\",\"url\":\"https:\/\/volcanes.net\/\",\"name\":\"Volcanes.Net\",\"description\":\"Periodismo Profesional\",\"publisher\":{\"@id\":\"https:\/\/volcanes.net\/#organization\"},\"potentialAction\":[{\"@type\":\"SearchAction\",\"target\":{\"@type\":\"EntryPoint\",\"urlTemplate\":\"https:\/\/volcanes.net\/?s={search_term_string}\"},\"query-input\":{\"@type\":\"PropertyValueSpecification\",\"valueRequired\":true,\"valueName\":\"search_term_string\"}}],\"inLanguage\":\"es\"},{\"@type\":\"Organization\",\"@id\":\"https:\/\/volcanes.net\/#organization\",\"name\":\"Grupo Volcanes\",\"url\":\"https:\/\/volcanes.net\/\",\"logo\":{\"@type\":\"ImageObject\",\"inLanguage\":\"es\",\"@id\":\"https:\/\/volcanes.net\/#\/schema\/logo\/image\/\",\"url\":\"http:\/\/volcanes.net\/wp-content\/uploads\/2017\/12\/Avatar2.jpg\",\"contentUrl\":\"http:\/\/volcanes.net\/wp-content\/uploads\/2017\/12\/Avatar2.jpg\",\"width\":378,\"height\":378,\"caption\":\"Grupo Volcanes\"},\"image\":{\"@id\":\"https:\/\/volcanes.net\/#\/schema\/logo\/image\/\"},\"sameAs\":[\"https:\/\/www.facebook.com\/volcanes.net\/\"]},{\"@type\":\"Person\",\"@id\":\"https:\/\/volcanes.net\/#\/schema\/person\/4bf0f383940966a4abd53f5048c0e6b9\",\"name\":\"admin\",\"image\":{\"@type\":\"ImageObject\",\"inLanguage\":\"es\",\"@id\":\"https:\/\/volcanes.net\/#\/schema\/person\/image\/\",\"url\":\"https:\/\/secure.gravatar.com\/avatar\/ca004e6cba8462b8cb7abc86e382930c?s=96&d=mm&r=g\",\"contentUrl\":\"https:\/\/secure.gravatar.com\/avatar\/ca004e6cba8462b8cb7abc86e382930c?s=96&d=mm&r=g\",\"caption\":\"admin\"}}]}<\/script>\n<!-- \/ Yoast SEO plugin. -->","yoast_head_json":{"title":"Los recuerdos del 2021 quedar\u00e1n etiquetados en obras; Miguel Guti\u00e9rrez - Volcanes","robots":{"index":"index","follow":"follow","max-snippet":"max-snippet:-1","max-image-preview":"max-image-preview:large","max-video-preview":"max-video-preview:-1"},"canonical":"https:\/\/volcanes.net\/?p=9449","og_locale":"es_MX","og_type":"article","og_title":"Los recuerdos del 2021 quedar\u00e1n etiquetados en obras; Miguel Guti\u00e9rrez - Volcanes","og_description":"Chalco, Estado de M\u00e9xico.-\u00a0 &#8220;No habr\u00e1 a\u00f1o de Hidalgo, todos los recursos para el 2021,","og_url":"https:\/\/volcanes.net\/?p=9449","og_site_name":"Volcanes","article_publisher":"https:\/\/www.facebook.com\/volcanes.net\/","article_published_time":"2020-12-08T16:24:04+00:00","article_modified_time":"2020-12-08T16:24:41+00:00","og_image":[{"width":721,"height":480,"url":"https:\/\/volcanes.net\/wp-content\/uploads\/2020\/12\/FB_IMG_1607438045758.jpg","type":"image\/jpeg"}],"author":"admin","twitter_card":"summary_large_image","twitter_misc":{"Escrito por":"admin","Tiempo de lectura":"2 minutos"},"schema":{"@context":"https:\/\/schema.org","@graph":[{"@type":"Article","@id":"https:\/\/volcanes.net\/?p=9449#article","isPartOf":{"@id":"https:\/\/volcanes.net\/?p=9449"},"author":{"name":"admin","@id":"https:\/\/volcanes.net\/#\/schema\/person\/4bf0f383940966a4abd53f5048c0e6b9"},"headline":"Los recuerdos del 2021 quedar\u00e1n etiquetados en obras; Miguel Guti\u00e9rrez","datePublished":"2020-12-08T16:24:04+00:00","dateModified":"2020-12-08T16:24:41+00:00","mainEntityOfPage":{"@id":"https:\/\/volcanes.net\/?p=9449"},"wordCount":413,"commentCount":0,"publisher":{"@id":"https:\/\/volcanes.net\/#organization"},"image":{"@id":"https:\/\/volcanes.net\/?p=9449#primaryimage"},"thumbnailUrl":"https:\/\/volcanes.net\/wp-content\/uploads\/2020\/12\/FB_IMG_1607438045758.jpg","keywords":["Chalco"],"articleSection":["Municipales"],"inLanguage":"es","potentialAction":[{"@type":"CommentAction","name":"Comment","target":["https:\/\/volcanes.net\/?p=9449#respond"]}]},{"@type":"WebPage","@id":"https:\/\/volcanes.net\/?p=9449","url":"https:\/\/volcanes.net\/?p=9449","name":"Los recuerdos del 2021 quedar\u00e1n etiquetados en obras; Miguel Guti\u00e9rrez - Volcanes","isPartOf":{"@id":"https:\/\/volcanes.net\/#website"},"primaryImageOfPage":{"@id":"https:\/\/volcanes.net\/?p=9449#primaryimage"},"image":{"@id":"https:\/\/volcanes.net\/?p=9449#primaryimage"},"thumbnailUrl":"https:\/\/volcanes.net\/wp-content\/uploads\/2020\/12\/FB_IMG_1607438045758.jpg","datePublished":"2020-12-08T16:24:04+00:00","dateModified":"2020-12-08T16:24:41+00:00","breadcrumb":{"@id":"https:\/\/volcanes.net\/?p=9449#breadcrumb"},"inLanguage":"es","potentialAction":[{"@type":"ReadAction","target":["https:\/\/volcanes.net\/?p=9449"]}]},{"@type":"ImageObject","inLanguage":"es","@id":"https:\/\/volcanes.net\/?p=9449#primaryimage","url":"https:\/\/volcanes.net\/wp-content\/uploads\/2020\/12\/FB_IMG_1607438045758.jpg","contentUrl":"https:\/\/volcanes.net\/wp-content\/uploads\/2020\/12\/FB_IMG_1607438045758.jpg","width":721,"height":480},{"@type":"BreadcrumbList","@id":"https:\/\/volcanes.net\/?p=9449#breadcrumb","itemListElement":[{"@type":"ListItem","position":1,"name":"Portada","item":"https:\/\/volcanes.net\/"},{"@type":"ListItem","position":2,"name":"Los recuerdos del 2021 quedar\u00e1n etiquetados en obras; Miguel Guti\u00e9rrez"}]},{"@type":"WebSite","@id":"https:\/\/volcanes.net\/#website","url":"https:\/\/volcanes.net\/","name":"Volcanes.Net","description":"Periodismo Profesional","publisher":{"@id":"https:\/\/volcanes.net\/#organization"},"potentialAction":[{"@type":"SearchAction","target":{"@type":"EntryPoint","urlTemplate":"https:\/\/volcanes.net\/?s={search_term_string}"},"query-input":{"@type":"PropertyValueSpecification","valueRequired":true,"valueName":"search_term_string"}}],"inLanguage":"es"},{"@type":"Organization","@id":"https:\/\/volcanes.net\/#organization","name":"Grupo Volcanes","url":"https:\/\/volcanes.net\/","logo":{"@type":"ImageObject","inLanguage":"es","@id":"https:\/\/volcanes.net\/#\/schema\/logo\/image\/","url":"http:\/\/volcanes.net\/wp-content\/uploads\/2017\/12\/Avatar2.jpg","contentUrl":"http:\/\/volcanes.net\/wp-content\/uploads\/2017\/12\/Avatar2.jpg","width":378,"height":378,"caption":"Grupo Volcanes"},"image":{"@id":"https:\/\/volcanes.net\/#\/schema\/logo\/image\/"},"sameAs":["https:\/\/www.facebook.com\/volcanes.net\/"]},{"@type":"Person","@id":"https:\/\/volcanes.net\/#\/schema\/person\/4bf0f383940966a4abd53f5048c0e6b9","name":"admin","image":{"@type":"ImageObject","inLanguage":"es","@id":"https:\/\/volcanes.net\/#\/schema\/person\/image\/","url":"https:\/\/secure.gravatar.com\/avatar\/ca004e6cba8462b8cb7abc86e382930c?s=96&d=mm&r=g","contentUrl":"https:\/\/secure.gravatar.com\/avatar\/ca004e6cba8462b8cb7abc86e382930c?s=96&d=mm&r=g","caption":"admin"}}]}},"_links":{"self":[{"href":"https:\/\/volcanes.net\/index.php?rest_route=\/wp\/v2\/posts\/9449"}],"collection":[{"href":"https:\/\/volcanes.net\/index.php?rest_route=\/wp\/v2\/posts"}],"about":[{"href":"https:\/\/volcanes.net\/index.php?rest_route=\/wp\/v2\/types\/post"}],"author":[{"embeddable":true,"href":"https:\/\/volcanes.net\/index.php?rest_route=\/wp\/v2\/users\/1"}],"replies":[{"embeddable":true,"href":"https:\/\/volcanes.net\/index.php?rest_route=%2Fwp%2Fv2%2Fcomments&post=9449"}],"version-history":[{"count":1,"href":"https:\/\/volcanes.net\/index.php?rest_route=\/wp\/v2\/posts\/9449\/revisions"}],"predecessor-version":[{"id":9451,"href":"https:\/\/volcanes.net\/index.php?rest_route=\/wp\/v2\/posts\/9449\/revisions\/9451"}],"wp:featuredmedia":[{"embeddable":true,"href":"https:\/\/volcanes.net\/index.php?rest_route=\/wp\/v2\/media\/9450"}],"wp:attachment":[{"href":"https:\/\/volcanes.net\/index.php?rest_route=%2Fwp%2Fv2%2Fmedia&parent=9449"}],"wp:term":[{"taxonomy":"category","embeddable":true,"href":"https:\/\/volcanes.net\/index.php?rest_route=%2Fwp%2Fv2%2Fcategories&post=9449"},{"taxonomy":"post_tag","embeddable":true,"href":"https:\/\/volcanes.net\/index.php?rest_route=%2Fwp%2Fv2%2Ftags&post=9449"}],"curies":[{"name":"wp","href":"https:\/\/api.w.org\/{rel}","templated":true}]}}