{"id":9462,"date":"2020-12-09T18:41:45","date_gmt":"2020-12-10T00:41:45","guid":{"rendered":"http:\/\/volcanes.net\/?p=9462"},"modified":"2020-12-09T18:41:45","modified_gmt":"2020-12-10T00:41:45","slug":"para-mejorar-la-calidad-de-vida-de-la-poblacion-mas-desprotegida-en-ixtapaluca-arranca-programa-mejorando-tu-salud","status":"publish","type":"post","link":"https:\/\/volcanes.net\/?p=9462","title":{"rendered":"Para mejorar la calidad de vida de la poblaci\u00f3n m\u00e1s desprotegida en Ixtapaluca arranca programa &#8220;Mejorando tu salud&#8221;"},"content":{"rendered":"<div style=\"margin-top: 0px; margin-bottom: 0px;\" class=\"sharethis-inline-share-buttons\" ><\/div><p style=\"text-align: justify;\">Ixtapaluca, Estado de M\u00e9xico.-Debido a la escasez de medicamentos ante la pandemia por el virus COVID-19 y para mejorar la calidad de vida de la poblaci\u00f3n m\u00e1s desprotegida, en Ixtapaluca, arranc\u00f3 el programa de garant\u00eda social de farmacias denominado \u201cMejorando tu salud\u201d. En la primera etapa se dar\u00e1 apertura a tres de las siete farmacias que estar\u00e1n ubicadas en distintos puntos del municipio.<\/p>\n<p style=\"text-align: justify;\">La alcaldesa Maricela Serrano Hern\u00e1ndez dijo que \u00e9ste es un programa verdaderamente humanista y que m\u00e1s all\u00e1 de haber sido un compromiso durante su campa\u00f1a,\u00a0 es resultado de la gestor\u00eda para liberar recursos que estaban atorados por parte del gobierno estatal y echar a andar este proyecto de gran ayuda para la poblaci\u00f3n en tiempos de pandemia.<\/p>\n<p style=\"text-align: justify;\">Agradeci\u00f3 a la mayor\u00eda de las y los regidores que se sumaron a iniciativa municipal, \u00a0al sistema DIF encabezado por Rosario Arias Castro, as\u00ed como a toda la plantilla m\u00e9dica y de especialistas que ofrecer\u00e1n los servicios ubicados en los centros de Desarrollo Comunitario de San Francisco y la colonia Rey Izc\u00f3atl, y en el CAM de Xocolines.<\/p>\n<p style=\"text-align: justify;\">Armando Ram\u00edrez Garc\u00eda, secretario del Ayuntamiento, se\u00f1al\u00f3 en la comunidad de San Francisco Acuautla que este programa de farmacias comunitarias beneficiar\u00e1 en una primera etapa a 10 mil familias de manera directa, quienes tendr\u00e1n derecho a servicio odontol\u00f3gico, de medicina general y de medicamentos del cuadro b\u00e1sico, de forma gratuita.<\/p>\n<p style=\"text-align: justify;\">Adem\u00e1s, se contar\u00e1 con estudios de laboratorio y si la poblaci\u00f3n requiere otro tipo de ex\u00e1menes, se har\u00e1 la gesti\u00f3n a trav\u00e9s del DIF, de tal manera que la poblaci\u00f3n sea atendida dignamente. El secretario del Ayuntamiento pidi\u00f3 a la gente valorar el esfuerzo que se ha hecho y evaluar lo que se prometi\u00f3 y se cumpli\u00f3.<\/p>\n<p style=\"text-align: justify;\">Carlos Eduardo Medrano Palacios, coordinador de farmacias \u201cMejorando tu salud\u201d, se\u00f1al\u00f3 que el programa est\u00e1 dirigido a toda la poblaci\u00f3n, principalmente en apoyo a los grupos m\u00e1s vulnerables a fin de brindar los servicios p\u00fablicos de mayor demanda: consultas m\u00e9dicas gratuitas, estudios b\u00e1sicos de laboratorio anuales y medicamentos b\u00e1sicos gratuitos al mes para el titular y beneficiario.<\/p>\n<p style=\"text-align: justify;\">Para enfermedades cr\u00f3nicas o m\u00e1s complejas ser\u00e1n de bajo costo, dependiendo de un estudio socioecon\u00f3mico. Limpiezas dentales y tratamientos gratuitos al a\u00f1o. Ex\u00e1menes de la vista gratuitos y atenci\u00f3n psicol\u00f3gica a bajo costo. La atenci\u00f3n, dijo, se dar\u00e1 a tres integrantes por n\u00facleo familiar.<\/p>\n<p style=\"text-align: justify;\">Los requisitos para ingresar a este programa son: ser vecino del municipio, tener m\u00e1s de 18 a\u00f1os, contar con credencial de elector vigente y presentar copia de historial cl\u00ednico. Para la inscripci\u00f3n de los tres beneficiarios: en caso de ser mayor de edad, su identificaci\u00f3n vigente y para menores, acta de nacimiento.<\/p>\n<p style=\"text-align: justify;\">Areli, en representaci\u00f3n de los vecinos de esta colonia, agradeci\u00f3 el esfuerzo de la administraci\u00f3n en favor de quienes m\u00e1s lo necesitan. Ante la indiferencia de la autoridad federal por la pandemia este programa de farmacia comunitaria es importante para la comunidad, donde se encontrar\u00e1 medicamento a bajo costo, y atenci\u00f3n m\u00e9dica, entre otros servicios.<\/p>\n","protected":false},"excerpt":{"rendered":"<p>Ixtapaluca, Estado de M\u00e9xico.-Debido a la escasez de medicamentos ante la pandemia por el virus<\/p>\n","protected":false},"author":1,"featured_media":9463,"comment_status":"open","ping_status":"open","sticky":false,"template":"","format":"standard","meta":{"footnotes":""},"categories":[1],"tags":[6],"class_list":["post-9462","post","type-post","status-publish","format-standard","has-post-thumbnail","hentry","category-municipales","tag-ixtapaluca"],"yoast_head":"<!-- This site is optimized with the Yoast SEO plugin v25.3 - https:\/\/yoast.com\/wordpress\/plugins\/seo\/ -->\n<title>Para mejorar la calidad de vida de la poblaci\u00f3n m\u00e1s desprotegida en Ixtapaluca arranca programa &quot;Mejorando tu salud&quot; - Volcanes<\/title>\n<meta name=\"robots\" content=\"index, follow, max-snippet:-1, max-image-preview:large, max-video-preview:-1\" \/>\n<link rel=\"canonical\" href=\"https:\/\/volcanes.net\/?p=9462\" \/>\n<meta property=\"og:locale\" content=\"es_MX\" \/>\n<meta property=\"og:type\" content=\"article\" \/>\n<meta property=\"og:title\" content=\"Para mejorar la calidad de vida de la poblaci\u00f3n m\u00e1s desprotegida en Ixtapaluca arranca programa &quot;Mejorando tu salud&quot; - Volcanes\" \/>\n<meta property=\"og:description\" content=\"Ixtapaluca, Estado de M\u00e9xico.-Debido a la escasez de medicamentos ante la pandemia por el virus\" \/>\n<meta property=\"og:url\" content=\"https:\/\/volcanes.net\/?p=9462\" \/>\n<meta property=\"og:site_name\" content=\"Volcanes\" \/>\n<meta property=\"article:publisher\" content=\"https:\/\/www.facebook.com\/volcanes.net\/\" \/>\n<meta property=\"article:published_time\" content=\"2020-12-10T00:41:45+00:00\" \/>\n<meta property=\"og:image\" content=\"https:\/\/volcanes.net\/wp-content\/uploads\/2020\/12\/FB_IMG_1607534286711.jpg\" \/>\n\t<meta property=\"og:image:width\" content=\"640\" \/>\n\t<meta property=\"og:image:height\" content=\"519\" \/>\n\t<meta property=\"og:image:type\" content=\"image\/jpeg\" \/>\n<meta name=\"author\" content=\"admin\" \/>\n<meta name=\"twitter:card\" content=\"summary_large_image\" \/>\n<meta name=\"twitter:label1\" content=\"Escrito por\" \/>\n\t<meta name=\"twitter:data1\" content=\"admin\" \/>\n\t<meta name=\"twitter:label2\" content=\"Tiempo de lectura\" \/>\n\t<meta name=\"twitter:data2\" content=\"3 minutos\" \/>\n<script type=\"application\/ld+json\" class=\"yoast-schema-graph\">{\"@context\":\"https:\/\/schema.org\",\"@graph\":[{\"@type\":\"Article\",\"@id\":\"https:\/\/volcanes.net\/?p=9462#article\",\"isPartOf\":{\"@id\":\"https:\/\/volcanes.net\/?p=9462\"},\"author\":{\"name\":\"admin\",\"@id\":\"https:\/\/volcanes.net\/#\/schema\/person\/4bf0f383940966a4abd53f5048c0e6b9\"},\"headline\":\"Para mejorar la calidad de vida de la poblaci\u00f3n m\u00e1s desprotegida en Ixtapaluca arranca programa &#8220;Mejorando tu salud&#8221;\",\"datePublished\":\"2020-12-10T00:41:45+00:00\",\"mainEntityOfPage\":{\"@id\":\"https:\/\/volcanes.net\/?p=9462\"},\"wordCount\":565,\"commentCount\":0,\"publisher\":{\"@id\":\"https:\/\/volcanes.net\/#organization\"},\"image\":{\"@id\":\"https:\/\/volcanes.net\/?p=9462#primaryimage\"},\"thumbnailUrl\":\"https:\/\/volcanes.net\/wp-content\/uploads\/2020\/12\/FB_IMG_1607534286711.jpg\",\"keywords\":[\"Ixtapaluca\"],\"articleSection\":[\"Municipales\"],\"inLanguage\":\"es\",\"potentialAction\":[{\"@type\":\"CommentAction\",\"name\":\"Comment\",\"target\":[\"https:\/\/volcanes.net\/?p=9462#respond\"]}]},{\"@type\":\"WebPage\",\"@id\":\"https:\/\/volcanes.net\/?p=9462\",\"url\":\"https:\/\/volcanes.net\/?p=9462\",\"name\":\"Para mejorar la calidad de vida de la poblaci\u00f3n m\u00e1s desprotegida en Ixtapaluca arranca programa \\\"Mejorando tu salud\\\" - Volcanes\",\"isPartOf\":{\"@id\":\"https:\/\/volcanes.net\/#website\"},\"primaryImageOfPage\":{\"@id\":\"https:\/\/volcanes.net\/?p=9462#primaryimage\"},\"image\":{\"@id\":\"https:\/\/volcanes.net\/?p=9462#primaryimage\"},\"thumbnailUrl\":\"https:\/\/volcanes.net\/wp-content\/uploads\/2020\/12\/FB_IMG_1607534286711.jpg\",\"datePublished\":\"2020-12-10T00:41:45+00:00\",\"breadcrumb\":{\"@id\":\"https:\/\/volcanes.net\/?p=9462#breadcrumb\"},\"inLanguage\":\"es\",\"potentialAction\":[{\"@type\":\"ReadAction\",\"target\":[\"https:\/\/volcanes.net\/?p=9462\"]}]},{\"@type\":\"ImageObject\",\"inLanguage\":\"es\",\"@id\":\"https:\/\/volcanes.net\/?p=9462#primaryimage\",\"url\":\"https:\/\/volcanes.net\/wp-content\/uploads\/2020\/12\/FB_IMG_1607534286711.jpg\",\"contentUrl\":\"https:\/\/volcanes.net\/wp-content\/uploads\/2020\/12\/FB_IMG_1607534286711.jpg\",\"width\":640,\"height\":519},{\"@type\":\"BreadcrumbList\",\"@id\":\"https:\/\/volcanes.net\/?p=9462#breadcrumb\",\"itemListElement\":[{\"@type\":\"ListItem\",\"position\":1,\"name\":\"Portada\",\"item\":\"https:\/\/volcanes.net\/\"},{\"@type\":\"ListItem\",\"position\":2,\"name\":\"Para mejorar la calidad de vida de la poblaci\u00f3n m\u00e1s desprotegida en Ixtapaluca arranca programa &#8220;Mejorando tu salud&#8221;\"}]},{\"@type\":\"WebSite\",\"@id\":\"https:\/\/volcanes.net\/#website\",\"url\":\"https:\/\/volcanes.net\/\",\"name\":\"Volcanes.Net\",\"description\":\"Periodismo Profesional\",\"publisher\":{\"@id\":\"https:\/\/volcanes.net\/#organization\"},\"potentialAction\":[{\"@type\":\"SearchAction\",\"target\":{\"@type\":\"EntryPoint\",\"urlTemplate\":\"https:\/\/volcanes.net\/?s={search_term_string}\"},\"query-input\":{\"@type\":\"PropertyValueSpecification\",\"valueRequired\":true,\"valueName\":\"search_term_string\"}}],\"inLanguage\":\"es\"},{\"@type\":\"Organization\",\"@id\":\"https:\/\/volcanes.net\/#organization\",\"name\":\"Grupo Volcanes\",\"url\":\"https:\/\/volcanes.net\/\",\"logo\":{\"@type\":\"ImageObject\",\"inLanguage\":\"es\",\"@id\":\"https:\/\/volcanes.net\/#\/schema\/logo\/image\/\",\"url\":\"http:\/\/volcanes.net\/wp-content\/uploads\/2017\/12\/Avatar2.jpg\",\"contentUrl\":\"http:\/\/volcanes.net\/wp-content\/uploads\/2017\/12\/Avatar2.jpg\",\"width\":378,\"height\":378,\"caption\":\"Grupo Volcanes\"},\"image\":{\"@id\":\"https:\/\/volcanes.net\/#\/schema\/logo\/image\/\"},\"sameAs\":[\"https:\/\/www.facebook.com\/volcanes.net\/\"]},{\"@type\":\"Person\",\"@id\":\"https:\/\/volcanes.net\/#\/schema\/person\/4bf0f383940966a4abd53f5048c0e6b9\",\"name\":\"admin\",\"image\":{\"@type\":\"ImageObject\",\"inLanguage\":\"es\",\"@id\":\"https:\/\/volcanes.net\/#\/schema\/person\/image\/\",\"url\":\"https:\/\/secure.gravatar.com\/avatar\/ca004e6cba8462b8cb7abc86e382930c?s=96&d=mm&r=g\",\"contentUrl\":\"https:\/\/secure.gravatar.com\/avatar\/ca004e6cba8462b8cb7abc86e382930c?s=96&d=mm&r=g\",\"caption\":\"admin\"}}]}<\/script>\n<!-- \/ Yoast SEO plugin. -->","yoast_head_json":{"title":"Para mejorar la calidad de vida de la poblaci\u00f3n m\u00e1s desprotegida en Ixtapaluca arranca programa \"Mejorando tu salud\" - Volcanes","robots":{"index":"index","follow":"follow","max-snippet":"max-snippet:-1","max-image-preview":"max-image-preview:large","max-video-preview":"max-video-preview:-1"},"canonical":"https:\/\/volcanes.net\/?p=9462","og_locale":"es_MX","og_type":"article","og_title":"Para mejorar la calidad de vida de la poblaci\u00f3n m\u00e1s desprotegida en Ixtapaluca arranca programa \"Mejorando tu salud\" - Volcanes","og_description":"Ixtapaluca, Estado de M\u00e9xico.-Debido a la escasez de medicamentos ante la pandemia por el virus","og_url":"https:\/\/volcanes.net\/?p=9462","og_site_name":"Volcanes","article_publisher":"https:\/\/www.facebook.com\/volcanes.net\/","article_published_time":"2020-12-10T00:41:45+00:00","og_image":[{"width":640,"height":519,"url":"https:\/\/volcanes.net\/wp-content\/uploads\/2020\/12\/FB_IMG_1607534286711.jpg","type":"image\/jpeg"}],"author":"admin","twitter_card":"summary_large_image","twitter_misc":{"Escrito por":"admin","Tiempo de lectura":"3 minutos"},"schema":{"@context":"https:\/\/schema.org","@graph":[{"@type":"Article","@id":"https:\/\/volcanes.net\/?p=9462#article","isPartOf":{"@id":"https:\/\/volcanes.net\/?p=9462"},"author":{"name":"admin","@id":"https:\/\/volcanes.net\/#\/schema\/person\/4bf0f383940966a4abd53f5048c0e6b9"},"headline":"Para mejorar la calidad de vida de la poblaci\u00f3n m\u00e1s desprotegida en Ixtapaluca arranca programa &#8220;Mejorando tu salud&#8221;","datePublished":"2020-12-10T00:41:45+00:00","mainEntityOfPage":{"@id":"https:\/\/volcanes.net\/?p=9462"},"wordCount":565,"commentCount":0,"publisher":{"@id":"https:\/\/volcanes.net\/#organization"},"image":{"@id":"https:\/\/volcanes.net\/?p=9462#primaryimage"},"thumbnailUrl":"https:\/\/volcanes.net\/wp-content\/uploads\/2020\/12\/FB_IMG_1607534286711.jpg","keywords":["Ixtapaluca"],"articleSection":["Municipales"],"inLanguage":"es","potentialAction":[{"@type":"CommentAction","name":"Comment","target":["https:\/\/volcanes.net\/?p=9462#respond"]}]},{"@type":"WebPage","@id":"https:\/\/volcanes.net\/?p=9462","url":"https:\/\/volcanes.net\/?p=9462","name":"Para mejorar la calidad de vida de la poblaci\u00f3n m\u00e1s desprotegida en Ixtapaluca arranca programa \"Mejorando tu salud\" - Volcanes","isPartOf":{"@id":"https:\/\/volcanes.net\/#website"},"primaryImageOfPage":{"@id":"https:\/\/volcanes.net\/?p=9462#primaryimage"},"image":{"@id":"https:\/\/volcanes.net\/?p=9462#primaryimage"},"thumbnailUrl":"https:\/\/volcanes.net\/wp-content\/uploads\/2020\/12\/FB_IMG_1607534286711.jpg","datePublished":"2020-12-10T00:41:45+00:00","breadcrumb":{"@id":"https:\/\/volcanes.net\/?p=9462#breadcrumb"},"inLanguage":"es","potentialAction":[{"@type":"ReadAction","target":["https:\/\/volcanes.net\/?p=9462"]}]},{"@type":"ImageObject","inLanguage":"es","@id":"https:\/\/volcanes.net\/?p=9462#primaryimage","url":"https:\/\/volcanes.net\/wp-content\/uploads\/2020\/12\/FB_IMG_1607534286711.jpg","contentUrl":"https:\/\/volcanes.net\/wp-content\/uploads\/2020\/12\/FB_IMG_1607534286711.jpg","width":640,"height":519},{"@type":"BreadcrumbList","@id":"https:\/\/volcanes.net\/?p=9462#breadcrumb","itemListElement":[{"@type":"ListItem","position":1,"name":"Portada","item":"https:\/\/volcanes.net\/"},{"@type":"ListItem","position":2,"name":"Para mejorar la calidad de vida de la poblaci\u00f3n m\u00e1s desprotegida en Ixtapaluca arranca programa &#8220;Mejorando tu salud&#8221;"}]},{"@type":"WebSite","@id":"https:\/\/volcanes.net\/#website","url":"https:\/\/volcanes.net\/","name":"Volcanes.Net","description":"Periodismo Profesional","publisher":{"@id":"https:\/\/volcanes.net\/#organization"},"potentialAction":[{"@type":"SearchAction","target":{"@type":"EntryPoint","urlTemplate":"https:\/\/volcanes.net\/?s={search_term_string}"},"query-input":{"@type":"PropertyValueSpecification","valueRequired":true,"valueName":"search_term_string"}}],"inLanguage":"es"},{"@type":"Organization","@id":"https:\/\/volcanes.net\/#organization","name":"Grupo Volcanes","url":"https:\/\/volcanes.net\/","logo":{"@type":"ImageObject","inLanguage":"es","@id":"https:\/\/volcanes.net\/#\/schema\/logo\/image\/","url":"http:\/\/volcanes.net\/wp-content\/uploads\/2017\/12\/Avatar2.jpg","contentUrl":"http:\/\/volcanes.net\/wp-content\/uploads\/2017\/12\/Avatar2.jpg","width":378,"height":378,"caption":"Grupo Volcanes"},"image":{"@id":"https:\/\/volcanes.net\/#\/schema\/logo\/image\/"},"sameAs":["https:\/\/www.facebook.com\/volcanes.net\/"]},{"@type":"Person","@id":"https:\/\/volcanes.net\/#\/schema\/person\/4bf0f383940966a4abd53f5048c0e6b9","name":"admin","image":{"@type":"ImageObject","inLanguage":"es","@id":"https:\/\/volcanes.net\/#\/schema\/person\/image\/","url":"https:\/\/secure.gravatar.com\/avatar\/ca004e6cba8462b8cb7abc86e382930c?s=96&d=mm&r=g","contentUrl":"https:\/\/secure.gravatar.com\/avatar\/ca004e6cba8462b8cb7abc86e382930c?s=96&d=mm&r=g","caption":"admin"}}]}},"_links":{"self":[{"href":"https:\/\/volcanes.net\/index.php?rest_route=\/wp\/v2\/posts\/9462"}],"collection":[{"href":"https:\/\/volcanes.net\/index.php?rest_route=\/wp\/v2\/posts"}],"about":[{"href":"https:\/\/volcanes.net\/index.php?rest_route=\/wp\/v2\/types\/post"}],"author":[{"embeddable":true,"href":"https:\/\/volcanes.net\/index.php?rest_route=\/wp\/v2\/users\/1"}],"replies":[{"embeddable":true,"href":"https:\/\/volcanes.net\/index.php?rest_route=%2Fwp%2Fv2%2Fcomments&post=9462"}],"version-history":[{"count":1,"href":"https:\/\/volcanes.net\/index.php?rest_route=\/wp\/v2\/posts\/9462\/revisions"}],"predecessor-version":[{"id":9464,"href":"https:\/\/volcanes.net\/index.php?rest_route=\/wp\/v2\/posts\/9462\/revisions\/9464"}],"wp:featuredmedia":[{"embeddable":true,"href":"https:\/\/volcanes.net\/index.php?rest_route=\/wp\/v2\/media\/9463"}],"wp:attachment":[{"href":"https:\/\/volcanes.net\/index.php?rest_route=%2Fwp%2Fv2%2Fmedia&parent=9462"}],"wp:term":[{"taxonomy":"category","embeddable":true,"href":"https:\/\/volcanes.net\/index.php?rest_route=%2Fwp%2Fv2%2Fcategories&post=9462"},{"taxonomy":"post_tag","embeddable":true,"href":"https:\/\/volcanes.net\/index.php?rest_route=%2Fwp%2Fv2%2Ftags&post=9462"}],"curies":[{"name":"wp","href":"https:\/\/api.w.org\/{rel}","templated":true}]}}