{"id":948,"date":"2018-02-01T13:03:18","date_gmt":"2018-02-01T13:03:18","guid":{"rendered":"http:\/\/volcanes.net\/?p=948"},"modified":"2018-02-01T13:03:18","modified_gmt":"2018-02-01T13:03:18","slug":"da-a-conocer-fgjem-a-empresarios-de-asecem-que-el-secuestro-disminuyo-31-8-por-ciento-en-edomex","status":"publish","type":"post","link":"https:\/\/volcanes.net\/?p=948","title":{"rendered":"Da a conocer FGJEM a empresarios de ASECEM que el secuestro disminuy\u00f3 31.8 por ciento en Edom\u00e9x"},"content":{"rendered":"<div style=\"margin-top: 0px; margin-bottom: 0px;\" class=\"sharethis-inline-share-buttons\" ><\/div><p>El Coordinador General de Combate al Secuestro, de la Fiscal\u00eda General de Justicia del Estado de M\u00e9xico (FGJEM), Rodrigo Archundia, dio a conocer a los integrantes de la Asociaci\u00f3n de Empresarios y Ciudadanos del Estado de M\u00e9xico (ASECEM) que al cierre del a\u00f1o 2017 el delito de secuestro disminuy\u00f3 en 31.8 por ciento, gracias al trabajo de las tres Fiscal\u00edas Especializadas, a la labor de inteligencia, a la coordinaci\u00f3n con autoridades federales y a las acciones de prevenci\u00f3n.<\/p>\n<p>En este \u00faltimo rubro, durante la reuni\u00f3n Rodrigo Archundia manifest\u00f3 que en 2017 se iniciaron 173 carpetas de investigaci\u00f3n, lo que represent\u00f3 una reducci\u00f3n del 31.8 por ciento en relaci\u00f3n con el 2016, y que el Estado de M\u00e9xico es una de las entidades del pa\u00eds que mayores esfuerzos ha realizado en el combate de este delito.<\/p>\n<p>\u201cHoy la Federaci\u00f3n atiende menos del 40 por ciento de casos de secuestro y nosotros estamos atendiendo el 60 por ciento; \u00bfQu\u00e9 quiere decir?, que hemos hecho un gran trabajo, hemos disminuido el secuestro en un 31 por ciento en estos dos a\u00f1os que tenemos de gesti\u00f3n en la Fiscal\u00eda General\u201d, agreg\u00f3.<\/p>\n<p>Dijo que la FGJEM es la \u00fanica en el pa\u00eds que cuenta con tres Fiscal\u00edas Especializadas: Valle de Toluca, Valle de M\u00e9xico y Zona Oriente, lo que ha dado muy buenos resultados. Pues el a\u00f1o pasado, se tuvieron 398 personas que fueron detenidas al momento en que implementamos un operativo, es decir, se detuvo a estas personas en flagrancia; tambi\u00e9n tuvimos 117 sentencias, y como el delito de secuestro en la actualidad tiene muy alta penalidad, hemos tenido sentencias, por ejemplo, de 150 a\u00f1os, son sentencias por secuestros donde las v\u00edctimas fueron privadas de la vida.<\/p>\n<p>Esta disminuci\u00f3n, mencion\u00f3 se vio reflejada en los secuestros que atiende la PGR,\u00a0\u00a0que tuvieron una disminuci\u00f3n de 35 por ciento, adem\u00e1s de acuerdo a lo reportado por el Sistema Nacional de Seguridad P\u00fablica, la entidad se ubic\u00f3 en la posici\u00f3n 9 a nivel nacional, con una tasa de 1 secuestro por cada 100 mil habitantes, ligeramente por encima de la media nacional, que es de 0.93.<\/p>\n<p>Por su parte, Ra\u00fal Chaparro, presidente de la ASECEM, destac\u00f3 la relevancia de trabajar de manera coordinada con las autoridades y tomar acciones preventivas para evitar ser v\u00edctimas de un delito, porque \u201clo que queremos es vivir en paz, invertir en paz, generar empleo, y que nos dejen esa libertad de poder laborar en todos lados\u201d, recalc\u00f3. En este sentido el Coordinador General de Combate al Secuestro, Rodrigo Archundia Barrientos, reconoci\u00f3 que la iniciativa privada es muy importante porque una de las funciones de la Coordinaci\u00f3n es difundir y promover la cultura, la prevenci\u00f3n y la denuncia del delito de secuestro.<\/p>\n","protected":false},"excerpt":{"rendered":"<p>El Coordinador General de Combate al Secuestro, de la Fiscal\u00eda General de Justicia del Estado<\/p>\n","protected":false},"author":1,"featured_media":943,"comment_status":"open","ping_status":"open","sticky":false,"template":"","format":"standard","meta":{"footnotes":""},"categories":[1],"tags":[42,4],"class_list":["post-948","post","type-post","status-publish","format-standard","has-post-thumbnail","hentry","category-municipales","tag-fgjem","tag-gobierno-del-estado-de-mexico"],"yoast_head":"<!-- This site is optimized with the Yoast SEO plugin v25.3 - https:\/\/yoast.com\/wordpress\/plugins\/seo\/ -->\n<title>Da a conocer FGJEM a empresarios de ASECEM que el secuestro disminuy\u00f3 31.8 por ciento en Edom\u00e9x - Volcanes<\/title>\n<meta name=\"robots\" content=\"index, follow, max-snippet:-1, max-image-preview:large, max-video-preview:-1\" \/>\n<link rel=\"canonical\" href=\"https:\/\/volcanes.net\/?p=948\" \/>\n<meta property=\"og:locale\" content=\"es_MX\" \/>\n<meta property=\"og:type\" content=\"article\" \/>\n<meta property=\"og:title\" content=\"Da a conocer FGJEM a empresarios de ASECEM que el secuestro disminuy\u00f3 31.8 por ciento en Edom\u00e9x - Volcanes\" \/>\n<meta property=\"og:description\" content=\"El Coordinador General de Combate al Secuestro, de la Fiscal\u00eda General de Justicia del Estado\" \/>\n<meta property=\"og:url\" content=\"https:\/\/volcanes.net\/?p=948\" \/>\n<meta property=\"og:site_name\" content=\"Volcanes\" \/>\n<meta property=\"article:publisher\" content=\"https:\/\/www.facebook.com\/volcanes.net\/\" \/>\n<meta property=\"article:published_time\" content=\"2018-02-01T13:03:18+00:00\" \/>\n<meta property=\"og:image\" content=\"https:\/\/volcanes.net\/wp-content\/uploads\/2018\/02\/FOTO-C100-1-2.jpg\" \/>\n\t<meta property=\"og:image:width\" content=\"325\" \/>\n\t<meta property=\"og:image:height\" content=\"182\" \/>\n\t<meta property=\"og:image:type\" content=\"image\/jpeg\" \/>\n<meta name=\"author\" content=\"admin\" \/>\n<meta name=\"twitter:card\" content=\"summary_large_image\" \/>\n<meta name=\"twitter:label1\" content=\"Escrito por\" \/>\n\t<meta name=\"twitter:data1\" content=\"admin\" \/>\n\t<meta name=\"twitter:label2\" content=\"Tiempo de lectura\" \/>\n\t<meta name=\"twitter:data2\" content=\"2 minutos\" \/>\n<script type=\"application\/ld+json\" class=\"yoast-schema-graph\">{\"@context\":\"https:\/\/schema.org\",\"@graph\":[{\"@type\":\"Article\",\"@id\":\"https:\/\/volcanes.net\/?p=948#article\",\"isPartOf\":{\"@id\":\"https:\/\/volcanes.net\/?p=948\"},\"author\":{\"name\":\"admin\",\"@id\":\"https:\/\/volcanes.net\/#\/schema\/person\/4bf0f383940966a4abd53f5048c0e6b9\"},\"headline\":\"Da a conocer FGJEM a empresarios de ASECEM que el secuestro disminuy\u00f3 31.8 por ciento en Edom\u00e9x\",\"datePublished\":\"2018-02-01T13:03:18+00:00\",\"mainEntityOfPage\":{\"@id\":\"https:\/\/volcanes.net\/?p=948\"},\"wordCount\":485,\"commentCount\":0,\"publisher\":{\"@id\":\"https:\/\/volcanes.net\/#organization\"},\"image\":{\"@id\":\"https:\/\/volcanes.net\/?p=948#primaryimage\"},\"thumbnailUrl\":\"https:\/\/volcanes.net\/wp-content\/uploads\/2018\/02\/FOTO-C100-1-2.jpg\",\"keywords\":[\"FGJEM\",\"Gobierno del Estado de M\u00e9xico\"],\"articleSection\":[\"Municipales\"],\"inLanguage\":\"es\",\"potentialAction\":[{\"@type\":\"CommentAction\",\"name\":\"Comment\",\"target\":[\"https:\/\/volcanes.net\/?p=948#respond\"]}]},{\"@type\":\"WebPage\",\"@id\":\"https:\/\/volcanes.net\/?p=948\",\"url\":\"https:\/\/volcanes.net\/?p=948\",\"name\":\"Da a conocer FGJEM a empresarios de ASECEM que el secuestro disminuy\u00f3 31.8 por ciento en Edom\u00e9x - Volcanes\",\"isPartOf\":{\"@id\":\"https:\/\/volcanes.net\/#website\"},\"primaryImageOfPage\":{\"@id\":\"https:\/\/volcanes.net\/?p=948#primaryimage\"},\"image\":{\"@id\":\"https:\/\/volcanes.net\/?p=948#primaryimage\"},\"thumbnailUrl\":\"https:\/\/volcanes.net\/wp-content\/uploads\/2018\/02\/FOTO-C100-1-2.jpg\",\"datePublished\":\"2018-02-01T13:03:18+00:00\",\"breadcrumb\":{\"@id\":\"https:\/\/volcanes.net\/?p=948#breadcrumb\"},\"inLanguage\":\"es\",\"potentialAction\":[{\"@type\":\"ReadAction\",\"target\":[\"https:\/\/volcanes.net\/?p=948\"]}]},{\"@type\":\"ImageObject\",\"inLanguage\":\"es\",\"@id\":\"https:\/\/volcanes.net\/?p=948#primaryimage\",\"url\":\"https:\/\/volcanes.net\/wp-content\/uploads\/2018\/02\/FOTO-C100-1-2.jpg\",\"contentUrl\":\"https:\/\/volcanes.net\/wp-content\/uploads\/2018\/02\/FOTO-C100-1-2.jpg\",\"width\":325,\"height\":182},{\"@type\":\"BreadcrumbList\",\"@id\":\"https:\/\/volcanes.net\/?p=948#breadcrumb\",\"itemListElement\":[{\"@type\":\"ListItem\",\"position\":1,\"name\":\"Portada\",\"item\":\"https:\/\/volcanes.net\/\"},{\"@type\":\"ListItem\",\"position\":2,\"name\":\"Da a conocer FGJEM a empresarios de ASECEM que el secuestro disminuy\u00f3 31.8 por ciento en Edom\u00e9x\"}]},{\"@type\":\"WebSite\",\"@id\":\"https:\/\/volcanes.net\/#website\",\"url\":\"https:\/\/volcanes.net\/\",\"name\":\"Volcanes.Net\",\"description\":\"Periodismo Profesional\",\"publisher\":{\"@id\":\"https:\/\/volcanes.net\/#organization\"},\"potentialAction\":[{\"@type\":\"SearchAction\",\"target\":{\"@type\":\"EntryPoint\",\"urlTemplate\":\"https:\/\/volcanes.net\/?s={search_term_string}\"},\"query-input\":{\"@type\":\"PropertyValueSpecification\",\"valueRequired\":true,\"valueName\":\"search_term_string\"}}],\"inLanguage\":\"es\"},{\"@type\":\"Organization\",\"@id\":\"https:\/\/volcanes.net\/#organization\",\"name\":\"Grupo Volcanes\",\"url\":\"https:\/\/volcanes.net\/\",\"logo\":{\"@type\":\"ImageObject\",\"inLanguage\":\"es\",\"@id\":\"https:\/\/volcanes.net\/#\/schema\/logo\/image\/\",\"url\":\"http:\/\/volcanes.net\/wp-content\/uploads\/2017\/12\/Avatar2.jpg\",\"contentUrl\":\"http:\/\/volcanes.net\/wp-content\/uploads\/2017\/12\/Avatar2.jpg\",\"width\":378,\"height\":378,\"caption\":\"Grupo Volcanes\"},\"image\":{\"@id\":\"https:\/\/volcanes.net\/#\/schema\/logo\/image\/\"},\"sameAs\":[\"https:\/\/www.facebook.com\/volcanes.net\/\"]},{\"@type\":\"Person\",\"@id\":\"https:\/\/volcanes.net\/#\/schema\/person\/4bf0f383940966a4abd53f5048c0e6b9\",\"name\":\"admin\",\"image\":{\"@type\":\"ImageObject\",\"inLanguage\":\"es\",\"@id\":\"https:\/\/volcanes.net\/#\/schema\/person\/image\/\",\"url\":\"https:\/\/secure.gravatar.com\/avatar\/ca004e6cba8462b8cb7abc86e382930c?s=96&d=mm&r=g\",\"contentUrl\":\"https:\/\/secure.gravatar.com\/avatar\/ca004e6cba8462b8cb7abc86e382930c?s=96&d=mm&r=g\",\"caption\":\"admin\"}}]}<\/script>\n<!-- \/ Yoast SEO plugin. -->","yoast_head_json":{"title":"Da a conocer FGJEM a empresarios de ASECEM que el secuestro disminuy\u00f3 31.8 por ciento en Edom\u00e9x - Volcanes","robots":{"index":"index","follow":"follow","max-snippet":"max-snippet:-1","max-image-preview":"max-image-preview:large","max-video-preview":"max-video-preview:-1"},"canonical":"https:\/\/volcanes.net\/?p=948","og_locale":"es_MX","og_type":"article","og_title":"Da a conocer FGJEM a empresarios de ASECEM que el secuestro disminuy\u00f3 31.8 por ciento en Edom\u00e9x - Volcanes","og_description":"El Coordinador General de Combate al Secuestro, de la Fiscal\u00eda General de Justicia del Estado","og_url":"https:\/\/volcanes.net\/?p=948","og_site_name":"Volcanes","article_publisher":"https:\/\/www.facebook.com\/volcanes.net\/","article_published_time":"2018-02-01T13:03:18+00:00","og_image":[{"width":325,"height":182,"url":"https:\/\/volcanes.net\/wp-content\/uploads\/2018\/02\/FOTO-C100-1-2.jpg","type":"image\/jpeg"}],"author":"admin","twitter_card":"summary_large_image","twitter_misc":{"Escrito por":"admin","Tiempo de lectura":"2 minutos"},"schema":{"@context":"https:\/\/schema.org","@graph":[{"@type":"Article","@id":"https:\/\/volcanes.net\/?p=948#article","isPartOf":{"@id":"https:\/\/volcanes.net\/?p=948"},"author":{"name":"admin","@id":"https:\/\/volcanes.net\/#\/schema\/person\/4bf0f383940966a4abd53f5048c0e6b9"},"headline":"Da a conocer FGJEM a empresarios de ASECEM que el secuestro disminuy\u00f3 31.8 por ciento en Edom\u00e9x","datePublished":"2018-02-01T13:03:18+00:00","mainEntityOfPage":{"@id":"https:\/\/volcanes.net\/?p=948"},"wordCount":485,"commentCount":0,"publisher":{"@id":"https:\/\/volcanes.net\/#organization"},"image":{"@id":"https:\/\/volcanes.net\/?p=948#primaryimage"},"thumbnailUrl":"https:\/\/volcanes.net\/wp-content\/uploads\/2018\/02\/FOTO-C100-1-2.jpg","keywords":["FGJEM","Gobierno del Estado de M\u00e9xico"],"articleSection":["Municipales"],"inLanguage":"es","potentialAction":[{"@type":"CommentAction","name":"Comment","target":["https:\/\/volcanes.net\/?p=948#respond"]}]},{"@type":"WebPage","@id":"https:\/\/volcanes.net\/?p=948","url":"https:\/\/volcanes.net\/?p=948","name":"Da a conocer FGJEM a empresarios de ASECEM que el secuestro disminuy\u00f3 31.8 por ciento en Edom\u00e9x - Volcanes","isPartOf":{"@id":"https:\/\/volcanes.net\/#website"},"primaryImageOfPage":{"@id":"https:\/\/volcanes.net\/?p=948#primaryimage"},"image":{"@id":"https:\/\/volcanes.net\/?p=948#primaryimage"},"thumbnailUrl":"https:\/\/volcanes.net\/wp-content\/uploads\/2018\/02\/FOTO-C100-1-2.jpg","datePublished":"2018-02-01T13:03:18+00:00","breadcrumb":{"@id":"https:\/\/volcanes.net\/?p=948#breadcrumb"},"inLanguage":"es","potentialAction":[{"@type":"ReadAction","target":["https:\/\/volcanes.net\/?p=948"]}]},{"@type":"ImageObject","inLanguage":"es","@id":"https:\/\/volcanes.net\/?p=948#primaryimage","url":"https:\/\/volcanes.net\/wp-content\/uploads\/2018\/02\/FOTO-C100-1-2.jpg","contentUrl":"https:\/\/volcanes.net\/wp-content\/uploads\/2018\/02\/FOTO-C100-1-2.jpg","width":325,"height":182},{"@type":"BreadcrumbList","@id":"https:\/\/volcanes.net\/?p=948#breadcrumb","itemListElement":[{"@type":"ListItem","position":1,"name":"Portada","item":"https:\/\/volcanes.net\/"},{"@type":"ListItem","position":2,"name":"Da a conocer FGJEM a empresarios de ASECEM que el secuestro disminuy\u00f3 31.8 por ciento en Edom\u00e9x"}]},{"@type":"WebSite","@id":"https:\/\/volcanes.net\/#website","url":"https:\/\/volcanes.net\/","name":"Volcanes.Net","description":"Periodismo Profesional","publisher":{"@id":"https:\/\/volcanes.net\/#organization"},"potentialAction":[{"@type":"SearchAction","target":{"@type":"EntryPoint","urlTemplate":"https:\/\/volcanes.net\/?s={search_term_string}"},"query-input":{"@type":"PropertyValueSpecification","valueRequired":true,"valueName":"search_term_string"}}],"inLanguage":"es"},{"@type":"Organization","@id":"https:\/\/volcanes.net\/#organization","name":"Grupo Volcanes","url":"https:\/\/volcanes.net\/","logo":{"@type":"ImageObject","inLanguage":"es","@id":"https:\/\/volcanes.net\/#\/schema\/logo\/image\/","url":"http:\/\/volcanes.net\/wp-content\/uploads\/2017\/12\/Avatar2.jpg","contentUrl":"http:\/\/volcanes.net\/wp-content\/uploads\/2017\/12\/Avatar2.jpg","width":378,"height":378,"caption":"Grupo Volcanes"},"image":{"@id":"https:\/\/volcanes.net\/#\/schema\/logo\/image\/"},"sameAs":["https:\/\/www.facebook.com\/volcanes.net\/"]},{"@type":"Person","@id":"https:\/\/volcanes.net\/#\/schema\/person\/4bf0f383940966a4abd53f5048c0e6b9","name":"admin","image":{"@type":"ImageObject","inLanguage":"es","@id":"https:\/\/volcanes.net\/#\/schema\/person\/image\/","url":"https:\/\/secure.gravatar.com\/avatar\/ca004e6cba8462b8cb7abc86e382930c?s=96&d=mm&r=g","contentUrl":"https:\/\/secure.gravatar.com\/avatar\/ca004e6cba8462b8cb7abc86e382930c?s=96&d=mm&r=g","caption":"admin"}}]}},"_links":{"self":[{"href":"https:\/\/volcanes.net\/index.php?rest_route=\/wp\/v2\/posts\/948"}],"collection":[{"href":"https:\/\/volcanes.net\/index.php?rest_route=\/wp\/v2\/posts"}],"about":[{"href":"https:\/\/volcanes.net\/index.php?rest_route=\/wp\/v2\/types\/post"}],"author":[{"embeddable":true,"href":"https:\/\/volcanes.net\/index.php?rest_route=\/wp\/v2\/users\/1"}],"replies":[{"embeddable":true,"href":"https:\/\/volcanes.net\/index.php?rest_route=%2Fwp%2Fv2%2Fcomments&post=948"}],"version-history":[{"count":1,"href":"https:\/\/volcanes.net\/index.php?rest_route=\/wp\/v2\/posts\/948\/revisions"}],"predecessor-version":[{"id":949,"href":"https:\/\/volcanes.net\/index.php?rest_route=\/wp\/v2\/posts\/948\/revisions\/949"}],"wp:featuredmedia":[{"embeddable":true,"href":"https:\/\/volcanes.net\/index.php?rest_route=\/wp\/v2\/media\/943"}],"wp:attachment":[{"href":"https:\/\/volcanes.net\/index.php?rest_route=%2Fwp%2Fv2%2Fmedia&parent=948"}],"wp:term":[{"taxonomy":"category","embeddable":true,"href":"https:\/\/volcanes.net\/index.php?rest_route=%2Fwp%2Fv2%2Fcategories&post=948"},{"taxonomy":"post_tag","embeddable":true,"href":"https:\/\/volcanes.net\/index.php?rest_route=%2Fwp%2Fv2%2Ftags&post=948"}],"curies":[{"name":"wp","href":"https:\/\/api.w.org\/{rel}","templated":true}]}}