{"id":950,"date":"2018-02-01T13:13:29","date_gmt":"2018-02-01T13:13:29","guid":{"rendered":"http:\/\/volcanes.net\/?p=950"},"modified":"2018-02-01T13:13:29","modified_gmt":"2018-02-01T13:13:29","slug":"nuevos-nombramientos-de-texcoco-en-seguridad-publica-y-movilidad","status":"publish","type":"post","link":"https:\/\/volcanes.net\/?p=950","title":{"rendered":"Nuevos nombramientos de Texcoco en seguridad p\u00fablica y movilidad"},"content":{"rendered":"<div style=\"margin-top: 0px; margin-bottom: 0px;\" class=\"sharethis-inline-share-buttons\" ><\/div><ul>\n<li style=\"font-weight: 400;\"><em>Renuncia a su cargo de Director de Seguridad P\u00fablica y Movilidad Ricardo Arellano Mayer.<\/em><\/li>\n<li style=\"font-weight: 400;\"><em>\u00a0Isa\u00edas Hern\u00e1ndez P\u00e9rez es nombrado Director de Seguridad P\u00fablica y Movilidad\u00a0\u00a0 y Jes\u00fas Emilio Duarte Olivares es nombrado Subdirector General Operativo de Seguridad P\u00fablica y Movilidad.<\/em><\/li>\n<\/ul>\n<p style=\"font-weight: 400;\">\n<p style=\"font-weight: 400;\">En el pleno del cabildo se aprob\u00f3 por unanimidad la designaci\u00f3n como Director de Seguridad P\u00fablica y Movilidad a Isa\u00edas Hern\u00e1ndez P\u00e9rez, luego de que Ricardo Arellano Mayer renunciara al cargo por motivos personales.<\/p>\n<p style=\"font-weight: 400;\">\n<p style=\"font-weight: 400;\">El Presidente Municipal Jes\u00fas Ad\u00e1n Gordo Ram\u00edrez, en la octog\u00e9sima sexta sesi\u00f3n ordinaria de cabildo, expuso la renuncia interpuesta por Ricardo Arellano Mayer y propuso para ocupar su cargo al Isa\u00edas Hern\u00e1ndez P\u00e9rez, quien se venia desempe\u00f1ando como Subdirector General Operativo de Seguridad P\u00fablica y Movilidad.<\/p>\n<p style=\"font-weight: 400;\">\n<p style=\"font-weight: 400;\">Tambi\u00e9n propuso a Jes\u00fas Emilio Duarte Olivares, para ocupar el cargo que deja vacante Isa\u00edas Hern\u00e1ndez.<\/p>\n<p style=\"font-weight: 400;\">\n<p style=\"font-weight: 400;\">El pleno del cabildo aprob\u00f3 por unanimidad los nombramientos de los dos funcionarios, quienes desde esta d\u00eda, pasan a desempe\u00f1ar su nuevo cargo en la corporaci\u00f3n policiaca.<\/p>\n<p style=\"font-weight: 400;\">\n<p style=\"font-weight: 400;\">Gordo Ram\u00edrez, reconoci\u00f3 el trabajo que se ha hecho en la Direcci\u00f3n de Seguridad P\u00fablica y Movilidad, lo que valid\u00f3 el reconocimiento del Consejo Estatal de Seguridad P\u00fablica para Texcoco, como uno de los municipios del Estado de M\u00e9xico con los \u00edndices delictivos m\u00e1s bajos.<\/p>\n<p style=\"font-weight: 400;\">\n<p style=\"font-weight: 400;\">Por lo que consider\u00f3 que con la designaci\u00f3n de los nuevos funcionarios se dar\u00e1 continuidad a la forma en que ha venido operando la Direcci\u00f3n de Seguridad P\u00fablica y Movilidad, cuya prioridad en la seguridad de los ciudadanos de Texcoco.<\/p>\n<p style=\"font-weight: 400;\">\n<p style=\"font-weight: 400;\">Isa\u00edas Hern\u00e1ndez P\u00e9rez, es egresado de la carrera de derecho por la Universidad Liceo Pedro de Gante, tom\u00f3 el curso de Formaci\u00f3n B\u00e1sica para Polic\u00eda Municipal, en el Colegio de Polic\u00eda de Nezahualc\u00f3yotl, as\u00ed como nueve diplomados relacionados con la Seguridad P\u00fablica.<\/p>\n<p style=\"font-weight: 400;\">\n<p style=\"font-weight: 400;\">Ha hechos su carrera policial en Texcoco; en el periodo 2005-2008, fue Jefe de Sector; en el 2008-2010, fue Jefe de Operaciones; 2010-2012, se desempe\u00f1\u00f3 como t\u00e9cnico operativo; del 2013 al 2015, labor\u00f3 como Jefe de la Unidad de Vinculaci\u00f3n y Control Administrativo, en la actual administraci\u00f3n se ven\u00eda desempe\u00f1ando como Subdirector General y hasta asumir el cargo como Director General de Seguridad P\u00fablica y Movilidad.<\/p>\n<p style=\"font-weight: 400;\">\n<p style=\"font-weight: 400;\">Por su parte Jes\u00fas Emilio Duarte Olivares, se ha destacado el servicio p\u00fablico desde el 2003-2016, en donde se desempe\u00f1\u00f3 como Director de Obras P\u00fablicas, en el periodo 2013-2015, estuvo como director de Transporte y Vialidad, en este gobierno estaba a cargo de la Subdirecci\u00f3n de Movilidad, hoy fue nombrado Subdirector General de Seguridad P\u00fablica y Movilidad.<\/p>\n<p style=\"font-weight: 400;\">\n<p style=\"font-weight: 400;\">Ambos funcionarios reiteraron su compromiso con la ciudadan\u00eda texcocana, para mantener el orden y mejorar la seguridad en todo el territorio municipal.<\/p>\n","protected":false},"excerpt":{"rendered":"<p>Renuncia a su cargo de Director de Seguridad P\u00fablica y Movilidad Ricardo Arellano Mayer. \u00a0Isa\u00edas<\/p>\n","protected":false},"author":1,"featured_media":951,"comment_status":"open","ping_status":"open","sticky":false,"template":"","format":"standard","meta":{"footnotes":""},"categories":[1],"tags":[22],"class_list":["post-950","post","type-post","status-publish","format-standard","has-post-thumbnail","hentry","category-municipales","tag-texcoco"],"yoast_head":"<!-- This site is optimized with the Yoast SEO plugin v25.3 - https:\/\/yoast.com\/wordpress\/plugins\/seo\/ -->\n<title>Nuevos nombramientos de Texcoco en seguridad p\u00fablica y movilidad - Volcanes<\/title>\n<meta name=\"robots\" content=\"index, follow, max-snippet:-1, max-image-preview:large, max-video-preview:-1\" \/>\n<link rel=\"canonical\" href=\"https:\/\/volcanes.net\/?p=950\" \/>\n<meta property=\"og:locale\" content=\"es_MX\" \/>\n<meta property=\"og:type\" content=\"article\" \/>\n<meta property=\"og:title\" content=\"Nuevos nombramientos de Texcoco en seguridad p\u00fablica y movilidad - Volcanes\" \/>\n<meta property=\"og:description\" content=\"Renuncia a su cargo de Director de Seguridad P\u00fablica y Movilidad Ricardo Arellano Mayer. \u00a0Isa\u00edas\" \/>\n<meta property=\"og:url\" content=\"https:\/\/volcanes.net\/?p=950\" \/>\n<meta property=\"og:site_name\" content=\"Volcanes\" \/>\n<meta property=\"article:publisher\" content=\"https:\/\/www.facebook.com\/volcanes.net\/\" \/>\n<meta property=\"article:published_time\" content=\"2018-02-01T13:13:29+00:00\" \/>\n<meta property=\"og:image\" content=\"https:\/\/volcanes.net\/wp-content\/uploads\/2018\/02\/IMG_7778.jpg\" \/>\n\t<meta property=\"og:image:width\" content=\"333\" \/>\n\t<meta property=\"og:image:height\" content=\"206\" \/>\n\t<meta property=\"og:image:type\" content=\"image\/jpeg\" \/>\n<meta name=\"author\" content=\"admin\" \/>\n<meta name=\"twitter:card\" content=\"summary_large_image\" \/>\n<meta name=\"twitter:label1\" content=\"Escrito por\" \/>\n\t<meta name=\"twitter:data1\" content=\"admin\" \/>\n\t<meta name=\"twitter:label2\" content=\"Tiempo de lectura\" \/>\n\t<meta name=\"twitter:data2\" content=\"2 minutos\" \/>\n<script type=\"application\/ld+json\" class=\"yoast-schema-graph\">{\"@context\":\"https:\/\/schema.org\",\"@graph\":[{\"@type\":\"Article\",\"@id\":\"https:\/\/volcanes.net\/?p=950#article\",\"isPartOf\":{\"@id\":\"https:\/\/volcanes.net\/?p=950\"},\"author\":{\"name\":\"admin\",\"@id\":\"https:\/\/volcanes.net\/#\/schema\/person\/4bf0f383940966a4abd53f5048c0e6b9\"},\"headline\":\"Nuevos nombramientos de Texcoco en seguridad p\u00fablica y movilidad\",\"datePublished\":\"2018-02-01T13:13:29+00:00\",\"mainEntityOfPage\":{\"@id\":\"https:\/\/volcanes.net\/?p=950\"},\"wordCount\":502,\"commentCount\":0,\"publisher\":{\"@id\":\"https:\/\/volcanes.net\/#organization\"},\"image\":{\"@id\":\"https:\/\/volcanes.net\/?p=950#primaryimage\"},\"thumbnailUrl\":\"https:\/\/volcanes.net\/wp-content\/uploads\/2018\/02\/IMG_7778.jpg\",\"keywords\":[\"Texcoco\"],\"articleSection\":[\"Municipales\"],\"inLanguage\":\"es\",\"potentialAction\":[{\"@type\":\"CommentAction\",\"name\":\"Comment\",\"target\":[\"https:\/\/volcanes.net\/?p=950#respond\"]}]},{\"@type\":\"WebPage\",\"@id\":\"https:\/\/volcanes.net\/?p=950\",\"url\":\"https:\/\/volcanes.net\/?p=950\",\"name\":\"Nuevos nombramientos de Texcoco en seguridad p\u00fablica y movilidad - Volcanes\",\"isPartOf\":{\"@id\":\"https:\/\/volcanes.net\/#website\"},\"primaryImageOfPage\":{\"@id\":\"https:\/\/volcanes.net\/?p=950#primaryimage\"},\"image\":{\"@id\":\"https:\/\/volcanes.net\/?p=950#primaryimage\"},\"thumbnailUrl\":\"https:\/\/volcanes.net\/wp-content\/uploads\/2018\/02\/IMG_7778.jpg\",\"datePublished\":\"2018-02-01T13:13:29+00:00\",\"breadcrumb\":{\"@id\":\"https:\/\/volcanes.net\/?p=950#breadcrumb\"},\"inLanguage\":\"es\",\"potentialAction\":[{\"@type\":\"ReadAction\",\"target\":[\"https:\/\/volcanes.net\/?p=950\"]}]},{\"@type\":\"ImageObject\",\"inLanguage\":\"es\",\"@id\":\"https:\/\/volcanes.net\/?p=950#primaryimage\",\"url\":\"https:\/\/volcanes.net\/wp-content\/uploads\/2018\/02\/IMG_7778.jpg\",\"contentUrl\":\"https:\/\/volcanes.net\/wp-content\/uploads\/2018\/02\/IMG_7778.jpg\",\"width\":333,\"height\":206},{\"@type\":\"BreadcrumbList\",\"@id\":\"https:\/\/volcanes.net\/?p=950#breadcrumb\",\"itemListElement\":[{\"@type\":\"ListItem\",\"position\":1,\"name\":\"Portada\",\"item\":\"https:\/\/volcanes.net\/\"},{\"@type\":\"ListItem\",\"position\":2,\"name\":\"Nuevos nombramientos de Texcoco en seguridad p\u00fablica y movilidad\"}]},{\"@type\":\"WebSite\",\"@id\":\"https:\/\/volcanes.net\/#website\",\"url\":\"https:\/\/volcanes.net\/\",\"name\":\"Volcanes.Net\",\"description\":\"Periodismo Profesional\",\"publisher\":{\"@id\":\"https:\/\/volcanes.net\/#organization\"},\"potentialAction\":[{\"@type\":\"SearchAction\",\"target\":{\"@type\":\"EntryPoint\",\"urlTemplate\":\"https:\/\/volcanes.net\/?s={search_term_string}\"},\"query-input\":{\"@type\":\"PropertyValueSpecification\",\"valueRequired\":true,\"valueName\":\"search_term_string\"}}],\"inLanguage\":\"es\"},{\"@type\":\"Organization\",\"@id\":\"https:\/\/volcanes.net\/#organization\",\"name\":\"Grupo Volcanes\",\"url\":\"https:\/\/volcanes.net\/\",\"logo\":{\"@type\":\"ImageObject\",\"inLanguage\":\"es\",\"@id\":\"https:\/\/volcanes.net\/#\/schema\/logo\/image\/\",\"url\":\"http:\/\/volcanes.net\/wp-content\/uploads\/2017\/12\/Avatar2.jpg\",\"contentUrl\":\"http:\/\/volcanes.net\/wp-content\/uploads\/2017\/12\/Avatar2.jpg\",\"width\":378,\"height\":378,\"caption\":\"Grupo Volcanes\"},\"image\":{\"@id\":\"https:\/\/volcanes.net\/#\/schema\/logo\/image\/\"},\"sameAs\":[\"https:\/\/www.facebook.com\/volcanes.net\/\"]},{\"@type\":\"Person\",\"@id\":\"https:\/\/volcanes.net\/#\/schema\/person\/4bf0f383940966a4abd53f5048c0e6b9\",\"name\":\"admin\",\"image\":{\"@type\":\"ImageObject\",\"inLanguage\":\"es\",\"@id\":\"https:\/\/volcanes.net\/#\/schema\/person\/image\/\",\"url\":\"https:\/\/secure.gravatar.com\/avatar\/ca004e6cba8462b8cb7abc86e382930c?s=96&d=mm&r=g\",\"contentUrl\":\"https:\/\/secure.gravatar.com\/avatar\/ca004e6cba8462b8cb7abc86e382930c?s=96&d=mm&r=g\",\"caption\":\"admin\"}}]}<\/script>\n<!-- \/ Yoast SEO plugin. -->","yoast_head_json":{"title":"Nuevos nombramientos de Texcoco en seguridad p\u00fablica y movilidad - Volcanes","robots":{"index":"index","follow":"follow","max-snippet":"max-snippet:-1","max-image-preview":"max-image-preview:large","max-video-preview":"max-video-preview:-1"},"canonical":"https:\/\/volcanes.net\/?p=950","og_locale":"es_MX","og_type":"article","og_title":"Nuevos nombramientos de Texcoco en seguridad p\u00fablica y movilidad - Volcanes","og_description":"Renuncia a su cargo de Director de Seguridad P\u00fablica y Movilidad Ricardo Arellano Mayer. \u00a0Isa\u00edas","og_url":"https:\/\/volcanes.net\/?p=950","og_site_name":"Volcanes","article_publisher":"https:\/\/www.facebook.com\/volcanes.net\/","article_published_time":"2018-02-01T13:13:29+00:00","og_image":[{"width":333,"height":206,"url":"https:\/\/volcanes.net\/wp-content\/uploads\/2018\/02\/IMG_7778.jpg","type":"image\/jpeg"}],"author":"admin","twitter_card":"summary_large_image","twitter_misc":{"Escrito por":"admin","Tiempo de lectura":"2 minutos"},"schema":{"@context":"https:\/\/schema.org","@graph":[{"@type":"Article","@id":"https:\/\/volcanes.net\/?p=950#article","isPartOf":{"@id":"https:\/\/volcanes.net\/?p=950"},"author":{"name":"admin","@id":"https:\/\/volcanes.net\/#\/schema\/person\/4bf0f383940966a4abd53f5048c0e6b9"},"headline":"Nuevos nombramientos de Texcoco en seguridad p\u00fablica y movilidad","datePublished":"2018-02-01T13:13:29+00:00","mainEntityOfPage":{"@id":"https:\/\/volcanes.net\/?p=950"},"wordCount":502,"commentCount":0,"publisher":{"@id":"https:\/\/volcanes.net\/#organization"},"image":{"@id":"https:\/\/volcanes.net\/?p=950#primaryimage"},"thumbnailUrl":"https:\/\/volcanes.net\/wp-content\/uploads\/2018\/02\/IMG_7778.jpg","keywords":["Texcoco"],"articleSection":["Municipales"],"inLanguage":"es","potentialAction":[{"@type":"CommentAction","name":"Comment","target":["https:\/\/volcanes.net\/?p=950#respond"]}]},{"@type":"WebPage","@id":"https:\/\/volcanes.net\/?p=950","url":"https:\/\/volcanes.net\/?p=950","name":"Nuevos nombramientos de Texcoco en seguridad p\u00fablica y movilidad - Volcanes","isPartOf":{"@id":"https:\/\/volcanes.net\/#website"},"primaryImageOfPage":{"@id":"https:\/\/volcanes.net\/?p=950#primaryimage"},"image":{"@id":"https:\/\/volcanes.net\/?p=950#primaryimage"},"thumbnailUrl":"https:\/\/volcanes.net\/wp-content\/uploads\/2018\/02\/IMG_7778.jpg","datePublished":"2018-02-01T13:13:29+00:00","breadcrumb":{"@id":"https:\/\/volcanes.net\/?p=950#breadcrumb"},"inLanguage":"es","potentialAction":[{"@type":"ReadAction","target":["https:\/\/volcanes.net\/?p=950"]}]},{"@type":"ImageObject","inLanguage":"es","@id":"https:\/\/volcanes.net\/?p=950#primaryimage","url":"https:\/\/volcanes.net\/wp-content\/uploads\/2018\/02\/IMG_7778.jpg","contentUrl":"https:\/\/volcanes.net\/wp-content\/uploads\/2018\/02\/IMG_7778.jpg","width":333,"height":206},{"@type":"BreadcrumbList","@id":"https:\/\/volcanes.net\/?p=950#breadcrumb","itemListElement":[{"@type":"ListItem","position":1,"name":"Portada","item":"https:\/\/volcanes.net\/"},{"@type":"ListItem","position":2,"name":"Nuevos nombramientos de Texcoco en seguridad p\u00fablica y movilidad"}]},{"@type":"WebSite","@id":"https:\/\/volcanes.net\/#website","url":"https:\/\/volcanes.net\/","name":"Volcanes.Net","description":"Periodismo Profesional","publisher":{"@id":"https:\/\/volcanes.net\/#organization"},"potentialAction":[{"@type":"SearchAction","target":{"@type":"EntryPoint","urlTemplate":"https:\/\/volcanes.net\/?s={search_term_string}"},"query-input":{"@type":"PropertyValueSpecification","valueRequired":true,"valueName":"search_term_string"}}],"inLanguage":"es"},{"@type":"Organization","@id":"https:\/\/volcanes.net\/#organization","name":"Grupo Volcanes","url":"https:\/\/volcanes.net\/","logo":{"@type":"ImageObject","inLanguage":"es","@id":"https:\/\/volcanes.net\/#\/schema\/logo\/image\/","url":"http:\/\/volcanes.net\/wp-content\/uploads\/2017\/12\/Avatar2.jpg","contentUrl":"http:\/\/volcanes.net\/wp-content\/uploads\/2017\/12\/Avatar2.jpg","width":378,"height":378,"caption":"Grupo Volcanes"},"image":{"@id":"https:\/\/volcanes.net\/#\/schema\/logo\/image\/"},"sameAs":["https:\/\/www.facebook.com\/volcanes.net\/"]},{"@type":"Person","@id":"https:\/\/volcanes.net\/#\/schema\/person\/4bf0f383940966a4abd53f5048c0e6b9","name":"admin","image":{"@type":"ImageObject","inLanguage":"es","@id":"https:\/\/volcanes.net\/#\/schema\/person\/image\/","url":"https:\/\/secure.gravatar.com\/avatar\/ca004e6cba8462b8cb7abc86e382930c?s=96&d=mm&r=g","contentUrl":"https:\/\/secure.gravatar.com\/avatar\/ca004e6cba8462b8cb7abc86e382930c?s=96&d=mm&r=g","caption":"admin"}}]}},"_links":{"self":[{"href":"https:\/\/volcanes.net\/index.php?rest_route=\/wp\/v2\/posts\/950"}],"collection":[{"href":"https:\/\/volcanes.net\/index.php?rest_route=\/wp\/v2\/posts"}],"about":[{"href":"https:\/\/volcanes.net\/index.php?rest_route=\/wp\/v2\/types\/post"}],"author":[{"embeddable":true,"href":"https:\/\/volcanes.net\/index.php?rest_route=\/wp\/v2\/users\/1"}],"replies":[{"embeddable":true,"href":"https:\/\/volcanes.net\/index.php?rest_route=%2Fwp%2Fv2%2Fcomments&post=950"}],"version-history":[{"count":1,"href":"https:\/\/volcanes.net\/index.php?rest_route=\/wp\/v2\/posts\/950\/revisions"}],"predecessor-version":[{"id":952,"href":"https:\/\/volcanes.net\/index.php?rest_route=\/wp\/v2\/posts\/950\/revisions\/952"}],"wp:featuredmedia":[{"embeddable":true,"href":"https:\/\/volcanes.net\/index.php?rest_route=\/wp\/v2\/media\/951"}],"wp:attachment":[{"href":"https:\/\/volcanes.net\/index.php?rest_route=%2Fwp%2Fv2%2Fmedia&parent=950"}],"wp:term":[{"taxonomy":"category","embeddable":true,"href":"https:\/\/volcanes.net\/index.php?rest_route=%2Fwp%2Fv2%2Fcategories&post=950"},{"taxonomy":"post_tag","embeddable":true,"href":"https:\/\/volcanes.net\/index.php?rest_route=%2Fwp%2Fv2%2Ftags&post=950"}],"curies":[{"name":"wp","href":"https:\/\/api.w.org\/{rel}","templated":true}]}}