{"id":9525,"date":"2020-12-18T13:51:07","date_gmt":"2020-12-18T19:51:07","guid":{"rendered":"http:\/\/volcanes.net\/?p=9525"},"modified":"2020-12-18T13:51:07","modified_gmt":"2020-12-18T19:51:07","slug":"edil-de-atlautla-entrego-obras-en-calles-en-la-delegacion-san-juan-tepecoculco","status":"publish","type":"post","link":"https:\/\/volcanes.net\/?p=9525","title":{"rendered":"Edil de Atlautla entreg\u00f3 obras en calles en la delegaci\u00f3n San Juan Tepecoculco"},"content":{"rendered":"<div style=\"margin-top: 0px; margin-bottom: 0px;\" class=\"sharethis-inline-share-buttons\" ><\/div><p style=\"text-align: justify;\">Atlautla, Estado de M\u00e9xico.- Al realizar la entrega de la construcci\u00f3n\u00a0 de la pavimentaci\u00f3n en calle Hidalgo, de calle Ocampo a calle Dolores, en la delegaci\u00f3n San Juan Tepecoculco, el presidente de este municipio mexiquense, Hermenegildo Lozada Amaro, resalt\u00f3 la importancia que tiene esta v\u00eda de comunicaci\u00f3n en la comunidad y el inter\u00e9s que demostraron los vecinos para realizar la gesti\u00f3n y que la misma se llevara a cabo, beneficiando a 200 habitantes.<\/p>\n<p style=\"text-align: justify;\">El alcalde destac\u00f3 el trabajo que viene realizando la actual administraci\u00f3n, pues en este a\u00f1o se han invertido cerca de 52 millones de pesos en diferentes obras y acciones en la cabecera municipal y delegaciones, &#8220;y esta calle es una clara muestra de lo que se puede lograr cuando autoridades y vecinos trabajamos de manera unida, sin divisiones, y viendo siempre por el inter\u00e9s de los habitantes&#8221; dijo .<\/p>\n<p style=\"text-align: justify;\">&#8220;Este es un momento en que tenemos que mantenernos unidos, sin divisiones, porque ya lo vivimos, las divisiones \u00fanicamente acarrean el atraso en la comunidad, es necesario fortalecernos juntos, porque juntos se logran mejores cosas, y esta calle es una clara muestra de ello, ahora los vecinos cuenta con una calle muy bonita, y esto solo se logra, trabajando juntos&#8221;, se\u00f1al\u00f3 Lozada Amaro.<\/p>\n<p style=\"text-align: justify;\">En este acto protocolario, en el que se guardaron las medidas sanitarias necesarias y se cuid\u00f3 el n\u00famero de personas en el lugar, el munic\u00edpe invit\u00f3 a los presentes a mantenerse atentos, &#8220;pues nos encontramos en un momento muy delicado de la pandemia del Covid-19, el n\u00famero de contagios sigue aumentando y es necesario cuidarnos todos, por el bien de las familias de nuestro municipio debemos asumir que solo respetando las medidas de higiene preventivas vamos a salir adelante&#8221; finaliz\u00f3.<\/p>\n","protected":false},"excerpt":{"rendered":"<p>Atlautla, Estado de M\u00e9xico.- Al realizar la entrega de la construcci\u00f3n\u00a0 de la pavimentaci\u00f3n en<\/p>\n","protected":false},"author":1,"featured_media":9526,"comment_status":"open","ping_status":"open","sticky":false,"template":"","format":"standard","meta":{"footnotes":""},"categories":[1],"tags":[80],"class_list":["post-9525","post","type-post","status-publish","format-standard","has-post-thumbnail","hentry","category-municipales","tag-atlautla"],"yoast_head":"<!-- This site is optimized with the Yoast SEO plugin v25.3 - https:\/\/yoast.com\/wordpress\/plugins\/seo\/ -->\n<title>Edil de Atlautla entreg\u00f3 obras en calles en la delegaci\u00f3n San Juan Tepecoculco - Volcanes<\/title>\n<meta name=\"robots\" content=\"index, follow, max-snippet:-1, max-image-preview:large, max-video-preview:-1\" \/>\n<link rel=\"canonical\" href=\"https:\/\/volcanes.net\/?p=9525\" \/>\n<meta property=\"og:locale\" content=\"es_MX\" \/>\n<meta property=\"og:type\" content=\"article\" \/>\n<meta property=\"og:title\" content=\"Edil de Atlautla entreg\u00f3 obras en calles en la delegaci\u00f3n San Juan Tepecoculco - Volcanes\" \/>\n<meta property=\"og:description\" content=\"Atlautla, Estado de M\u00e9xico.- Al realizar la entrega de la construcci\u00f3n\u00a0 de la pavimentaci\u00f3n en\" \/>\n<meta property=\"og:url\" content=\"https:\/\/volcanes.net\/?p=9525\" \/>\n<meta property=\"og:site_name\" content=\"Volcanes\" \/>\n<meta property=\"article:publisher\" content=\"https:\/\/www.facebook.com\/volcanes.net\/\" \/>\n<meta property=\"article:published_time\" content=\"2020-12-18T19:51:07+00:00\" \/>\n<meta property=\"og:image\" content=\"https:\/\/volcanes.net\/wp-content\/uploads\/2020\/12\/FB_IMG_1608302026718.jpg\" \/>\n\t<meta property=\"og:image:width\" content=\"720\" \/>\n\t<meta property=\"og:image:height\" content=\"720\" \/>\n\t<meta property=\"og:image:type\" content=\"image\/jpeg\" \/>\n<meta name=\"author\" content=\"admin\" \/>\n<meta name=\"twitter:card\" content=\"summary_large_image\" \/>\n<meta name=\"twitter:label1\" content=\"Escrito por\" \/>\n\t<meta name=\"twitter:data1\" content=\"admin\" \/>\n\t<meta name=\"twitter:label2\" content=\"Tiempo de lectura\" \/>\n\t<meta name=\"twitter:data2\" content=\"1 minuto\" \/>\n<script type=\"application\/ld+json\" class=\"yoast-schema-graph\">{\"@context\":\"https:\/\/schema.org\",\"@graph\":[{\"@type\":\"Article\",\"@id\":\"https:\/\/volcanes.net\/?p=9525#article\",\"isPartOf\":{\"@id\":\"https:\/\/volcanes.net\/?p=9525\"},\"author\":{\"name\":\"admin\",\"@id\":\"https:\/\/volcanes.net\/#\/schema\/person\/4bf0f383940966a4abd53f5048c0e6b9\"},\"headline\":\"Edil de Atlautla entreg\u00f3 obras en calles en la delegaci\u00f3n San Juan Tepecoculco\",\"datePublished\":\"2020-12-18T19:51:07+00:00\",\"mainEntityOfPage\":{\"@id\":\"https:\/\/volcanes.net\/?p=9525\"},\"wordCount\":312,\"commentCount\":0,\"publisher\":{\"@id\":\"https:\/\/volcanes.net\/#organization\"},\"image\":{\"@id\":\"https:\/\/volcanes.net\/?p=9525#primaryimage\"},\"thumbnailUrl\":\"https:\/\/volcanes.net\/wp-content\/uploads\/2020\/12\/FB_IMG_1608302026718.jpg\",\"keywords\":[\"Atlautla\"],\"articleSection\":[\"Municipales\"],\"inLanguage\":\"es\",\"potentialAction\":[{\"@type\":\"CommentAction\",\"name\":\"Comment\",\"target\":[\"https:\/\/volcanes.net\/?p=9525#respond\"]}]},{\"@type\":\"WebPage\",\"@id\":\"https:\/\/volcanes.net\/?p=9525\",\"url\":\"https:\/\/volcanes.net\/?p=9525\",\"name\":\"Edil de Atlautla entreg\u00f3 obras en calles en la delegaci\u00f3n San Juan Tepecoculco - Volcanes\",\"isPartOf\":{\"@id\":\"https:\/\/volcanes.net\/#website\"},\"primaryImageOfPage\":{\"@id\":\"https:\/\/volcanes.net\/?p=9525#primaryimage\"},\"image\":{\"@id\":\"https:\/\/volcanes.net\/?p=9525#primaryimage\"},\"thumbnailUrl\":\"https:\/\/volcanes.net\/wp-content\/uploads\/2020\/12\/FB_IMG_1608302026718.jpg\",\"datePublished\":\"2020-12-18T19:51:07+00:00\",\"breadcrumb\":{\"@id\":\"https:\/\/volcanes.net\/?p=9525#breadcrumb\"},\"inLanguage\":\"es\",\"potentialAction\":[{\"@type\":\"ReadAction\",\"target\":[\"https:\/\/volcanes.net\/?p=9525\"]}]},{\"@type\":\"ImageObject\",\"inLanguage\":\"es\",\"@id\":\"https:\/\/volcanes.net\/?p=9525#primaryimage\",\"url\":\"https:\/\/volcanes.net\/wp-content\/uploads\/2020\/12\/FB_IMG_1608302026718.jpg\",\"contentUrl\":\"https:\/\/volcanes.net\/wp-content\/uploads\/2020\/12\/FB_IMG_1608302026718.jpg\",\"width\":720,\"height\":720},{\"@type\":\"BreadcrumbList\",\"@id\":\"https:\/\/volcanes.net\/?p=9525#breadcrumb\",\"itemListElement\":[{\"@type\":\"ListItem\",\"position\":1,\"name\":\"Portada\",\"item\":\"https:\/\/volcanes.net\/\"},{\"@type\":\"ListItem\",\"position\":2,\"name\":\"Edil de Atlautla entreg\u00f3 obras en calles en la delegaci\u00f3n San Juan Tepecoculco\"}]},{\"@type\":\"WebSite\",\"@id\":\"https:\/\/volcanes.net\/#website\",\"url\":\"https:\/\/volcanes.net\/\",\"name\":\"Volcanes.Net\",\"description\":\"Periodismo Profesional\",\"publisher\":{\"@id\":\"https:\/\/volcanes.net\/#organization\"},\"potentialAction\":[{\"@type\":\"SearchAction\",\"target\":{\"@type\":\"EntryPoint\",\"urlTemplate\":\"https:\/\/volcanes.net\/?s={search_term_string}\"},\"query-input\":{\"@type\":\"PropertyValueSpecification\",\"valueRequired\":true,\"valueName\":\"search_term_string\"}}],\"inLanguage\":\"es\"},{\"@type\":\"Organization\",\"@id\":\"https:\/\/volcanes.net\/#organization\",\"name\":\"Grupo Volcanes\",\"url\":\"https:\/\/volcanes.net\/\",\"logo\":{\"@type\":\"ImageObject\",\"inLanguage\":\"es\",\"@id\":\"https:\/\/volcanes.net\/#\/schema\/logo\/image\/\",\"url\":\"http:\/\/volcanes.net\/wp-content\/uploads\/2017\/12\/Avatar2.jpg\",\"contentUrl\":\"http:\/\/volcanes.net\/wp-content\/uploads\/2017\/12\/Avatar2.jpg\",\"width\":378,\"height\":378,\"caption\":\"Grupo Volcanes\"},\"image\":{\"@id\":\"https:\/\/volcanes.net\/#\/schema\/logo\/image\/\"},\"sameAs\":[\"https:\/\/www.facebook.com\/volcanes.net\/\"]},{\"@type\":\"Person\",\"@id\":\"https:\/\/volcanes.net\/#\/schema\/person\/4bf0f383940966a4abd53f5048c0e6b9\",\"name\":\"admin\",\"image\":{\"@type\":\"ImageObject\",\"inLanguage\":\"es\",\"@id\":\"https:\/\/volcanes.net\/#\/schema\/person\/image\/\",\"url\":\"https:\/\/secure.gravatar.com\/avatar\/ca004e6cba8462b8cb7abc86e382930c?s=96&d=mm&r=g\",\"contentUrl\":\"https:\/\/secure.gravatar.com\/avatar\/ca004e6cba8462b8cb7abc86e382930c?s=96&d=mm&r=g\",\"caption\":\"admin\"}}]}<\/script>\n<!-- \/ Yoast SEO plugin. -->","yoast_head_json":{"title":"Edil de Atlautla entreg\u00f3 obras en calles en la delegaci\u00f3n San Juan Tepecoculco - Volcanes","robots":{"index":"index","follow":"follow","max-snippet":"max-snippet:-1","max-image-preview":"max-image-preview:large","max-video-preview":"max-video-preview:-1"},"canonical":"https:\/\/volcanes.net\/?p=9525","og_locale":"es_MX","og_type":"article","og_title":"Edil de Atlautla entreg\u00f3 obras en calles en la delegaci\u00f3n San Juan Tepecoculco - Volcanes","og_description":"Atlautla, Estado de M\u00e9xico.- Al realizar la entrega de la construcci\u00f3n\u00a0 de la pavimentaci\u00f3n en","og_url":"https:\/\/volcanes.net\/?p=9525","og_site_name":"Volcanes","article_publisher":"https:\/\/www.facebook.com\/volcanes.net\/","article_published_time":"2020-12-18T19:51:07+00:00","og_image":[{"width":720,"height":720,"url":"https:\/\/volcanes.net\/wp-content\/uploads\/2020\/12\/FB_IMG_1608302026718.jpg","type":"image\/jpeg"}],"author":"admin","twitter_card":"summary_large_image","twitter_misc":{"Escrito por":"admin","Tiempo de lectura":"1 minuto"},"schema":{"@context":"https:\/\/schema.org","@graph":[{"@type":"Article","@id":"https:\/\/volcanes.net\/?p=9525#article","isPartOf":{"@id":"https:\/\/volcanes.net\/?p=9525"},"author":{"name":"admin","@id":"https:\/\/volcanes.net\/#\/schema\/person\/4bf0f383940966a4abd53f5048c0e6b9"},"headline":"Edil de Atlautla entreg\u00f3 obras en calles en la delegaci\u00f3n San Juan Tepecoculco","datePublished":"2020-12-18T19:51:07+00:00","mainEntityOfPage":{"@id":"https:\/\/volcanes.net\/?p=9525"},"wordCount":312,"commentCount":0,"publisher":{"@id":"https:\/\/volcanes.net\/#organization"},"image":{"@id":"https:\/\/volcanes.net\/?p=9525#primaryimage"},"thumbnailUrl":"https:\/\/volcanes.net\/wp-content\/uploads\/2020\/12\/FB_IMG_1608302026718.jpg","keywords":["Atlautla"],"articleSection":["Municipales"],"inLanguage":"es","potentialAction":[{"@type":"CommentAction","name":"Comment","target":["https:\/\/volcanes.net\/?p=9525#respond"]}]},{"@type":"WebPage","@id":"https:\/\/volcanes.net\/?p=9525","url":"https:\/\/volcanes.net\/?p=9525","name":"Edil de Atlautla entreg\u00f3 obras en calles en la delegaci\u00f3n San Juan Tepecoculco - Volcanes","isPartOf":{"@id":"https:\/\/volcanes.net\/#website"},"primaryImageOfPage":{"@id":"https:\/\/volcanes.net\/?p=9525#primaryimage"},"image":{"@id":"https:\/\/volcanes.net\/?p=9525#primaryimage"},"thumbnailUrl":"https:\/\/volcanes.net\/wp-content\/uploads\/2020\/12\/FB_IMG_1608302026718.jpg","datePublished":"2020-12-18T19:51:07+00:00","breadcrumb":{"@id":"https:\/\/volcanes.net\/?p=9525#breadcrumb"},"inLanguage":"es","potentialAction":[{"@type":"ReadAction","target":["https:\/\/volcanes.net\/?p=9525"]}]},{"@type":"ImageObject","inLanguage":"es","@id":"https:\/\/volcanes.net\/?p=9525#primaryimage","url":"https:\/\/volcanes.net\/wp-content\/uploads\/2020\/12\/FB_IMG_1608302026718.jpg","contentUrl":"https:\/\/volcanes.net\/wp-content\/uploads\/2020\/12\/FB_IMG_1608302026718.jpg","width":720,"height":720},{"@type":"BreadcrumbList","@id":"https:\/\/volcanes.net\/?p=9525#breadcrumb","itemListElement":[{"@type":"ListItem","position":1,"name":"Portada","item":"https:\/\/volcanes.net\/"},{"@type":"ListItem","position":2,"name":"Edil de Atlautla entreg\u00f3 obras en calles en la delegaci\u00f3n San Juan Tepecoculco"}]},{"@type":"WebSite","@id":"https:\/\/volcanes.net\/#website","url":"https:\/\/volcanes.net\/","name":"Volcanes.Net","description":"Periodismo Profesional","publisher":{"@id":"https:\/\/volcanes.net\/#organization"},"potentialAction":[{"@type":"SearchAction","target":{"@type":"EntryPoint","urlTemplate":"https:\/\/volcanes.net\/?s={search_term_string}"},"query-input":{"@type":"PropertyValueSpecification","valueRequired":true,"valueName":"search_term_string"}}],"inLanguage":"es"},{"@type":"Organization","@id":"https:\/\/volcanes.net\/#organization","name":"Grupo Volcanes","url":"https:\/\/volcanes.net\/","logo":{"@type":"ImageObject","inLanguage":"es","@id":"https:\/\/volcanes.net\/#\/schema\/logo\/image\/","url":"http:\/\/volcanes.net\/wp-content\/uploads\/2017\/12\/Avatar2.jpg","contentUrl":"http:\/\/volcanes.net\/wp-content\/uploads\/2017\/12\/Avatar2.jpg","width":378,"height":378,"caption":"Grupo Volcanes"},"image":{"@id":"https:\/\/volcanes.net\/#\/schema\/logo\/image\/"},"sameAs":["https:\/\/www.facebook.com\/volcanes.net\/"]},{"@type":"Person","@id":"https:\/\/volcanes.net\/#\/schema\/person\/4bf0f383940966a4abd53f5048c0e6b9","name":"admin","image":{"@type":"ImageObject","inLanguage":"es","@id":"https:\/\/volcanes.net\/#\/schema\/person\/image\/","url":"https:\/\/secure.gravatar.com\/avatar\/ca004e6cba8462b8cb7abc86e382930c?s=96&d=mm&r=g","contentUrl":"https:\/\/secure.gravatar.com\/avatar\/ca004e6cba8462b8cb7abc86e382930c?s=96&d=mm&r=g","caption":"admin"}}]}},"_links":{"self":[{"href":"https:\/\/volcanes.net\/index.php?rest_route=\/wp\/v2\/posts\/9525"}],"collection":[{"href":"https:\/\/volcanes.net\/index.php?rest_route=\/wp\/v2\/posts"}],"about":[{"href":"https:\/\/volcanes.net\/index.php?rest_route=\/wp\/v2\/types\/post"}],"author":[{"embeddable":true,"href":"https:\/\/volcanes.net\/index.php?rest_route=\/wp\/v2\/users\/1"}],"replies":[{"embeddable":true,"href":"https:\/\/volcanes.net\/index.php?rest_route=%2Fwp%2Fv2%2Fcomments&post=9525"}],"version-history":[{"count":1,"href":"https:\/\/volcanes.net\/index.php?rest_route=\/wp\/v2\/posts\/9525\/revisions"}],"predecessor-version":[{"id":9527,"href":"https:\/\/volcanes.net\/index.php?rest_route=\/wp\/v2\/posts\/9525\/revisions\/9527"}],"wp:featuredmedia":[{"embeddable":true,"href":"https:\/\/volcanes.net\/index.php?rest_route=\/wp\/v2\/media\/9526"}],"wp:attachment":[{"href":"https:\/\/volcanes.net\/index.php?rest_route=%2Fwp%2Fv2%2Fmedia&parent=9525"}],"wp:term":[{"taxonomy":"category","embeddable":true,"href":"https:\/\/volcanes.net\/index.php?rest_route=%2Fwp%2Fv2%2Fcategories&post=9525"},{"taxonomy":"post_tag","embeddable":true,"href":"https:\/\/volcanes.net\/index.php?rest_route=%2Fwp%2Fv2%2Ftags&post=9525"}],"curies":[{"name":"wp","href":"https:\/\/api.w.org\/{rel}","templated":true}]}}