{"id":9558,"date":"2020-12-23T17:48:51","date_gmt":"2020-12-23T23:48:51","guid":{"rendered":"http:\/\/volcanes.net\/?p=9558"},"modified":"2020-12-23T17:48:51","modified_gmt":"2020-12-23T23:48:51","slug":"crean-red-de-atencion-integral-contra-covid-19-en-ixtapaluca","status":"publish","type":"post","link":"https:\/\/volcanes.net\/?p=9558","title":{"rendered":"Crean Red de Atenci\u00f3n Integral contra COVID-19 en Ixtapaluca\u00a0"},"content":{"rendered":"<div style=\"margin-top: 0px; margin-bottom: 0px;\" class=\"sharethis-inline-share-buttons\" ><\/div><p style=\"text-align: justify;\">Ixtapaluca, Estado de M\u00e9xico.- Con la finalidad de\u00a0informar, atender y accionar en el tema del coronavirus en beneficio de la poblaci\u00f3n ixtapaluquense, la alcaldesa Maricela Serrano Hern\u00e1ndez, puso en marcha la Red de Atenci\u00f3n Integral RAI-COVID-19 la cual ofrecer\u00e1 servicios desde la difusi\u00f3n de informaci\u00f3n sobre medidas de prevenci\u00f3n, sanitizaciones, atenci\u00f3n m\u00e9dica en l\u00ednea, pruebas r\u00e1pidas y atenci\u00f3n pre hospitalaria.<\/p>\n<p style=\"text-align: justify;\">El centro de operaciones del RAI \u00a0se ubica en la estaci\u00f3n de bomberos de Tlapacoya y pone al servicio de la poblaci\u00f3n la l\u00ednea telef\u00f3nica: \u00a0<a href=\"tel:55%2059%2074%2036%2021\">55 59 74 36 21<\/a>, la cual estar\u00e1 disponible las 24 horas del d\u00eda. Serrano llam\u00f3 a la poblaci\u00f3n a extremar medidas y cuidarse para evitar contagios.<\/p>\n<p style=\"text-align: justify;\">La presidenta municipal dijo que en la Red de Atenci\u00f3n Integral estar\u00e1n coordinadas las \u00e1reas del gobierno municipal: Salud, Protecci\u00f3n Civil y Bomberos, Seguridad P\u00fablica, as\u00ed como el Organismo P\u00fablico Descentralizado de Agua Potable, con el \u00fanico objetivo de salvaguardar la integridad de la poblaci\u00f3n en esta lucha contra el coronavirus.<\/p>\n<p style=\"text-align: justify;\">Juan Serrano Remigio, coordinador de Protecci\u00f3n Civil y Bomberos, detall\u00f3 que a trav\u00e9s de 3 puntos espec\u00edficos se dar\u00e1 la atenci\u00f3n a la poblaci\u00f3n. Uno: Difusi\u00f3n de las medidas de prevenci\u00f3n a trav\u00e9s de los diferentes medios de informaci\u00f3n; Dos: Aplicaci\u00f3n de test sobre signos y s\u00edntomas, atenci\u00f3n m\u00e9dica en l\u00ednea; Tres: pruebas r\u00e1pidas, atenci\u00f3n-pre hospitalaria y brigada de atenci\u00f3n inmediata COVID para realizar sanitizaciones en domicilios, calles y espacios p\u00fablicos.<\/p>\n<p style=\"text-align: justify;\">Serrano Hern\u00e1ndez dijo que ante el incremento de contagios a nivel nacional, el Ayuntamiento de Ixtapaluca redobla esfuerzos y da continuidad a las acciones que ya se ven\u00edan haciendo desde marzo pasado cuando inici\u00f3 la pandemia y sumando otras m\u00e1s en favor de quienes son afectados por los contagios.<\/p>\n<p style=\"text-align: justify;\">\u201cLa ciudadan\u00eda podr\u00e1 encontrar de manera m\u00e1s expedita el auxilio ante esta tr\u00e1gica situaci\u00f3n que vivimos, es dif\u00edcil la lucha contra el COVID, pero no nos cansaremos en sumar esfuerzos y acercarlos a los centros hospitalarios, dar medicamentos en la medida de nuestras posibilidades\u201d, mencion\u00f3.<\/p>\n<p style=\"text-align: justify;\">Lament\u00f3 que por parte de la autoridad federal no se hayan recibido los apoyos suficientes, pero con la ayuda del Cabildo municipal se ha podido apoyar, adem\u00e1s de impulsar otros programas como M\u00e9dico a tu casa y las unidades que fueron adaptadas por parte de Protecci\u00f3n Civil y Bomberos para trasladar a los pacientes positivos en c\u00e1psulas de aislamiento.<\/p>\n<p style=\"text-align: justify;\">Tras reconocer al personal m\u00e9dico y de las dem\u00e1s dependencias, \u00a0Maricela Serrano hizo entrega de uniformes a elementos de Protecci\u00f3n Civil y Bomberos, y por su parte el comisario Leonel Bastida Esquivel hizo lo correspondiente a elementos de la corporaci\u00f3n policiaca.<\/p>\n<p style=\"text-align: justify;\">Insisti\u00f3 en la urgencia de un programa federal para apoyar a quienes enfrentan la enfermedad y de apoyo econ\u00f3mico ante la afectaci\u00f3n que genera la pandemia por la p\u00e9rdida de empleos.<\/p>\n","protected":false},"excerpt":{"rendered":"<p>Ixtapaluca, Estado de M\u00e9xico.- Con la finalidad de\u00a0informar, atender y accionar en el tema del<\/p>\n","protected":false},"author":1,"featured_media":9559,"comment_status":"open","ping_status":"open","sticky":false,"template":"","format":"standard","meta":{"footnotes":""},"categories":[1],"tags":[6],"class_list":["post-9558","post","type-post","status-publish","format-standard","has-post-thumbnail","hentry","category-municipales","tag-ixtapaluca"],"yoast_head":"<!-- This site is optimized with the Yoast SEO plugin v25.3 - https:\/\/yoast.com\/wordpress\/plugins\/seo\/ -->\n<title>Crean Red de Atenci\u00f3n Integral contra COVID-19 en Ixtapaluca\u00a0 - Volcanes<\/title>\n<meta name=\"robots\" content=\"index, follow, max-snippet:-1, max-image-preview:large, max-video-preview:-1\" \/>\n<link rel=\"canonical\" href=\"https:\/\/volcanes.net\/?p=9558\" \/>\n<meta property=\"og:locale\" content=\"es_MX\" \/>\n<meta property=\"og:type\" content=\"article\" \/>\n<meta property=\"og:title\" content=\"Crean Red de Atenci\u00f3n Integral contra COVID-19 en Ixtapaluca\u00a0 - Volcanes\" \/>\n<meta property=\"og:description\" content=\"Ixtapaluca, Estado de M\u00e9xico.- Con la finalidad de\u00a0informar, atender y accionar en el tema del\" \/>\n<meta property=\"og:url\" content=\"https:\/\/volcanes.net\/?p=9558\" \/>\n<meta property=\"og:site_name\" content=\"Volcanes\" \/>\n<meta property=\"article:publisher\" content=\"https:\/\/www.facebook.com\/volcanes.net\/\" \/>\n<meta property=\"article:published_time\" content=\"2020-12-23T23:48:51+00:00\" \/>\n<meta property=\"og:image\" content=\"https:\/\/volcanes.net\/wp-content\/uploads\/2020\/12\/09e6c2df-3385-42fd-8c11-b2c39505daa2.jpg\" \/>\n\t<meta property=\"og:image:width\" content=\"720\" \/>\n\t<meta property=\"og:image:height\" content=\"465\" \/>\n\t<meta property=\"og:image:type\" content=\"image\/jpeg\" \/>\n<meta name=\"author\" content=\"admin\" \/>\n<meta name=\"twitter:card\" content=\"summary_large_image\" \/>\n<meta name=\"twitter:label1\" content=\"Escrito por\" \/>\n\t<meta name=\"twitter:data1\" content=\"admin\" \/>\n\t<meta name=\"twitter:label2\" content=\"Tiempo de lectura\" \/>\n\t<meta name=\"twitter:data2\" content=\"3 minutos\" \/>\n<script type=\"application\/ld+json\" class=\"yoast-schema-graph\">{\"@context\":\"https:\/\/schema.org\",\"@graph\":[{\"@type\":\"Article\",\"@id\":\"https:\/\/volcanes.net\/?p=9558#article\",\"isPartOf\":{\"@id\":\"https:\/\/volcanes.net\/?p=9558\"},\"author\":{\"name\":\"admin\",\"@id\":\"https:\/\/volcanes.net\/#\/schema\/person\/4bf0f383940966a4abd53f5048c0e6b9\"},\"headline\":\"Crean Red de Atenci\u00f3n Integral contra COVID-19 en Ixtapaluca\u00a0\",\"datePublished\":\"2020-12-23T23:48:51+00:00\",\"mainEntityOfPage\":{\"@id\":\"https:\/\/volcanes.net\/?p=9558\"},\"wordCount\":525,\"commentCount\":0,\"publisher\":{\"@id\":\"https:\/\/volcanes.net\/#organization\"},\"image\":{\"@id\":\"https:\/\/volcanes.net\/?p=9558#primaryimage\"},\"thumbnailUrl\":\"https:\/\/volcanes.net\/wp-content\/uploads\/2020\/12\/09e6c2df-3385-42fd-8c11-b2c39505daa2.jpg\",\"keywords\":[\"Ixtapaluca\"],\"articleSection\":[\"Municipales\"],\"inLanguage\":\"es\",\"potentialAction\":[{\"@type\":\"CommentAction\",\"name\":\"Comment\",\"target\":[\"https:\/\/volcanes.net\/?p=9558#respond\"]}]},{\"@type\":\"WebPage\",\"@id\":\"https:\/\/volcanes.net\/?p=9558\",\"url\":\"https:\/\/volcanes.net\/?p=9558\",\"name\":\"Crean Red de Atenci\u00f3n Integral contra COVID-19 en Ixtapaluca\u00a0 - Volcanes\",\"isPartOf\":{\"@id\":\"https:\/\/volcanes.net\/#website\"},\"primaryImageOfPage\":{\"@id\":\"https:\/\/volcanes.net\/?p=9558#primaryimage\"},\"image\":{\"@id\":\"https:\/\/volcanes.net\/?p=9558#primaryimage\"},\"thumbnailUrl\":\"https:\/\/volcanes.net\/wp-content\/uploads\/2020\/12\/09e6c2df-3385-42fd-8c11-b2c39505daa2.jpg\",\"datePublished\":\"2020-12-23T23:48:51+00:00\",\"breadcrumb\":{\"@id\":\"https:\/\/volcanes.net\/?p=9558#breadcrumb\"},\"inLanguage\":\"es\",\"potentialAction\":[{\"@type\":\"ReadAction\",\"target\":[\"https:\/\/volcanes.net\/?p=9558\"]}]},{\"@type\":\"ImageObject\",\"inLanguage\":\"es\",\"@id\":\"https:\/\/volcanes.net\/?p=9558#primaryimage\",\"url\":\"https:\/\/volcanes.net\/wp-content\/uploads\/2020\/12\/09e6c2df-3385-42fd-8c11-b2c39505daa2.jpg\",\"contentUrl\":\"https:\/\/volcanes.net\/wp-content\/uploads\/2020\/12\/09e6c2df-3385-42fd-8c11-b2c39505daa2.jpg\",\"width\":720,\"height\":465},{\"@type\":\"BreadcrumbList\",\"@id\":\"https:\/\/volcanes.net\/?p=9558#breadcrumb\",\"itemListElement\":[{\"@type\":\"ListItem\",\"position\":1,\"name\":\"Portada\",\"item\":\"https:\/\/volcanes.net\/\"},{\"@type\":\"ListItem\",\"position\":2,\"name\":\"Crean Red de Atenci\u00f3n Integral contra COVID-19 en Ixtapaluca\u00a0\"}]},{\"@type\":\"WebSite\",\"@id\":\"https:\/\/volcanes.net\/#website\",\"url\":\"https:\/\/volcanes.net\/\",\"name\":\"Volcanes.Net\",\"description\":\"Periodismo Profesional\",\"publisher\":{\"@id\":\"https:\/\/volcanes.net\/#organization\"},\"potentialAction\":[{\"@type\":\"SearchAction\",\"target\":{\"@type\":\"EntryPoint\",\"urlTemplate\":\"https:\/\/volcanes.net\/?s={search_term_string}\"},\"query-input\":{\"@type\":\"PropertyValueSpecification\",\"valueRequired\":true,\"valueName\":\"search_term_string\"}}],\"inLanguage\":\"es\"},{\"@type\":\"Organization\",\"@id\":\"https:\/\/volcanes.net\/#organization\",\"name\":\"Grupo Volcanes\",\"url\":\"https:\/\/volcanes.net\/\",\"logo\":{\"@type\":\"ImageObject\",\"inLanguage\":\"es\",\"@id\":\"https:\/\/volcanes.net\/#\/schema\/logo\/image\/\",\"url\":\"http:\/\/volcanes.net\/wp-content\/uploads\/2017\/12\/Avatar2.jpg\",\"contentUrl\":\"http:\/\/volcanes.net\/wp-content\/uploads\/2017\/12\/Avatar2.jpg\",\"width\":378,\"height\":378,\"caption\":\"Grupo Volcanes\"},\"image\":{\"@id\":\"https:\/\/volcanes.net\/#\/schema\/logo\/image\/\"},\"sameAs\":[\"https:\/\/www.facebook.com\/volcanes.net\/\"]},{\"@type\":\"Person\",\"@id\":\"https:\/\/volcanes.net\/#\/schema\/person\/4bf0f383940966a4abd53f5048c0e6b9\",\"name\":\"admin\",\"image\":{\"@type\":\"ImageObject\",\"inLanguage\":\"es\",\"@id\":\"https:\/\/volcanes.net\/#\/schema\/person\/image\/\",\"url\":\"https:\/\/secure.gravatar.com\/avatar\/ca004e6cba8462b8cb7abc86e382930c?s=96&d=mm&r=g\",\"contentUrl\":\"https:\/\/secure.gravatar.com\/avatar\/ca004e6cba8462b8cb7abc86e382930c?s=96&d=mm&r=g\",\"caption\":\"admin\"}}]}<\/script>\n<!-- \/ Yoast SEO plugin. -->","yoast_head_json":{"title":"Crean Red de Atenci\u00f3n Integral contra COVID-19 en Ixtapaluca\u00a0 - Volcanes","robots":{"index":"index","follow":"follow","max-snippet":"max-snippet:-1","max-image-preview":"max-image-preview:large","max-video-preview":"max-video-preview:-1"},"canonical":"https:\/\/volcanes.net\/?p=9558","og_locale":"es_MX","og_type":"article","og_title":"Crean Red de Atenci\u00f3n Integral contra COVID-19 en Ixtapaluca\u00a0 - Volcanes","og_description":"Ixtapaluca, Estado de M\u00e9xico.- Con la finalidad de\u00a0informar, atender y accionar en el tema del","og_url":"https:\/\/volcanes.net\/?p=9558","og_site_name":"Volcanes","article_publisher":"https:\/\/www.facebook.com\/volcanes.net\/","article_published_time":"2020-12-23T23:48:51+00:00","og_image":[{"width":720,"height":465,"url":"https:\/\/volcanes.net\/wp-content\/uploads\/2020\/12\/09e6c2df-3385-42fd-8c11-b2c39505daa2.jpg","type":"image\/jpeg"}],"author":"admin","twitter_card":"summary_large_image","twitter_misc":{"Escrito por":"admin","Tiempo de lectura":"3 minutos"},"schema":{"@context":"https:\/\/schema.org","@graph":[{"@type":"Article","@id":"https:\/\/volcanes.net\/?p=9558#article","isPartOf":{"@id":"https:\/\/volcanes.net\/?p=9558"},"author":{"name":"admin","@id":"https:\/\/volcanes.net\/#\/schema\/person\/4bf0f383940966a4abd53f5048c0e6b9"},"headline":"Crean Red de Atenci\u00f3n Integral contra COVID-19 en Ixtapaluca\u00a0","datePublished":"2020-12-23T23:48:51+00:00","mainEntityOfPage":{"@id":"https:\/\/volcanes.net\/?p=9558"},"wordCount":525,"commentCount":0,"publisher":{"@id":"https:\/\/volcanes.net\/#organization"},"image":{"@id":"https:\/\/volcanes.net\/?p=9558#primaryimage"},"thumbnailUrl":"https:\/\/volcanes.net\/wp-content\/uploads\/2020\/12\/09e6c2df-3385-42fd-8c11-b2c39505daa2.jpg","keywords":["Ixtapaluca"],"articleSection":["Municipales"],"inLanguage":"es","potentialAction":[{"@type":"CommentAction","name":"Comment","target":["https:\/\/volcanes.net\/?p=9558#respond"]}]},{"@type":"WebPage","@id":"https:\/\/volcanes.net\/?p=9558","url":"https:\/\/volcanes.net\/?p=9558","name":"Crean Red de Atenci\u00f3n Integral contra COVID-19 en Ixtapaluca\u00a0 - Volcanes","isPartOf":{"@id":"https:\/\/volcanes.net\/#website"},"primaryImageOfPage":{"@id":"https:\/\/volcanes.net\/?p=9558#primaryimage"},"image":{"@id":"https:\/\/volcanes.net\/?p=9558#primaryimage"},"thumbnailUrl":"https:\/\/volcanes.net\/wp-content\/uploads\/2020\/12\/09e6c2df-3385-42fd-8c11-b2c39505daa2.jpg","datePublished":"2020-12-23T23:48:51+00:00","breadcrumb":{"@id":"https:\/\/volcanes.net\/?p=9558#breadcrumb"},"inLanguage":"es","potentialAction":[{"@type":"ReadAction","target":["https:\/\/volcanes.net\/?p=9558"]}]},{"@type":"ImageObject","inLanguage":"es","@id":"https:\/\/volcanes.net\/?p=9558#primaryimage","url":"https:\/\/volcanes.net\/wp-content\/uploads\/2020\/12\/09e6c2df-3385-42fd-8c11-b2c39505daa2.jpg","contentUrl":"https:\/\/volcanes.net\/wp-content\/uploads\/2020\/12\/09e6c2df-3385-42fd-8c11-b2c39505daa2.jpg","width":720,"height":465},{"@type":"BreadcrumbList","@id":"https:\/\/volcanes.net\/?p=9558#breadcrumb","itemListElement":[{"@type":"ListItem","position":1,"name":"Portada","item":"https:\/\/volcanes.net\/"},{"@type":"ListItem","position":2,"name":"Crean Red de Atenci\u00f3n Integral contra COVID-19 en Ixtapaluca\u00a0"}]},{"@type":"WebSite","@id":"https:\/\/volcanes.net\/#website","url":"https:\/\/volcanes.net\/","name":"Volcanes.Net","description":"Periodismo Profesional","publisher":{"@id":"https:\/\/volcanes.net\/#organization"},"potentialAction":[{"@type":"SearchAction","target":{"@type":"EntryPoint","urlTemplate":"https:\/\/volcanes.net\/?s={search_term_string}"},"query-input":{"@type":"PropertyValueSpecification","valueRequired":true,"valueName":"search_term_string"}}],"inLanguage":"es"},{"@type":"Organization","@id":"https:\/\/volcanes.net\/#organization","name":"Grupo Volcanes","url":"https:\/\/volcanes.net\/","logo":{"@type":"ImageObject","inLanguage":"es","@id":"https:\/\/volcanes.net\/#\/schema\/logo\/image\/","url":"http:\/\/volcanes.net\/wp-content\/uploads\/2017\/12\/Avatar2.jpg","contentUrl":"http:\/\/volcanes.net\/wp-content\/uploads\/2017\/12\/Avatar2.jpg","width":378,"height":378,"caption":"Grupo Volcanes"},"image":{"@id":"https:\/\/volcanes.net\/#\/schema\/logo\/image\/"},"sameAs":["https:\/\/www.facebook.com\/volcanes.net\/"]},{"@type":"Person","@id":"https:\/\/volcanes.net\/#\/schema\/person\/4bf0f383940966a4abd53f5048c0e6b9","name":"admin","image":{"@type":"ImageObject","inLanguage":"es","@id":"https:\/\/volcanes.net\/#\/schema\/person\/image\/","url":"https:\/\/secure.gravatar.com\/avatar\/ca004e6cba8462b8cb7abc86e382930c?s=96&d=mm&r=g","contentUrl":"https:\/\/secure.gravatar.com\/avatar\/ca004e6cba8462b8cb7abc86e382930c?s=96&d=mm&r=g","caption":"admin"}}]}},"_links":{"self":[{"href":"https:\/\/volcanes.net\/index.php?rest_route=\/wp\/v2\/posts\/9558"}],"collection":[{"href":"https:\/\/volcanes.net\/index.php?rest_route=\/wp\/v2\/posts"}],"about":[{"href":"https:\/\/volcanes.net\/index.php?rest_route=\/wp\/v2\/types\/post"}],"author":[{"embeddable":true,"href":"https:\/\/volcanes.net\/index.php?rest_route=\/wp\/v2\/users\/1"}],"replies":[{"embeddable":true,"href":"https:\/\/volcanes.net\/index.php?rest_route=%2Fwp%2Fv2%2Fcomments&post=9558"}],"version-history":[{"count":1,"href":"https:\/\/volcanes.net\/index.php?rest_route=\/wp\/v2\/posts\/9558\/revisions"}],"predecessor-version":[{"id":9560,"href":"https:\/\/volcanes.net\/index.php?rest_route=\/wp\/v2\/posts\/9558\/revisions\/9560"}],"wp:featuredmedia":[{"embeddable":true,"href":"https:\/\/volcanes.net\/index.php?rest_route=\/wp\/v2\/media\/9559"}],"wp:attachment":[{"href":"https:\/\/volcanes.net\/index.php?rest_route=%2Fwp%2Fv2%2Fmedia&parent=9558"}],"wp:term":[{"taxonomy":"category","embeddable":true,"href":"https:\/\/volcanes.net\/index.php?rest_route=%2Fwp%2Fv2%2Fcategories&post=9558"},{"taxonomy":"post_tag","embeddable":true,"href":"https:\/\/volcanes.net\/index.php?rest_route=%2Fwp%2Fv2%2Ftags&post=9558"}],"curies":[{"name":"wp","href":"https:\/\/api.w.org\/{rel}","templated":true}]}}