{"id":9561,"date":"2020-12-23T17:53:38","date_gmt":"2020-12-23T23:53:38","guid":{"rendered":"http:\/\/volcanes.net\/?p=9561"},"modified":"2020-12-23T17:54:31","modified_gmt":"2020-12-23T23:54:31","slug":"edil-de-chalco-se-reunio-con-comerciantes-para-garantizar-el-abasto-de-productos-esenciales-durante-esta-contingencia-sanitaria","status":"publish","type":"post","link":"https:\/\/volcanes.net\/?p=9561","title":{"rendered":"Edil de Chalco se reuni\u00f3 con comerciantes para garantizar el abasto de productos esenciales durante esta contingencia sanitaria"},"content":{"rendered":"<div style=\"margin-top: 0px; margin-bottom: 0px;\" class=\"sharethis-inline-share-buttons\" ><\/div><p style=\"text-align: justify;\">Chalco, Estado de M\u00e9xico.-El presidente de este municipio mexiquense, Miguel Guti\u00e9rrez, se reuni\u00f3 con integrantes de las mesas directivas de los mercados de la demarcaci\u00f3n, con quienes acordaron trabajar de manera coordinada para seguir las disposiciones de las autoridades de salud, garantizando el abasto de productos esenciales durante esta contingencia.<\/p>\n<p style=\"text-align: justify;\">Esto luego de que el pasado viernes 18 de diciembre, el gobernador del Estado de M\u00e9xico, Alfredo Del Mazo Maza y la jefa de Gobierno de la Ciudad de M\u00e9xico, Claudia Sheinbaum, anunciaron que ambas entidades vuelven a Sem\u00e1foro Rojo, hasta el 10 de enero, por lo que todas las actividades no esenciales quedaron suspendidas con el objetivo de contener la propagaci\u00f3n del virus COVID-19, debido al incremento de personas contagiadas,\u00a0 el alza de hospitalizaciones \u00a0y defunciones.<\/p>\n<p style=\"text-align: justify;\">Ante ello, el munic\u00edpe instruyo a las Direcciones de Seguridad P\u00fablica, Tr\u00e1nsito y Bomberos, Sistema Municipal DIF, Obras P\u00fablicas, Comercio y a la Coordinaci\u00f3n de Protecci\u00f3n Civil, para coordinarse con este sector y dar seguimiento a las sanitizaciones, capacitaciones, se\u00f1alizaciones, monitoreo de comercios esenciales y dem\u00e1s acciones preventivas para evitar la propagaci\u00f3n del virus SARS-Cov2.<\/p>\n<p style=\"text-align: justify;\">\n","protected":false},"excerpt":{"rendered":"<p>Chalco, Estado de M\u00e9xico.-El presidente de este municipio mexiquense, Miguel Guti\u00e9rrez, se reuni\u00f3 con integrantes<\/p>\n","protected":false},"author":1,"featured_media":9562,"comment_status":"open","ping_status":"open","sticky":false,"template":"","format":"standard","meta":{"footnotes":""},"categories":[1],"tags":[9],"class_list":["post-9561","post","type-post","status-publish","format-standard","has-post-thumbnail","hentry","category-municipales","tag-chalco"],"yoast_head":"<!-- This site is optimized with the Yoast SEO plugin v25.3 - https:\/\/yoast.com\/wordpress\/plugins\/seo\/ -->\n<title>Edil de Chalco se reuni\u00f3 con comerciantes para garantizar el abasto de productos esenciales durante esta contingencia sanitaria - Volcanes<\/title>\n<meta name=\"robots\" content=\"index, follow, max-snippet:-1, max-image-preview:large, max-video-preview:-1\" \/>\n<link rel=\"canonical\" href=\"https:\/\/volcanes.net\/?p=9561\" \/>\n<meta property=\"og:locale\" content=\"es_MX\" \/>\n<meta property=\"og:type\" content=\"article\" \/>\n<meta property=\"og:title\" content=\"Edil de Chalco se reuni\u00f3 con comerciantes para garantizar el abasto de productos esenciales durante esta contingencia sanitaria - Volcanes\" \/>\n<meta property=\"og:description\" content=\"Chalco, Estado de M\u00e9xico.-El presidente de este municipio mexiquense, Miguel Guti\u00e9rrez, se reuni\u00f3 con integrantes\" \/>\n<meta property=\"og:url\" content=\"https:\/\/volcanes.net\/?p=9561\" \/>\n<meta property=\"og:site_name\" content=\"Volcanes\" \/>\n<meta property=\"article:publisher\" content=\"https:\/\/www.facebook.com\/volcanes.net\/\" \/>\n<meta property=\"article:published_time\" content=\"2020-12-23T23:53:38+00:00\" \/>\n<meta property=\"article:modified_time\" content=\"2020-12-23T23:54:31+00:00\" \/>\n<meta property=\"og:image\" content=\"https:\/\/volcanes.net\/wp-content\/uploads\/2020\/12\/553afaf8-2dcf-4b11-8f45-d84bdfd31691.jpg\" \/>\n\t<meta property=\"og:image:width\" content=\"552\" \/>\n\t<meta property=\"og:image:height\" content=\"367\" \/>\n\t<meta property=\"og:image:type\" content=\"image\/jpeg\" \/>\n<meta name=\"author\" content=\"admin\" \/>\n<meta name=\"twitter:card\" content=\"summary_large_image\" \/>\n<meta name=\"twitter:label1\" content=\"Escrito por\" \/>\n\t<meta name=\"twitter:data1\" content=\"admin\" \/>\n\t<meta name=\"twitter:label2\" content=\"Tiempo de lectura\" \/>\n\t<meta name=\"twitter:data2\" content=\"1 minuto\" \/>\n<script type=\"application\/ld+json\" class=\"yoast-schema-graph\">{\"@context\":\"https:\/\/schema.org\",\"@graph\":[{\"@type\":\"Article\",\"@id\":\"https:\/\/volcanes.net\/?p=9561#article\",\"isPartOf\":{\"@id\":\"https:\/\/volcanes.net\/?p=9561\"},\"author\":{\"name\":\"admin\",\"@id\":\"https:\/\/volcanes.net\/#\/schema\/person\/4bf0f383940966a4abd53f5048c0e6b9\"},\"headline\":\"Edil de Chalco se reuni\u00f3 con comerciantes para garantizar el abasto de productos esenciales durante esta contingencia sanitaria\",\"datePublished\":\"2020-12-23T23:53:38+00:00\",\"dateModified\":\"2020-12-23T23:54:31+00:00\",\"mainEntityOfPage\":{\"@id\":\"https:\/\/volcanes.net\/?p=9561\"},\"wordCount\":215,\"commentCount\":0,\"publisher\":{\"@id\":\"https:\/\/volcanes.net\/#organization\"},\"image\":{\"@id\":\"https:\/\/volcanes.net\/?p=9561#primaryimage\"},\"thumbnailUrl\":\"https:\/\/volcanes.net\/wp-content\/uploads\/2020\/12\/553afaf8-2dcf-4b11-8f45-d84bdfd31691.jpg\",\"keywords\":[\"Chalco\"],\"articleSection\":[\"Municipales\"],\"inLanguage\":\"es\",\"potentialAction\":[{\"@type\":\"CommentAction\",\"name\":\"Comment\",\"target\":[\"https:\/\/volcanes.net\/?p=9561#respond\"]}]},{\"@type\":\"WebPage\",\"@id\":\"https:\/\/volcanes.net\/?p=9561\",\"url\":\"https:\/\/volcanes.net\/?p=9561\",\"name\":\"Edil de Chalco se reuni\u00f3 con comerciantes para garantizar el abasto de productos esenciales durante esta contingencia sanitaria - Volcanes\",\"isPartOf\":{\"@id\":\"https:\/\/volcanes.net\/#website\"},\"primaryImageOfPage\":{\"@id\":\"https:\/\/volcanes.net\/?p=9561#primaryimage\"},\"image\":{\"@id\":\"https:\/\/volcanes.net\/?p=9561#primaryimage\"},\"thumbnailUrl\":\"https:\/\/volcanes.net\/wp-content\/uploads\/2020\/12\/553afaf8-2dcf-4b11-8f45-d84bdfd31691.jpg\",\"datePublished\":\"2020-12-23T23:53:38+00:00\",\"dateModified\":\"2020-12-23T23:54:31+00:00\",\"breadcrumb\":{\"@id\":\"https:\/\/volcanes.net\/?p=9561#breadcrumb\"},\"inLanguage\":\"es\",\"potentialAction\":[{\"@type\":\"ReadAction\",\"target\":[\"https:\/\/volcanes.net\/?p=9561\"]}]},{\"@type\":\"ImageObject\",\"inLanguage\":\"es\",\"@id\":\"https:\/\/volcanes.net\/?p=9561#primaryimage\",\"url\":\"https:\/\/volcanes.net\/wp-content\/uploads\/2020\/12\/553afaf8-2dcf-4b11-8f45-d84bdfd31691.jpg\",\"contentUrl\":\"https:\/\/volcanes.net\/wp-content\/uploads\/2020\/12\/553afaf8-2dcf-4b11-8f45-d84bdfd31691.jpg\",\"width\":552,\"height\":367},{\"@type\":\"BreadcrumbList\",\"@id\":\"https:\/\/volcanes.net\/?p=9561#breadcrumb\",\"itemListElement\":[{\"@type\":\"ListItem\",\"position\":1,\"name\":\"Portada\",\"item\":\"https:\/\/volcanes.net\/\"},{\"@type\":\"ListItem\",\"position\":2,\"name\":\"Edil de Chalco se reuni\u00f3 con comerciantes para garantizar el abasto de productos esenciales durante esta contingencia sanitaria\"}]},{\"@type\":\"WebSite\",\"@id\":\"https:\/\/volcanes.net\/#website\",\"url\":\"https:\/\/volcanes.net\/\",\"name\":\"Volcanes.Net\",\"description\":\"Periodismo Profesional\",\"publisher\":{\"@id\":\"https:\/\/volcanes.net\/#organization\"},\"potentialAction\":[{\"@type\":\"SearchAction\",\"target\":{\"@type\":\"EntryPoint\",\"urlTemplate\":\"https:\/\/volcanes.net\/?s={search_term_string}\"},\"query-input\":{\"@type\":\"PropertyValueSpecification\",\"valueRequired\":true,\"valueName\":\"search_term_string\"}}],\"inLanguage\":\"es\"},{\"@type\":\"Organization\",\"@id\":\"https:\/\/volcanes.net\/#organization\",\"name\":\"Grupo Volcanes\",\"url\":\"https:\/\/volcanes.net\/\",\"logo\":{\"@type\":\"ImageObject\",\"inLanguage\":\"es\",\"@id\":\"https:\/\/volcanes.net\/#\/schema\/logo\/image\/\",\"url\":\"http:\/\/volcanes.net\/wp-content\/uploads\/2017\/12\/Avatar2.jpg\",\"contentUrl\":\"http:\/\/volcanes.net\/wp-content\/uploads\/2017\/12\/Avatar2.jpg\",\"width\":378,\"height\":378,\"caption\":\"Grupo Volcanes\"},\"image\":{\"@id\":\"https:\/\/volcanes.net\/#\/schema\/logo\/image\/\"},\"sameAs\":[\"https:\/\/www.facebook.com\/volcanes.net\/\"]},{\"@type\":\"Person\",\"@id\":\"https:\/\/volcanes.net\/#\/schema\/person\/4bf0f383940966a4abd53f5048c0e6b9\",\"name\":\"admin\",\"image\":{\"@type\":\"ImageObject\",\"inLanguage\":\"es\",\"@id\":\"https:\/\/volcanes.net\/#\/schema\/person\/image\/\",\"url\":\"https:\/\/secure.gravatar.com\/avatar\/ca004e6cba8462b8cb7abc86e382930c?s=96&d=mm&r=g\",\"contentUrl\":\"https:\/\/secure.gravatar.com\/avatar\/ca004e6cba8462b8cb7abc86e382930c?s=96&d=mm&r=g\",\"caption\":\"admin\"}}]}<\/script>\n<!-- \/ Yoast SEO plugin. -->","yoast_head_json":{"title":"Edil de Chalco se reuni\u00f3 con comerciantes para garantizar el abasto de productos esenciales durante esta contingencia sanitaria - Volcanes","robots":{"index":"index","follow":"follow","max-snippet":"max-snippet:-1","max-image-preview":"max-image-preview:large","max-video-preview":"max-video-preview:-1"},"canonical":"https:\/\/volcanes.net\/?p=9561","og_locale":"es_MX","og_type":"article","og_title":"Edil de Chalco se reuni\u00f3 con comerciantes para garantizar el abasto de productos esenciales durante esta contingencia sanitaria - Volcanes","og_description":"Chalco, Estado de M\u00e9xico.-El presidente de este municipio mexiquense, Miguel Guti\u00e9rrez, se reuni\u00f3 con integrantes","og_url":"https:\/\/volcanes.net\/?p=9561","og_site_name":"Volcanes","article_publisher":"https:\/\/www.facebook.com\/volcanes.net\/","article_published_time":"2020-12-23T23:53:38+00:00","article_modified_time":"2020-12-23T23:54:31+00:00","og_image":[{"width":552,"height":367,"url":"https:\/\/volcanes.net\/wp-content\/uploads\/2020\/12\/553afaf8-2dcf-4b11-8f45-d84bdfd31691.jpg","type":"image\/jpeg"}],"author":"admin","twitter_card":"summary_large_image","twitter_misc":{"Escrito por":"admin","Tiempo de lectura":"1 minuto"},"schema":{"@context":"https:\/\/schema.org","@graph":[{"@type":"Article","@id":"https:\/\/volcanes.net\/?p=9561#article","isPartOf":{"@id":"https:\/\/volcanes.net\/?p=9561"},"author":{"name":"admin","@id":"https:\/\/volcanes.net\/#\/schema\/person\/4bf0f383940966a4abd53f5048c0e6b9"},"headline":"Edil de Chalco se reuni\u00f3 con comerciantes para garantizar el abasto de productos esenciales durante esta contingencia sanitaria","datePublished":"2020-12-23T23:53:38+00:00","dateModified":"2020-12-23T23:54:31+00:00","mainEntityOfPage":{"@id":"https:\/\/volcanes.net\/?p=9561"},"wordCount":215,"commentCount":0,"publisher":{"@id":"https:\/\/volcanes.net\/#organization"},"image":{"@id":"https:\/\/volcanes.net\/?p=9561#primaryimage"},"thumbnailUrl":"https:\/\/volcanes.net\/wp-content\/uploads\/2020\/12\/553afaf8-2dcf-4b11-8f45-d84bdfd31691.jpg","keywords":["Chalco"],"articleSection":["Municipales"],"inLanguage":"es","potentialAction":[{"@type":"CommentAction","name":"Comment","target":["https:\/\/volcanes.net\/?p=9561#respond"]}]},{"@type":"WebPage","@id":"https:\/\/volcanes.net\/?p=9561","url":"https:\/\/volcanes.net\/?p=9561","name":"Edil de Chalco se reuni\u00f3 con comerciantes para garantizar el abasto de productos esenciales durante esta contingencia sanitaria - Volcanes","isPartOf":{"@id":"https:\/\/volcanes.net\/#website"},"primaryImageOfPage":{"@id":"https:\/\/volcanes.net\/?p=9561#primaryimage"},"image":{"@id":"https:\/\/volcanes.net\/?p=9561#primaryimage"},"thumbnailUrl":"https:\/\/volcanes.net\/wp-content\/uploads\/2020\/12\/553afaf8-2dcf-4b11-8f45-d84bdfd31691.jpg","datePublished":"2020-12-23T23:53:38+00:00","dateModified":"2020-12-23T23:54:31+00:00","breadcrumb":{"@id":"https:\/\/volcanes.net\/?p=9561#breadcrumb"},"inLanguage":"es","potentialAction":[{"@type":"ReadAction","target":["https:\/\/volcanes.net\/?p=9561"]}]},{"@type":"ImageObject","inLanguage":"es","@id":"https:\/\/volcanes.net\/?p=9561#primaryimage","url":"https:\/\/volcanes.net\/wp-content\/uploads\/2020\/12\/553afaf8-2dcf-4b11-8f45-d84bdfd31691.jpg","contentUrl":"https:\/\/volcanes.net\/wp-content\/uploads\/2020\/12\/553afaf8-2dcf-4b11-8f45-d84bdfd31691.jpg","width":552,"height":367},{"@type":"BreadcrumbList","@id":"https:\/\/volcanes.net\/?p=9561#breadcrumb","itemListElement":[{"@type":"ListItem","position":1,"name":"Portada","item":"https:\/\/volcanes.net\/"},{"@type":"ListItem","position":2,"name":"Edil de Chalco se reuni\u00f3 con comerciantes para garantizar el abasto de productos esenciales durante esta contingencia sanitaria"}]},{"@type":"WebSite","@id":"https:\/\/volcanes.net\/#website","url":"https:\/\/volcanes.net\/","name":"Volcanes.Net","description":"Periodismo Profesional","publisher":{"@id":"https:\/\/volcanes.net\/#organization"},"potentialAction":[{"@type":"SearchAction","target":{"@type":"EntryPoint","urlTemplate":"https:\/\/volcanes.net\/?s={search_term_string}"},"query-input":{"@type":"PropertyValueSpecification","valueRequired":true,"valueName":"search_term_string"}}],"inLanguage":"es"},{"@type":"Organization","@id":"https:\/\/volcanes.net\/#organization","name":"Grupo Volcanes","url":"https:\/\/volcanes.net\/","logo":{"@type":"ImageObject","inLanguage":"es","@id":"https:\/\/volcanes.net\/#\/schema\/logo\/image\/","url":"http:\/\/volcanes.net\/wp-content\/uploads\/2017\/12\/Avatar2.jpg","contentUrl":"http:\/\/volcanes.net\/wp-content\/uploads\/2017\/12\/Avatar2.jpg","width":378,"height":378,"caption":"Grupo Volcanes"},"image":{"@id":"https:\/\/volcanes.net\/#\/schema\/logo\/image\/"},"sameAs":["https:\/\/www.facebook.com\/volcanes.net\/"]},{"@type":"Person","@id":"https:\/\/volcanes.net\/#\/schema\/person\/4bf0f383940966a4abd53f5048c0e6b9","name":"admin","image":{"@type":"ImageObject","inLanguage":"es","@id":"https:\/\/volcanes.net\/#\/schema\/person\/image\/","url":"https:\/\/secure.gravatar.com\/avatar\/ca004e6cba8462b8cb7abc86e382930c?s=96&d=mm&r=g","contentUrl":"https:\/\/secure.gravatar.com\/avatar\/ca004e6cba8462b8cb7abc86e382930c?s=96&d=mm&r=g","caption":"admin"}}]}},"_links":{"self":[{"href":"https:\/\/volcanes.net\/index.php?rest_route=\/wp\/v2\/posts\/9561"}],"collection":[{"href":"https:\/\/volcanes.net\/index.php?rest_route=\/wp\/v2\/posts"}],"about":[{"href":"https:\/\/volcanes.net\/index.php?rest_route=\/wp\/v2\/types\/post"}],"author":[{"embeddable":true,"href":"https:\/\/volcanes.net\/index.php?rest_route=\/wp\/v2\/users\/1"}],"replies":[{"embeddable":true,"href":"https:\/\/volcanes.net\/index.php?rest_route=%2Fwp%2Fv2%2Fcomments&post=9561"}],"version-history":[{"count":2,"href":"https:\/\/volcanes.net\/index.php?rest_route=\/wp\/v2\/posts\/9561\/revisions"}],"predecessor-version":[{"id":9564,"href":"https:\/\/volcanes.net\/index.php?rest_route=\/wp\/v2\/posts\/9561\/revisions\/9564"}],"wp:featuredmedia":[{"embeddable":true,"href":"https:\/\/volcanes.net\/index.php?rest_route=\/wp\/v2\/media\/9562"}],"wp:attachment":[{"href":"https:\/\/volcanes.net\/index.php?rest_route=%2Fwp%2Fv2%2Fmedia&parent=9561"}],"wp:term":[{"taxonomy":"category","embeddable":true,"href":"https:\/\/volcanes.net\/index.php?rest_route=%2Fwp%2Fv2%2Fcategories&post=9561"},{"taxonomy":"post_tag","embeddable":true,"href":"https:\/\/volcanes.net\/index.php?rest_route=%2Fwp%2Fv2%2Ftags&post=9561"}],"curies":[{"name":"wp","href":"https:\/\/api.w.org\/{rel}","templated":true}]}}