{"id":9602,"date":"2020-12-28T20:22:34","date_gmt":"2020-12-29T02:22:34","guid":{"rendered":"http:\/\/volcanes.net\/?p=9602"},"modified":"2020-12-28T20:22:34","modified_gmt":"2020-12-29T02:22:34","slug":"vinculan-a-proceso-a-sujeto-investigado-por-el-homicidio-del-alcalde-de-valle-de-chalco","status":"publish","type":"post","link":"https:\/\/volcanes.net\/?p=9602","title":{"rendered":"Vinculan a proceso a sujeto investigado por el homicidio del alcalde de Valle de Chalco"},"content":{"rendered":"<div style=\"margin-top: 0px; margin-bottom: 0px;\" class=\"sharethis-inline-share-buttons\" ><\/div><p style=\"text-align: justify;\">Valle de Chalco, Estado de M\u00e9xico.-\u00a0El Agente del Ministerio P\u00fablico de la Fiscal\u00eda Especializada de Homicidio de la Zona Oriente de esta Fiscal\u00eda General de Justicia Estatal (FGJEM) consigui\u00f3 la vinculaci\u00f3n a proceso de Hugo Ricardo \u201cN\u201d alias \u201cEl Gordo\u201d, tras acreditar su probable participaci\u00f3n en el homicidio del alcalde de Valle de Chalco Francisco Tenorio Contreras\u00a0quien fue lesionado por disparo de arma de fuego el 29 de octubre del a\u00f1o pasado.<\/p>\n<p style=\"text-align: justify;\">Este individuo tambi\u00e9n fue vinculado a proceso por el delito de homicidio calificado en grado de tentativa, en agravio del secretario particular de Tenorio Contreras. Adem\u00e1s la Autoridad Judicial le fij\u00f3 una medida cautelar de prisi\u00f3n preventiva y un plazo de dos meses para el cierre de investigaci\u00f3n, sin embargo se le debe considerar inocente hasta que sea dictada una sentencia condenatoria en su contra.<\/p>\n<p style=\"text-align: justify;\">Los hechos por los cuales fue vinculado a proceso ocurrieron la ma\u00f1ana del 29 de octubre de 2019, cuando Tenorio Contreras sufri\u00f3 una agresi\u00f3n con arma de fuego cuando viajaba en su camioneta, despu\u00e9s de realizar un recorrido por la Unidad Habitacional Geovillas, en Valle de Chalco. Posterior a estos hechos la FGJEM inici\u00f3 las indagatorias correspondientes para identificar, localizar y detener al o a los probables part\u00edcipes de la agresi\u00f3n al Edil, mismo que falleci\u00f3 el 1 de noviembre derivado de las lesiones que presentaba.<\/p>\n<p style=\"text-align: justify;\">De las indagatorias hechas se pudo determinar que un menor de edad dispar\u00f3 en contra de estas personas y luego huy\u00f3 junto con otro adolescente para evitar ser detenidos.<\/p>\n<p style=\"text-align: justify;\">De acuerdo con las indagatorias hechas por esta Instituci\u00f3n se pudo determinar que la participaci\u00f3n de Hugo Ricardo \u201cN\u201d consisti\u00f3 en facilitar la huida de los probables part\u00edcipes, puesto que despu\u00e9s de ocurrida la agresi\u00f3n los traslad\u00f3 a un punto de la colonia San Juan Tlalpizahuac.<\/p>\n<p style=\"text-align: justify;\">Cabe mencionar que en julio de este a\u00f1o, un adolescente fue condenado a cinco a\u00f1os de internamiento por homicidio y lesiones. Luego el pasado mes de septiembre otro menor de 17 a\u00f1os fue sentenciado a tres a\u00f1os y nueve meses de internamiento por estos mismos hechos.<\/p>\n<p style=\"text-align: justify;\">Es preciso agregar que por este homicidio fue detenido y se encuentra vinculado a proceso Hugo Antonio \u201cN\u201d, alias \u201cEl H\u201d, a quien le fue cumplimentada una orden de aprehensi\u00f3n el d\u00eda 6 de diciembre del a\u00f1o pasado.<\/p>\n","protected":false},"excerpt":{"rendered":"<p>Valle de Chalco, Estado de M\u00e9xico.-\u00a0El Agente del Ministerio P\u00fablico de la Fiscal\u00eda Especializada de<\/p>\n","protected":false},"author":1,"featured_media":9603,"comment_status":"open","ping_status":"open","sticky":false,"template":"","format":"standard","meta":{"footnotes":""},"categories":[1],"tags":[5],"class_list":["post-9602","post","type-post","status-publish","format-standard","has-post-thumbnail","hentry","category-municipales","tag-valle-de-chalco"],"yoast_head":"<!-- This site is optimized with the Yoast SEO plugin v25.3 - https:\/\/yoast.com\/wordpress\/plugins\/seo\/ -->\n<title>Vinculan a proceso a sujeto investigado por el homicidio del alcalde de Valle de Chalco - Volcanes<\/title>\n<meta name=\"robots\" content=\"index, follow, max-snippet:-1, max-image-preview:large, max-video-preview:-1\" \/>\n<link rel=\"canonical\" href=\"https:\/\/volcanes.net\/?p=9602\" \/>\n<meta property=\"og:locale\" content=\"es_MX\" \/>\n<meta property=\"og:type\" content=\"article\" \/>\n<meta property=\"og:title\" content=\"Vinculan a proceso a sujeto investigado por el homicidio del alcalde de Valle de Chalco - Volcanes\" \/>\n<meta property=\"og:description\" content=\"Valle de Chalco, Estado de M\u00e9xico.-\u00a0El Agente del Ministerio P\u00fablico de la Fiscal\u00eda Especializada de\" \/>\n<meta property=\"og:url\" content=\"https:\/\/volcanes.net\/?p=9602\" \/>\n<meta property=\"og:site_name\" content=\"Volcanes\" \/>\n<meta property=\"article:publisher\" content=\"https:\/\/www.facebook.com\/volcanes.net\/\" \/>\n<meta property=\"article:published_time\" content=\"2020-12-29T02:22:34+00:00\" \/>\n<meta property=\"og:image\" content=\"https:\/\/volcanes.net\/wp-content\/uploads\/2020\/12\/FOTO-C1669.jpg\" \/>\n\t<meta property=\"og:image:width\" content=\"500\" \/>\n\t<meta property=\"og:image:height\" content=\"685\" \/>\n\t<meta property=\"og:image:type\" content=\"image\/jpeg\" \/>\n<meta name=\"author\" content=\"admin\" \/>\n<meta name=\"twitter:card\" content=\"summary_large_image\" \/>\n<meta name=\"twitter:label1\" content=\"Escrito por\" \/>\n\t<meta name=\"twitter:data1\" content=\"admin\" \/>\n\t<meta name=\"twitter:label2\" content=\"Tiempo de lectura\" \/>\n\t<meta name=\"twitter:data2\" content=\"2 minutos\" \/>\n<script type=\"application\/ld+json\" class=\"yoast-schema-graph\">{\"@context\":\"https:\/\/schema.org\",\"@graph\":[{\"@type\":\"Article\",\"@id\":\"https:\/\/volcanes.net\/?p=9602#article\",\"isPartOf\":{\"@id\":\"https:\/\/volcanes.net\/?p=9602\"},\"author\":{\"name\":\"admin\",\"@id\":\"https:\/\/volcanes.net\/#\/schema\/person\/4bf0f383940966a4abd53f5048c0e6b9\"},\"headline\":\"Vinculan a proceso a sujeto investigado por el homicidio del alcalde de Valle de Chalco\",\"datePublished\":\"2020-12-29T02:22:34+00:00\",\"mainEntityOfPage\":{\"@id\":\"https:\/\/volcanes.net\/?p=9602\"},\"wordCount\":422,\"commentCount\":0,\"publisher\":{\"@id\":\"https:\/\/volcanes.net\/#organization\"},\"image\":{\"@id\":\"https:\/\/volcanes.net\/?p=9602#primaryimage\"},\"thumbnailUrl\":\"https:\/\/volcanes.net\/wp-content\/uploads\/2020\/12\/FOTO-C1669.jpg\",\"keywords\":[\"Valle de Chalco\"],\"articleSection\":[\"Municipales\"],\"inLanguage\":\"es\",\"potentialAction\":[{\"@type\":\"CommentAction\",\"name\":\"Comment\",\"target\":[\"https:\/\/volcanes.net\/?p=9602#respond\"]}]},{\"@type\":\"WebPage\",\"@id\":\"https:\/\/volcanes.net\/?p=9602\",\"url\":\"https:\/\/volcanes.net\/?p=9602\",\"name\":\"Vinculan a proceso a sujeto investigado por el homicidio del alcalde de Valle de Chalco - Volcanes\",\"isPartOf\":{\"@id\":\"https:\/\/volcanes.net\/#website\"},\"primaryImageOfPage\":{\"@id\":\"https:\/\/volcanes.net\/?p=9602#primaryimage\"},\"image\":{\"@id\":\"https:\/\/volcanes.net\/?p=9602#primaryimage\"},\"thumbnailUrl\":\"https:\/\/volcanes.net\/wp-content\/uploads\/2020\/12\/FOTO-C1669.jpg\",\"datePublished\":\"2020-12-29T02:22:34+00:00\",\"breadcrumb\":{\"@id\":\"https:\/\/volcanes.net\/?p=9602#breadcrumb\"},\"inLanguage\":\"es\",\"potentialAction\":[{\"@type\":\"ReadAction\",\"target\":[\"https:\/\/volcanes.net\/?p=9602\"]}]},{\"@type\":\"ImageObject\",\"inLanguage\":\"es\",\"@id\":\"https:\/\/volcanes.net\/?p=9602#primaryimage\",\"url\":\"https:\/\/volcanes.net\/wp-content\/uploads\/2020\/12\/FOTO-C1669.jpg\",\"contentUrl\":\"https:\/\/volcanes.net\/wp-content\/uploads\/2020\/12\/FOTO-C1669.jpg\",\"width\":500,\"height\":685},{\"@type\":\"BreadcrumbList\",\"@id\":\"https:\/\/volcanes.net\/?p=9602#breadcrumb\",\"itemListElement\":[{\"@type\":\"ListItem\",\"position\":1,\"name\":\"Portada\",\"item\":\"https:\/\/volcanes.net\/\"},{\"@type\":\"ListItem\",\"position\":2,\"name\":\"Vinculan a proceso a sujeto investigado por el homicidio del alcalde de Valle de Chalco\"}]},{\"@type\":\"WebSite\",\"@id\":\"https:\/\/volcanes.net\/#website\",\"url\":\"https:\/\/volcanes.net\/\",\"name\":\"Volcanes.Net\",\"description\":\"Periodismo Profesional\",\"publisher\":{\"@id\":\"https:\/\/volcanes.net\/#organization\"},\"potentialAction\":[{\"@type\":\"SearchAction\",\"target\":{\"@type\":\"EntryPoint\",\"urlTemplate\":\"https:\/\/volcanes.net\/?s={search_term_string}\"},\"query-input\":{\"@type\":\"PropertyValueSpecification\",\"valueRequired\":true,\"valueName\":\"search_term_string\"}}],\"inLanguage\":\"es\"},{\"@type\":\"Organization\",\"@id\":\"https:\/\/volcanes.net\/#organization\",\"name\":\"Grupo Volcanes\",\"url\":\"https:\/\/volcanes.net\/\",\"logo\":{\"@type\":\"ImageObject\",\"inLanguage\":\"es\",\"@id\":\"https:\/\/volcanes.net\/#\/schema\/logo\/image\/\",\"url\":\"http:\/\/volcanes.net\/wp-content\/uploads\/2017\/12\/Avatar2.jpg\",\"contentUrl\":\"http:\/\/volcanes.net\/wp-content\/uploads\/2017\/12\/Avatar2.jpg\",\"width\":378,\"height\":378,\"caption\":\"Grupo Volcanes\"},\"image\":{\"@id\":\"https:\/\/volcanes.net\/#\/schema\/logo\/image\/\"},\"sameAs\":[\"https:\/\/www.facebook.com\/volcanes.net\/\"]},{\"@type\":\"Person\",\"@id\":\"https:\/\/volcanes.net\/#\/schema\/person\/4bf0f383940966a4abd53f5048c0e6b9\",\"name\":\"admin\",\"image\":{\"@type\":\"ImageObject\",\"inLanguage\":\"es\",\"@id\":\"https:\/\/volcanes.net\/#\/schema\/person\/image\/\",\"url\":\"https:\/\/secure.gravatar.com\/avatar\/ca004e6cba8462b8cb7abc86e382930c?s=96&d=mm&r=g\",\"contentUrl\":\"https:\/\/secure.gravatar.com\/avatar\/ca004e6cba8462b8cb7abc86e382930c?s=96&d=mm&r=g\",\"caption\":\"admin\"}}]}<\/script>\n<!-- \/ Yoast SEO plugin. -->","yoast_head_json":{"title":"Vinculan a proceso a sujeto investigado por el homicidio del alcalde de Valle de Chalco - Volcanes","robots":{"index":"index","follow":"follow","max-snippet":"max-snippet:-1","max-image-preview":"max-image-preview:large","max-video-preview":"max-video-preview:-1"},"canonical":"https:\/\/volcanes.net\/?p=9602","og_locale":"es_MX","og_type":"article","og_title":"Vinculan a proceso a sujeto investigado por el homicidio del alcalde de Valle de Chalco - Volcanes","og_description":"Valle de Chalco, Estado de M\u00e9xico.-\u00a0El Agente del Ministerio P\u00fablico de la Fiscal\u00eda Especializada de","og_url":"https:\/\/volcanes.net\/?p=9602","og_site_name":"Volcanes","article_publisher":"https:\/\/www.facebook.com\/volcanes.net\/","article_published_time":"2020-12-29T02:22:34+00:00","og_image":[{"width":500,"height":685,"url":"https:\/\/volcanes.net\/wp-content\/uploads\/2020\/12\/FOTO-C1669.jpg","type":"image\/jpeg"}],"author":"admin","twitter_card":"summary_large_image","twitter_misc":{"Escrito por":"admin","Tiempo de lectura":"2 minutos"},"schema":{"@context":"https:\/\/schema.org","@graph":[{"@type":"Article","@id":"https:\/\/volcanes.net\/?p=9602#article","isPartOf":{"@id":"https:\/\/volcanes.net\/?p=9602"},"author":{"name":"admin","@id":"https:\/\/volcanes.net\/#\/schema\/person\/4bf0f383940966a4abd53f5048c0e6b9"},"headline":"Vinculan a proceso a sujeto investigado por el homicidio del alcalde de Valle de Chalco","datePublished":"2020-12-29T02:22:34+00:00","mainEntityOfPage":{"@id":"https:\/\/volcanes.net\/?p=9602"},"wordCount":422,"commentCount":0,"publisher":{"@id":"https:\/\/volcanes.net\/#organization"},"image":{"@id":"https:\/\/volcanes.net\/?p=9602#primaryimage"},"thumbnailUrl":"https:\/\/volcanes.net\/wp-content\/uploads\/2020\/12\/FOTO-C1669.jpg","keywords":["Valle de Chalco"],"articleSection":["Municipales"],"inLanguage":"es","potentialAction":[{"@type":"CommentAction","name":"Comment","target":["https:\/\/volcanes.net\/?p=9602#respond"]}]},{"@type":"WebPage","@id":"https:\/\/volcanes.net\/?p=9602","url":"https:\/\/volcanes.net\/?p=9602","name":"Vinculan a proceso a sujeto investigado por el homicidio del alcalde de Valle de Chalco - Volcanes","isPartOf":{"@id":"https:\/\/volcanes.net\/#website"},"primaryImageOfPage":{"@id":"https:\/\/volcanes.net\/?p=9602#primaryimage"},"image":{"@id":"https:\/\/volcanes.net\/?p=9602#primaryimage"},"thumbnailUrl":"https:\/\/volcanes.net\/wp-content\/uploads\/2020\/12\/FOTO-C1669.jpg","datePublished":"2020-12-29T02:22:34+00:00","breadcrumb":{"@id":"https:\/\/volcanes.net\/?p=9602#breadcrumb"},"inLanguage":"es","potentialAction":[{"@type":"ReadAction","target":["https:\/\/volcanes.net\/?p=9602"]}]},{"@type":"ImageObject","inLanguage":"es","@id":"https:\/\/volcanes.net\/?p=9602#primaryimage","url":"https:\/\/volcanes.net\/wp-content\/uploads\/2020\/12\/FOTO-C1669.jpg","contentUrl":"https:\/\/volcanes.net\/wp-content\/uploads\/2020\/12\/FOTO-C1669.jpg","width":500,"height":685},{"@type":"BreadcrumbList","@id":"https:\/\/volcanes.net\/?p=9602#breadcrumb","itemListElement":[{"@type":"ListItem","position":1,"name":"Portada","item":"https:\/\/volcanes.net\/"},{"@type":"ListItem","position":2,"name":"Vinculan a proceso a sujeto investigado por el homicidio del alcalde de Valle de Chalco"}]},{"@type":"WebSite","@id":"https:\/\/volcanes.net\/#website","url":"https:\/\/volcanes.net\/","name":"Volcanes.Net","description":"Periodismo Profesional","publisher":{"@id":"https:\/\/volcanes.net\/#organization"},"potentialAction":[{"@type":"SearchAction","target":{"@type":"EntryPoint","urlTemplate":"https:\/\/volcanes.net\/?s={search_term_string}"},"query-input":{"@type":"PropertyValueSpecification","valueRequired":true,"valueName":"search_term_string"}}],"inLanguage":"es"},{"@type":"Organization","@id":"https:\/\/volcanes.net\/#organization","name":"Grupo Volcanes","url":"https:\/\/volcanes.net\/","logo":{"@type":"ImageObject","inLanguage":"es","@id":"https:\/\/volcanes.net\/#\/schema\/logo\/image\/","url":"http:\/\/volcanes.net\/wp-content\/uploads\/2017\/12\/Avatar2.jpg","contentUrl":"http:\/\/volcanes.net\/wp-content\/uploads\/2017\/12\/Avatar2.jpg","width":378,"height":378,"caption":"Grupo Volcanes"},"image":{"@id":"https:\/\/volcanes.net\/#\/schema\/logo\/image\/"},"sameAs":["https:\/\/www.facebook.com\/volcanes.net\/"]},{"@type":"Person","@id":"https:\/\/volcanes.net\/#\/schema\/person\/4bf0f383940966a4abd53f5048c0e6b9","name":"admin","image":{"@type":"ImageObject","inLanguage":"es","@id":"https:\/\/volcanes.net\/#\/schema\/person\/image\/","url":"https:\/\/secure.gravatar.com\/avatar\/ca004e6cba8462b8cb7abc86e382930c?s=96&d=mm&r=g","contentUrl":"https:\/\/secure.gravatar.com\/avatar\/ca004e6cba8462b8cb7abc86e382930c?s=96&d=mm&r=g","caption":"admin"}}]}},"_links":{"self":[{"href":"https:\/\/volcanes.net\/index.php?rest_route=\/wp\/v2\/posts\/9602"}],"collection":[{"href":"https:\/\/volcanes.net\/index.php?rest_route=\/wp\/v2\/posts"}],"about":[{"href":"https:\/\/volcanes.net\/index.php?rest_route=\/wp\/v2\/types\/post"}],"author":[{"embeddable":true,"href":"https:\/\/volcanes.net\/index.php?rest_route=\/wp\/v2\/users\/1"}],"replies":[{"embeddable":true,"href":"https:\/\/volcanes.net\/index.php?rest_route=%2Fwp%2Fv2%2Fcomments&post=9602"}],"version-history":[{"count":1,"href":"https:\/\/volcanes.net\/index.php?rest_route=\/wp\/v2\/posts\/9602\/revisions"}],"predecessor-version":[{"id":9604,"href":"https:\/\/volcanes.net\/index.php?rest_route=\/wp\/v2\/posts\/9602\/revisions\/9604"}],"wp:featuredmedia":[{"embeddable":true,"href":"https:\/\/volcanes.net\/index.php?rest_route=\/wp\/v2\/media\/9603"}],"wp:attachment":[{"href":"https:\/\/volcanes.net\/index.php?rest_route=%2Fwp%2Fv2%2Fmedia&parent=9602"}],"wp:term":[{"taxonomy":"category","embeddable":true,"href":"https:\/\/volcanes.net\/index.php?rest_route=%2Fwp%2Fv2%2Fcategories&post=9602"},{"taxonomy":"post_tag","embeddable":true,"href":"https:\/\/volcanes.net\/index.php?rest_route=%2Fwp%2Fv2%2Ftags&post=9602"}],"curies":[{"name":"wp","href":"https:\/\/api.w.org\/{rel}","templated":true}]}}