{"id":9612,"date":"2020-12-29T10:13:47","date_gmt":"2020-12-29T16:13:47","guid":{"rendered":"http:\/\/volcanes.net\/?p=9612"},"modified":"2020-12-29T10:13:47","modified_gmt":"2020-12-29T16:13:47","slug":"entregan-equipo-medico-a-hospitales-en-valle-de-chalco","status":"publish","type":"post","link":"https:\/\/volcanes.net\/?p=9612","title":{"rendered":"Entregan equipo m\u00e9dico a Hospitales en Valle de Chalco"},"content":{"rendered":"<div style=\"margin-top: 0px; margin-bottom: 0px;\" class=\"sharethis-inline-share-buttons\" ><\/div><p style=\"text-align: justify;\">Valle de Chalco, Estado de M\u00e9xico.-El gobierno de este municipio mexiquense, que encabeza Armando Garc\u00eda M\u00e9ndez, ofreci\u00f3 una conferencia de prensa donde abord\u00f3 las diferentes acciones que su administraci\u00f3n implementa para hacer frente al virus COVID-19 dentro de la demarcaci\u00f3n.<\/p>\n<p style=\"text-align: justify;\">De acuerdo con el munic\u00edpe, la estrategia se estructura por medio de la \u201cJornada Emergente X la vida\u201d, que tiene por objetivo reforzar la campa\u00f1a de informaci\u00f3n sobre la pandemia durante el sem\u00e1foro epidemiol\u00f3gico en color rojo, adem\u00e1s de aplicar pruebas gratis para detectar el covid-19.<\/p>\n<p style=\"text-align: justify;\">Otra acci\u00f3n consisti\u00f3 en la entrega de equipo m\u00e9dico al Hospital General, Dr. Fernando Quiroz Guti\u00e9rrez; al Hospital Regional del Instituto de Seguridad Social del Estado de M\u00e9xico y Municipios en Valle de Chalco, y a la Unidad de Medicina Familiar 181 del Instituto Mexicano del Seguro Social.<\/p>\n<p style=\"text-align: justify;\">A la presentaci\u00f3n de la \u201cJornada Emergente X la vida\u201d, acompa\u00f1aron al Presidente Municipal, la S\u00edndico Municipal, Yadira G\u00f3mez Agu\u00ed\u00f1iga; la Segunda Regidora, Joahana Arlette Cruz Escamilla; el Tercer Regidor, Jes\u00fas Eladio Romero Meza; la Cuarta Regidora, Mar\u00eda Evelia Mares P\u00e9rez; el Quinto Regidor, Gregorio Felipe Serrano Guevara; el Secretario del Ayuntamiento, Eliseo G\u00f3mez L\u00f3pez; y el encargado de Despacho de la Direcci\u00f3n de Atenci\u00f3n a la Salud, Ra\u00fal Mora Xicot\u00e9ncatl; adem\u00e1s, acudi\u00f3 como invitado especial, Tom\u00e1s Alejandro Cort\u00e9s Garc\u00eda, director general de Gobierno Regi\u00f3n Chalco del gobierno del Estado de M\u00e9xico.<\/p>\n<p style=\"text-align: justify;\">Mientras que a la entrega de equipo m\u00e9dico, acompa\u00f1aron al alcalde, la D\u00e9cima Primer Regidur\u00eda, Aurora Ram\u00edrez Natividad; la D\u00e9cima Segunda Regidur\u00eda, Jes\u00fas Tenorio S\u00e1nchez; y la D\u00e9cimo Tercera Regidur\u00eda, Armando Reyes Regalado; adem\u00e1s de la directora de la Jurisdicci\u00f3n Sanitaria de Amecameca, la doctora Carla Aleste Herrera Romero; y los m\u00e9dicos Gabriela Clavel Ben\u00edtez del Hospital General, Dr. Fernando Quiroz Guti\u00e9rrez; Ram\u00f3n Lora Garc\u00eda del ISSEMyM, y la enfermera Jeanette Flores Romero, de la cl\u00ednica 181 del IMSS.<\/p>\n<p style=\"text-align: justify;\">En su mensaje, el edil lament\u00f3 la apat\u00eda que existe en un sector de la poblaci\u00f3n ante la pandemia, e insisti\u00f3 en que por esta raz\u00f3n es fundamental la informaci\u00f3n para que la ciudadan\u00eda tenga conocimiento de que la situaci\u00f3n es grave, y que la \u00fanica forma de superar al covid-19, es acatar las recomendaciones de las autoridades sanitarias.<\/p>\n<p style=\"text-align: justify;\">Por lo que resalt\u00f3 la urgente necesidad de redoblar esfuerzos para evitar contagios, al tiempo que describi\u00f3 las labores que va a desarrollar la brigada blanca para prevenir el covid-19 entre la poblaci\u00f3n.<\/p>\n","protected":false},"excerpt":{"rendered":"<p>Valle de Chalco, Estado de M\u00e9xico.-El gobierno de este municipio mexiquense, que encabeza Armando Garc\u00eda<\/p>\n","protected":false},"author":1,"featured_media":9613,"comment_status":"open","ping_status":"open","sticky":false,"template":"","format":"standard","meta":{"footnotes":""},"categories":[1],"tags":[5],"class_list":["post-9612","post","type-post","status-publish","format-standard","has-post-thumbnail","hentry","category-municipales","tag-valle-de-chalco"],"yoast_head":"<!-- This site is optimized with the Yoast SEO plugin v25.3 - https:\/\/yoast.com\/wordpress\/plugins\/seo\/ -->\n<title>Entregan equipo m\u00e9dico a Hospitales en Valle de Chalco - Volcanes<\/title>\n<meta name=\"robots\" content=\"index, follow, max-snippet:-1, max-image-preview:large, max-video-preview:-1\" \/>\n<link rel=\"canonical\" href=\"https:\/\/volcanes.net\/?p=9612\" \/>\n<meta property=\"og:locale\" content=\"es_MX\" \/>\n<meta property=\"og:type\" content=\"article\" \/>\n<meta property=\"og:title\" content=\"Entregan equipo m\u00e9dico a Hospitales en Valle de Chalco - Volcanes\" \/>\n<meta property=\"og:description\" content=\"Valle de Chalco, Estado de M\u00e9xico.-El gobierno de este municipio mexiquense, que encabeza Armando Garc\u00eda\" \/>\n<meta property=\"og:url\" content=\"https:\/\/volcanes.net\/?p=9612\" \/>\n<meta property=\"og:site_name\" content=\"Volcanes\" \/>\n<meta property=\"article:publisher\" content=\"https:\/\/www.facebook.com\/volcanes.net\/\" \/>\n<meta property=\"article:published_time\" content=\"2020-12-29T16:13:47+00:00\" \/>\n<meta property=\"og:image\" content=\"https:\/\/volcanes.net\/wp-content\/uploads\/2020\/12\/wp-16092094734591933230434704222898.jpg\" \/>\n\t<meta property=\"og:image:width\" content=\"768\" \/>\n\t<meta property=\"og:image:height\" content=\"503\" \/>\n\t<meta property=\"og:image:type\" content=\"image\/jpeg\" \/>\n<meta name=\"author\" content=\"admin\" \/>\n<meta name=\"twitter:card\" content=\"summary_large_image\" \/>\n<meta name=\"twitter:label1\" content=\"Escrito por\" \/>\n\t<meta name=\"twitter:data1\" content=\"admin\" \/>\n\t<meta name=\"twitter:label2\" content=\"Tiempo de lectura\" \/>\n\t<meta name=\"twitter:data2\" content=\"2 minutos\" \/>\n<script type=\"application\/ld+json\" class=\"yoast-schema-graph\">{\"@context\":\"https:\/\/schema.org\",\"@graph\":[{\"@type\":\"Article\",\"@id\":\"https:\/\/volcanes.net\/?p=9612#article\",\"isPartOf\":{\"@id\":\"https:\/\/volcanes.net\/?p=9612\"},\"author\":{\"name\":\"admin\",\"@id\":\"https:\/\/volcanes.net\/#\/schema\/person\/4bf0f383940966a4abd53f5048c0e6b9\"},\"headline\":\"Entregan equipo m\u00e9dico a Hospitales en Valle de Chalco\",\"datePublished\":\"2020-12-29T16:13:47+00:00\",\"mainEntityOfPage\":{\"@id\":\"https:\/\/volcanes.net\/?p=9612\"},\"wordCount\":467,\"commentCount\":0,\"publisher\":{\"@id\":\"https:\/\/volcanes.net\/#organization\"},\"image\":{\"@id\":\"https:\/\/volcanes.net\/?p=9612#primaryimage\"},\"thumbnailUrl\":\"https:\/\/volcanes.net\/wp-content\/uploads\/2020\/12\/wp-16092094734591933230434704222898.jpg\",\"keywords\":[\"Valle de Chalco\"],\"articleSection\":[\"Municipales\"],\"inLanguage\":\"es\",\"potentialAction\":[{\"@type\":\"CommentAction\",\"name\":\"Comment\",\"target\":[\"https:\/\/volcanes.net\/?p=9612#respond\"]}]},{\"@type\":\"WebPage\",\"@id\":\"https:\/\/volcanes.net\/?p=9612\",\"url\":\"https:\/\/volcanes.net\/?p=9612\",\"name\":\"Entregan equipo m\u00e9dico a Hospitales en Valle de Chalco - Volcanes\",\"isPartOf\":{\"@id\":\"https:\/\/volcanes.net\/#website\"},\"primaryImageOfPage\":{\"@id\":\"https:\/\/volcanes.net\/?p=9612#primaryimage\"},\"image\":{\"@id\":\"https:\/\/volcanes.net\/?p=9612#primaryimage\"},\"thumbnailUrl\":\"https:\/\/volcanes.net\/wp-content\/uploads\/2020\/12\/wp-16092094734591933230434704222898.jpg\",\"datePublished\":\"2020-12-29T16:13:47+00:00\",\"breadcrumb\":{\"@id\":\"https:\/\/volcanes.net\/?p=9612#breadcrumb\"},\"inLanguage\":\"es\",\"potentialAction\":[{\"@type\":\"ReadAction\",\"target\":[\"https:\/\/volcanes.net\/?p=9612\"]}]},{\"@type\":\"ImageObject\",\"inLanguage\":\"es\",\"@id\":\"https:\/\/volcanes.net\/?p=9612#primaryimage\",\"url\":\"https:\/\/volcanes.net\/wp-content\/uploads\/2020\/12\/wp-16092094734591933230434704222898.jpg\",\"contentUrl\":\"https:\/\/volcanes.net\/wp-content\/uploads\/2020\/12\/wp-16092094734591933230434704222898.jpg\",\"width\":768,\"height\":503},{\"@type\":\"BreadcrumbList\",\"@id\":\"https:\/\/volcanes.net\/?p=9612#breadcrumb\",\"itemListElement\":[{\"@type\":\"ListItem\",\"position\":1,\"name\":\"Portada\",\"item\":\"https:\/\/volcanes.net\/\"},{\"@type\":\"ListItem\",\"position\":2,\"name\":\"Entregan equipo m\u00e9dico a Hospitales en Valle de Chalco\"}]},{\"@type\":\"WebSite\",\"@id\":\"https:\/\/volcanes.net\/#website\",\"url\":\"https:\/\/volcanes.net\/\",\"name\":\"Volcanes.Net\",\"description\":\"Periodismo Profesional\",\"publisher\":{\"@id\":\"https:\/\/volcanes.net\/#organization\"},\"potentialAction\":[{\"@type\":\"SearchAction\",\"target\":{\"@type\":\"EntryPoint\",\"urlTemplate\":\"https:\/\/volcanes.net\/?s={search_term_string}\"},\"query-input\":{\"@type\":\"PropertyValueSpecification\",\"valueRequired\":true,\"valueName\":\"search_term_string\"}}],\"inLanguage\":\"es\"},{\"@type\":\"Organization\",\"@id\":\"https:\/\/volcanes.net\/#organization\",\"name\":\"Grupo Volcanes\",\"url\":\"https:\/\/volcanes.net\/\",\"logo\":{\"@type\":\"ImageObject\",\"inLanguage\":\"es\",\"@id\":\"https:\/\/volcanes.net\/#\/schema\/logo\/image\/\",\"url\":\"http:\/\/volcanes.net\/wp-content\/uploads\/2017\/12\/Avatar2.jpg\",\"contentUrl\":\"http:\/\/volcanes.net\/wp-content\/uploads\/2017\/12\/Avatar2.jpg\",\"width\":378,\"height\":378,\"caption\":\"Grupo Volcanes\"},\"image\":{\"@id\":\"https:\/\/volcanes.net\/#\/schema\/logo\/image\/\"},\"sameAs\":[\"https:\/\/www.facebook.com\/volcanes.net\/\"]},{\"@type\":\"Person\",\"@id\":\"https:\/\/volcanes.net\/#\/schema\/person\/4bf0f383940966a4abd53f5048c0e6b9\",\"name\":\"admin\",\"image\":{\"@type\":\"ImageObject\",\"inLanguage\":\"es\",\"@id\":\"https:\/\/volcanes.net\/#\/schema\/person\/image\/\",\"url\":\"https:\/\/secure.gravatar.com\/avatar\/ca004e6cba8462b8cb7abc86e382930c?s=96&d=mm&r=g\",\"contentUrl\":\"https:\/\/secure.gravatar.com\/avatar\/ca004e6cba8462b8cb7abc86e382930c?s=96&d=mm&r=g\",\"caption\":\"admin\"}}]}<\/script>\n<!-- \/ Yoast SEO plugin. -->","yoast_head_json":{"title":"Entregan equipo m\u00e9dico a Hospitales en Valle de Chalco - Volcanes","robots":{"index":"index","follow":"follow","max-snippet":"max-snippet:-1","max-image-preview":"max-image-preview:large","max-video-preview":"max-video-preview:-1"},"canonical":"https:\/\/volcanes.net\/?p=9612","og_locale":"es_MX","og_type":"article","og_title":"Entregan equipo m\u00e9dico a Hospitales en Valle de Chalco - Volcanes","og_description":"Valle de Chalco, Estado de M\u00e9xico.-El gobierno de este municipio mexiquense, que encabeza Armando Garc\u00eda","og_url":"https:\/\/volcanes.net\/?p=9612","og_site_name":"Volcanes","article_publisher":"https:\/\/www.facebook.com\/volcanes.net\/","article_published_time":"2020-12-29T16:13:47+00:00","og_image":[{"width":768,"height":503,"url":"https:\/\/volcanes.net\/wp-content\/uploads\/2020\/12\/wp-16092094734591933230434704222898.jpg","type":"image\/jpeg"}],"author":"admin","twitter_card":"summary_large_image","twitter_misc":{"Escrito por":"admin","Tiempo de lectura":"2 minutos"},"schema":{"@context":"https:\/\/schema.org","@graph":[{"@type":"Article","@id":"https:\/\/volcanes.net\/?p=9612#article","isPartOf":{"@id":"https:\/\/volcanes.net\/?p=9612"},"author":{"name":"admin","@id":"https:\/\/volcanes.net\/#\/schema\/person\/4bf0f383940966a4abd53f5048c0e6b9"},"headline":"Entregan equipo m\u00e9dico a Hospitales en Valle de Chalco","datePublished":"2020-12-29T16:13:47+00:00","mainEntityOfPage":{"@id":"https:\/\/volcanes.net\/?p=9612"},"wordCount":467,"commentCount":0,"publisher":{"@id":"https:\/\/volcanes.net\/#organization"},"image":{"@id":"https:\/\/volcanes.net\/?p=9612#primaryimage"},"thumbnailUrl":"https:\/\/volcanes.net\/wp-content\/uploads\/2020\/12\/wp-16092094734591933230434704222898.jpg","keywords":["Valle de Chalco"],"articleSection":["Municipales"],"inLanguage":"es","potentialAction":[{"@type":"CommentAction","name":"Comment","target":["https:\/\/volcanes.net\/?p=9612#respond"]}]},{"@type":"WebPage","@id":"https:\/\/volcanes.net\/?p=9612","url":"https:\/\/volcanes.net\/?p=9612","name":"Entregan equipo m\u00e9dico a Hospitales en Valle de Chalco - Volcanes","isPartOf":{"@id":"https:\/\/volcanes.net\/#website"},"primaryImageOfPage":{"@id":"https:\/\/volcanes.net\/?p=9612#primaryimage"},"image":{"@id":"https:\/\/volcanes.net\/?p=9612#primaryimage"},"thumbnailUrl":"https:\/\/volcanes.net\/wp-content\/uploads\/2020\/12\/wp-16092094734591933230434704222898.jpg","datePublished":"2020-12-29T16:13:47+00:00","breadcrumb":{"@id":"https:\/\/volcanes.net\/?p=9612#breadcrumb"},"inLanguage":"es","potentialAction":[{"@type":"ReadAction","target":["https:\/\/volcanes.net\/?p=9612"]}]},{"@type":"ImageObject","inLanguage":"es","@id":"https:\/\/volcanes.net\/?p=9612#primaryimage","url":"https:\/\/volcanes.net\/wp-content\/uploads\/2020\/12\/wp-16092094734591933230434704222898.jpg","contentUrl":"https:\/\/volcanes.net\/wp-content\/uploads\/2020\/12\/wp-16092094734591933230434704222898.jpg","width":768,"height":503},{"@type":"BreadcrumbList","@id":"https:\/\/volcanes.net\/?p=9612#breadcrumb","itemListElement":[{"@type":"ListItem","position":1,"name":"Portada","item":"https:\/\/volcanes.net\/"},{"@type":"ListItem","position":2,"name":"Entregan equipo m\u00e9dico a Hospitales en Valle de Chalco"}]},{"@type":"WebSite","@id":"https:\/\/volcanes.net\/#website","url":"https:\/\/volcanes.net\/","name":"Volcanes.Net","description":"Periodismo Profesional","publisher":{"@id":"https:\/\/volcanes.net\/#organization"},"potentialAction":[{"@type":"SearchAction","target":{"@type":"EntryPoint","urlTemplate":"https:\/\/volcanes.net\/?s={search_term_string}"},"query-input":{"@type":"PropertyValueSpecification","valueRequired":true,"valueName":"search_term_string"}}],"inLanguage":"es"},{"@type":"Organization","@id":"https:\/\/volcanes.net\/#organization","name":"Grupo Volcanes","url":"https:\/\/volcanes.net\/","logo":{"@type":"ImageObject","inLanguage":"es","@id":"https:\/\/volcanes.net\/#\/schema\/logo\/image\/","url":"http:\/\/volcanes.net\/wp-content\/uploads\/2017\/12\/Avatar2.jpg","contentUrl":"http:\/\/volcanes.net\/wp-content\/uploads\/2017\/12\/Avatar2.jpg","width":378,"height":378,"caption":"Grupo Volcanes"},"image":{"@id":"https:\/\/volcanes.net\/#\/schema\/logo\/image\/"},"sameAs":["https:\/\/www.facebook.com\/volcanes.net\/"]},{"@type":"Person","@id":"https:\/\/volcanes.net\/#\/schema\/person\/4bf0f383940966a4abd53f5048c0e6b9","name":"admin","image":{"@type":"ImageObject","inLanguage":"es","@id":"https:\/\/volcanes.net\/#\/schema\/person\/image\/","url":"https:\/\/secure.gravatar.com\/avatar\/ca004e6cba8462b8cb7abc86e382930c?s=96&d=mm&r=g","contentUrl":"https:\/\/secure.gravatar.com\/avatar\/ca004e6cba8462b8cb7abc86e382930c?s=96&d=mm&r=g","caption":"admin"}}]}},"_links":{"self":[{"href":"https:\/\/volcanes.net\/index.php?rest_route=\/wp\/v2\/posts\/9612"}],"collection":[{"href":"https:\/\/volcanes.net\/index.php?rest_route=\/wp\/v2\/posts"}],"about":[{"href":"https:\/\/volcanes.net\/index.php?rest_route=\/wp\/v2\/types\/post"}],"author":[{"embeddable":true,"href":"https:\/\/volcanes.net\/index.php?rest_route=\/wp\/v2\/users\/1"}],"replies":[{"embeddable":true,"href":"https:\/\/volcanes.net\/index.php?rest_route=%2Fwp%2Fv2%2Fcomments&post=9612"}],"version-history":[{"count":1,"href":"https:\/\/volcanes.net\/index.php?rest_route=\/wp\/v2\/posts\/9612\/revisions"}],"predecessor-version":[{"id":9614,"href":"https:\/\/volcanes.net\/index.php?rest_route=\/wp\/v2\/posts\/9612\/revisions\/9614"}],"wp:featuredmedia":[{"embeddable":true,"href":"https:\/\/volcanes.net\/index.php?rest_route=\/wp\/v2\/media\/9613"}],"wp:attachment":[{"href":"https:\/\/volcanes.net\/index.php?rest_route=%2Fwp%2Fv2%2Fmedia&parent=9612"}],"wp:term":[{"taxonomy":"category","embeddable":true,"href":"https:\/\/volcanes.net\/index.php?rest_route=%2Fwp%2Fv2%2Fcategories&post=9612"},{"taxonomy":"post_tag","embeddable":true,"href":"https:\/\/volcanes.net\/index.php?rest_route=%2Fwp%2Fv2%2Ftags&post=9612"}],"curies":[{"name":"wp","href":"https:\/\/api.w.org\/{rel}","templated":true}]}}