{"id":9629,"date":"2020-12-30T20:48:38","date_gmt":"2020-12-31T02:48:38","guid":{"rendered":"http:\/\/volcanes.net\/?p=9629"},"modified":"2020-12-30T20:48:38","modified_gmt":"2020-12-31T02:48:38","slug":"obtiene-cadetes-de-amecameca-el-primer-y-tercer-lugar-de-aprovechamiento-en-la-universidad-mexiquense-de-seguridad-y-justicia","status":"publish","type":"post","link":"https:\/\/volcanes.net\/?p=9629","title":{"rendered":"Obtiene cadetes de Amecameca el primer y tercer lugar de aprovechamiento en la Universidad Mexiquense de Seguridad y Justicia"},"content":{"rendered":"<div style=\"margin-top: 0px; margin-bottom: 0px;\" class=\"sharethis-inline-share-buttons\" ><\/div><p style=\"text-align: justify;\">Amecameca, Estado de M\u00e9xico.-\u00a0 De los nueve Cadetes que Amecameca envi\u00f3 a la Universidad Mexiquense de Seguridad y Justicia, para tomar el curso de \u201cFormaci\u00f3n Inicial para Polic\u00eda Preventivo\u201d, Paola Amaro Salazar y Hugo Antonio Garc\u00eda Sig\u00fcenza obtuvieron el primero y tercer lugar de aprovechamiento de entre 100 cadetes provenientes de 15 municipios.<\/p>\n<p style=\"text-align: justify;\">El Comisario Municipal, Armando Acebo Ortiz, inform\u00f3 que esta es la Segunda Generaci\u00f3n de la Polic\u00eda Municipal que se grad\u00faa cumpliendo todos los requerimientos de la Ley de Seguridad del Estado de M\u00e9xico para Personal de Nuevo Ingreso, que representa el cumplimiento del compromiso del Presidente Municipal Miguel \u00c1ngel Salom\u00f3n Cort\u00e9s por profesionalizar a la polic\u00eda municipal y contar con Elementos de Proximidad Social.<\/p>\n<p style=\"text-align: justify;\">Por su parte el Secretario T\u00e9cnico del Consejo Municipal de Seguridad P\u00fablica, Anibal Avelar Aranda, explic\u00f3 que el primer filtro que pasan los aspirantes a polic\u00edas es cumplir los requisitos de la convocatoria municipal, posteriormente aprobar el examen de Control y Confianza y finalmente el curso de formaci\u00f3n inicial.<\/p>\n<p style=\"text-align: justify;\">A\u00f1adi\u00f3 que los cadetes reci\u00e9n graduados, que ya son a partir de esta fecha Polic\u00edas en activo, recibieron durante 7 meses su capacitaci\u00f3n en la instituci\u00f3n mencionada que se ubica en el municipio de Nezahualc\u00f3yotl, en donde con su dedicaci\u00f3n y esfuerzo obtuvieron calificaciones destacadas que enaltecieron el nombre de Amecameca.<\/p>\n","protected":false},"excerpt":{"rendered":"<p>Amecameca, Estado de M\u00e9xico.-\u00a0 De los nueve Cadetes que Amecameca envi\u00f3 a la Universidad Mexiquense<\/p>\n","protected":false},"author":1,"featured_media":9630,"comment_status":"open","ping_status":"open","sticky":false,"template":"","format":"standard","meta":{"footnotes":""},"categories":[1],"tags":[7],"class_list":["post-9629","post","type-post","status-publish","format-standard","has-post-thumbnail","hentry","category-municipales","tag-amecameca"],"yoast_head":"<!-- This site is optimized with the Yoast SEO plugin v25.3 - https:\/\/yoast.com\/wordpress\/plugins\/seo\/ -->\n<title>Obtiene cadetes de Amecameca el primer y tercer lugar de aprovechamiento en la Universidad Mexiquense de Seguridad y Justicia - Volcanes<\/title>\n<meta name=\"robots\" content=\"index, follow, max-snippet:-1, max-image-preview:large, max-video-preview:-1\" \/>\n<link rel=\"canonical\" href=\"https:\/\/volcanes.net\/?p=9629\" \/>\n<meta property=\"og:locale\" content=\"es_MX\" \/>\n<meta property=\"og:type\" content=\"article\" \/>\n<meta property=\"og:title\" content=\"Obtiene cadetes de Amecameca el primer y tercer lugar de aprovechamiento en la Universidad Mexiquense de Seguridad y Justicia - Volcanes\" \/>\n<meta property=\"og:description\" content=\"Amecameca, Estado de M\u00e9xico.-\u00a0 De los nueve Cadetes que Amecameca envi\u00f3 a la Universidad Mexiquense\" \/>\n<meta property=\"og:url\" content=\"https:\/\/volcanes.net\/?p=9629\" \/>\n<meta property=\"og:site_name\" content=\"Volcanes\" \/>\n<meta property=\"article:publisher\" content=\"https:\/\/www.facebook.com\/volcanes.net\/\" \/>\n<meta property=\"article:published_time\" content=\"2020-12-31T02:48:38+00:00\" \/>\n<meta property=\"og:image\" content=\"https:\/\/volcanes.net\/wp-content\/uploads\/2020\/12\/IMG-20201230-WA0018.jpg\" \/>\n\t<meta property=\"og:image:width\" content=\"1280\" \/>\n\t<meta property=\"og:image:height\" content=\"837\" \/>\n\t<meta property=\"og:image:type\" content=\"image\/jpeg\" \/>\n<meta name=\"author\" content=\"admin\" \/>\n<meta name=\"twitter:card\" content=\"summary_large_image\" \/>\n<meta name=\"twitter:label1\" content=\"Escrito por\" \/>\n\t<meta name=\"twitter:data1\" content=\"admin\" \/>\n\t<meta name=\"twitter:label2\" content=\"Tiempo de lectura\" \/>\n\t<meta name=\"twitter:data2\" content=\"1 minuto\" \/>\n<script type=\"application\/ld+json\" class=\"yoast-schema-graph\">{\"@context\":\"https:\/\/schema.org\",\"@graph\":[{\"@type\":\"Article\",\"@id\":\"https:\/\/volcanes.net\/?p=9629#article\",\"isPartOf\":{\"@id\":\"https:\/\/volcanes.net\/?p=9629\"},\"author\":{\"name\":\"admin\",\"@id\":\"https:\/\/volcanes.net\/#\/schema\/person\/4bf0f383940966a4abd53f5048c0e6b9\"},\"headline\":\"Obtiene cadetes de Amecameca el primer y tercer lugar de aprovechamiento en la Universidad Mexiquense de Seguridad y Justicia\",\"datePublished\":\"2020-12-31T02:48:38+00:00\",\"mainEntityOfPage\":{\"@id\":\"https:\/\/volcanes.net\/?p=9629\"},\"wordCount\":257,\"commentCount\":0,\"publisher\":{\"@id\":\"https:\/\/volcanes.net\/#organization\"},\"image\":{\"@id\":\"https:\/\/volcanes.net\/?p=9629#primaryimage\"},\"thumbnailUrl\":\"https:\/\/volcanes.net\/wp-content\/uploads\/2020\/12\/IMG-20201230-WA0018.jpg\",\"keywords\":[\"Amecameca\"],\"articleSection\":[\"Municipales\"],\"inLanguage\":\"es\",\"potentialAction\":[{\"@type\":\"CommentAction\",\"name\":\"Comment\",\"target\":[\"https:\/\/volcanes.net\/?p=9629#respond\"]}]},{\"@type\":\"WebPage\",\"@id\":\"https:\/\/volcanes.net\/?p=9629\",\"url\":\"https:\/\/volcanes.net\/?p=9629\",\"name\":\"Obtiene cadetes de Amecameca el primer y tercer lugar de aprovechamiento en la Universidad Mexiquense de Seguridad y Justicia - Volcanes\",\"isPartOf\":{\"@id\":\"https:\/\/volcanes.net\/#website\"},\"primaryImageOfPage\":{\"@id\":\"https:\/\/volcanes.net\/?p=9629#primaryimage\"},\"image\":{\"@id\":\"https:\/\/volcanes.net\/?p=9629#primaryimage\"},\"thumbnailUrl\":\"https:\/\/volcanes.net\/wp-content\/uploads\/2020\/12\/IMG-20201230-WA0018.jpg\",\"datePublished\":\"2020-12-31T02:48:38+00:00\",\"breadcrumb\":{\"@id\":\"https:\/\/volcanes.net\/?p=9629#breadcrumb\"},\"inLanguage\":\"es\",\"potentialAction\":[{\"@type\":\"ReadAction\",\"target\":[\"https:\/\/volcanes.net\/?p=9629\"]}]},{\"@type\":\"ImageObject\",\"inLanguage\":\"es\",\"@id\":\"https:\/\/volcanes.net\/?p=9629#primaryimage\",\"url\":\"https:\/\/volcanes.net\/wp-content\/uploads\/2020\/12\/IMG-20201230-WA0018.jpg\",\"contentUrl\":\"https:\/\/volcanes.net\/wp-content\/uploads\/2020\/12\/IMG-20201230-WA0018.jpg\",\"width\":1280,\"height\":837},{\"@type\":\"BreadcrumbList\",\"@id\":\"https:\/\/volcanes.net\/?p=9629#breadcrumb\",\"itemListElement\":[{\"@type\":\"ListItem\",\"position\":1,\"name\":\"Portada\",\"item\":\"https:\/\/volcanes.net\/\"},{\"@type\":\"ListItem\",\"position\":2,\"name\":\"Obtiene cadetes de Amecameca el primer y tercer lugar de aprovechamiento en la Universidad Mexiquense de Seguridad y Justicia\"}]},{\"@type\":\"WebSite\",\"@id\":\"https:\/\/volcanes.net\/#website\",\"url\":\"https:\/\/volcanes.net\/\",\"name\":\"Volcanes.Net\",\"description\":\"Periodismo Profesional\",\"publisher\":{\"@id\":\"https:\/\/volcanes.net\/#organization\"},\"potentialAction\":[{\"@type\":\"SearchAction\",\"target\":{\"@type\":\"EntryPoint\",\"urlTemplate\":\"https:\/\/volcanes.net\/?s={search_term_string}\"},\"query-input\":{\"@type\":\"PropertyValueSpecification\",\"valueRequired\":true,\"valueName\":\"search_term_string\"}}],\"inLanguage\":\"es\"},{\"@type\":\"Organization\",\"@id\":\"https:\/\/volcanes.net\/#organization\",\"name\":\"Grupo Volcanes\",\"url\":\"https:\/\/volcanes.net\/\",\"logo\":{\"@type\":\"ImageObject\",\"inLanguage\":\"es\",\"@id\":\"https:\/\/volcanes.net\/#\/schema\/logo\/image\/\",\"url\":\"http:\/\/volcanes.net\/wp-content\/uploads\/2017\/12\/Avatar2.jpg\",\"contentUrl\":\"http:\/\/volcanes.net\/wp-content\/uploads\/2017\/12\/Avatar2.jpg\",\"width\":378,\"height\":378,\"caption\":\"Grupo Volcanes\"},\"image\":{\"@id\":\"https:\/\/volcanes.net\/#\/schema\/logo\/image\/\"},\"sameAs\":[\"https:\/\/www.facebook.com\/volcanes.net\/\"]},{\"@type\":\"Person\",\"@id\":\"https:\/\/volcanes.net\/#\/schema\/person\/4bf0f383940966a4abd53f5048c0e6b9\",\"name\":\"admin\",\"image\":{\"@type\":\"ImageObject\",\"inLanguage\":\"es\",\"@id\":\"https:\/\/volcanes.net\/#\/schema\/person\/image\/\",\"url\":\"https:\/\/secure.gravatar.com\/avatar\/ca004e6cba8462b8cb7abc86e382930c?s=96&d=mm&r=g\",\"contentUrl\":\"https:\/\/secure.gravatar.com\/avatar\/ca004e6cba8462b8cb7abc86e382930c?s=96&d=mm&r=g\",\"caption\":\"admin\"}}]}<\/script>\n<!-- \/ Yoast SEO plugin. -->","yoast_head_json":{"title":"Obtiene cadetes de Amecameca el primer y tercer lugar de aprovechamiento en la Universidad Mexiquense de Seguridad y Justicia - Volcanes","robots":{"index":"index","follow":"follow","max-snippet":"max-snippet:-1","max-image-preview":"max-image-preview:large","max-video-preview":"max-video-preview:-1"},"canonical":"https:\/\/volcanes.net\/?p=9629","og_locale":"es_MX","og_type":"article","og_title":"Obtiene cadetes de Amecameca el primer y tercer lugar de aprovechamiento en la Universidad Mexiquense de Seguridad y Justicia - Volcanes","og_description":"Amecameca, Estado de M\u00e9xico.-\u00a0 De los nueve Cadetes que Amecameca envi\u00f3 a la Universidad Mexiquense","og_url":"https:\/\/volcanes.net\/?p=9629","og_site_name":"Volcanes","article_publisher":"https:\/\/www.facebook.com\/volcanes.net\/","article_published_time":"2020-12-31T02:48:38+00:00","og_image":[{"width":1280,"height":837,"url":"https:\/\/volcanes.net\/wp-content\/uploads\/2020\/12\/IMG-20201230-WA0018.jpg","type":"image\/jpeg"}],"author":"admin","twitter_card":"summary_large_image","twitter_misc":{"Escrito por":"admin","Tiempo de lectura":"1 minuto"},"schema":{"@context":"https:\/\/schema.org","@graph":[{"@type":"Article","@id":"https:\/\/volcanes.net\/?p=9629#article","isPartOf":{"@id":"https:\/\/volcanes.net\/?p=9629"},"author":{"name":"admin","@id":"https:\/\/volcanes.net\/#\/schema\/person\/4bf0f383940966a4abd53f5048c0e6b9"},"headline":"Obtiene cadetes de Amecameca el primer y tercer lugar de aprovechamiento en la Universidad Mexiquense de Seguridad y Justicia","datePublished":"2020-12-31T02:48:38+00:00","mainEntityOfPage":{"@id":"https:\/\/volcanes.net\/?p=9629"},"wordCount":257,"commentCount":0,"publisher":{"@id":"https:\/\/volcanes.net\/#organization"},"image":{"@id":"https:\/\/volcanes.net\/?p=9629#primaryimage"},"thumbnailUrl":"https:\/\/volcanes.net\/wp-content\/uploads\/2020\/12\/IMG-20201230-WA0018.jpg","keywords":["Amecameca"],"articleSection":["Municipales"],"inLanguage":"es","potentialAction":[{"@type":"CommentAction","name":"Comment","target":["https:\/\/volcanes.net\/?p=9629#respond"]}]},{"@type":"WebPage","@id":"https:\/\/volcanes.net\/?p=9629","url":"https:\/\/volcanes.net\/?p=9629","name":"Obtiene cadetes de Amecameca el primer y tercer lugar de aprovechamiento en la Universidad Mexiquense de Seguridad y Justicia - Volcanes","isPartOf":{"@id":"https:\/\/volcanes.net\/#website"},"primaryImageOfPage":{"@id":"https:\/\/volcanes.net\/?p=9629#primaryimage"},"image":{"@id":"https:\/\/volcanes.net\/?p=9629#primaryimage"},"thumbnailUrl":"https:\/\/volcanes.net\/wp-content\/uploads\/2020\/12\/IMG-20201230-WA0018.jpg","datePublished":"2020-12-31T02:48:38+00:00","breadcrumb":{"@id":"https:\/\/volcanes.net\/?p=9629#breadcrumb"},"inLanguage":"es","potentialAction":[{"@type":"ReadAction","target":["https:\/\/volcanes.net\/?p=9629"]}]},{"@type":"ImageObject","inLanguage":"es","@id":"https:\/\/volcanes.net\/?p=9629#primaryimage","url":"https:\/\/volcanes.net\/wp-content\/uploads\/2020\/12\/IMG-20201230-WA0018.jpg","contentUrl":"https:\/\/volcanes.net\/wp-content\/uploads\/2020\/12\/IMG-20201230-WA0018.jpg","width":1280,"height":837},{"@type":"BreadcrumbList","@id":"https:\/\/volcanes.net\/?p=9629#breadcrumb","itemListElement":[{"@type":"ListItem","position":1,"name":"Portada","item":"https:\/\/volcanes.net\/"},{"@type":"ListItem","position":2,"name":"Obtiene cadetes de Amecameca el primer y tercer lugar de aprovechamiento en la Universidad Mexiquense de Seguridad y Justicia"}]},{"@type":"WebSite","@id":"https:\/\/volcanes.net\/#website","url":"https:\/\/volcanes.net\/","name":"Volcanes.Net","description":"Periodismo Profesional","publisher":{"@id":"https:\/\/volcanes.net\/#organization"},"potentialAction":[{"@type":"SearchAction","target":{"@type":"EntryPoint","urlTemplate":"https:\/\/volcanes.net\/?s={search_term_string}"},"query-input":{"@type":"PropertyValueSpecification","valueRequired":true,"valueName":"search_term_string"}}],"inLanguage":"es"},{"@type":"Organization","@id":"https:\/\/volcanes.net\/#organization","name":"Grupo Volcanes","url":"https:\/\/volcanes.net\/","logo":{"@type":"ImageObject","inLanguage":"es","@id":"https:\/\/volcanes.net\/#\/schema\/logo\/image\/","url":"http:\/\/volcanes.net\/wp-content\/uploads\/2017\/12\/Avatar2.jpg","contentUrl":"http:\/\/volcanes.net\/wp-content\/uploads\/2017\/12\/Avatar2.jpg","width":378,"height":378,"caption":"Grupo Volcanes"},"image":{"@id":"https:\/\/volcanes.net\/#\/schema\/logo\/image\/"},"sameAs":["https:\/\/www.facebook.com\/volcanes.net\/"]},{"@type":"Person","@id":"https:\/\/volcanes.net\/#\/schema\/person\/4bf0f383940966a4abd53f5048c0e6b9","name":"admin","image":{"@type":"ImageObject","inLanguage":"es","@id":"https:\/\/volcanes.net\/#\/schema\/person\/image\/","url":"https:\/\/secure.gravatar.com\/avatar\/ca004e6cba8462b8cb7abc86e382930c?s=96&d=mm&r=g","contentUrl":"https:\/\/secure.gravatar.com\/avatar\/ca004e6cba8462b8cb7abc86e382930c?s=96&d=mm&r=g","caption":"admin"}}]}},"_links":{"self":[{"href":"https:\/\/volcanes.net\/index.php?rest_route=\/wp\/v2\/posts\/9629"}],"collection":[{"href":"https:\/\/volcanes.net\/index.php?rest_route=\/wp\/v2\/posts"}],"about":[{"href":"https:\/\/volcanes.net\/index.php?rest_route=\/wp\/v2\/types\/post"}],"author":[{"embeddable":true,"href":"https:\/\/volcanes.net\/index.php?rest_route=\/wp\/v2\/users\/1"}],"replies":[{"embeddable":true,"href":"https:\/\/volcanes.net\/index.php?rest_route=%2Fwp%2Fv2%2Fcomments&post=9629"}],"version-history":[{"count":1,"href":"https:\/\/volcanes.net\/index.php?rest_route=\/wp\/v2\/posts\/9629\/revisions"}],"predecessor-version":[{"id":9631,"href":"https:\/\/volcanes.net\/index.php?rest_route=\/wp\/v2\/posts\/9629\/revisions\/9631"}],"wp:featuredmedia":[{"embeddable":true,"href":"https:\/\/volcanes.net\/index.php?rest_route=\/wp\/v2\/media\/9630"}],"wp:attachment":[{"href":"https:\/\/volcanes.net\/index.php?rest_route=%2Fwp%2Fv2%2Fmedia&parent=9629"}],"wp:term":[{"taxonomy":"category","embeddable":true,"href":"https:\/\/volcanes.net\/index.php?rest_route=%2Fwp%2Fv2%2Fcategories&post=9629"},{"taxonomy":"post_tag","embeddable":true,"href":"https:\/\/volcanes.net\/index.php?rest_route=%2Fwp%2Fv2%2Ftags&post=9629"}],"curies":[{"name":"wp","href":"https:\/\/api.w.org\/{rel}","templated":true}]}}