{"id":9727,"date":"2021-01-12T18:22:48","date_gmt":"2021-01-13T00:22:48","guid":{"rendered":"http:\/\/volcanes.net\/?p=9727"},"modified":"2021-01-12T18:22:48","modified_gmt":"2021-01-13T00:22:48","slug":"gobierno-de-ixtapaluca-busca-opciones-para-tener-una-capacitacion-permanente-para-la-profesionalizacion-de-policias","status":"publish","type":"post","link":"https:\/\/volcanes.net\/?p=9727","title":{"rendered":"Gobierno de Ixtapaluca busca opciones para tener una capacitaci\u00f3n permanente para la profesionalizaci\u00f3n de polic\u00edas"},"content":{"rendered":"<div style=\"margin-top: 0px; margin-bottom: 0px;\" class=\"sharethis-inline-share-buttons\" ><\/div><p style=\"text-align: justify;\">Ixtapaluca, Estado de M\u00e9xico.- &#8220;El recorte al presupuesto por parte de la federaci\u00f3n en el rubro de seguridad es un golpe para los municipios y estados, pues se retir\u00f3 todo el apoyo del programa de Fortalecimiento para la Seguridad (FORTASEG)&#8221;, dijo Fernando Flores Ch\u00e1vez, secretario T\u00e9cnico de Seguridad P\u00fablica y enlace con el secretariado Ejecutivo del Sistema Nacional de Seguridad P\u00fablica, de la direcci\u00f3n de Seguridad Ciudadana y Tr\u00e1nsito Municipal Ixtapaluca.<\/p>\n<p style=\"text-align: justify;\">Sin embargo, este gobierno municipal, que encabeza la alcaldesa Maricela Serrano Hern\u00e1ndez, busca las opciones para obtener los recursos y tener una capacitaci\u00f3n permanente para la profesionalizaci\u00f3n de los elementos de la corporaci\u00f3n y servir honesta y honradamente a las y los ixtapaluquenses.<\/p>\n<p style=\"text-align: justify;\">Muestra de ello es que a la fecha, 812 polic\u00edas han recibido la capacitaci\u00f3n correspondiente en los cursos de Justicia C\u00edvica, Derechos Humanos, Cadena de Custodia, Competencias b\u00e1sicas de la Funci\u00f3n Policial con sus evaluaciones correspondientes,\u00a0 impartidos por el Instituto Mexiquense de Seguridad y Justicia del Estado de M\u00e9xico.<\/p>\n<p style=\"text-align: justify;\">Flores Ch\u00e1vez asegur\u00f3 que con la planeaci\u00f3n que se hace cada a\u00f1o es prioritario asignar los recursos para las capacitaciones, pues de esta manera se podr\u00e1n certificar los polic\u00edas; actualmente, el 98 por ciento de los elementos ya est\u00e1n certificados, con el objetivo de ofrecer un \u00f3ptimo servicio a la comunidad.<\/p>\n<p style=\"text-align: justify;\">Por su parte, Alvaro Valadez Blanca Brias, jefe de cuadrante de la regi\u00f3n III, coment\u00f3 que con las capacitaciones se da un mejor servicio y trato a los ciudadanos de Ixtapaluca basado en los derechos humanos\u00a0 para no cometer ninguna irregularidad.<\/p>\n","protected":false},"excerpt":{"rendered":"<p>Ixtapaluca, Estado de M\u00e9xico.- &#8220;El recorte al presupuesto por parte de la federaci\u00f3n en el<\/p>\n","protected":false},"author":1,"featured_media":9728,"comment_status":"open","ping_status":"open","sticky":false,"template":"","format":"standard","meta":{"footnotes":""},"categories":[1],"tags":[6],"class_list":["post-9727","post","type-post","status-publish","format-standard","has-post-thumbnail","hentry","category-municipales","tag-ixtapaluca"],"yoast_head":"<!-- This site is optimized with the Yoast SEO plugin v25.3 - https:\/\/yoast.com\/wordpress\/plugins\/seo\/ -->\n<title>Gobierno de Ixtapaluca busca opciones para tener una capacitaci\u00f3n permanente para la profesionalizaci\u00f3n de polic\u00edas - Volcanes<\/title>\n<meta name=\"robots\" content=\"index, follow, max-snippet:-1, max-image-preview:large, max-video-preview:-1\" \/>\n<link rel=\"canonical\" href=\"https:\/\/volcanes.net\/?p=9727\" \/>\n<meta property=\"og:locale\" content=\"es_MX\" \/>\n<meta property=\"og:type\" content=\"article\" \/>\n<meta property=\"og:title\" content=\"Gobierno de Ixtapaluca busca opciones para tener una capacitaci\u00f3n permanente para la profesionalizaci\u00f3n de polic\u00edas - Volcanes\" \/>\n<meta property=\"og:description\" content=\"Ixtapaluca, Estado de M\u00e9xico.- &#8220;El recorte al presupuesto por parte de la federaci\u00f3n en el\" \/>\n<meta property=\"og:url\" content=\"https:\/\/volcanes.net\/?p=9727\" \/>\n<meta property=\"og:site_name\" content=\"Volcanes\" \/>\n<meta property=\"article:publisher\" content=\"https:\/\/www.facebook.com\/volcanes.net\/\" \/>\n<meta property=\"article:published_time\" content=\"2021-01-13T00:22:48+00:00\" \/>\n<meta property=\"og:image\" content=\"https:\/\/volcanes.net\/wp-content\/uploads\/2021\/01\/FB_IMG_1610469710080.jpg\" \/>\n\t<meta property=\"og:image:width\" content=\"640\" \/>\n\t<meta property=\"og:image:height\" content=\"351\" \/>\n\t<meta property=\"og:image:type\" content=\"image\/jpeg\" \/>\n<meta name=\"author\" content=\"admin\" \/>\n<meta name=\"twitter:card\" content=\"summary_large_image\" \/>\n<meta name=\"twitter:label1\" content=\"Escrito por\" \/>\n\t<meta name=\"twitter:data1\" content=\"admin\" \/>\n\t<meta name=\"twitter:label2\" content=\"Tiempo de lectura\" \/>\n\t<meta name=\"twitter:data2\" content=\"1 minuto\" \/>\n<script type=\"application\/ld+json\" class=\"yoast-schema-graph\">{\"@context\":\"https:\/\/schema.org\",\"@graph\":[{\"@type\":\"Article\",\"@id\":\"https:\/\/volcanes.net\/?p=9727#article\",\"isPartOf\":{\"@id\":\"https:\/\/volcanes.net\/?p=9727\"},\"author\":{\"name\":\"admin\",\"@id\":\"https:\/\/volcanes.net\/#\/schema\/person\/4bf0f383940966a4abd53f5048c0e6b9\"},\"headline\":\"Gobierno de Ixtapaluca busca opciones para tener una capacitaci\u00f3n permanente para la profesionalizaci\u00f3n de polic\u00edas\",\"datePublished\":\"2021-01-13T00:22:48+00:00\",\"mainEntityOfPage\":{\"@id\":\"https:\/\/volcanes.net\/?p=9727\"},\"wordCount\":297,\"commentCount\":0,\"publisher\":{\"@id\":\"https:\/\/volcanes.net\/#organization\"},\"image\":{\"@id\":\"https:\/\/volcanes.net\/?p=9727#primaryimage\"},\"thumbnailUrl\":\"https:\/\/volcanes.net\/wp-content\/uploads\/2021\/01\/FB_IMG_1610469710080.jpg\",\"keywords\":[\"Ixtapaluca\"],\"articleSection\":[\"Municipales\"],\"inLanguage\":\"es\",\"potentialAction\":[{\"@type\":\"CommentAction\",\"name\":\"Comment\",\"target\":[\"https:\/\/volcanes.net\/?p=9727#respond\"]}]},{\"@type\":\"WebPage\",\"@id\":\"https:\/\/volcanes.net\/?p=9727\",\"url\":\"https:\/\/volcanes.net\/?p=9727\",\"name\":\"Gobierno de Ixtapaluca busca opciones para tener una capacitaci\u00f3n permanente para la profesionalizaci\u00f3n de polic\u00edas - Volcanes\",\"isPartOf\":{\"@id\":\"https:\/\/volcanes.net\/#website\"},\"primaryImageOfPage\":{\"@id\":\"https:\/\/volcanes.net\/?p=9727#primaryimage\"},\"image\":{\"@id\":\"https:\/\/volcanes.net\/?p=9727#primaryimage\"},\"thumbnailUrl\":\"https:\/\/volcanes.net\/wp-content\/uploads\/2021\/01\/FB_IMG_1610469710080.jpg\",\"datePublished\":\"2021-01-13T00:22:48+00:00\",\"breadcrumb\":{\"@id\":\"https:\/\/volcanes.net\/?p=9727#breadcrumb\"},\"inLanguage\":\"es\",\"potentialAction\":[{\"@type\":\"ReadAction\",\"target\":[\"https:\/\/volcanes.net\/?p=9727\"]}]},{\"@type\":\"ImageObject\",\"inLanguage\":\"es\",\"@id\":\"https:\/\/volcanes.net\/?p=9727#primaryimage\",\"url\":\"https:\/\/volcanes.net\/wp-content\/uploads\/2021\/01\/FB_IMG_1610469710080.jpg\",\"contentUrl\":\"https:\/\/volcanes.net\/wp-content\/uploads\/2021\/01\/FB_IMG_1610469710080.jpg\",\"width\":640,\"height\":351},{\"@type\":\"BreadcrumbList\",\"@id\":\"https:\/\/volcanes.net\/?p=9727#breadcrumb\",\"itemListElement\":[{\"@type\":\"ListItem\",\"position\":1,\"name\":\"Portada\",\"item\":\"https:\/\/volcanes.net\/\"},{\"@type\":\"ListItem\",\"position\":2,\"name\":\"Gobierno de Ixtapaluca busca opciones para tener una capacitaci\u00f3n permanente para la profesionalizaci\u00f3n de polic\u00edas\"}]},{\"@type\":\"WebSite\",\"@id\":\"https:\/\/volcanes.net\/#website\",\"url\":\"https:\/\/volcanes.net\/\",\"name\":\"Volcanes.Net\",\"description\":\"Periodismo Profesional\",\"publisher\":{\"@id\":\"https:\/\/volcanes.net\/#organization\"},\"potentialAction\":[{\"@type\":\"SearchAction\",\"target\":{\"@type\":\"EntryPoint\",\"urlTemplate\":\"https:\/\/volcanes.net\/?s={search_term_string}\"},\"query-input\":{\"@type\":\"PropertyValueSpecification\",\"valueRequired\":true,\"valueName\":\"search_term_string\"}}],\"inLanguage\":\"es\"},{\"@type\":\"Organization\",\"@id\":\"https:\/\/volcanes.net\/#organization\",\"name\":\"Grupo Volcanes\",\"url\":\"https:\/\/volcanes.net\/\",\"logo\":{\"@type\":\"ImageObject\",\"inLanguage\":\"es\",\"@id\":\"https:\/\/volcanes.net\/#\/schema\/logo\/image\/\",\"url\":\"http:\/\/volcanes.net\/wp-content\/uploads\/2017\/12\/Avatar2.jpg\",\"contentUrl\":\"http:\/\/volcanes.net\/wp-content\/uploads\/2017\/12\/Avatar2.jpg\",\"width\":378,\"height\":378,\"caption\":\"Grupo Volcanes\"},\"image\":{\"@id\":\"https:\/\/volcanes.net\/#\/schema\/logo\/image\/\"},\"sameAs\":[\"https:\/\/www.facebook.com\/volcanes.net\/\"]},{\"@type\":\"Person\",\"@id\":\"https:\/\/volcanes.net\/#\/schema\/person\/4bf0f383940966a4abd53f5048c0e6b9\",\"name\":\"admin\",\"image\":{\"@type\":\"ImageObject\",\"inLanguage\":\"es\",\"@id\":\"https:\/\/volcanes.net\/#\/schema\/person\/image\/\",\"url\":\"https:\/\/secure.gravatar.com\/avatar\/ca004e6cba8462b8cb7abc86e382930c?s=96&d=mm&r=g\",\"contentUrl\":\"https:\/\/secure.gravatar.com\/avatar\/ca004e6cba8462b8cb7abc86e382930c?s=96&d=mm&r=g\",\"caption\":\"admin\"}}]}<\/script>\n<!-- \/ Yoast SEO plugin. -->","yoast_head_json":{"title":"Gobierno de Ixtapaluca busca opciones para tener una capacitaci\u00f3n permanente para la profesionalizaci\u00f3n de polic\u00edas - Volcanes","robots":{"index":"index","follow":"follow","max-snippet":"max-snippet:-1","max-image-preview":"max-image-preview:large","max-video-preview":"max-video-preview:-1"},"canonical":"https:\/\/volcanes.net\/?p=9727","og_locale":"es_MX","og_type":"article","og_title":"Gobierno de Ixtapaluca busca opciones para tener una capacitaci\u00f3n permanente para la profesionalizaci\u00f3n de polic\u00edas - Volcanes","og_description":"Ixtapaluca, Estado de M\u00e9xico.- &#8220;El recorte al presupuesto por parte de la federaci\u00f3n en el","og_url":"https:\/\/volcanes.net\/?p=9727","og_site_name":"Volcanes","article_publisher":"https:\/\/www.facebook.com\/volcanes.net\/","article_published_time":"2021-01-13T00:22:48+00:00","og_image":[{"width":640,"height":351,"url":"https:\/\/volcanes.net\/wp-content\/uploads\/2021\/01\/FB_IMG_1610469710080.jpg","type":"image\/jpeg"}],"author":"admin","twitter_card":"summary_large_image","twitter_misc":{"Escrito por":"admin","Tiempo de lectura":"1 minuto"},"schema":{"@context":"https:\/\/schema.org","@graph":[{"@type":"Article","@id":"https:\/\/volcanes.net\/?p=9727#article","isPartOf":{"@id":"https:\/\/volcanes.net\/?p=9727"},"author":{"name":"admin","@id":"https:\/\/volcanes.net\/#\/schema\/person\/4bf0f383940966a4abd53f5048c0e6b9"},"headline":"Gobierno de Ixtapaluca busca opciones para tener una capacitaci\u00f3n permanente para la profesionalizaci\u00f3n de polic\u00edas","datePublished":"2021-01-13T00:22:48+00:00","mainEntityOfPage":{"@id":"https:\/\/volcanes.net\/?p=9727"},"wordCount":297,"commentCount":0,"publisher":{"@id":"https:\/\/volcanes.net\/#organization"},"image":{"@id":"https:\/\/volcanes.net\/?p=9727#primaryimage"},"thumbnailUrl":"https:\/\/volcanes.net\/wp-content\/uploads\/2021\/01\/FB_IMG_1610469710080.jpg","keywords":["Ixtapaluca"],"articleSection":["Municipales"],"inLanguage":"es","potentialAction":[{"@type":"CommentAction","name":"Comment","target":["https:\/\/volcanes.net\/?p=9727#respond"]}]},{"@type":"WebPage","@id":"https:\/\/volcanes.net\/?p=9727","url":"https:\/\/volcanes.net\/?p=9727","name":"Gobierno de Ixtapaluca busca opciones para tener una capacitaci\u00f3n permanente para la profesionalizaci\u00f3n de polic\u00edas - Volcanes","isPartOf":{"@id":"https:\/\/volcanes.net\/#website"},"primaryImageOfPage":{"@id":"https:\/\/volcanes.net\/?p=9727#primaryimage"},"image":{"@id":"https:\/\/volcanes.net\/?p=9727#primaryimage"},"thumbnailUrl":"https:\/\/volcanes.net\/wp-content\/uploads\/2021\/01\/FB_IMG_1610469710080.jpg","datePublished":"2021-01-13T00:22:48+00:00","breadcrumb":{"@id":"https:\/\/volcanes.net\/?p=9727#breadcrumb"},"inLanguage":"es","potentialAction":[{"@type":"ReadAction","target":["https:\/\/volcanes.net\/?p=9727"]}]},{"@type":"ImageObject","inLanguage":"es","@id":"https:\/\/volcanes.net\/?p=9727#primaryimage","url":"https:\/\/volcanes.net\/wp-content\/uploads\/2021\/01\/FB_IMG_1610469710080.jpg","contentUrl":"https:\/\/volcanes.net\/wp-content\/uploads\/2021\/01\/FB_IMG_1610469710080.jpg","width":640,"height":351},{"@type":"BreadcrumbList","@id":"https:\/\/volcanes.net\/?p=9727#breadcrumb","itemListElement":[{"@type":"ListItem","position":1,"name":"Portada","item":"https:\/\/volcanes.net\/"},{"@type":"ListItem","position":2,"name":"Gobierno de Ixtapaluca busca opciones para tener una capacitaci\u00f3n permanente para la profesionalizaci\u00f3n de polic\u00edas"}]},{"@type":"WebSite","@id":"https:\/\/volcanes.net\/#website","url":"https:\/\/volcanes.net\/","name":"Volcanes.Net","description":"Periodismo Profesional","publisher":{"@id":"https:\/\/volcanes.net\/#organization"},"potentialAction":[{"@type":"SearchAction","target":{"@type":"EntryPoint","urlTemplate":"https:\/\/volcanes.net\/?s={search_term_string}"},"query-input":{"@type":"PropertyValueSpecification","valueRequired":true,"valueName":"search_term_string"}}],"inLanguage":"es"},{"@type":"Organization","@id":"https:\/\/volcanes.net\/#organization","name":"Grupo Volcanes","url":"https:\/\/volcanes.net\/","logo":{"@type":"ImageObject","inLanguage":"es","@id":"https:\/\/volcanes.net\/#\/schema\/logo\/image\/","url":"http:\/\/volcanes.net\/wp-content\/uploads\/2017\/12\/Avatar2.jpg","contentUrl":"http:\/\/volcanes.net\/wp-content\/uploads\/2017\/12\/Avatar2.jpg","width":378,"height":378,"caption":"Grupo Volcanes"},"image":{"@id":"https:\/\/volcanes.net\/#\/schema\/logo\/image\/"},"sameAs":["https:\/\/www.facebook.com\/volcanes.net\/"]},{"@type":"Person","@id":"https:\/\/volcanes.net\/#\/schema\/person\/4bf0f383940966a4abd53f5048c0e6b9","name":"admin","image":{"@type":"ImageObject","inLanguage":"es","@id":"https:\/\/volcanes.net\/#\/schema\/person\/image\/","url":"https:\/\/secure.gravatar.com\/avatar\/ca004e6cba8462b8cb7abc86e382930c?s=96&d=mm&r=g","contentUrl":"https:\/\/secure.gravatar.com\/avatar\/ca004e6cba8462b8cb7abc86e382930c?s=96&d=mm&r=g","caption":"admin"}}]}},"_links":{"self":[{"href":"https:\/\/volcanes.net\/index.php?rest_route=\/wp\/v2\/posts\/9727"}],"collection":[{"href":"https:\/\/volcanes.net\/index.php?rest_route=\/wp\/v2\/posts"}],"about":[{"href":"https:\/\/volcanes.net\/index.php?rest_route=\/wp\/v2\/types\/post"}],"author":[{"embeddable":true,"href":"https:\/\/volcanes.net\/index.php?rest_route=\/wp\/v2\/users\/1"}],"replies":[{"embeddable":true,"href":"https:\/\/volcanes.net\/index.php?rest_route=%2Fwp%2Fv2%2Fcomments&post=9727"}],"version-history":[{"count":1,"href":"https:\/\/volcanes.net\/index.php?rest_route=\/wp\/v2\/posts\/9727\/revisions"}],"predecessor-version":[{"id":9729,"href":"https:\/\/volcanes.net\/index.php?rest_route=\/wp\/v2\/posts\/9727\/revisions\/9729"}],"wp:featuredmedia":[{"embeddable":true,"href":"https:\/\/volcanes.net\/index.php?rest_route=\/wp\/v2\/media\/9728"}],"wp:attachment":[{"href":"https:\/\/volcanes.net\/index.php?rest_route=%2Fwp%2Fv2%2Fmedia&parent=9727"}],"wp:term":[{"taxonomy":"category","embeddable":true,"href":"https:\/\/volcanes.net\/index.php?rest_route=%2Fwp%2Fv2%2Fcategories&post=9727"},{"taxonomy":"post_tag","embeddable":true,"href":"https:\/\/volcanes.net\/index.php?rest_route=%2Fwp%2Fv2%2Ftags&post=9727"}],"curies":[{"name":"wp","href":"https:\/\/api.w.org\/{rel}","templated":true}]}}