{"id":9730,"date":"2021-01-12T18:28:57","date_gmt":"2021-01-13T00:28:57","guid":{"rendered":"http:\/\/volcanes.net\/?p=9730"},"modified":"2021-01-12T18:28:57","modified_gmt":"2021-01-13T00:28:57","slug":"sujeto-es-vinculado-a-proceso-por-el-delito-de-extorsion-laboral-en-agravio-de-un-menor-de-14-anos-de-edad","status":"publish","type":"post","link":"https:\/\/volcanes.net\/?p=9730","title":{"rendered":"Sujeto es vinculado a proceso por el delito de extorsi\u00f3n laboral en agravio de un menor de 14 a\u00f1os de edad"},"content":{"rendered":"<div style=\"margin-top: 0px; margin-bottom: 0px;\" class=\"sharethis-inline-share-buttons\" ><\/div><p style=\"text-align: justify;\">Chalco, Estado de M\u00e9xico.-\u00a0El Agente del Ministerio P\u00fablico de la Fiscal\u00eda Especializada de Trata de Personas, de esta Fiscal\u00eda General de Justicia Estatal (FGJEM) consigui\u00f3 la vinculaci\u00f3n a proceso de Jos\u00e9 Alberto \u201cN\u201d, tras acreditar su probable participaci\u00f3n en el delito de trata de personas, en la modalidad de explotaci\u00f3n laboral, con la modificativa agravante de recaer en un menor de edad.<\/p>\n<p style=\"text-align: justify;\">La Autoridad Judicial le fij\u00f3 una medida cautelar de prisi\u00f3n preventiva y un plazo de dos meses para el cierre de investigaci\u00f3n, sin embargo, se le debe considerar inocente hasta que sea dictada una sentencia condenatoria en su contra.<\/p>\n<p style=\"text-align: justify;\">Los hechos ocurrieron en agosto de 2015, cuando la v\u00edctima de entonces 14 a\u00f1os sali\u00f3 de su domicilio en la Ciudad de M\u00e9xico y unas personas, entre ellas el imputado, le ofrecieron vender cuponeras de un cine y productos diversos, por lo que lo trasladaron al municipio de Chalco y luego a Toluca.<\/p>\n<p style=\"text-align: justify;\">Cabe mencionar que derivado de esta actividad no recibi\u00f3 pago alguno, adem\u00e1s tampoco le daban de comer, por lo que se escap\u00f3 para pedir apoyo.<\/p>\n<p style=\"text-align: justify;\">Por estos hechos se inici\u00f3 una investigaci\u00f3n y se solicitaron \u00f3rdenes de cateo para tres inmuebles donde al parecer ten\u00edan a personas que eran explotadas laboralmente, as\u00ed como una orden de aprehensi\u00f3n en contra de este sujeto, la cual, despu\u00e9s de un proceso legal, se cumpliment\u00f3 por elementos de Polic\u00eda de Investigaci\u00f3n de esta Fiscal\u00eda y luego se obtuvo la vinculaci\u00f3n a proceso.<\/p>\n","protected":false},"excerpt":{"rendered":"<p>Chalco, Estado de M\u00e9xico.-\u00a0El Agente del Ministerio P\u00fablico de la Fiscal\u00eda Especializada de Trata de<\/p>\n","protected":false},"author":1,"featured_media":9731,"comment_status":"open","ping_status":"open","sticky":false,"template":"","format":"standard","meta":{"footnotes":""},"categories":[1],"tags":[9],"class_list":["post-9730","post","type-post","status-publish","format-standard","has-post-thumbnail","hentry","category-municipales","tag-chalco"],"yoast_head":"<!-- This site is optimized with the Yoast SEO plugin v25.3 - https:\/\/yoast.com\/wordpress\/plugins\/seo\/ -->\n<title>Sujeto es vinculado a proceso por el delito de extorsi\u00f3n laboral en agravio de un menor de 14 a\u00f1os de edad - Volcanes<\/title>\n<meta name=\"robots\" content=\"index, follow, max-snippet:-1, max-image-preview:large, max-video-preview:-1\" \/>\n<link rel=\"canonical\" href=\"https:\/\/volcanes.net\/?p=9730\" \/>\n<meta property=\"og:locale\" content=\"es_MX\" \/>\n<meta property=\"og:type\" content=\"article\" \/>\n<meta property=\"og:title\" content=\"Sujeto es vinculado a proceso por el delito de extorsi\u00f3n laboral en agravio de un menor de 14 a\u00f1os de edad - Volcanes\" \/>\n<meta property=\"og:description\" content=\"Chalco, Estado de M\u00e9xico.-\u00a0El Agente del Ministerio P\u00fablico de la Fiscal\u00eda Especializada de Trata de\" \/>\n<meta property=\"og:url\" content=\"https:\/\/volcanes.net\/?p=9730\" \/>\n<meta property=\"og:site_name\" content=\"Volcanes\" \/>\n<meta property=\"article:publisher\" content=\"https:\/\/www.facebook.com\/volcanes.net\/\" \/>\n<meta property=\"article:published_time\" content=\"2021-01-13T00:28:57+00:00\" \/>\n<meta property=\"og:image\" content=\"https:\/\/volcanes.net\/wp-content\/uploads\/2021\/01\/FOTO-C48.jpg\" \/>\n\t<meta property=\"og:image:width\" content=\"500\" \/>\n\t<meta property=\"og:image:height\" content=\"685\" \/>\n\t<meta property=\"og:image:type\" content=\"image\/jpeg\" \/>\n<meta name=\"author\" content=\"admin\" \/>\n<meta name=\"twitter:card\" content=\"summary_large_image\" \/>\n<meta name=\"twitter:label1\" content=\"Escrito por\" \/>\n\t<meta name=\"twitter:data1\" content=\"admin\" \/>\n\t<meta name=\"twitter:label2\" content=\"Tiempo de lectura\" \/>\n\t<meta name=\"twitter:data2\" content=\"1 minuto\" \/>\n<script type=\"application\/ld+json\" class=\"yoast-schema-graph\">{\"@context\":\"https:\/\/schema.org\",\"@graph\":[{\"@type\":\"Article\",\"@id\":\"https:\/\/volcanes.net\/?p=9730#article\",\"isPartOf\":{\"@id\":\"https:\/\/volcanes.net\/?p=9730\"},\"author\":{\"name\":\"admin\",\"@id\":\"https:\/\/volcanes.net\/#\/schema\/person\/4bf0f383940966a4abd53f5048c0e6b9\"},\"headline\":\"Sujeto es vinculado a proceso por el delito de extorsi\u00f3n laboral en agravio de un menor de 14 a\u00f1os de edad\",\"datePublished\":\"2021-01-13T00:28:57+00:00\",\"mainEntityOfPage\":{\"@id\":\"https:\/\/volcanes.net\/?p=9730\"},\"wordCount\":285,\"commentCount\":0,\"publisher\":{\"@id\":\"https:\/\/volcanes.net\/#organization\"},\"image\":{\"@id\":\"https:\/\/volcanes.net\/?p=9730#primaryimage\"},\"thumbnailUrl\":\"https:\/\/volcanes.net\/wp-content\/uploads\/2021\/01\/FOTO-C48.jpg\",\"keywords\":[\"Chalco\"],\"articleSection\":[\"Municipales\"],\"inLanguage\":\"es\",\"potentialAction\":[{\"@type\":\"CommentAction\",\"name\":\"Comment\",\"target\":[\"https:\/\/volcanes.net\/?p=9730#respond\"]}]},{\"@type\":\"WebPage\",\"@id\":\"https:\/\/volcanes.net\/?p=9730\",\"url\":\"https:\/\/volcanes.net\/?p=9730\",\"name\":\"Sujeto es vinculado a proceso por el delito de extorsi\u00f3n laboral en agravio de un menor de 14 a\u00f1os de edad - Volcanes\",\"isPartOf\":{\"@id\":\"https:\/\/volcanes.net\/#website\"},\"primaryImageOfPage\":{\"@id\":\"https:\/\/volcanes.net\/?p=9730#primaryimage\"},\"image\":{\"@id\":\"https:\/\/volcanes.net\/?p=9730#primaryimage\"},\"thumbnailUrl\":\"https:\/\/volcanes.net\/wp-content\/uploads\/2021\/01\/FOTO-C48.jpg\",\"datePublished\":\"2021-01-13T00:28:57+00:00\",\"breadcrumb\":{\"@id\":\"https:\/\/volcanes.net\/?p=9730#breadcrumb\"},\"inLanguage\":\"es\",\"potentialAction\":[{\"@type\":\"ReadAction\",\"target\":[\"https:\/\/volcanes.net\/?p=9730\"]}]},{\"@type\":\"ImageObject\",\"inLanguage\":\"es\",\"@id\":\"https:\/\/volcanes.net\/?p=9730#primaryimage\",\"url\":\"https:\/\/volcanes.net\/wp-content\/uploads\/2021\/01\/FOTO-C48.jpg\",\"contentUrl\":\"https:\/\/volcanes.net\/wp-content\/uploads\/2021\/01\/FOTO-C48.jpg\",\"width\":500,\"height\":685},{\"@type\":\"BreadcrumbList\",\"@id\":\"https:\/\/volcanes.net\/?p=9730#breadcrumb\",\"itemListElement\":[{\"@type\":\"ListItem\",\"position\":1,\"name\":\"Portada\",\"item\":\"https:\/\/volcanes.net\/\"},{\"@type\":\"ListItem\",\"position\":2,\"name\":\"Sujeto es vinculado a proceso por el delito de extorsi\u00f3n laboral en agravio de un menor de 14 a\u00f1os de edad\"}]},{\"@type\":\"WebSite\",\"@id\":\"https:\/\/volcanes.net\/#website\",\"url\":\"https:\/\/volcanes.net\/\",\"name\":\"Volcanes.Net\",\"description\":\"Periodismo Profesional\",\"publisher\":{\"@id\":\"https:\/\/volcanes.net\/#organization\"},\"potentialAction\":[{\"@type\":\"SearchAction\",\"target\":{\"@type\":\"EntryPoint\",\"urlTemplate\":\"https:\/\/volcanes.net\/?s={search_term_string}\"},\"query-input\":{\"@type\":\"PropertyValueSpecification\",\"valueRequired\":true,\"valueName\":\"search_term_string\"}}],\"inLanguage\":\"es\"},{\"@type\":\"Organization\",\"@id\":\"https:\/\/volcanes.net\/#organization\",\"name\":\"Grupo Volcanes\",\"url\":\"https:\/\/volcanes.net\/\",\"logo\":{\"@type\":\"ImageObject\",\"inLanguage\":\"es\",\"@id\":\"https:\/\/volcanes.net\/#\/schema\/logo\/image\/\",\"url\":\"http:\/\/volcanes.net\/wp-content\/uploads\/2017\/12\/Avatar2.jpg\",\"contentUrl\":\"http:\/\/volcanes.net\/wp-content\/uploads\/2017\/12\/Avatar2.jpg\",\"width\":378,\"height\":378,\"caption\":\"Grupo Volcanes\"},\"image\":{\"@id\":\"https:\/\/volcanes.net\/#\/schema\/logo\/image\/\"},\"sameAs\":[\"https:\/\/www.facebook.com\/volcanes.net\/\"]},{\"@type\":\"Person\",\"@id\":\"https:\/\/volcanes.net\/#\/schema\/person\/4bf0f383940966a4abd53f5048c0e6b9\",\"name\":\"admin\",\"image\":{\"@type\":\"ImageObject\",\"inLanguage\":\"es\",\"@id\":\"https:\/\/volcanes.net\/#\/schema\/person\/image\/\",\"url\":\"https:\/\/secure.gravatar.com\/avatar\/ca004e6cba8462b8cb7abc86e382930c?s=96&d=mm&r=g\",\"contentUrl\":\"https:\/\/secure.gravatar.com\/avatar\/ca004e6cba8462b8cb7abc86e382930c?s=96&d=mm&r=g\",\"caption\":\"admin\"}}]}<\/script>\n<!-- \/ Yoast SEO plugin. -->","yoast_head_json":{"title":"Sujeto es vinculado a proceso por el delito de extorsi\u00f3n laboral en agravio de un menor de 14 a\u00f1os de edad - Volcanes","robots":{"index":"index","follow":"follow","max-snippet":"max-snippet:-1","max-image-preview":"max-image-preview:large","max-video-preview":"max-video-preview:-1"},"canonical":"https:\/\/volcanes.net\/?p=9730","og_locale":"es_MX","og_type":"article","og_title":"Sujeto es vinculado a proceso por el delito de extorsi\u00f3n laboral en agravio de un menor de 14 a\u00f1os de edad - Volcanes","og_description":"Chalco, Estado de M\u00e9xico.-\u00a0El Agente del Ministerio P\u00fablico de la Fiscal\u00eda Especializada de Trata de","og_url":"https:\/\/volcanes.net\/?p=9730","og_site_name":"Volcanes","article_publisher":"https:\/\/www.facebook.com\/volcanes.net\/","article_published_time":"2021-01-13T00:28:57+00:00","og_image":[{"width":500,"height":685,"url":"https:\/\/volcanes.net\/wp-content\/uploads\/2021\/01\/FOTO-C48.jpg","type":"image\/jpeg"}],"author":"admin","twitter_card":"summary_large_image","twitter_misc":{"Escrito por":"admin","Tiempo de lectura":"1 minuto"},"schema":{"@context":"https:\/\/schema.org","@graph":[{"@type":"Article","@id":"https:\/\/volcanes.net\/?p=9730#article","isPartOf":{"@id":"https:\/\/volcanes.net\/?p=9730"},"author":{"name":"admin","@id":"https:\/\/volcanes.net\/#\/schema\/person\/4bf0f383940966a4abd53f5048c0e6b9"},"headline":"Sujeto es vinculado a proceso por el delito de extorsi\u00f3n laboral en agravio de un menor de 14 a\u00f1os de edad","datePublished":"2021-01-13T00:28:57+00:00","mainEntityOfPage":{"@id":"https:\/\/volcanes.net\/?p=9730"},"wordCount":285,"commentCount":0,"publisher":{"@id":"https:\/\/volcanes.net\/#organization"},"image":{"@id":"https:\/\/volcanes.net\/?p=9730#primaryimage"},"thumbnailUrl":"https:\/\/volcanes.net\/wp-content\/uploads\/2021\/01\/FOTO-C48.jpg","keywords":["Chalco"],"articleSection":["Municipales"],"inLanguage":"es","potentialAction":[{"@type":"CommentAction","name":"Comment","target":["https:\/\/volcanes.net\/?p=9730#respond"]}]},{"@type":"WebPage","@id":"https:\/\/volcanes.net\/?p=9730","url":"https:\/\/volcanes.net\/?p=9730","name":"Sujeto es vinculado a proceso por el delito de extorsi\u00f3n laboral en agravio de un menor de 14 a\u00f1os de edad - Volcanes","isPartOf":{"@id":"https:\/\/volcanes.net\/#website"},"primaryImageOfPage":{"@id":"https:\/\/volcanes.net\/?p=9730#primaryimage"},"image":{"@id":"https:\/\/volcanes.net\/?p=9730#primaryimage"},"thumbnailUrl":"https:\/\/volcanes.net\/wp-content\/uploads\/2021\/01\/FOTO-C48.jpg","datePublished":"2021-01-13T00:28:57+00:00","breadcrumb":{"@id":"https:\/\/volcanes.net\/?p=9730#breadcrumb"},"inLanguage":"es","potentialAction":[{"@type":"ReadAction","target":["https:\/\/volcanes.net\/?p=9730"]}]},{"@type":"ImageObject","inLanguage":"es","@id":"https:\/\/volcanes.net\/?p=9730#primaryimage","url":"https:\/\/volcanes.net\/wp-content\/uploads\/2021\/01\/FOTO-C48.jpg","contentUrl":"https:\/\/volcanes.net\/wp-content\/uploads\/2021\/01\/FOTO-C48.jpg","width":500,"height":685},{"@type":"BreadcrumbList","@id":"https:\/\/volcanes.net\/?p=9730#breadcrumb","itemListElement":[{"@type":"ListItem","position":1,"name":"Portada","item":"https:\/\/volcanes.net\/"},{"@type":"ListItem","position":2,"name":"Sujeto es vinculado a proceso por el delito de extorsi\u00f3n laboral en agravio de un menor de 14 a\u00f1os de edad"}]},{"@type":"WebSite","@id":"https:\/\/volcanes.net\/#website","url":"https:\/\/volcanes.net\/","name":"Volcanes.Net","description":"Periodismo Profesional","publisher":{"@id":"https:\/\/volcanes.net\/#organization"},"potentialAction":[{"@type":"SearchAction","target":{"@type":"EntryPoint","urlTemplate":"https:\/\/volcanes.net\/?s={search_term_string}"},"query-input":{"@type":"PropertyValueSpecification","valueRequired":true,"valueName":"search_term_string"}}],"inLanguage":"es"},{"@type":"Organization","@id":"https:\/\/volcanes.net\/#organization","name":"Grupo Volcanes","url":"https:\/\/volcanes.net\/","logo":{"@type":"ImageObject","inLanguage":"es","@id":"https:\/\/volcanes.net\/#\/schema\/logo\/image\/","url":"http:\/\/volcanes.net\/wp-content\/uploads\/2017\/12\/Avatar2.jpg","contentUrl":"http:\/\/volcanes.net\/wp-content\/uploads\/2017\/12\/Avatar2.jpg","width":378,"height":378,"caption":"Grupo Volcanes"},"image":{"@id":"https:\/\/volcanes.net\/#\/schema\/logo\/image\/"},"sameAs":["https:\/\/www.facebook.com\/volcanes.net\/"]},{"@type":"Person","@id":"https:\/\/volcanes.net\/#\/schema\/person\/4bf0f383940966a4abd53f5048c0e6b9","name":"admin","image":{"@type":"ImageObject","inLanguage":"es","@id":"https:\/\/volcanes.net\/#\/schema\/person\/image\/","url":"https:\/\/secure.gravatar.com\/avatar\/ca004e6cba8462b8cb7abc86e382930c?s=96&d=mm&r=g","contentUrl":"https:\/\/secure.gravatar.com\/avatar\/ca004e6cba8462b8cb7abc86e382930c?s=96&d=mm&r=g","caption":"admin"}}]}},"_links":{"self":[{"href":"https:\/\/volcanes.net\/index.php?rest_route=\/wp\/v2\/posts\/9730"}],"collection":[{"href":"https:\/\/volcanes.net\/index.php?rest_route=\/wp\/v2\/posts"}],"about":[{"href":"https:\/\/volcanes.net\/index.php?rest_route=\/wp\/v2\/types\/post"}],"author":[{"embeddable":true,"href":"https:\/\/volcanes.net\/index.php?rest_route=\/wp\/v2\/users\/1"}],"replies":[{"embeddable":true,"href":"https:\/\/volcanes.net\/index.php?rest_route=%2Fwp%2Fv2%2Fcomments&post=9730"}],"version-history":[{"count":1,"href":"https:\/\/volcanes.net\/index.php?rest_route=\/wp\/v2\/posts\/9730\/revisions"}],"predecessor-version":[{"id":9732,"href":"https:\/\/volcanes.net\/index.php?rest_route=\/wp\/v2\/posts\/9730\/revisions\/9732"}],"wp:featuredmedia":[{"embeddable":true,"href":"https:\/\/volcanes.net\/index.php?rest_route=\/wp\/v2\/media\/9731"}],"wp:attachment":[{"href":"https:\/\/volcanes.net\/index.php?rest_route=%2Fwp%2Fv2%2Fmedia&parent=9730"}],"wp:term":[{"taxonomy":"category","embeddable":true,"href":"https:\/\/volcanes.net\/index.php?rest_route=%2Fwp%2Fv2%2Fcategories&post=9730"},{"taxonomy":"post_tag","embeddable":true,"href":"https:\/\/volcanes.net\/index.php?rest_route=%2Fwp%2Fv2%2Ftags&post=9730"}],"curies":[{"name":"wp","href":"https:\/\/api.w.org\/{rel}","templated":true}]}}