{"id":9734,"date":"2021-01-12T20:05:26","date_gmt":"2021-01-13T02:05:26","guid":{"rendered":"http:\/\/volcanes.net\/?p=9734"},"modified":"2021-01-12T20:05:26","modified_gmt":"2021-01-13T02:05:26","slug":"que-sigue-en-el-pri-de-chalco","status":"publish","type":"post","link":"https:\/\/volcanes.net\/?p=9734","title":{"rendered":"\u00bfQu\u00e9 sigue en el PRI de Chalco?"},"content":{"rendered":"<div style=\"margin-top: 0px; margin-bottom: 0px;\" class=\"sharethis-inline-share-buttons\" ><\/div><p>Chalco, Estado de M\u00e9xico.- Despu\u00e9s de la designaci\u00f3n de Dalila Rodriguez de Antorcha Campesina como competidora por la Diputaci\u00f3n Federal en el Distrito XXXIII (Chalco, Cocotitl\u00e1n y Temamatla), y la casi amarrada candidatura natural de la actual Diputada Local, Lorena Marin por la Presidencia Municipal, sin dejar de lado a un Leopoldo Mejia que sigue las estrategias del experimentado Francisco Osorno Soberon, para competir por el espacio. Lo anterior bajo una poca o nula reacci\u00f3n de la clase pol\u00edtica pri\u00edsta, lo que puede mandar un doble mensaje: Institucionalidad o Apat\u00eda.<\/p>\n<p>Lo que seguir\u00eda es el esca\u00f1o por la Diputaci\u00f3n Local; que ser\u00eda de la siguiente manera:<br \/>\nJos\u00e9 Luis Aboytes Chavarr\u00eda, quien ser\u00eda el mejor perfilado, y que al d\u00eda de hoy, cuenta con la mayor capacidad de movilizaci\u00f3n que cualquier priista en la Regi\u00f3n, con trabajo en campo y la experiencia de haber sido Regidor, sin dudarlo la Ruta 36, pesa y pesa bien para el transportista.<\/p>\n<p>Ernesto Yecas, actual Presidente del Comit\u00e9 Municipal del PRI, con un trabajo reconocido al interior por mantener la unidad y la comunicaci\u00f3n con la mayor\u00eda de las expresiones pol\u00edticas, emanado de una asociaci\u00f3n civil la cual encabeza, y con la fuerte mancuerna de Roberto Gonz\u00e1lez Garc\u00eda, hombre cercano al equipo del Gobernador Alfredo del Mazo.<\/p>\n<p>Leon Octavio T\u00e9llez Ximenez, ex Regidor en la pasada administraci\u00f3n, jugando a su favor el tema de la edad que tanto pregona el revolucionario institucional, y que cuenta con todo el respaldo de su se\u00f1ora madre Yetzabel Ximenez Esparza, ex candidata a la presidencia municipal, mujer combativa de muchos amigos en la c\u00fapula pri\u00edsta que pudieran dar el visto bueno al joven heredero de la familia Ximenez.<\/p>\n<p>Para los tres pretendientes: la posible coalici\u00f3n con PRD y PAN, terminar\u00eda abruptamente con la aspiraci\u00f3n de los priistas.<\/p>\n","protected":false},"excerpt":{"rendered":"<p>Chalco, Estado de M\u00e9xico.- Despu\u00e9s de la designaci\u00f3n de Dalila Rodriguez de Antorcha Campesina como<\/p>\n","protected":false},"author":1,"featured_media":9735,"comment_status":"open","ping_status":"open","sticky":false,"template":"","format":"standard","meta":{"footnotes":""},"categories":[1],"tags":[9],"class_list":["post-9734","post","type-post","status-publish","format-standard","has-post-thumbnail","hentry","category-municipales","tag-chalco"],"yoast_head":"<!-- This site is optimized with the Yoast SEO plugin v25.3 - https:\/\/yoast.com\/wordpress\/plugins\/seo\/ -->\n<title>\u00bfQu\u00e9 sigue en el PRI de Chalco? - Volcanes<\/title>\n<meta name=\"robots\" content=\"index, follow, max-snippet:-1, max-image-preview:large, max-video-preview:-1\" \/>\n<link rel=\"canonical\" href=\"https:\/\/volcanes.net\/?p=9734\" \/>\n<meta property=\"og:locale\" content=\"es_MX\" \/>\n<meta property=\"og:type\" content=\"article\" \/>\n<meta property=\"og:title\" content=\"\u00bfQu\u00e9 sigue en el PRI de Chalco? - Volcanes\" \/>\n<meta property=\"og:description\" content=\"Chalco, Estado de M\u00e9xico.- Despu\u00e9s de la designaci\u00f3n de Dalila Rodriguez de Antorcha Campesina como\" \/>\n<meta property=\"og:url\" content=\"https:\/\/volcanes.net\/?p=9734\" \/>\n<meta property=\"og:site_name\" content=\"Volcanes\" \/>\n<meta property=\"article:publisher\" content=\"https:\/\/www.facebook.com\/volcanes.net\/\" \/>\n<meta property=\"article:published_time\" content=\"2021-01-13T02:05:26+00:00\" \/>\n<meta property=\"og:image\" content=\"https:\/\/volcanes.net\/wp-content\/uploads\/2021\/01\/diputado.jpg\" \/>\n\t<meta property=\"og:image:width\" content=\"821\" \/>\n\t<meta property=\"og:image:height\" content=\"1024\" \/>\n\t<meta property=\"og:image:type\" content=\"image\/jpeg\" \/>\n<meta name=\"author\" content=\"admin\" \/>\n<meta name=\"twitter:card\" content=\"summary_large_image\" \/>\n<meta name=\"twitter:label1\" content=\"Escrito por\" \/>\n\t<meta name=\"twitter:data1\" content=\"admin\" \/>\n\t<meta name=\"twitter:label2\" content=\"Tiempo de lectura\" \/>\n\t<meta name=\"twitter:data2\" content=\"2 minutos\" \/>\n<script type=\"application\/ld+json\" class=\"yoast-schema-graph\">{\"@context\":\"https:\/\/schema.org\",\"@graph\":[{\"@type\":\"Article\",\"@id\":\"https:\/\/volcanes.net\/?p=9734#article\",\"isPartOf\":{\"@id\":\"https:\/\/volcanes.net\/?p=9734\"},\"author\":{\"name\":\"admin\",\"@id\":\"https:\/\/volcanes.net\/#\/schema\/person\/4bf0f383940966a4abd53f5048c0e6b9\"},\"headline\":\"\u00bfQu\u00e9 sigue en el PRI de Chalco?\",\"datePublished\":\"2021-01-13T02:05:26+00:00\",\"mainEntityOfPage\":{\"@id\":\"https:\/\/volcanes.net\/?p=9734\"},\"wordCount\":337,\"commentCount\":0,\"publisher\":{\"@id\":\"https:\/\/volcanes.net\/#organization\"},\"image\":{\"@id\":\"https:\/\/volcanes.net\/?p=9734#primaryimage\"},\"thumbnailUrl\":\"https:\/\/volcanes.net\/wp-content\/uploads\/2021\/01\/diputado.jpg\",\"keywords\":[\"Chalco\"],\"articleSection\":[\"Municipales\"],\"inLanguage\":\"es\",\"potentialAction\":[{\"@type\":\"CommentAction\",\"name\":\"Comment\",\"target\":[\"https:\/\/volcanes.net\/?p=9734#respond\"]}]},{\"@type\":\"WebPage\",\"@id\":\"https:\/\/volcanes.net\/?p=9734\",\"url\":\"https:\/\/volcanes.net\/?p=9734\",\"name\":\"\u00bfQu\u00e9 sigue en el PRI de Chalco? - Volcanes\",\"isPartOf\":{\"@id\":\"https:\/\/volcanes.net\/#website\"},\"primaryImageOfPage\":{\"@id\":\"https:\/\/volcanes.net\/?p=9734#primaryimage\"},\"image\":{\"@id\":\"https:\/\/volcanes.net\/?p=9734#primaryimage\"},\"thumbnailUrl\":\"https:\/\/volcanes.net\/wp-content\/uploads\/2021\/01\/diputado.jpg\",\"datePublished\":\"2021-01-13T02:05:26+00:00\",\"breadcrumb\":{\"@id\":\"https:\/\/volcanes.net\/?p=9734#breadcrumb\"},\"inLanguage\":\"es\",\"potentialAction\":[{\"@type\":\"ReadAction\",\"target\":[\"https:\/\/volcanes.net\/?p=9734\"]}]},{\"@type\":\"ImageObject\",\"inLanguage\":\"es\",\"@id\":\"https:\/\/volcanes.net\/?p=9734#primaryimage\",\"url\":\"https:\/\/volcanes.net\/wp-content\/uploads\/2021\/01\/diputado.jpg\",\"contentUrl\":\"https:\/\/volcanes.net\/wp-content\/uploads\/2021\/01\/diputado.jpg\",\"width\":821,\"height\":1024},{\"@type\":\"BreadcrumbList\",\"@id\":\"https:\/\/volcanes.net\/?p=9734#breadcrumb\",\"itemListElement\":[{\"@type\":\"ListItem\",\"position\":1,\"name\":\"Portada\",\"item\":\"https:\/\/volcanes.net\/\"},{\"@type\":\"ListItem\",\"position\":2,\"name\":\"\u00bfQu\u00e9 sigue en el PRI de Chalco?\"}]},{\"@type\":\"WebSite\",\"@id\":\"https:\/\/volcanes.net\/#website\",\"url\":\"https:\/\/volcanes.net\/\",\"name\":\"Volcanes.Net\",\"description\":\"Periodismo Profesional\",\"publisher\":{\"@id\":\"https:\/\/volcanes.net\/#organization\"},\"potentialAction\":[{\"@type\":\"SearchAction\",\"target\":{\"@type\":\"EntryPoint\",\"urlTemplate\":\"https:\/\/volcanes.net\/?s={search_term_string}\"},\"query-input\":{\"@type\":\"PropertyValueSpecification\",\"valueRequired\":true,\"valueName\":\"search_term_string\"}}],\"inLanguage\":\"es\"},{\"@type\":\"Organization\",\"@id\":\"https:\/\/volcanes.net\/#organization\",\"name\":\"Grupo Volcanes\",\"url\":\"https:\/\/volcanes.net\/\",\"logo\":{\"@type\":\"ImageObject\",\"inLanguage\":\"es\",\"@id\":\"https:\/\/volcanes.net\/#\/schema\/logo\/image\/\",\"url\":\"http:\/\/volcanes.net\/wp-content\/uploads\/2017\/12\/Avatar2.jpg\",\"contentUrl\":\"http:\/\/volcanes.net\/wp-content\/uploads\/2017\/12\/Avatar2.jpg\",\"width\":378,\"height\":378,\"caption\":\"Grupo Volcanes\"},\"image\":{\"@id\":\"https:\/\/volcanes.net\/#\/schema\/logo\/image\/\"},\"sameAs\":[\"https:\/\/www.facebook.com\/volcanes.net\/\"]},{\"@type\":\"Person\",\"@id\":\"https:\/\/volcanes.net\/#\/schema\/person\/4bf0f383940966a4abd53f5048c0e6b9\",\"name\":\"admin\",\"image\":{\"@type\":\"ImageObject\",\"inLanguage\":\"es\",\"@id\":\"https:\/\/volcanes.net\/#\/schema\/person\/image\/\",\"url\":\"https:\/\/secure.gravatar.com\/avatar\/ca004e6cba8462b8cb7abc86e382930c?s=96&d=mm&r=g\",\"contentUrl\":\"https:\/\/secure.gravatar.com\/avatar\/ca004e6cba8462b8cb7abc86e382930c?s=96&d=mm&r=g\",\"caption\":\"admin\"}}]}<\/script>\n<!-- \/ Yoast SEO plugin. -->","yoast_head_json":{"title":"\u00bfQu\u00e9 sigue en el PRI de Chalco? - Volcanes","robots":{"index":"index","follow":"follow","max-snippet":"max-snippet:-1","max-image-preview":"max-image-preview:large","max-video-preview":"max-video-preview:-1"},"canonical":"https:\/\/volcanes.net\/?p=9734","og_locale":"es_MX","og_type":"article","og_title":"\u00bfQu\u00e9 sigue en el PRI de Chalco? - Volcanes","og_description":"Chalco, Estado de M\u00e9xico.- Despu\u00e9s de la designaci\u00f3n de Dalila Rodriguez de Antorcha Campesina como","og_url":"https:\/\/volcanes.net\/?p=9734","og_site_name":"Volcanes","article_publisher":"https:\/\/www.facebook.com\/volcanes.net\/","article_published_time":"2021-01-13T02:05:26+00:00","og_image":[{"width":821,"height":1024,"url":"https:\/\/volcanes.net\/wp-content\/uploads\/2021\/01\/diputado.jpg","type":"image\/jpeg"}],"author":"admin","twitter_card":"summary_large_image","twitter_misc":{"Escrito por":"admin","Tiempo de lectura":"2 minutos"},"schema":{"@context":"https:\/\/schema.org","@graph":[{"@type":"Article","@id":"https:\/\/volcanes.net\/?p=9734#article","isPartOf":{"@id":"https:\/\/volcanes.net\/?p=9734"},"author":{"name":"admin","@id":"https:\/\/volcanes.net\/#\/schema\/person\/4bf0f383940966a4abd53f5048c0e6b9"},"headline":"\u00bfQu\u00e9 sigue en el PRI de Chalco?","datePublished":"2021-01-13T02:05:26+00:00","mainEntityOfPage":{"@id":"https:\/\/volcanes.net\/?p=9734"},"wordCount":337,"commentCount":0,"publisher":{"@id":"https:\/\/volcanes.net\/#organization"},"image":{"@id":"https:\/\/volcanes.net\/?p=9734#primaryimage"},"thumbnailUrl":"https:\/\/volcanes.net\/wp-content\/uploads\/2021\/01\/diputado.jpg","keywords":["Chalco"],"articleSection":["Municipales"],"inLanguage":"es","potentialAction":[{"@type":"CommentAction","name":"Comment","target":["https:\/\/volcanes.net\/?p=9734#respond"]}]},{"@type":"WebPage","@id":"https:\/\/volcanes.net\/?p=9734","url":"https:\/\/volcanes.net\/?p=9734","name":"\u00bfQu\u00e9 sigue en el PRI de Chalco? - Volcanes","isPartOf":{"@id":"https:\/\/volcanes.net\/#website"},"primaryImageOfPage":{"@id":"https:\/\/volcanes.net\/?p=9734#primaryimage"},"image":{"@id":"https:\/\/volcanes.net\/?p=9734#primaryimage"},"thumbnailUrl":"https:\/\/volcanes.net\/wp-content\/uploads\/2021\/01\/diputado.jpg","datePublished":"2021-01-13T02:05:26+00:00","breadcrumb":{"@id":"https:\/\/volcanes.net\/?p=9734#breadcrumb"},"inLanguage":"es","potentialAction":[{"@type":"ReadAction","target":["https:\/\/volcanes.net\/?p=9734"]}]},{"@type":"ImageObject","inLanguage":"es","@id":"https:\/\/volcanes.net\/?p=9734#primaryimage","url":"https:\/\/volcanes.net\/wp-content\/uploads\/2021\/01\/diputado.jpg","contentUrl":"https:\/\/volcanes.net\/wp-content\/uploads\/2021\/01\/diputado.jpg","width":821,"height":1024},{"@type":"BreadcrumbList","@id":"https:\/\/volcanes.net\/?p=9734#breadcrumb","itemListElement":[{"@type":"ListItem","position":1,"name":"Portada","item":"https:\/\/volcanes.net\/"},{"@type":"ListItem","position":2,"name":"\u00bfQu\u00e9 sigue en el PRI de Chalco?"}]},{"@type":"WebSite","@id":"https:\/\/volcanes.net\/#website","url":"https:\/\/volcanes.net\/","name":"Volcanes.Net","description":"Periodismo Profesional","publisher":{"@id":"https:\/\/volcanes.net\/#organization"},"potentialAction":[{"@type":"SearchAction","target":{"@type":"EntryPoint","urlTemplate":"https:\/\/volcanes.net\/?s={search_term_string}"},"query-input":{"@type":"PropertyValueSpecification","valueRequired":true,"valueName":"search_term_string"}}],"inLanguage":"es"},{"@type":"Organization","@id":"https:\/\/volcanes.net\/#organization","name":"Grupo Volcanes","url":"https:\/\/volcanes.net\/","logo":{"@type":"ImageObject","inLanguage":"es","@id":"https:\/\/volcanes.net\/#\/schema\/logo\/image\/","url":"http:\/\/volcanes.net\/wp-content\/uploads\/2017\/12\/Avatar2.jpg","contentUrl":"http:\/\/volcanes.net\/wp-content\/uploads\/2017\/12\/Avatar2.jpg","width":378,"height":378,"caption":"Grupo Volcanes"},"image":{"@id":"https:\/\/volcanes.net\/#\/schema\/logo\/image\/"},"sameAs":["https:\/\/www.facebook.com\/volcanes.net\/"]},{"@type":"Person","@id":"https:\/\/volcanes.net\/#\/schema\/person\/4bf0f383940966a4abd53f5048c0e6b9","name":"admin","image":{"@type":"ImageObject","inLanguage":"es","@id":"https:\/\/volcanes.net\/#\/schema\/person\/image\/","url":"https:\/\/secure.gravatar.com\/avatar\/ca004e6cba8462b8cb7abc86e382930c?s=96&d=mm&r=g","contentUrl":"https:\/\/secure.gravatar.com\/avatar\/ca004e6cba8462b8cb7abc86e382930c?s=96&d=mm&r=g","caption":"admin"}}]}},"_links":{"self":[{"href":"https:\/\/volcanes.net\/index.php?rest_route=\/wp\/v2\/posts\/9734"}],"collection":[{"href":"https:\/\/volcanes.net\/index.php?rest_route=\/wp\/v2\/posts"}],"about":[{"href":"https:\/\/volcanes.net\/index.php?rest_route=\/wp\/v2\/types\/post"}],"author":[{"embeddable":true,"href":"https:\/\/volcanes.net\/index.php?rest_route=\/wp\/v2\/users\/1"}],"replies":[{"embeddable":true,"href":"https:\/\/volcanes.net\/index.php?rest_route=%2Fwp%2Fv2%2Fcomments&post=9734"}],"version-history":[{"count":1,"href":"https:\/\/volcanes.net\/index.php?rest_route=\/wp\/v2\/posts\/9734\/revisions"}],"predecessor-version":[{"id":9736,"href":"https:\/\/volcanes.net\/index.php?rest_route=\/wp\/v2\/posts\/9734\/revisions\/9736"}],"wp:featuredmedia":[{"embeddable":true,"href":"https:\/\/volcanes.net\/index.php?rest_route=\/wp\/v2\/media\/9735"}],"wp:attachment":[{"href":"https:\/\/volcanes.net\/index.php?rest_route=%2Fwp%2Fv2%2Fmedia&parent=9734"}],"wp:term":[{"taxonomy":"category","embeddable":true,"href":"https:\/\/volcanes.net\/index.php?rest_route=%2Fwp%2Fv2%2Fcategories&post=9734"},{"taxonomy":"post_tag","embeddable":true,"href":"https:\/\/volcanes.net\/index.php?rest_route=%2Fwp%2Fv2%2Ftags&post=9734"}],"curies":[{"name":"wp","href":"https:\/\/api.w.org\/{rel}","templated":true}]}}