{"id":9749,"date":"2021-01-14T18:47:07","date_gmt":"2021-01-15T00:47:07","guid":{"rendered":"http:\/\/volcanes.net\/?p=9749"},"modified":"2021-01-14T18:47:07","modified_gmt":"2021-01-15T00:47:07","slug":"llegan-vacunas-contra-covid-19-para-el-personal-medico-del-hraei","status":"publish","type":"post","link":"https:\/\/volcanes.net\/?p=9749","title":{"rendered":"Llegan vacunas contra COVID-19 para el personal m\u00e9dico del HRAEI"},"content":{"rendered":"<div style=\"margin-top: 0px; margin-bottom: 0px;\" class=\"sharethis-inline-share-buttons\" ><\/div><p style=\"text-align: justify;\">Ixtapaluca, Estado de M\u00e9xico.- La ma\u00f1ana del pasado mi\u00e9rcoles 13 de enero inici\u00f3 la vacunaci\u00f3n a personal de salud del Hospital Regional Alta Especialidad Ixtapaluca (HRAEI), que se encuentra en la primera l\u00ednea de atenci\u00f3n a pacientes contagiados de Covid-19.<\/p>\n<p style=\"text-align: justify;\">De acuerdo a la Secretar\u00eda de Salud del Estado de M\u00e9xico para esta segunda etapa se vacunar\u00e1 a 39 mil trabajadores de las diversas instituciones de salud, cabe mencionar que las dosis ser\u00e1n distribuidas en 58 hospitales de la entidad.<\/p>\n<p style=\"text-align: justify;\">A trav\u00e9s de un comunicado emitido el d\u00eda de ayer, la Secretar\u00eda de Salud mexiquense se\u00f1al\u00f3 que se entregaron 39 mil dosis distribuidas entre el Instituto de Salud del Estado de M\u00e9xico (ISEM), el Instituto de Seguridad Social del Estado de M\u00e9xico y municipios (ISSEMYM); as\u00ed como, el Instituto Mexicano del Seguro Social (IMSS), el Instituto Materno Infantil del Estado de M\u00e9xico (IMIEM) y el Hospital Regional de Alta Especialidad de Ixtapaluca (HRAEI).<\/p>\n<p style=\"text-align: justify;\">De acuerdo al plan nacional de vacunaci\u00f3n contra el\u00a0 virus Covid-19, desde finales de diciembre de 2020 inici\u00f3 la aplicaci\u00f3n de la vacuna a personal de salud que est\u00e1 en la primera l\u00ednea de atenci\u00f3n de la Covid-19; posteriormente, se inmunizar\u00e1 al resto del personal de salud; adem\u00e1s del inicio de la vacunaci\u00f3n a personas de 60 a\u00f1os en adelante.<\/p>\n<p style=\"text-align: justify;\">El pasado 23 de diciembre, Arturo Herrera, secretario de Hacienda y Cr\u00e9dito P\u00fablico, inform\u00f3 que con los contratos firmados por M\u00e9xico se comprar\u00e1n hasta 200 millones de dosis, que permitir\u00e1n inmunizar a 116 millones de mexicanos.<\/p>\n<p style=\"text-align: justify;\">\n","protected":false},"excerpt":{"rendered":"<p>Ixtapaluca, Estado de M\u00e9xico.- La ma\u00f1ana del pasado mi\u00e9rcoles 13 de enero inici\u00f3 la vacunaci\u00f3n<\/p>\n","protected":false},"author":1,"featured_media":9750,"comment_status":"open","ping_status":"open","sticky":false,"template":"","format":"standard","meta":{"footnotes":""},"categories":[1],"tags":[6],"class_list":["post-9749","post","type-post","status-publish","format-standard","has-post-thumbnail","hentry","category-municipales","tag-ixtapaluca"],"yoast_head":"<!-- This site is optimized with the Yoast SEO plugin v25.3 - https:\/\/yoast.com\/wordpress\/plugins\/seo\/ -->\n<title>Llegan vacunas contra COVID-19 para el personal m\u00e9dico del HRAEI - Volcanes<\/title>\n<meta name=\"robots\" content=\"index, follow, max-snippet:-1, max-image-preview:large, max-video-preview:-1\" \/>\n<link rel=\"canonical\" href=\"https:\/\/volcanes.net\/?p=9749\" \/>\n<meta property=\"og:locale\" content=\"es_MX\" \/>\n<meta property=\"og:type\" content=\"article\" \/>\n<meta property=\"og:title\" content=\"Llegan vacunas contra COVID-19 para el personal m\u00e9dico del HRAEI - Volcanes\" \/>\n<meta property=\"og:description\" content=\"Ixtapaluca, Estado de M\u00e9xico.- La ma\u00f1ana del pasado mi\u00e9rcoles 13 de enero inici\u00f3 la vacunaci\u00f3n\" \/>\n<meta property=\"og:url\" content=\"https:\/\/volcanes.net\/?p=9749\" \/>\n<meta property=\"og:site_name\" content=\"Volcanes\" \/>\n<meta property=\"article:publisher\" content=\"https:\/\/www.facebook.com\/volcanes.net\/\" \/>\n<meta property=\"article:published_time\" content=\"2021-01-15T00:47:07+00:00\" \/>\n<meta property=\"og:image\" content=\"https:\/\/volcanes.net\/wp-content\/uploads\/2021\/01\/FB_IMG_1610647435379.jpg\" \/>\n\t<meta property=\"og:image:width\" content=\"720\" \/>\n\t<meta property=\"og:image:height\" content=\"494\" \/>\n\t<meta property=\"og:image:type\" content=\"image\/jpeg\" \/>\n<meta name=\"author\" content=\"admin\" \/>\n<meta name=\"twitter:card\" content=\"summary_large_image\" \/>\n<meta name=\"twitter:label1\" content=\"Escrito por\" \/>\n\t<meta name=\"twitter:data1\" content=\"admin\" \/>\n\t<meta name=\"twitter:label2\" content=\"Tiempo de lectura\" \/>\n\t<meta name=\"twitter:data2\" content=\"1 minuto\" \/>\n<script type=\"application\/ld+json\" class=\"yoast-schema-graph\">{\"@context\":\"https:\/\/schema.org\",\"@graph\":[{\"@type\":\"Article\",\"@id\":\"https:\/\/volcanes.net\/?p=9749#article\",\"isPartOf\":{\"@id\":\"https:\/\/volcanes.net\/?p=9749\"},\"author\":{\"name\":\"admin\",\"@id\":\"https:\/\/volcanes.net\/#\/schema\/person\/4bf0f383940966a4abd53f5048c0e6b9\"},\"headline\":\"Llegan vacunas contra COVID-19 para el personal m\u00e9dico del HRAEI\",\"datePublished\":\"2021-01-15T00:47:07+00:00\",\"mainEntityOfPage\":{\"@id\":\"https:\/\/volcanes.net\/?p=9749\"},\"wordCount\":280,\"commentCount\":0,\"publisher\":{\"@id\":\"https:\/\/volcanes.net\/#organization\"},\"image\":{\"@id\":\"https:\/\/volcanes.net\/?p=9749#primaryimage\"},\"thumbnailUrl\":\"https:\/\/volcanes.net\/wp-content\/uploads\/2021\/01\/FB_IMG_1610647435379.jpg\",\"keywords\":[\"Ixtapaluca\"],\"articleSection\":[\"Municipales\"],\"inLanguage\":\"es\",\"potentialAction\":[{\"@type\":\"CommentAction\",\"name\":\"Comment\",\"target\":[\"https:\/\/volcanes.net\/?p=9749#respond\"]}]},{\"@type\":\"WebPage\",\"@id\":\"https:\/\/volcanes.net\/?p=9749\",\"url\":\"https:\/\/volcanes.net\/?p=9749\",\"name\":\"Llegan vacunas contra COVID-19 para el personal m\u00e9dico del HRAEI - Volcanes\",\"isPartOf\":{\"@id\":\"https:\/\/volcanes.net\/#website\"},\"primaryImageOfPage\":{\"@id\":\"https:\/\/volcanes.net\/?p=9749#primaryimage\"},\"image\":{\"@id\":\"https:\/\/volcanes.net\/?p=9749#primaryimage\"},\"thumbnailUrl\":\"https:\/\/volcanes.net\/wp-content\/uploads\/2021\/01\/FB_IMG_1610647435379.jpg\",\"datePublished\":\"2021-01-15T00:47:07+00:00\",\"breadcrumb\":{\"@id\":\"https:\/\/volcanes.net\/?p=9749#breadcrumb\"},\"inLanguage\":\"es\",\"potentialAction\":[{\"@type\":\"ReadAction\",\"target\":[\"https:\/\/volcanes.net\/?p=9749\"]}]},{\"@type\":\"ImageObject\",\"inLanguage\":\"es\",\"@id\":\"https:\/\/volcanes.net\/?p=9749#primaryimage\",\"url\":\"https:\/\/volcanes.net\/wp-content\/uploads\/2021\/01\/FB_IMG_1610647435379.jpg\",\"contentUrl\":\"https:\/\/volcanes.net\/wp-content\/uploads\/2021\/01\/FB_IMG_1610647435379.jpg\",\"width\":720,\"height\":494},{\"@type\":\"BreadcrumbList\",\"@id\":\"https:\/\/volcanes.net\/?p=9749#breadcrumb\",\"itemListElement\":[{\"@type\":\"ListItem\",\"position\":1,\"name\":\"Portada\",\"item\":\"https:\/\/volcanes.net\/\"},{\"@type\":\"ListItem\",\"position\":2,\"name\":\"Llegan vacunas contra COVID-19 para el personal m\u00e9dico del HRAEI\"}]},{\"@type\":\"WebSite\",\"@id\":\"https:\/\/volcanes.net\/#website\",\"url\":\"https:\/\/volcanes.net\/\",\"name\":\"Volcanes.Net\",\"description\":\"Periodismo Profesional\",\"publisher\":{\"@id\":\"https:\/\/volcanes.net\/#organization\"},\"potentialAction\":[{\"@type\":\"SearchAction\",\"target\":{\"@type\":\"EntryPoint\",\"urlTemplate\":\"https:\/\/volcanes.net\/?s={search_term_string}\"},\"query-input\":{\"@type\":\"PropertyValueSpecification\",\"valueRequired\":true,\"valueName\":\"search_term_string\"}}],\"inLanguage\":\"es\"},{\"@type\":\"Organization\",\"@id\":\"https:\/\/volcanes.net\/#organization\",\"name\":\"Grupo Volcanes\",\"url\":\"https:\/\/volcanes.net\/\",\"logo\":{\"@type\":\"ImageObject\",\"inLanguage\":\"es\",\"@id\":\"https:\/\/volcanes.net\/#\/schema\/logo\/image\/\",\"url\":\"http:\/\/volcanes.net\/wp-content\/uploads\/2017\/12\/Avatar2.jpg\",\"contentUrl\":\"http:\/\/volcanes.net\/wp-content\/uploads\/2017\/12\/Avatar2.jpg\",\"width\":378,\"height\":378,\"caption\":\"Grupo Volcanes\"},\"image\":{\"@id\":\"https:\/\/volcanes.net\/#\/schema\/logo\/image\/\"},\"sameAs\":[\"https:\/\/www.facebook.com\/volcanes.net\/\"]},{\"@type\":\"Person\",\"@id\":\"https:\/\/volcanes.net\/#\/schema\/person\/4bf0f383940966a4abd53f5048c0e6b9\",\"name\":\"admin\",\"image\":{\"@type\":\"ImageObject\",\"inLanguage\":\"es\",\"@id\":\"https:\/\/volcanes.net\/#\/schema\/person\/image\/\",\"url\":\"https:\/\/secure.gravatar.com\/avatar\/ca004e6cba8462b8cb7abc86e382930c?s=96&d=mm&r=g\",\"contentUrl\":\"https:\/\/secure.gravatar.com\/avatar\/ca004e6cba8462b8cb7abc86e382930c?s=96&d=mm&r=g\",\"caption\":\"admin\"}}]}<\/script>\n<!-- \/ Yoast SEO plugin. -->","yoast_head_json":{"title":"Llegan vacunas contra COVID-19 para el personal m\u00e9dico del HRAEI - Volcanes","robots":{"index":"index","follow":"follow","max-snippet":"max-snippet:-1","max-image-preview":"max-image-preview:large","max-video-preview":"max-video-preview:-1"},"canonical":"https:\/\/volcanes.net\/?p=9749","og_locale":"es_MX","og_type":"article","og_title":"Llegan vacunas contra COVID-19 para el personal m\u00e9dico del HRAEI - Volcanes","og_description":"Ixtapaluca, Estado de M\u00e9xico.- La ma\u00f1ana del pasado mi\u00e9rcoles 13 de enero inici\u00f3 la vacunaci\u00f3n","og_url":"https:\/\/volcanes.net\/?p=9749","og_site_name":"Volcanes","article_publisher":"https:\/\/www.facebook.com\/volcanes.net\/","article_published_time":"2021-01-15T00:47:07+00:00","og_image":[{"width":720,"height":494,"url":"https:\/\/volcanes.net\/wp-content\/uploads\/2021\/01\/FB_IMG_1610647435379.jpg","type":"image\/jpeg"}],"author":"admin","twitter_card":"summary_large_image","twitter_misc":{"Escrito por":"admin","Tiempo de lectura":"1 minuto"},"schema":{"@context":"https:\/\/schema.org","@graph":[{"@type":"Article","@id":"https:\/\/volcanes.net\/?p=9749#article","isPartOf":{"@id":"https:\/\/volcanes.net\/?p=9749"},"author":{"name":"admin","@id":"https:\/\/volcanes.net\/#\/schema\/person\/4bf0f383940966a4abd53f5048c0e6b9"},"headline":"Llegan vacunas contra COVID-19 para el personal m\u00e9dico del HRAEI","datePublished":"2021-01-15T00:47:07+00:00","mainEntityOfPage":{"@id":"https:\/\/volcanes.net\/?p=9749"},"wordCount":280,"commentCount":0,"publisher":{"@id":"https:\/\/volcanes.net\/#organization"},"image":{"@id":"https:\/\/volcanes.net\/?p=9749#primaryimage"},"thumbnailUrl":"https:\/\/volcanes.net\/wp-content\/uploads\/2021\/01\/FB_IMG_1610647435379.jpg","keywords":["Ixtapaluca"],"articleSection":["Municipales"],"inLanguage":"es","potentialAction":[{"@type":"CommentAction","name":"Comment","target":["https:\/\/volcanes.net\/?p=9749#respond"]}]},{"@type":"WebPage","@id":"https:\/\/volcanes.net\/?p=9749","url":"https:\/\/volcanes.net\/?p=9749","name":"Llegan vacunas contra COVID-19 para el personal m\u00e9dico del HRAEI - Volcanes","isPartOf":{"@id":"https:\/\/volcanes.net\/#website"},"primaryImageOfPage":{"@id":"https:\/\/volcanes.net\/?p=9749#primaryimage"},"image":{"@id":"https:\/\/volcanes.net\/?p=9749#primaryimage"},"thumbnailUrl":"https:\/\/volcanes.net\/wp-content\/uploads\/2021\/01\/FB_IMG_1610647435379.jpg","datePublished":"2021-01-15T00:47:07+00:00","breadcrumb":{"@id":"https:\/\/volcanes.net\/?p=9749#breadcrumb"},"inLanguage":"es","potentialAction":[{"@type":"ReadAction","target":["https:\/\/volcanes.net\/?p=9749"]}]},{"@type":"ImageObject","inLanguage":"es","@id":"https:\/\/volcanes.net\/?p=9749#primaryimage","url":"https:\/\/volcanes.net\/wp-content\/uploads\/2021\/01\/FB_IMG_1610647435379.jpg","contentUrl":"https:\/\/volcanes.net\/wp-content\/uploads\/2021\/01\/FB_IMG_1610647435379.jpg","width":720,"height":494},{"@type":"BreadcrumbList","@id":"https:\/\/volcanes.net\/?p=9749#breadcrumb","itemListElement":[{"@type":"ListItem","position":1,"name":"Portada","item":"https:\/\/volcanes.net\/"},{"@type":"ListItem","position":2,"name":"Llegan vacunas contra COVID-19 para el personal m\u00e9dico del HRAEI"}]},{"@type":"WebSite","@id":"https:\/\/volcanes.net\/#website","url":"https:\/\/volcanes.net\/","name":"Volcanes.Net","description":"Periodismo Profesional","publisher":{"@id":"https:\/\/volcanes.net\/#organization"},"potentialAction":[{"@type":"SearchAction","target":{"@type":"EntryPoint","urlTemplate":"https:\/\/volcanes.net\/?s={search_term_string}"},"query-input":{"@type":"PropertyValueSpecification","valueRequired":true,"valueName":"search_term_string"}}],"inLanguage":"es"},{"@type":"Organization","@id":"https:\/\/volcanes.net\/#organization","name":"Grupo Volcanes","url":"https:\/\/volcanes.net\/","logo":{"@type":"ImageObject","inLanguage":"es","@id":"https:\/\/volcanes.net\/#\/schema\/logo\/image\/","url":"http:\/\/volcanes.net\/wp-content\/uploads\/2017\/12\/Avatar2.jpg","contentUrl":"http:\/\/volcanes.net\/wp-content\/uploads\/2017\/12\/Avatar2.jpg","width":378,"height":378,"caption":"Grupo Volcanes"},"image":{"@id":"https:\/\/volcanes.net\/#\/schema\/logo\/image\/"},"sameAs":["https:\/\/www.facebook.com\/volcanes.net\/"]},{"@type":"Person","@id":"https:\/\/volcanes.net\/#\/schema\/person\/4bf0f383940966a4abd53f5048c0e6b9","name":"admin","image":{"@type":"ImageObject","inLanguage":"es","@id":"https:\/\/volcanes.net\/#\/schema\/person\/image\/","url":"https:\/\/secure.gravatar.com\/avatar\/ca004e6cba8462b8cb7abc86e382930c?s=96&d=mm&r=g","contentUrl":"https:\/\/secure.gravatar.com\/avatar\/ca004e6cba8462b8cb7abc86e382930c?s=96&d=mm&r=g","caption":"admin"}}]}},"_links":{"self":[{"href":"https:\/\/volcanes.net\/index.php?rest_route=\/wp\/v2\/posts\/9749"}],"collection":[{"href":"https:\/\/volcanes.net\/index.php?rest_route=\/wp\/v2\/posts"}],"about":[{"href":"https:\/\/volcanes.net\/index.php?rest_route=\/wp\/v2\/types\/post"}],"author":[{"embeddable":true,"href":"https:\/\/volcanes.net\/index.php?rest_route=\/wp\/v2\/users\/1"}],"replies":[{"embeddable":true,"href":"https:\/\/volcanes.net\/index.php?rest_route=%2Fwp%2Fv2%2Fcomments&post=9749"}],"version-history":[{"count":1,"href":"https:\/\/volcanes.net\/index.php?rest_route=\/wp\/v2\/posts\/9749\/revisions"}],"predecessor-version":[{"id":9751,"href":"https:\/\/volcanes.net\/index.php?rest_route=\/wp\/v2\/posts\/9749\/revisions\/9751"}],"wp:featuredmedia":[{"embeddable":true,"href":"https:\/\/volcanes.net\/index.php?rest_route=\/wp\/v2\/media\/9750"}],"wp:attachment":[{"href":"https:\/\/volcanes.net\/index.php?rest_route=%2Fwp%2Fv2%2Fmedia&parent=9749"}],"wp:term":[{"taxonomy":"category","embeddable":true,"href":"https:\/\/volcanes.net\/index.php?rest_route=%2Fwp%2Fv2%2Fcategories&post=9749"},{"taxonomy":"post_tag","embeddable":true,"href":"https:\/\/volcanes.net\/index.php?rest_route=%2Fwp%2Fv2%2Ftags&post=9749"}],"curies":[{"name":"wp","href":"https:\/\/api.w.org\/{rel}","templated":true}]}}