{"id":9788,"date":"2021-01-19T08:14:34","date_gmt":"2021-01-19T14:14:34","guid":{"rendered":"http:\/\/volcanes.net\/?p=9788"},"modified":"2021-01-19T12:50:41","modified_gmt":"2021-01-19T18:50:41","slug":"por-covid-19-suspenden-actividades-religiosas-durante-todo-el-ano-en-la-region-de-los-volcanes","status":"publish","type":"post","link":"https:\/\/volcanes.net\/?p=9788","title":{"rendered":"Por COVID-19 suspenden actividades religiosas durante todo el a\u00f1o en la regi\u00f3n de los volcanes"},"content":{"rendered":"<div style=\"margin-top: 0px; margin-bottom: 0px;\" class=\"sharethis-inline-share-buttons\" ><\/div><p style=\"text-align: justify;\">Regi\u00f3n\u00a0 Volcanes, Estado de M\u00e9xico.- La\u00a0 Di\u00f3cesis de Valle de Chalco y los presidentes municipales de Amecameca, Atlautla, Ayapango, Cocotitl\u00e1n, Ecatzingo, Juchitepec, Tlalmanalco, Temamatla, Tenango del \u00a0Aire, Tepetlixpa y Ozumba decidieron\u00a0 suspender las festividades religiosas durante el 2021, debido a la emergencia sanitaria por COVID-19.<\/p>\n<p style=\"text-align: justify;\">V\u00edctor Ren\u00e9 Rodr\u00edguez Flores, obispo de la di\u00f3cesis destac\u00f3 que esto se dio luego del incremento de muertes y contagios entre los pobladores debido a las festividades religiosas que se da en esta parte del Estado de M\u00e9xico.<\/p>\n<p style=\"text-align: justify;\">En un comunicado los representantes de los gobierno municipales, de la di\u00f3cesis y del gobierno del Estado de M\u00e9xico se\u00f1alaron: \u201cLos sacerdotes responsables de las parroquias de la regi\u00f3n de los volcanes en coordinaci\u00f3n con los presidentes municipales y gobierno estatal nos dirigimos al pueblo y al gobierno de Dios que viven en esta regi\u00f3n, en medio de una crisis profunda por Covid-19, se\u00a0 anuncia la suspensi\u00f3n por este a\u00f1o las celebraciones de nuestros carnavales y fiestas patronales que congregan a muchas personas, sin las medidas de sana distancia, con las graves consecuencias que esto traer\u00eda, consideramos que juntos hagamos un compromisos un esfuerzo para salir adelante, con la finalidad que las celebraciones religiosas no se den, ahora se har\u00e1n a trav\u00e9s de las redes sociales y con el apoyo de TV Mexiquense\u201d.<\/p>\n<p style=\"text-align: justify;\">Los presidentes municipales firmaron el documento por lo que las 24 parroquias que se encuentran en la regi\u00f3n no llevar\u00e1n a cabo ninguna fiesta patronal ni se dar\u00e1n permisos para llevar a cabo eventos masivos.<\/p>\n<p style=\"text-align: justify;\">Beatriz Garc\u00eda Villegas, diputada local del distrito XXVIII, manifest\u00f3 que para apoyar a las familias que viven de las fiestas patronales pedir\u00e1n apoyos, \u201cle estamos solicitando al gobierno del Estado de M\u00e9xico de un presupuesto para ayudar a estas familias que se quedaran sin empleo o fuente de ingresos y eso es lo que estamos pidiendo\u201d.<\/p>\n<p style=\"text-align: justify;\">El obispo asegur\u00f3 que ellos por su parte han tratado de apoyar a la poblaci\u00f3n con la instalaci\u00f3n de comedores comunitarios y la entrega de despensas, \u201cles damos a la medida de las posibilidades que tenemos, porque esto ha impactado mucho\u201d.<\/p>\n<p style=\"text-align: justify;\">Los presidentes de Ecatzingo, Atlautla, Temamatla, Tlalmanalco, Tepetlixpa, Tenango del Aire y Juchitepec acudieron a la conferencia de medios donde se dio a conocer la media que tom\u00f3 la iglesia cat\u00f3lica para evitar m\u00e1s contagios y muertes de feligreses.<\/p>\n<p style=\"text-align: justify;\">Adem\u00e1s que las actividades se\u00a0 realizar\u00e1n sin gente y se transmitir\u00e1n en los horarios determinados por Televisi\u00f3n Mexiquense y las\u00a0 redes sociales.<\/p>\n","protected":false},"excerpt":{"rendered":"<p>Regi\u00f3n\u00a0 Volcanes, Estado de M\u00e9xico.- La\u00a0 Di\u00f3cesis de Valle de Chalco y los presidentes municipales<\/p>\n","protected":false},"author":1,"featured_media":9789,"comment_status":"open","ping_status":"open","sticky":false,"template":"","format":"standard","meta":{"footnotes":""},"categories":[1],"tags":[301],"class_list":["post-9788","post","type-post","status-publish","format-standard","has-post-thumbnail","hentry","category-municipales","tag-region-volcanes"],"yoast_head":"<!-- This site is optimized with the Yoast SEO plugin v25.3 - https:\/\/yoast.com\/wordpress\/plugins\/seo\/ -->\n<title>Por COVID-19 suspenden actividades religiosas durante todo el a\u00f1o en la regi\u00f3n de los volcanes - Volcanes<\/title>\n<meta name=\"robots\" content=\"index, follow, max-snippet:-1, max-image-preview:large, max-video-preview:-1\" \/>\n<link rel=\"canonical\" href=\"https:\/\/volcanes.net\/?p=9788\" \/>\n<meta property=\"og:locale\" content=\"es_MX\" \/>\n<meta property=\"og:type\" content=\"article\" \/>\n<meta property=\"og:title\" content=\"Por COVID-19 suspenden actividades religiosas durante todo el a\u00f1o en la regi\u00f3n de los volcanes - Volcanes\" \/>\n<meta property=\"og:description\" content=\"Regi\u00f3n\u00a0 Volcanes, Estado de M\u00e9xico.- La\u00a0 Di\u00f3cesis de Valle de Chalco y los presidentes municipales\" \/>\n<meta property=\"og:url\" content=\"https:\/\/volcanes.net\/?p=9788\" \/>\n<meta property=\"og:site_name\" content=\"Volcanes\" \/>\n<meta property=\"article:publisher\" content=\"https:\/\/www.facebook.com\/volcanes.net\/\" \/>\n<meta property=\"article:published_time\" content=\"2021-01-19T14:14:34+00:00\" \/>\n<meta property=\"article:modified_time\" content=\"2021-01-19T18:50:41+00:00\" \/>\n<meta property=\"og:image\" content=\"https:\/\/volcanes.net\/wp-content\/uploads\/2021\/01\/IMG-20210119-WA0000.jpg\" \/>\n\t<meta property=\"og:image:width\" content=\"1280\" \/>\n\t<meta property=\"og:image:height\" content=\"745\" \/>\n\t<meta property=\"og:image:type\" content=\"image\/jpeg\" \/>\n<meta name=\"author\" content=\"admin\" \/>\n<meta name=\"twitter:card\" content=\"summary_large_image\" \/>\n<meta name=\"twitter:label1\" content=\"Escrito por\" \/>\n\t<meta name=\"twitter:data1\" content=\"admin\" \/>\n\t<meta name=\"twitter:label2\" content=\"Tiempo de lectura\" \/>\n\t<meta name=\"twitter:data2\" content=\"2 minutos\" \/>\n<script type=\"application\/ld+json\" class=\"yoast-schema-graph\">{\"@context\":\"https:\/\/schema.org\",\"@graph\":[{\"@type\":\"Article\",\"@id\":\"https:\/\/volcanes.net\/?p=9788#article\",\"isPartOf\":{\"@id\":\"https:\/\/volcanes.net\/?p=9788\"},\"author\":{\"name\":\"admin\",\"@id\":\"https:\/\/volcanes.net\/#\/schema\/person\/4bf0f383940966a4abd53f5048c0e6b9\"},\"headline\":\"Por COVID-19 suspenden actividades religiosas durante todo el a\u00f1o en la regi\u00f3n de los volcanes\",\"datePublished\":\"2021-01-19T14:14:34+00:00\",\"dateModified\":\"2021-01-19T18:50:41+00:00\",\"mainEntityOfPage\":{\"@id\":\"https:\/\/volcanes.net\/?p=9788\"},\"wordCount\":458,\"commentCount\":0,\"publisher\":{\"@id\":\"https:\/\/volcanes.net\/#organization\"},\"image\":{\"@id\":\"https:\/\/volcanes.net\/?p=9788#primaryimage\"},\"thumbnailUrl\":\"https:\/\/volcanes.net\/wp-content\/uploads\/2021\/01\/IMG-20210119-WA0000.jpg\",\"keywords\":[\"Regi\u00f3n volcanes\"],\"articleSection\":[\"Municipales\"],\"inLanguage\":\"es\",\"potentialAction\":[{\"@type\":\"CommentAction\",\"name\":\"Comment\",\"target\":[\"https:\/\/volcanes.net\/?p=9788#respond\"]}]},{\"@type\":\"WebPage\",\"@id\":\"https:\/\/volcanes.net\/?p=9788\",\"url\":\"https:\/\/volcanes.net\/?p=9788\",\"name\":\"Por COVID-19 suspenden actividades religiosas durante todo el a\u00f1o en la regi\u00f3n de los volcanes - Volcanes\",\"isPartOf\":{\"@id\":\"https:\/\/volcanes.net\/#website\"},\"primaryImageOfPage\":{\"@id\":\"https:\/\/volcanes.net\/?p=9788#primaryimage\"},\"image\":{\"@id\":\"https:\/\/volcanes.net\/?p=9788#primaryimage\"},\"thumbnailUrl\":\"https:\/\/volcanes.net\/wp-content\/uploads\/2021\/01\/IMG-20210119-WA0000.jpg\",\"datePublished\":\"2021-01-19T14:14:34+00:00\",\"dateModified\":\"2021-01-19T18:50:41+00:00\",\"breadcrumb\":{\"@id\":\"https:\/\/volcanes.net\/?p=9788#breadcrumb\"},\"inLanguage\":\"es\",\"potentialAction\":[{\"@type\":\"ReadAction\",\"target\":[\"https:\/\/volcanes.net\/?p=9788\"]}]},{\"@type\":\"ImageObject\",\"inLanguage\":\"es\",\"@id\":\"https:\/\/volcanes.net\/?p=9788#primaryimage\",\"url\":\"https:\/\/volcanes.net\/wp-content\/uploads\/2021\/01\/IMG-20210119-WA0000.jpg\",\"contentUrl\":\"https:\/\/volcanes.net\/wp-content\/uploads\/2021\/01\/IMG-20210119-WA0000.jpg\",\"width\":1280,\"height\":745},{\"@type\":\"BreadcrumbList\",\"@id\":\"https:\/\/volcanes.net\/?p=9788#breadcrumb\",\"itemListElement\":[{\"@type\":\"ListItem\",\"position\":1,\"name\":\"Portada\",\"item\":\"https:\/\/volcanes.net\/\"},{\"@type\":\"ListItem\",\"position\":2,\"name\":\"Por COVID-19 suspenden actividades religiosas durante todo el a\u00f1o en la regi\u00f3n de los volcanes\"}]},{\"@type\":\"WebSite\",\"@id\":\"https:\/\/volcanes.net\/#website\",\"url\":\"https:\/\/volcanes.net\/\",\"name\":\"Volcanes.Net\",\"description\":\"Periodismo Profesional\",\"publisher\":{\"@id\":\"https:\/\/volcanes.net\/#organization\"},\"potentialAction\":[{\"@type\":\"SearchAction\",\"target\":{\"@type\":\"EntryPoint\",\"urlTemplate\":\"https:\/\/volcanes.net\/?s={search_term_string}\"},\"query-input\":{\"@type\":\"PropertyValueSpecification\",\"valueRequired\":true,\"valueName\":\"search_term_string\"}}],\"inLanguage\":\"es\"},{\"@type\":\"Organization\",\"@id\":\"https:\/\/volcanes.net\/#organization\",\"name\":\"Grupo Volcanes\",\"url\":\"https:\/\/volcanes.net\/\",\"logo\":{\"@type\":\"ImageObject\",\"inLanguage\":\"es\",\"@id\":\"https:\/\/volcanes.net\/#\/schema\/logo\/image\/\",\"url\":\"http:\/\/volcanes.net\/wp-content\/uploads\/2017\/12\/Avatar2.jpg\",\"contentUrl\":\"http:\/\/volcanes.net\/wp-content\/uploads\/2017\/12\/Avatar2.jpg\",\"width\":378,\"height\":378,\"caption\":\"Grupo Volcanes\"},\"image\":{\"@id\":\"https:\/\/volcanes.net\/#\/schema\/logo\/image\/\"},\"sameAs\":[\"https:\/\/www.facebook.com\/volcanes.net\/\"]},{\"@type\":\"Person\",\"@id\":\"https:\/\/volcanes.net\/#\/schema\/person\/4bf0f383940966a4abd53f5048c0e6b9\",\"name\":\"admin\",\"image\":{\"@type\":\"ImageObject\",\"inLanguage\":\"es\",\"@id\":\"https:\/\/volcanes.net\/#\/schema\/person\/image\/\",\"url\":\"https:\/\/secure.gravatar.com\/avatar\/ca004e6cba8462b8cb7abc86e382930c?s=96&d=mm&r=g\",\"contentUrl\":\"https:\/\/secure.gravatar.com\/avatar\/ca004e6cba8462b8cb7abc86e382930c?s=96&d=mm&r=g\",\"caption\":\"admin\"}}]}<\/script>\n<!-- \/ Yoast SEO plugin. -->","yoast_head_json":{"title":"Por COVID-19 suspenden actividades religiosas durante todo el a\u00f1o en la regi\u00f3n de los volcanes - Volcanes","robots":{"index":"index","follow":"follow","max-snippet":"max-snippet:-1","max-image-preview":"max-image-preview:large","max-video-preview":"max-video-preview:-1"},"canonical":"https:\/\/volcanes.net\/?p=9788","og_locale":"es_MX","og_type":"article","og_title":"Por COVID-19 suspenden actividades religiosas durante todo el a\u00f1o en la regi\u00f3n de los volcanes - Volcanes","og_description":"Regi\u00f3n\u00a0 Volcanes, Estado de M\u00e9xico.- La\u00a0 Di\u00f3cesis de Valle de Chalco y los presidentes municipales","og_url":"https:\/\/volcanes.net\/?p=9788","og_site_name":"Volcanes","article_publisher":"https:\/\/www.facebook.com\/volcanes.net\/","article_published_time":"2021-01-19T14:14:34+00:00","article_modified_time":"2021-01-19T18:50:41+00:00","og_image":[{"width":1280,"height":745,"url":"https:\/\/volcanes.net\/wp-content\/uploads\/2021\/01\/IMG-20210119-WA0000.jpg","type":"image\/jpeg"}],"author":"admin","twitter_card":"summary_large_image","twitter_misc":{"Escrito por":"admin","Tiempo de lectura":"2 minutos"},"schema":{"@context":"https:\/\/schema.org","@graph":[{"@type":"Article","@id":"https:\/\/volcanes.net\/?p=9788#article","isPartOf":{"@id":"https:\/\/volcanes.net\/?p=9788"},"author":{"name":"admin","@id":"https:\/\/volcanes.net\/#\/schema\/person\/4bf0f383940966a4abd53f5048c0e6b9"},"headline":"Por COVID-19 suspenden actividades religiosas durante todo el a\u00f1o en la regi\u00f3n de los volcanes","datePublished":"2021-01-19T14:14:34+00:00","dateModified":"2021-01-19T18:50:41+00:00","mainEntityOfPage":{"@id":"https:\/\/volcanes.net\/?p=9788"},"wordCount":458,"commentCount":0,"publisher":{"@id":"https:\/\/volcanes.net\/#organization"},"image":{"@id":"https:\/\/volcanes.net\/?p=9788#primaryimage"},"thumbnailUrl":"https:\/\/volcanes.net\/wp-content\/uploads\/2021\/01\/IMG-20210119-WA0000.jpg","keywords":["Regi\u00f3n volcanes"],"articleSection":["Municipales"],"inLanguage":"es","potentialAction":[{"@type":"CommentAction","name":"Comment","target":["https:\/\/volcanes.net\/?p=9788#respond"]}]},{"@type":"WebPage","@id":"https:\/\/volcanes.net\/?p=9788","url":"https:\/\/volcanes.net\/?p=9788","name":"Por COVID-19 suspenden actividades religiosas durante todo el a\u00f1o en la regi\u00f3n de los volcanes - Volcanes","isPartOf":{"@id":"https:\/\/volcanes.net\/#website"},"primaryImageOfPage":{"@id":"https:\/\/volcanes.net\/?p=9788#primaryimage"},"image":{"@id":"https:\/\/volcanes.net\/?p=9788#primaryimage"},"thumbnailUrl":"https:\/\/volcanes.net\/wp-content\/uploads\/2021\/01\/IMG-20210119-WA0000.jpg","datePublished":"2021-01-19T14:14:34+00:00","dateModified":"2021-01-19T18:50:41+00:00","breadcrumb":{"@id":"https:\/\/volcanes.net\/?p=9788#breadcrumb"},"inLanguage":"es","potentialAction":[{"@type":"ReadAction","target":["https:\/\/volcanes.net\/?p=9788"]}]},{"@type":"ImageObject","inLanguage":"es","@id":"https:\/\/volcanes.net\/?p=9788#primaryimage","url":"https:\/\/volcanes.net\/wp-content\/uploads\/2021\/01\/IMG-20210119-WA0000.jpg","contentUrl":"https:\/\/volcanes.net\/wp-content\/uploads\/2021\/01\/IMG-20210119-WA0000.jpg","width":1280,"height":745},{"@type":"BreadcrumbList","@id":"https:\/\/volcanes.net\/?p=9788#breadcrumb","itemListElement":[{"@type":"ListItem","position":1,"name":"Portada","item":"https:\/\/volcanes.net\/"},{"@type":"ListItem","position":2,"name":"Por COVID-19 suspenden actividades religiosas durante todo el a\u00f1o en la regi\u00f3n de los volcanes"}]},{"@type":"WebSite","@id":"https:\/\/volcanes.net\/#website","url":"https:\/\/volcanes.net\/","name":"Volcanes.Net","description":"Periodismo Profesional","publisher":{"@id":"https:\/\/volcanes.net\/#organization"},"potentialAction":[{"@type":"SearchAction","target":{"@type":"EntryPoint","urlTemplate":"https:\/\/volcanes.net\/?s={search_term_string}"},"query-input":{"@type":"PropertyValueSpecification","valueRequired":true,"valueName":"search_term_string"}}],"inLanguage":"es"},{"@type":"Organization","@id":"https:\/\/volcanes.net\/#organization","name":"Grupo Volcanes","url":"https:\/\/volcanes.net\/","logo":{"@type":"ImageObject","inLanguage":"es","@id":"https:\/\/volcanes.net\/#\/schema\/logo\/image\/","url":"http:\/\/volcanes.net\/wp-content\/uploads\/2017\/12\/Avatar2.jpg","contentUrl":"http:\/\/volcanes.net\/wp-content\/uploads\/2017\/12\/Avatar2.jpg","width":378,"height":378,"caption":"Grupo Volcanes"},"image":{"@id":"https:\/\/volcanes.net\/#\/schema\/logo\/image\/"},"sameAs":["https:\/\/www.facebook.com\/volcanes.net\/"]},{"@type":"Person","@id":"https:\/\/volcanes.net\/#\/schema\/person\/4bf0f383940966a4abd53f5048c0e6b9","name":"admin","image":{"@type":"ImageObject","inLanguage":"es","@id":"https:\/\/volcanes.net\/#\/schema\/person\/image\/","url":"https:\/\/secure.gravatar.com\/avatar\/ca004e6cba8462b8cb7abc86e382930c?s=96&d=mm&r=g","contentUrl":"https:\/\/secure.gravatar.com\/avatar\/ca004e6cba8462b8cb7abc86e382930c?s=96&d=mm&r=g","caption":"admin"}}]}},"_links":{"self":[{"href":"https:\/\/volcanes.net\/index.php?rest_route=\/wp\/v2\/posts\/9788"}],"collection":[{"href":"https:\/\/volcanes.net\/index.php?rest_route=\/wp\/v2\/posts"}],"about":[{"href":"https:\/\/volcanes.net\/index.php?rest_route=\/wp\/v2\/types\/post"}],"author":[{"embeddable":true,"href":"https:\/\/volcanes.net\/index.php?rest_route=\/wp\/v2\/users\/1"}],"replies":[{"embeddable":true,"href":"https:\/\/volcanes.net\/index.php?rest_route=%2Fwp%2Fv2%2Fcomments&post=9788"}],"version-history":[{"count":3,"href":"https:\/\/volcanes.net\/index.php?rest_route=\/wp\/v2\/posts\/9788\/revisions"}],"predecessor-version":[{"id":9793,"href":"https:\/\/volcanes.net\/index.php?rest_route=\/wp\/v2\/posts\/9788\/revisions\/9793"}],"wp:featuredmedia":[{"embeddable":true,"href":"https:\/\/volcanes.net\/index.php?rest_route=\/wp\/v2\/media\/9789"}],"wp:attachment":[{"href":"https:\/\/volcanes.net\/index.php?rest_route=%2Fwp%2Fv2%2Fmedia&parent=9788"}],"wp:term":[{"taxonomy":"category","embeddable":true,"href":"https:\/\/volcanes.net\/index.php?rest_route=%2Fwp%2Fv2%2Fcategories&post=9788"},{"taxonomy":"post_tag","embeddable":true,"href":"https:\/\/volcanes.net\/index.php?rest_route=%2Fwp%2Fv2%2Ftags&post=9788"}],"curies":[{"name":"wp","href":"https:\/\/api.w.org\/{rel}","templated":true}]}}